{"id":16409,"date":"2008-11-03T00:00:00","date_gmt":"2008-11-03T00:00:00","guid":{"rendered":"http:\/\/ddigital.webs.ull.es\/el-foro-temtico-sobre-desarrollo-curricular-y-emprendedura-culmina-con-la-aprobacin-de-unas-conclusiones-que-servirn-como-herramienta-de-trabajo-a-la-comisin-eu\/"},"modified":"2008-11-03T00:00:00","modified_gmt":"2008-11-03T00:00:00","slug":"el-foro-temtico-sobre-desarrollo-curricular-y-emprendedura-culmina-con-la-aprobacin-de-unas-conclusiones-que-servirn-como-herramienta-de-trabajo-a-la-comisin-eu","status":"publish","type":"post","link":"https:\/\/www.ull.es\/portal\/noticias\/2008\/el-foro-temtico-sobre-desarrollo-curricular-y-emprendedura-culmina-con-la-aprobacin-de-unas-conclusiones-que-servirn-como-herramienta-de-trabajo-a-la-comisin-eu\/","title":{"rendered":"El Foro Tem\u00e1tico sobre Desarrollo Curricular y Emprendedur\u00eda culmina con la aprobaci\u00f3n de unas conclusiones que servir\u00e1n como herramienta de trabajo a la Comisi\u00f3n Europea"},"content":{"rendered":"<p>El Foro Tem&aacute;tico sobre Desarrollo Curricular y Emprendedur&iacute;a, que ha tenido lugar en Puerto de la Cruz, concluy&oacute; esta tarde con la aprobaci&oacute;n de unas conclusiones que servir&aacute;n como herramienta de trabajo en las futuras reflexiones sobre este mismo &aacute;mbito que emprenda la Comisi&oacute;n Europea. Tales conclusiones son fruto de la labor desarrollada por m&aacute;s de 100 expertos europeos de alto nivel en materia educativa superior, tras dos intensas jornadas de trabajo. Adem&aacute;s, la Comisi&oacute;n ha confirmado a la Comunidad Canaria como interlocutor estable en todos los foros relacionados con la tem&aacute;tica Universidad-Empresa, lo que garantiza su presencia en los encuentros y seminarios que sobre este asunto se realicen en los pr&oacute;ximos meses y a&ntilde;os.<\/p>\n<p><P>Organizado conjuntamente por la Comisi&oacute;n y el Gobierno de Canarias, el Foro ha tenido por objeto aunar criterios sobre los contenidos de las futuras titulaciones universitarias y conseguir que &eacute;stas tengan concordancia con la realidad laboral actual.<\/P><P>Las sesiones fueron clausuradas por el presidente del Gobierno de Canarias, Paulino Rivero, y por el comisario europeo de Educaci&oacute;n, Formaci&oacute;n, Cultura y Juventud, Jan Figel, quienes coincidieron a la hora de destacar la importancia de este primer encuentro celebrado fuera del &aacute;mbito f&iacute;sico de las instituciones europeas.<\/P><P><STRONG>Conclusiones<\/STRONG><\/P><P>Las conclusiones se&ntilde;alan que no hay alternativa a la mejora de la colaboraci&oacute;n entre Universidad y Empresa aunque la cuesti&oacute;n es c&oacute;mo hacerlo, puesto que no hay un modelo &uacute;nico que encaje totalmente. Es necesario difundir las buenas pr&aacute;cticas entre los estados europeos, entre los centros educativos y las empresas, entre todas las partes.<\/P><P>Para el comisario europeo, la falta de entendimiento entre el mundo universitario y el mercado laboral, las empresas, est&aacute; haciendo que Europa quede rezagada, por lo que tenemos que hacer todo lo que est&eacute; en nuestras manos para romper esas barreras y que Europa pueda prosperar, agreg&oacute;. De ah&iacute; la importancia de iniciativas como la llevada a cabo por el Gobierno regional, a trav&eacute;s de la Consejer&iacute;a de Educaci&oacute;n, Universidades, Cultura y Deportes, con la convocatoria de este foro, que consiguen que las Islas Canarias est&eacute;n en el centro de nuestro coraz&oacute;n y de nuestras pol&iacute;ticas aunque pueda parecer que est&aacute;n alejadas, a&ntilde;adi&oacute;.<\/P><P>Jan Figel describi&oacute; el panorama laboral que en un futuro inmediato ser&aacute; una realidad en Europa, en el que la demanda de trabajadores altamente cualificados, con capacidades creativas y anal&iacute;ticas, se incrementar&aacute; dr&aacute;sticamente, al tiempo que se evaporar&aacute;n los trabajos de baja cualificaci&oacute;n. De ah&iacute; que, entre los retos que tenemos que asumir se encuentren la ense&ntilde;anza de conocimientos polivalentes; elevar el nivel de conocimientos de nuestra sociedad; la puesta en marcha de programas dirigidos a las profesiones emergentes y ajustar el conocimiento a los nuevos perfiles que se creen dentro de cada profesi&oacute;n.<\/P><P>Para el miembro de la Comisi&oacute;n, la prioridad debe ser invertir en el conocimiento y cualificaci&oacute;n de los europeos y la educaci&oacute;n, en ese marco, ser&aacute; un factor decisivo.<\/P><P>Por su parte, el presidente del Gobierno de Canarias, Paulino Rivero, destac&oacute; que acoger este Foro tiene un enorme significado para las Isl&ntilde;as, puesto que nos brinda la posibilidad de seguir generando conciencia de nuestras particularidades ante los protagonistas de la construcci&oacute;n europea, mejorando as&iacute; el conocimiento que de nuestra realidad puedan tener quienes fundamentan, construyen y toman las decisiones en el &aacute;mbito comunitario.<\/P><P>Al hilo de esta reflexi&oacute;n, Paulino Rivero asegur&oacute; que, si trabajamos con responsabilidad y si desde las instancias europeas se atienden y entienden nuestras demandas de solidaridad, equilibrio y justicia, estaremos en condiciones de conseguir que nuestra lejan&iacute;a deje ser un h&aacute;ndicap y se convierta, de una vez por todas, en una oportunidad. Una coyuntura, que, en su opini&oacute;n, se concreta en la apuesta firme por la econom&iacute;a del conocimiento y por el papel protagonista que estamos llamados a jugar en el desarrollo de los pa&iacute;ses africanos de nuestro entorno.<\/P><P>En esa l&iacute;nea, el presidente canario tambi&eacute;n destac&oacute; el papel que han de desempe&ntilde;ar las Universidades para la transferencia eficiente de conocimientos a la econom&iacute;a y al conjunto de la sociedad y, por lo tanto, para la mejora de la posici&oacute;n competitiva de Europa.<\/P><P>Del mismo modo, insisti&oacute; en la importancia de consolidar y continuar el avance del proceso de convergencia hacia el Espacio Europeo de Educaci&oacute;n Superior, porque lo que est&aacute; en juego dijo- es que las universidades europeas sean verdaderamente competitivas en la exigente escena global; que se conviertan en n&uacute;cleos capaces de reclutar talento.<\/P><P>M&aacute;s all&aacute; de nuestra fortaleza como plataforma log&iacute;stica o como destino tur&iacute;stico -continu&oacute;-, la apuesta por la educaci&oacute;n superior de calidad es una de las grandes bazas con las que contamos los canarios para diversificar nuestro modelo econ&oacute;mico, ya que las Islas no pueden afrontar un cambio en su estructura econ&oacute;mica sin involucrar en dicho proceso a la universidad y al empresariado.<\/P><P>Finalmente, Paulino Rivero asegur&oacute; que los canarios tenemos capacidad, talento y empuje para proyectarnos internacionalmente y estamos en condiciones de desempe&ntilde;ar con solvencia el papel que nos corresponde en el Atl&aacute;ntico central. En esta l&iacute;nea, afirm&oacute; que ahora, m&aacute;s que nunca, estamos en condiciones de ayudar a crear econom&iacute;as en la costa occidental africana y de contribuir eficazmente al desarrollo de los pa&iacute;ses de nuestro entorno geogr&aacute;fico, aportando el know how que Canarias ha acumulado en los que han sido, sin lugar a dudas, los a&ntilde;os de mayor progreso de nuestra historia.<\/P><\/p>\n","protected":false},"excerpt":{"rendered":"<p>El Foro Tem&aacute;tico sobre Desarrollo Curricular y Emprendedur&iacute;a, que ha tenido lugar en Puerto de la Cruz, concluy&oacute; esta tarde&#8230;<\/p>\n","protected":false},"author":21,"featured_media":0,"comment_status":"open","ping_status":"open","sticky":false,"template":"","format":"standard","meta":{"inline_featured_image":false,"footnotes":""},"categories":[348],"tags":[],"acf":[],"yoast_head":"<!-- This site is optimized with the Yoast SEO plugin v21.3 - https:\/\/yoast.com\/wordpress\/plugins\/seo\/ -->\n<title>El Foro Tem\u00e1tico sobre Desarrollo Curricular y Emprendedur\u00eda culmina con la aprobaci\u00f3n de unas conclusiones que servir\u00e1n como herramienta de trabajo a la Comisi\u00f3n Europea - ULL - Noticias<\/title>\n<meta name=\"robots\" content=\"index, follow, max-snippet:-1, max-image-preview:large, max-video-preview:-1\" \/>\n<link rel=\"canonical\" href=\"https:\/\/www.ull.es\/portal\/noticias\/2008\/el-foro-temtico-sobre-desarrollo-curricular-y-emprendedura-culmina-con-la-aprobacin-de-unas-conclusiones-que-servirn-como-herramienta-de-trabajo-a-la-comisin-eu\/\" \/>\n<meta property=\"og:locale\" content=\"es_ES\" \/>\n<meta property=\"og:type\" content=\"article\" \/>\n<meta property=\"og:title\" content=\"El Foro Tem\u00e1tico sobre Desarrollo Curricular y Emprendedur\u00eda culmina con la aprobaci\u00f3n de unas conclusiones que servir\u00e1n como herramienta de trabajo a la Comisi\u00f3n Europea - ULL - Noticias\" \/>\n<meta property=\"og:description\" content=\"El Foro Tem&aacute;tico sobre Desarrollo Curricular y Emprendedur&iacute;a, que ha tenido lugar en Puerto de la Cruz, concluy&oacute; esta tarde...\" \/>\n<meta property=\"og:url\" content=\"https:\/\/www.ull.es\/portal\/noticias\/2008\/el-foro-temtico-sobre-desarrollo-curricular-y-emprendedura-culmina-con-la-aprobacin-de-unas-conclusiones-que-servirn-como-herramienta-de-trabajo-a-la-comisin-eu\/\" \/>\n<meta property=\"og:site_name\" content=\"ULL - Noticias\" \/>\n<meta property=\"article:publisher\" content=\"https:\/\/www.facebook.com\/universidaddelalaguna\/\" \/>\n<meta property=\"article:published_time\" content=\"2008-11-03T00:00:00+00:00\" \/>\n<meta property=\"og:image\" content=\"https:\/\/www.ull.es\/portal\/noticias\/wp-content\/uploads\/sites\/13\/2023\/06\/logo-redimensionado.png\" \/>\n\t<meta property=\"og:image:width\" content=\"1200\" \/>\n\t<meta property=\"og:image:height\" content=\"630\" \/>\n\t<meta property=\"og:image:type\" content=\"image\/png\" \/>\n<meta name=\"author\" content=\"prensa2\" \/>\n<meta name=\"twitter:card\" content=\"summary_large_image\" \/>\n<meta name=\"twitter:creator\" content=\"@CanalULL\" \/>\n<meta name=\"twitter:site\" content=\"@CanalULL\" \/>\n<meta name=\"twitter:label1\" content=\"Escrito por\" \/>\n\t<meta name=\"twitter:data1\" content=\"prensa2\" \/>\n\t<meta name=\"twitter:label2\" content=\"Tiempo de lectura\" \/>\n\t<meta name=\"twitter:data2\" content=\"5 minutos\" \/>\n<script type=\"application\/ld+json\" class=\"yoast-schema-graph\">{\"@context\":\"https:\/\/schema.org\",\"@graph\":[{\"@type\":\"WebPage\",\"@id\":\"https:\/\/www.ull.es\/portal\/noticias\/2008\/el-foro-temtico-sobre-desarrollo-curricular-y-emprendedura-culmina-con-la-aprobacin-de-unas-conclusiones-que-servirn-como-herramienta-de-trabajo-a-la-comisin-eu\/\",\"url\":\"https:\/\/www.ull.es\/portal\/noticias\/2008\/el-foro-temtico-sobre-desarrollo-curricular-y-emprendedura-culmina-con-la-aprobacin-de-unas-conclusiones-que-servirn-como-herramienta-de-trabajo-a-la-comisin-eu\/\",\"name\":\"El Foro Tem\u00e1tico sobre Desarrollo Curricular y Emprendedur\u00eda culmina con la aprobaci\u00f3n de unas conclusiones que servir\u00e1n como herramienta de trabajo a la Comisi\u00f3n Europea - ULL - Noticias\",\"isPartOf\":{\"@id\":\"https:\/\/www.ull.es\/portal\/noticias\/#website\"},\"datePublished\":\"2008-11-03T00:00:00+00:00\",\"dateModified\":\"2008-11-03T00:00:00+00:00\",\"author\":{\"@id\":\"https:\/\/www.ull.es\/portal\/noticias\/#\/schema\/person\/c3b2aa857797592927a03740d6664376\"},\"breadcrumb\":{\"@id\":\"https:\/\/www.ull.es\/portal\/noticias\/2008\/el-foro-temtico-sobre-desarrollo-curricular-y-emprendedura-culmina-con-la-aprobacin-de-unas-conclusiones-que-servirn-como-herramienta-de-trabajo-a-la-comisin-eu\/#breadcrumb\"},\"inLanguage\":\"es\",\"potentialAction\":[{\"@type\":\"ReadAction\",\"target\":[\"https:\/\/www.ull.es\/portal\/noticias\/2008\/el-foro-temtico-sobre-desarrollo-curricular-y-emprendedura-culmina-con-la-aprobacin-de-unas-conclusiones-que-servirn-como-herramienta-de-trabajo-a-la-comisin-eu\/\"]}]},{\"@type\":\"BreadcrumbList\",\"@id\":\"https:\/\/www.ull.es\/portal\/noticias\/2008\/el-foro-temtico-sobre-desarrollo-curricular-y-emprendedura-culmina-con-la-aprobacin-de-unas-conclusiones-que-servirn-como-herramienta-de-trabajo-a-la-comisin-eu\/#breadcrumb\",\"itemListElement\":[{\"@type\":\"ListItem\",\"position\":1,\"name\":\"Portada\",\"item\":\"https:\/\/www.ull.es\/portal\/noticias\/\"},{\"@type\":\"ListItem\",\"position\":2,\"name\":\"El Foro Tem\u00e1tico sobre Desarrollo Curricular y Emprendedur\u00eda culmina con la aprobaci\u00f3n de unas conclusiones que servir\u00e1n como herramienta de trabajo a la Comisi\u00f3n Europea\"}]},{\"@type\":\"WebSite\",\"@id\":\"https:\/\/www.ull.es\/portal\/noticias\/#website\",\"url\":\"https:\/\/www.ull.es\/portal\/noticias\/\",\"name\":\"ULL - Noticias\",\"description\":\"\",\"potentialAction\":[{\"@type\":\"SearchAction\",\"target\":{\"@type\":\"EntryPoint\",\"urlTemplate\":\"https:\/\/www.ull.es\/portal\/noticias\/?s={search_term_string}\"},\"query-input\":\"required name=search_term_string\"}],\"inLanguage\":\"es\"},{\"@type\":\"Person\",\"@id\":\"https:\/\/www.ull.es\/portal\/noticias\/#\/schema\/person\/c3b2aa857797592927a03740d6664376\",\"name\":\"prensa2\",\"image\":{\"@type\":\"ImageObject\",\"inLanguage\":\"es\",\"@id\":\"https:\/\/www.ull.es\/portal\/noticias\/#\/schema\/person\/image\/\",\"url\":\"https:\/\/secure.gravatar.com\/avatar\/b58f310a5de5feb33d1e026d2493f23c?s=96&d=mm&r=g\",\"contentUrl\":\"https:\/\/secure.gravatar.com\/avatar\/b58f310a5de5feb33d1e026d2493f23c?s=96&d=mm&r=g\",\"caption\":\"prensa2\"},\"url\":\"https:\/\/www.ull.es\/portal\/noticias\/author\/prensa2\/\"}]}<\/script>\n<!-- \/ Yoast SEO plugin. -->","yoast_head_json":{"title":"El Foro Tem\u00e1tico sobre Desarrollo Curricular y Emprendedur\u00eda culmina con la aprobaci\u00f3n de unas conclusiones que servir\u00e1n como herramienta de trabajo a la Comisi\u00f3n Europea - ULL - Noticias","robots":{"index":"index","follow":"follow","max-snippet":"max-snippet:-1","max-image-preview":"max-image-preview:large","max-video-preview":"max-video-preview:-1"},"canonical":"https:\/\/www.ull.es\/portal\/noticias\/2008\/el-foro-temtico-sobre-desarrollo-curricular-y-emprendedura-culmina-con-la-aprobacin-de-unas-conclusiones-que-servirn-como-herramienta-de-trabajo-a-la-comisin-eu\/","og_locale":"es_ES","og_type":"article","og_title":"El Foro Tem\u00e1tico sobre Desarrollo Curricular y Emprendedur\u00eda culmina con la aprobaci\u00f3n de unas conclusiones que servir\u00e1n como herramienta de trabajo a la Comisi\u00f3n Europea - ULL - Noticias","og_description":"El Foro Tem&aacute;tico sobre Desarrollo Curricular y Emprendedur&iacute;a, que ha tenido lugar en Puerto de la Cruz, concluy&oacute; esta tarde...","og_url":"https:\/\/www.ull.es\/portal\/noticias\/2008\/el-foro-temtico-sobre-desarrollo-curricular-y-emprendedura-culmina-con-la-aprobacin-de-unas-conclusiones-que-servirn-como-herramienta-de-trabajo-a-la-comisin-eu\/","og_site_name":"ULL - Noticias","article_publisher":"https:\/\/www.facebook.com\/universidaddelalaguna\/","article_published_time":"2008-11-03T00:00:00+00:00","og_image":[{"width":1200,"height":630,"url":"https:\/\/www.ull.es\/portal\/noticias\/wp-content\/uploads\/sites\/13\/2023\/06\/logo-redimensionado.png","type":"image\/png"}],"author":"prensa2","twitter_card":"summary_large_image","twitter_creator":"@CanalULL","twitter_site":"@CanalULL","twitter_misc":{"Escrito por":"prensa2","Tiempo de lectura":"5 minutos"},"schema":{"@context":"https:\/\/schema.org","@graph":[{"@type":"WebPage","@id":"https:\/\/www.ull.es\/portal\/noticias\/2008\/el-foro-temtico-sobre-desarrollo-curricular-y-emprendedura-culmina-con-la-aprobacin-de-unas-conclusiones-que-servirn-como-herramienta-de-trabajo-a-la-comisin-eu\/","url":"https:\/\/www.ull.es\/portal\/noticias\/2008\/el-foro-temtico-sobre-desarrollo-curricular-y-emprendedura-culmina-con-la-aprobacin-de-unas-conclusiones-que-servirn-como-herramienta-de-trabajo-a-la-comisin-eu\/","name":"El Foro Tem\u00e1tico sobre Desarrollo Curricular y Emprendedur\u00eda culmina con la aprobaci\u00f3n de unas conclusiones que servir\u00e1n como herramienta de trabajo a la Comisi\u00f3n Europea - ULL - Noticias","isPartOf":{"@id":"https:\/\/www.ull.es\/portal\/noticias\/#website"},"datePublished":"2008-11-03T00:00:00+00:00","dateModified":"2008-11-03T00:00:00+00:00","author":{"@id":"https:\/\/www.ull.es\/portal\/noticias\/#\/schema\/person\/c3b2aa857797592927a03740d6664376"},"breadcrumb":{"@id":"https:\/\/www.ull.es\/portal\/noticias\/2008\/el-foro-temtico-sobre-desarrollo-curricular-y-emprendedura-culmina-con-la-aprobacin-de-unas-conclusiones-que-servirn-como-herramienta-de-trabajo-a-la-comisin-eu\/#breadcrumb"},"inLanguage":"es","potentialAction":[{"@type":"ReadAction","target":["https:\/\/www.ull.es\/portal\/noticias\/2008\/el-foro-temtico-sobre-desarrollo-curricular-y-emprendedura-culmina-con-la-aprobacin-de-unas-conclusiones-que-servirn-como-herramienta-de-trabajo-a-la-comisin-eu\/"]}]},{"@type":"BreadcrumbList","@id":"https:\/\/www.ull.es\/portal\/noticias\/2008\/el-foro-temtico-sobre-desarrollo-curricular-y-emprendedura-culmina-con-la-aprobacin-de-unas-conclusiones-que-servirn-como-herramienta-de-trabajo-a-la-comisin-eu\/#breadcrumb","itemListElement":[{"@type":"ListItem","position":1,"name":"Portada","item":"https:\/\/www.ull.es\/portal\/noticias\/"},{"@type":"ListItem","position":2,"name":"El Foro Tem\u00e1tico sobre Desarrollo Curricular y Emprendedur\u00eda culmina con la aprobaci\u00f3n de unas conclusiones que servir\u00e1n como herramienta de trabajo a la Comisi\u00f3n Europea"}]},{"@type":"WebSite","@id":"https:\/\/www.ull.es\/portal\/noticias\/#website","url":"https:\/\/www.ull.es\/portal\/noticias\/","name":"ULL - Noticias","description":"","potentialAction":[{"@type":"SearchAction","target":{"@type":"EntryPoint","urlTemplate":"https:\/\/www.ull.es\/portal\/noticias\/?s={search_term_string}"},"query-input":"required name=search_term_string"}],"inLanguage":"es"},{"@type":"Person","@id":"https:\/\/www.ull.es\/portal\/noticias\/#\/schema\/person\/c3b2aa857797592927a03740d6664376","name":"prensa2","image":{"@type":"ImageObject","inLanguage":"es","@id":"https:\/\/www.ull.es\/portal\/noticias\/#\/schema\/person\/image\/","url":"https:\/\/secure.gravatar.com\/avatar\/b58f310a5de5feb33d1e026d2493f23c?s=96&d=mm&r=g","contentUrl":"https:\/\/secure.gravatar.com\/avatar\/b58f310a5de5feb33d1e026d2493f23c?s=96&d=mm&r=g","caption":"prensa2"},"url":"https:\/\/www.ull.es\/portal\/noticias\/author\/prensa2\/"}]}},"primary_category":null,"featured_image_thumbnail_url":null,"_links":{"self":[{"href":"https:\/\/www.ull.es\/portal\/noticias\/wp-json\/wp\/v2\/posts\/16409"}],"collection":[{"href":"https:\/\/www.ull.es\/portal\/noticias\/wp-json\/wp\/v2\/posts"}],"about":[{"href":"https:\/\/www.ull.es\/portal\/noticias\/wp-json\/wp\/v2\/types\/post"}],"author":[{"embeddable":true,"href":"https:\/\/www.ull.es\/portal\/noticias\/wp-json\/wp\/v2\/users\/21"}],"replies":[{"embeddable":true,"href":"https:\/\/www.ull.es\/portal\/noticias\/wp-json\/wp\/v2\/comments?post=16409"}],"version-history":[{"count":0,"href":"https:\/\/www.ull.es\/portal\/noticias\/wp-json\/wp\/v2\/posts\/16409\/revisions"}],"wp:attachment":[{"href":"https:\/\/www.ull.es\/portal\/noticias\/wp-json\/wp\/v2\/media?parent=16409"}],"wp:term":[{"taxonomy":"category","embeddable":true,"href":"https:\/\/www.ull.es\/portal\/noticias\/wp-json\/wp\/v2\/categories?post=16409"},{"taxonomy":"post_tag","embeddable":true,"href":"https:\/\/www.ull.es\/portal\/noticias\/wp-json\/wp\/v2\/tags?post=16409"}],"curies":[{"name":"wp","href":"https:\/\/api.w.org\/{rel}","templated":true}]}}