{"id":16448,"date":"2009-01-16T00:00:00","date_gmt":"2009-01-16T00:00:00","guid":{"rendered":"http:\/\/ddigital.webs.ull.es\/julio-perez-la-justicia-no-es-solo-un-sistema-de-valores-sino-una-prestacion-de-servicio-publico\/"},"modified":"2009-01-16T00:00:00","modified_gmt":"2009-01-16T00:00:00","slug":"julio-perez-la-justicia-no-es-solo-un-sistema-de-valores-sino-una-prestacion-de-servicio-publico","status":"publish","type":"post","link":"https:\/\/www.ull.es\/portal\/noticias\/2009\/julio-perez-la-justicia-no-es-solo-un-sistema-de-valores-sino-una-prestacion-de-servicio-publico\/","title":{"rendered":"Julio P\u00e9rez: \u201cLa justicia no es s\u00f3lo un sistema de valores, sino una prestaci\u00f3n de servicio p\u00fablico\u201d"},"content":{"rendered":"<p>Julio P&eacute;rez, secretario de Estado de Justicia, particip&oacute; hoy, viernes 16 de enero de 2009, en los actos que se han celebrado en la Facultad de Derecho de la Universidad de La Laguna con motivo de la festividad de San Raimundo&nbsp; de Pe&ntilde;afort, patr&oacute;n de los estudios legales. El ponente expuso las principales reformas judiciales que el ejecutivo estatal pretende abordar durante la presente legislatura. En ellas, afirm&oacute; que se tendr&aacute; en cuenta la doble dimensi&oacute;n de la justicia: &ldquo;No es s&oacute;lo un sistema de valores para regir la convivencia de acuerdo a las normas del derecho, sino un sistema de prestaciones que integran un servicio p&uacute;blico&rdquo;.<\/p>\n<p>Durante el acto, tambi&eacute;n se impuso al catedr&aacute;tico em&eacute;rito de Derecho Procesal de la ULL Manuel Mor&oacute;n Palomino, la Cruz de la Orden de San Raimundo de Pe&ntilde;afort con distinci&oacute;n de primera clase. Esta condecoraci&oacute;n del Ministerio de Justicia premia a una carrera dedicada a la justicia, y fue concedida tras haberlo solicitado la Facultad de Derecho de la ULL el pasado mes de noviembre de 2008. Asimismo, en la ceremonia tambi&eacute;n se hizo un reconocimiento al profesor em&eacute;rito de Econom&iacute;a Pol&iacute;tica Carlos Legna.<\/p>\n<p> <strong>Reforma de la justicia<\/strong><\/p>\n<p> Julio P&eacute;rez inici&oacute; su intervenci&oacute;n recordando el compromiso que el presidente del Gobierno de Espa&ntilde;a, Jos&eacute; Lu&iacute;s Rodr&iacute;guez Zapatero, hizo durante su segunda investidura, cuando afirm&oacute; que la presente legislatura ser&iacute;a la de la reforma de la justicia. En este punto, reflexion&oacute; que el estado de dicha instituci&oacute;n no es tan ca&oacute;tico como se suele escuchar, aunque dista de cumplir las expectativas de eficacia que esperan los ciudadanos.<\/p>\n<p> Por ello, su ponencia estuvo dedicada a presentar las principales reformas que se quieren lleva a cabo en estos tres a&ntilde;os que restan. La palabra clave del proceso es &ldquo;modernizaci&oacute;n&rdquo;. P&eacute;rez recalc&oacute; que prueba del compromiso estatal con esta reforma es que se le ha otorgado una financiaci&oacute;n adecuada, que para 2009 asciende a 1.619 millones de euros y supone un aumento neto del 10% respecto al anterior ejercicio.<\/p>\n<p> Esta modernizaci&oacute;n abarcar&iacute;a todos los &aacute;mbitos. En primer lugar, el electr&oacute;nico, pues se pretende informatizar la administraci&oacute;n y hacer un uso extensivo e intensivo de las nuevas tecnolog&iacute;as. Indic&oacute; a ese respecto que el juicio del 11M fue un perfecto ejemplo de c&oacute;mo estas nuevas herramientas se pod&iacute;an incorporar al d&iacute;a a d&iacute;a judicial sin grandes trastornos, aunque reconoci&oacute; su alto coste econ&oacute;mico. <\/p>\n<p> El secretario de Estado se&ntilde;al&oacute; como principales acciones en este campo: la digitalizaci&oacute;n de los folios, el uso de las comunicaciones telem&aacute;ticas, lograr un plan que haga compatibles todos los sistemas inform&aacute;ticos existentes en las diferentes&nbsp; administraciones de justicia de las comunidades aut&oacute;nomas, informatizar los registros y crear aplicaciones de gesti&oacute;n procesal, entre otras.<\/p>\n<p> Tambi&eacute;n habl&oacute; de una optimizaci&oacute;n de los recursos humanos, para separar bien el trabajo de los profesionales con funciones judiciales (jueces, abogados) del de aquellos con tareas de &iacute;ndole administrativa y de gesti&oacute;n, de modo que cada colectivo se centre exclusivamente en su &aacute;rea. P&eacute;rez habl&oacute; de atribuir m&aacute;s competencias a los Secretarios Judiciales, una figura que, en su opini&oacute;n, ha sido muy desaprovechada.<\/p>\n<p> Otro aspecto que se deben cambiar son los propios procedimientos, tr&aacute;mites y dem&aacute;s actividades necesarias para hacer funcionar la administraci&oacute;n de justicia. En ese caso, se&ntilde;al&oacute; como ejemplo que el pr&oacute;ximo febrero se discutir&aacute; en el Parlamento un proyecto de ley que, de aprobarse, supondr&iacute;a la modificaci&oacute;n de un millar de normas procesales. Tambi&eacute;n habl&oacute; de establecer demarcaciones administrativas, para adaptar el mapa judicial de Espa&ntilde;a a la realidad social y demogr&aacute;fica.<\/p>\n<p> Recalc&oacute; igualmente la necesidad de desjudicializar la actividad no jurisdiccional. Para ello se propondr&aacute; una ley de procedimientos sin contienda, con la que se pretende implantar las medidas de mediaci&oacute;n y conciliaci&oacute;n que ya funcionan con &eacute;xito en otros pa&iacute;ses, y ayudan a aligerar los tribunales. Para P&eacute;rez, las experiencias que se han dado en la jurisdicci&oacute;n laboral y de menores permiten ser optimistas en este punto.<\/p>\n<p> El ponente se&ntilde;al&oacute; el registro civil como otro de los elementos que se van a reformar y fue muy gr&aacute;fico para describirlo: &ldquo;Queremos pasar del &lsquo;vuelva usted ma&ntilde;ana&rsquo; al no hace falta que venga usted al registro&rsquo;&rdquo;.<\/p>\n","protected":false},"excerpt":{"rendered":"<p>Julio P&eacute;rez, secretario de Estado de Justicia, particip&oacute; hoy, viernes 16 de enero de 2009, en los actos que se&#8230;<\/p>\n","protected":false},"author":21,"featured_media":0,"comment_status":"open","ping_status":"open","sticky":false,"template":"","format":"standard","meta":{"inline_featured_image":false,"footnotes":""},"categories":[348],"tags":[],"acf":[],"yoast_head":"<!-- This site is optimized with the Yoast SEO plugin v21.3 - https:\/\/yoast.com\/wordpress\/plugins\/seo\/ -->\n<title>Julio P\u00e9rez: \u201cLa justicia no es s\u00f3lo un sistema de valores, sino una prestaci\u00f3n de servicio p\u00fablico\u201d - ULL - Noticias<\/title>\n<meta name=\"robots\" content=\"index, follow, max-snippet:-1, max-image-preview:large, max-video-preview:-1\" \/>\n<link rel=\"canonical\" href=\"https:\/\/www.ull.es\/portal\/noticias\/2009\/julio-perez-la-justicia-no-es-solo-un-sistema-de-valores-sino-una-prestacion-de-servicio-publico\/\" \/>\n<meta property=\"og:locale\" content=\"es_ES\" \/>\n<meta property=\"og:type\" content=\"article\" \/>\n<meta property=\"og:title\" content=\"Julio P\u00e9rez: \u201cLa justicia no es s\u00f3lo un sistema de valores, sino una prestaci\u00f3n de servicio p\u00fablico\u201d - ULL - Noticias\" \/>\n<meta property=\"og:description\" content=\"Julio P&eacute;rez, secretario de Estado de Justicia, particip&oacute; hoy, viernes 16 de enero de 2009, en los actos que se...\" \/>\n<meta property=\"og:url\" content=\"https:\/\/www.ull.es\/portal\/noticias\/2009\/julio-perez-la-justicia-no-es-solo-un-sistema-de-valores-sino-una-prestacion-de-servicio-publico\/\" \/>\n<meta property=\"og:site_name\" content=\"ULL - Noticias\" \/>\n<meta property=\"article:publisher\" content=\"https:\/\/www.facebook.com\/universidaddelalaguna\/\" \/>\n<meta property=\"article:published_time\" content=\"2009-01-16T00:00:00+00:00\" \/>\n<meta property=\"og:image\" content=\"https:\/\/www.ull.es\/portal\/noticias\/wp-content\/uploads\/sites\/13\/2023\/06\/logo-redimensionado.png\" \/>\n\t<meta property=\"og:image:width\" content=\"1200\" \/>\n\t<meta property=\"og:image:height\" content=\"630\" \/>\n\t<meta property=\"og:image:type\" content=\"image\/png\" \/>\n<meta name=\"author\" content=\"prensa2\" \/>\n<meta name=\"twitter:card\" content=\"summary_large_image\" \/>\n<meta name=\"twitter:creator\" content=\"@CanalULL\" \/>\n<meta name=\"twitter:site\" content=\"@CanalULL\" \/>\n<meta name=\"twitter:label1\" content=\"Escrito por\" \/>\n\t<meta name=\"twitter:data1\" content=\"prensa2\" \/>\n\t<meta name=\"twitter:label2\" content=\"Tiempo de lectura\" \/>\n\t<meta name=\"twitter:data2\" content=\"4 minutos\" \/>\n<script type=\"application\/ld+json\" class=\"yoast-schema-graph\">{\"@context\":\"https:\/\/schema.org\",\"@graph\":[{\"@type\":\"WebPage\",\"@id\":\"https:\/\/www.ull.es\/portal\/noticias\/2009\/julio-perez-la-justicia-no-es-solo-un-sistema-de-valores-sino-una-prestacion-de-servicio-publico\/\",\"url\":\"https:\/\/www.ull.es\/portal\/noticias\/2009\/julio-perez-la-justicia-no-es-solo-un-sistema-de-valores-sino-una-prestacion-de-servicio-publico\/\",\"name\":\"Julio P\u00e9rez: \u201cLa justicia no es s\u00f3lo un sistema de valores, sino una prestaci\u00f3n de servicio p\u00fablico\u201d - ULL - Noticias\",\"isPartOf\":{\"@id\":\"https:\/\/www.ull.es\/portal\/noticias\/#website\"},\"datePublished\":\"2009-01-16T00:00:00+00:00\",\"dateModified\":\"2009-01-16T00:00:00+00:00\",\"author\":{\"@id\":\"https:\/\/www.ull.es\/portal\/noticias\/#\/schema\/person\/c3b2aa857797592927a03740d6664376\"},\"breadcrumb\":{\"@id\":\"https:\/\/www.ull.es\/portal\/noticias\/2009\/julio-perez-la-justicia-no-es-solo-un-sistema-de-valores-sino-una-prestacion-de-servicio-publico\/#breadcrumb\"},\"inLanguage\":\"es\",\"potentialAction\":[{\"@type\":\"ReadAction\",\"target\":[\"https:\/\/www.ull.es\/portal\/noticias\/2009\/julio-perez-la-justicia-no-es-solo-un-sistema-de-valores-sino-una-prestacion-de-servicio-publico\/\"]}]},{\"@type\":\"BreadcrumbList\",\"@id\":\"https:\/\/www.ull.es\/portal\/noticias\/2009\/julio-perez-la-justicia-no-es-solo-un-sistema-de-valores-sino-una-prestacion-de-servicio-publico\/#breadcrumb\",\"itemListElement\":[{\"@type\":\"ListItem\",\"position\":1,\"name\":\"Portada\",\"item\":\"https:\/\/www.ull.es\/portal\/noticias\/\"},{\"@type\":\"ListItem\",\"position\":2,\"name\":\"Julio P\u00e9rez: \u201cLa justicia no es s\u00f3lo un sistema de valores, sino una prestaci\u00f3n de servicio p\u00fablico\u201d\"}]},{\"@type\":\"WebSite\",\"@id\":\"https:\/\/www.ull.es\/portal\/noticias\/#website\",\"url\":\"https:\/\/www.ull.es\/portal\/noticias\/\",\"name\":\"ULL - Noticias\",\"description\":\"\",\"potentialAction\":[{\"@type\":\"SearchAction\",\"target\":{\"@type\":\"EntryPoint\",\"urlTemplate\":\"https:\/\/www.ull.es\/portal\/noticias\/?s={search_term_string}\"},\"query-input\":\"required name=search_term_string\"}],\"inLanguage\":\"es\"},{\"@type\":\"Person\",\"@id\":\"https:\/\/www.ull.es\/portal\/noticias\/#\/schema\/person\/c3b2aa857797592927a03740d6664376\",\"name\":\"prensa2\",\"image\":{\"@type\":\"ImageObject\",\"inLanguage\":\"es\",\"@id\":\"https:\/\/www.ull.es\/portal\/noticias\/#\/schema\/person\/image\/\",\"url\":\"https:\/\/secure.gravatar.com\/avatar\/b58f310a5de5feb33d1e026d2493f23c?s=96&d=mm&r=g\",\"contentUrl\":\"https:\/\/secure.gravatar.com\/avatar\/b58f310a5de5feb33d1e026d2493f23c?s=96&d=mm&r=g\",\"caption\":\"prensa2\"},\"url\":\"https:\/\/www.ull.es\/portal\/noticias\/author\/prensa2\/\"}]}<\/script>\n<!-- \/ Yoast SEO plugin. -->","yoast_head_json":{"title":"Julio P\u00e9rez: \u201cLa justicia no es s\u00f3lo un sistema de valores, sino una prestaci\u00f3n de servicio p\u00fablico\u201d - ULL - Noticias","robots":{"index":"index","follow":"follow","max-snippet":"max-snippet:-1","max-image-preview":"max-image-preview:large","max-video-preview":"max-video-preview:-1"},"canonical":"https:\/\/www.ull.es\/portal\/noticias\/2009\/julio-perez-la-justicia-no-es-solo-un-sistema-de-valores-sino-una-prestacion-de-servicio-publico\/","og_locale":"es_ES","og_type":"article","og_title":"Julio P\u00e9rez: \u201cLa justicia no es s\u00f3lo un sistema de valores, sino una prestaci\u00f3n de servicio p\u00fablico\u201d - ULL - Noticias","og_description":"Julio P&eacute;rez, secretario de Estado de Justicia, particip&oacute; hoy, viernes 16 de enero de 2009, en los actos que se...","og_url":"https:\/\/www.ull.es\/portal\/noticias\/2009\/julio-perez-la-justicia-no-es-solo-un-sistema-de-valores-sino-una-prestacion-de-servicio-publico\/","og_site_name":"ULL - Noticias","article_publisher":"https:\/\/www.facebook.com\/universidaddelalaguna\/","article_published_time":"2009-01-16T00:00:00+00:00","og_image":[{"width":1200,"height":630,"url":"https:\/\/www.ull.es\/portal\/noticias\/wp-content\/uploads\/sites\/13\/2023\/06\/logo-redimensionado.png","type":"image\/png"}],"author":"prensa2","twitter_card":"summary_large_image","twitter_creator":"@CanalULL","twitter_site":"@CanalULL","twitter_misc":{"Escrito por":"prensa2","Tiempo de lectura":"4 minutos"},"schema":{"@context":"https:\/\/schema.org","@graph":[{"@type":"WebPage","@id":"https:\/\/www.ull.es\/portal\/noticias\/2009\/julio-perez-la-justicia-no-es-solo-un-sistema-de-valores-sino-una-prestacion-de-servicio-publico\/","url":"https:\/\/www.ull.es\/portal\/noticias\/2009\/julio-perez-la-justicia-no-es-solo-un-sistema-de-valores-sino-una-prestacion-de-servicio-publico\/","name":"Julio P\u00e9rez: \u201cLa justicia no es s\u00f3lo un sistema de valores, sino una prestaci\u00f3n de servicio p\u00fablico\u201d - ULL - Noticias","isPartOf":{"@id":"https:\/\/www.ull.es\/portal\/noticias\/#website"},"datePublished":"2009-01-16T00:00:00+00:00","dateModified":"2009-01-16T00:00:00+00:00","author":{"@id":"https:\/\/www.ull.es\/portal\/noticias\/#\/schema\/person\/c3b2aa857797592927a03740d6664376"},"breadcrumb":{"@id":"https:\/\/www.ull.es\/portal\/noticias\/2009\/julio-perez-la-justicia-no-es-solo-un-sistema-de-valores-sino-una-prestacion-de-servicio-publico\/#breadcrumb"},"inLanguage":"es","potentialAction":[{"@type":"ReadAction","target":["https:\/\/www.ull.es\/portal\/noticias\/2009\/julio-perez-la-justicia-no-es-solo-un-sistema-de-valores-sino-una-prestacion-de-servicio-publico\/"]}]},{"@type":"BreadcrumbList","@id":"https:\/\/www.ull.es\/portal\/noticias\/2009\/julio-perez-la-justicia-no-es-solo-un-sistema-de-valores-sino-una-prestacion-de-servicio-publico\/#breadcrumb","itemListElement":[{"@type":"ListItem","position":1,"name":"Portada","item":"https:\/\/www.ull.es\/portal\/noticias\/"},{"@type":"ListItem","position":2,"name":"Julio P\u00e9rez: \u201cLa justicia no es s\u00f3lo un sistema de valores, sino una prestaci\u00f3n de servicio p\u00fablico\u201d"}]},{"@type":"WebSite","@id":"https:\/\/www.ull.es\/portal\/noticias\/#website","url":"https:\/\/www.ull.es\/portal\/noticias\/","name":"ULL - Noticias","description":"","potentialAction":[{"@type":"SearchAction","target":{"@type":"EntryPoint","urlTemplate":"https:\/\/www.ull.es\/portal\/noticias\/?s={search_term_string}"},"query-input":"required name=search_term_string"}],"inLanguage":"es"},{"@type":"Person","@id":"https:\/\/www.ull.es\/portal\/noticias\/#\/schema\/person\/c3b2aa857797592927a03740d6664376","name":"prensa2","image":{"@type":"ImageObject","inLanguage":"es","@id":"https:\/\/www.ull.es\/portal\/noticias\/#\/schema\/person\/image\/","url":"https:\/\/secure.gravatar.com\/avatar\/b58f310a5de5feb33d1e026d2493f23c?s=96&d=mm&r=g","contentUrl":"https:\/\/secure.gravatar.com\/avatar\/b58f310a5de5feb33d1e026d2493f23c?s=96&d=mm&r=g","caption":"prensa2"},"url":"https:\/\/www.ull.es\/portal\/noticias\/author\/prensa2\/"}]}},"primary_category":null,"featured_image_thumbnail_url":null,"_links":{"self":[{"href":"https:\/\/www.ull.es\/portal\/noticias\/wp-json\/wp\/v2\/posts\/16448"}],"collection":[{"href":"https:\/\/www.ull.es\/portal\/noticias\/wp-json\/wp\/v2\/posts"}],"about":[{"href":"https:\/\/www.ull.es\/portal\/noticias\/wp-json\/wp\/v2\/types\/post"}],"author":[{"embeddable":true,"href":"https:\/\/www.ull.es\/portal\/noticias\/wp-json\/wp\/v2\/users\/21"}],"replies":[{"embeddable":true,"href":"https:\/\/www.ull.es\/portal\/noticias\/wp-json\/wp\/v2\/comments?post=16448"}],"version-history":[{"count":0,"href":"https:\/\/www.ull.es\/portal\/noticias\/wp-json\/wp\/v2\/posts\/16448\/revisions"}],"wp:attachment":[{"href":"https:\/\/www.ull.es\/portal\/noticias\/wp-json\/wp\/v2\/media?parent=16448"}],"wp:term":[{"taxonomy":"category","embeddable":true,"href":"https:\/\/www.ull.es\/portal\/noticias\/wp-json\/wp\/v2\/categories?post=16448"},{"taxonomy":"post_tag","embeddable":true,"href":"https:\/\/www.ull.es\/portal\/noticias\/wp-json\/wp\/v2\/tags?post=16448"}],"curies":[{"name":"wp","href":"https:\/\/api.w.org\/{rel}","templated":true}]}}