{"id":16452,"date":"2009-02-04T00:00:00","date_gmt":"2009-02-04T00:00:00","guid":{"rendered":"http:\/\/ddigital.webs.ull.es\/la-universidad-colaborara-en-la-formacion-de-las-familias-a-traves-de-un-asesoramiento-psicoeducativo\/"},"modified":"2009-02-04T00:00:00","modified_gmt":"2009-02-04T00:00:00","slug":"la-universidad-colaborara-en-la-formacion-de-las-familias-a-traves-de-un-asesoramiento-psicoeducativo","status":"publish","type":"post","link":"https:\/\/www.ull.es\/portal\/noticias\/2009\/la-universidad-colaborara-en-la-formacion-de-las-familias-a-traves-de-un-asesoramiento-psicoeducativo\/","title":{"rendered":"La universidad colaborar\u00e1 en la formaci\u00f3n de las familias a trav\u00e9s de un asesoramiento psicoeducativo"},"content":{"rendered":"<p>El rector de la Universidad de La Laguna, Eduardo Dom&eacute;nech, y la presidenta de la Federaci&oacute;n Insular Tinerfe&ntilde;a de Padres y Madres de Alumnos y Alumnas (FITAPA), Concepci&oacute;n Toste, firmaron hoy mi&eacute;rcoles 4 de febrero&nbsp; un convenio de colaboraci&oacute;n en virtud del cual la instituci&oacute;n docente colaborar&aacute; en la formaci&oacute;n de los progenitores, al tiempo que resolver&aacute; dudas de tipo psicopedag&oacute;gicas, dentro de un proyecto m&aacute;s general de la Consejer&iacute;a de Educaci&oacute;n, Universidades, Cultura y Deportes.<\/p>\n<p>Para ello, se ha arbitrado un tel&eacute;fono gratuito, 900 400 405, que se activar&aacute; en breve y que servir&aacute; para que los padres aclaren cualquier cuesti&oacute;n relacionada con al educaci&oacute;n de sus hijos, dudas que habr&aacute;n de ser resueltas en un plazo inferior a 24 horas. Tambi&eacute;n a trav&eacute;s de la plataforma familiasenred.com se atender&aacute; cualquier petici&oacute;n y se intentar&aacute; que se active la sinergia entre padres y que &eacute;stos mejoren su capacitaci&oacute;n pedag&oacute;gica a trav&eacute;s de cursos y seminarios.<\/p>\n<p> Este proyecto, liderado por el catedr&aacute;tico de la ULL Luis Garc&iacute;a, persigue que la universidad se convierta en un apoyo informativo para las familias. &ldquo;Este convenio nos obligar&aacute; a innovar&rdquo;, declar&oacute; el rector, &ldquo;en el sentido de que habremos de crear nuevos instrumentos para llegar a este p&uacute;blico, y entre los cuales estamos barajando un canal televisivo en Internet&rdquo;.<\/p>\n<p> La presidenta de FITAPA dijo sentirse muy complacida con la r&uacute;brica de este acuerdo, ya que si bien la organizaci&oacute;n que lidera ha colaborado en diversos estudios con profesores universitarios, este convenio supone una implicaci&oacute;n m&aacute;s directa de la propia universidad, a la que quiere, dijo, que los ni&ntilde;os conozcan desde peque&ntilde;os, de tal forma que no sea una instituci&oacute;n lejana y distante para ellos, sino todo lo contrario. <\/p>\n<p> La plataforma sobre la que se est&aacute; trabajando, y en la que colaborar&aacute;n las dos universidades canarias, pretende ser el lugar id&oacute;neo para impartir cursos a los padres, crear foros de debate y, tambi&eacute;n, que sirva para conocer distintas experiencias innovadoras que se est&eacute;n llevando a cabo. De hecho, en este mes de febrero se realizar&aacute;n una veintena de cursos para que los progenitores aprendan a manejar esta herramienta y, a su vez, se familiaricen con las tecnolog&iacute;as de la informaci&oacute;n, que viene a ser el lenguaje com&uacute;n de sus hijos.<\/p>\n<p> En opini&oacute;n de Luis Garc&iacute;a, existe una correlaci&oacute;n directa entre los centros educativos con mayor implicaci&oacute;n de los padres y el rendimiento acad&eacute;mico de sus hijos. &ldquo;Se trata de una variable de calidad clar&iacute;sima que demos explotar&rdquo;, a&ntilde;adi&oacute; el experto.<\/p>\n","protected":false},"excerpt":{"rendered":"<p>El rector de la Universidad de La Laguna, Eduardo Dom&eacute;nech, y la presidenta de la Federaci&oacute;n Insular Tinerfe&ntilde;a de Padres&#8230;<\/p>\n","protected":false},"author":21,"featured_media":0,"comment_status":"open","ping_status":"open","sticky":false,"template":"","format":"standard","meta":{"inline_featured_image":false,"footnotes":""},"categories":[348],"tags":[],"acf":[],"yoast_head":"<!-- This site is optimized with the Yoast SEO plugin v21.3 - https:\/\/yoast.com\/wordpress\/plugins\/seo\/ -->\n<title>La universidad colaborar\u00e1 en la formaci\u00f3n de las familias a trav\u00e9s de un asesoramiento psicoeducativo - ULL - Noticias<\/title>\n<meta name=\"robots\" content=\"index, follow, max-snippet:-1, max-image-preview:large, max-video-preview:-1\" \/>\n<link rel=\"canonical\" href=\"https:\/\/www.ull.es\/portal\/noticias\/2009\/la-universidad-colaborara-en-la-formacion-de-las-familias-a-traves-de-un-asesoramiento-psicoeducativo\/\" \/>\n<meta property=\"og:locale\" content=\"es_ES\" \/>\n<meta property=\"og:type\" content=\"article\" \/>\n<meta property=\"og:title\" content=\"La universidad colaborar\u00e1 en la formaci\u00f3n de las familias a trav\u00e9s de un asesoramiento psicoeducativo - ULL - Noticias\" \/>\n<meta property=\"og:description\" content=\"El rector de la Universidad de La Laguna, Eduardo Dom&eacute;nech, y la presidenta de la Federaci&oacute;n Insular Tinerfe&ntilde;a de Padres...\" \/>\n<meta property=\"og:url\" content=\"https:\/\/www.ull.es\/portal\/noticias\/2009\/la-universidad-colaborara-en-la-formacion-de-las-familias-a-traves-de-un-asesoramiento-psicoeducativo\/\" \/>\n<meta property=\"og:site_name\" content=\"ULL - Noticias\" \/>\n<meta property=\"article:publisher\" content=\"https:\/\/www.facebook.com\/universidaddelalaguna\/\" \/>\n<meta property=\"article:published_time\" content=\"2009-02-04T00:00:00+00:00\" \/>\n<meta property=\"og:image\" content=\"https:\/\/www.ull.es\/portal\/noticias\/wp-content\/uploads\/sites\/13\/2023\/06\/logo-redimensionado.png\" \/>\n\t<meta property=\"og:image:width\" content=\"1200\" \/>\n\t<meta property=\"og:image:height\" content=\"630\" \/>\n\t<meta property=\"og:image:type\" content=\"image\/png\" \/>\n<meta name=\"author\" content=\"prensa2\" \/>\n<meta name=\"twitter:card\" content=\"summary_large_image\" \/>\n<meta name=\"twitter:creator\" content=\"@CanalULL\" \/>\n<meta name=\"twitter:site\" content=\"@CanalULL\" \/>\n<meta name=\"twitter:label1\" content=\"Escrito por\" \/>\n\t<meta name=\"twitter:data1\" content=\"prensa2\" \/>\n\t<meta name=\"twitter:label2\" content=\"Tiempo de lectura\" \/>\n\t<meta name=\"twitter:data2\" content=\"3 minutos\" \/>\n<script type=\"application\/ld+json\" class=\"yoast-schema-graph\">{\"@context\":\"https:\/\/schema.org\",\"@graph\":[{\"@type\":\"WebPage\",\"@id\":\"https:\/\/www.ull.es\/portal\/noticias\/2009\/la-universidad-colaborara-en-la-formacion-de-las-familias-a-traves-de-un-asesoramiento-psicoeducativo\/\",\"url\":\"https:\/\/www.ull.es\/portal\/noticias\/2009\/la-universidad-colaborara-en-la-formacion-de-las-familias-a-traves-de-un-asesoramiento-psicoeducativo\/\",\"name\":\"La universidad colaborar\u00e1 en la formaci\u00f3n de las familias a trav\u00e9s de un asesoramiento psicoeducativo - ULL - Noticias\",\"isPartOf\":{\"@id\":\"https:\/\/www.ull.es\/portal\/noticias\/#website\"},\"datePublished\":\"2009-02-04T00:00:00+00:00\",\"dateModified\":\"2009-02-04T00:00:00+00:00\",\"author\":{\"@id\":\"https:\/\/www.ull.es\/portal\/noticias\/#\/schema\/person\/c3b2aa857797592927a03740d6664376\"},\"breadcrumb\":{\"@id\":\"https:\/\/www.ull.es\/portal\/noticias\/2009\/la-universidad-colaborara-en-la-formacion-de-las-familias-a-traves-de-un-asesoramiento-psicoeducativo\/#breadcrumb\"},\"inLanguage\":\"es\",\"potentialAction\":[{\"@type\":\"ReadAction\",\"target\":[\"https:\/\/www.ull.es\/portal\/noticias\/2009\/la-universidad-colaborara-en-la-formacion-de-las-familias-a-traves-de-un-asesoramiento-psicoeducativo\/\"]}]},{\"@type\":\"BreadcrumbList\",\"@id\":\"https:\/\/www.ull.es\/portal\/noticias\/2009\/la-universidad-colaborara-en-la-formacion-de-las-familias-a-traves-de-un-asesoramiento-psicoeducativo\/#breadcrumb\",\"itemListElement\":[{\"@type\":\"ListItem\",\"position\":1,\"name\":\"Portada\",\"item\":\"https:\/\/www.ull.es\/portal\/noticias\/\"},{\"@type\":\"ListItem\",\"position\":2,\"name\":\"La universidad colaborar\u00e1 en la formaci\u00f3n de las familias a trav\u00e9s de un asesoramiento psicoeducativo\"}]},{\"@type\":\"WebSite\",\"@id\":\"https:\/\/www.ull.es\/portal\/noticias\/#website\",\"url\":\"https:\/\/www.ull.es\/portal\/noticias\/\",\"name\":\"ULL - Noticias\",\"description\":\"\",\"potentialAction\":[{\"@type\":\"SearchAction\",\"target\":{\"@type\":\"EntryPoint\",\"urlTemplate\":\"https:\/\/www.ull.es\/portal\/noticias\/?s={search_term_string}\"},\"query-input\":\"required name=search_term_string\"}],\"inLanguage\":\"es\"},{\"@type\":\"Person\",\"@id\":\"https:\/\/www.ull.es\/portal\/noticias\/#\/schema\/person\/c3b2aa857797592927a03740d6664376\",\"name\":\"prensa2\",\"image\":{\"@type\":\"ImageObject\",\"inLanguage\":\"es\",\"@id\":\"https:\/\/www.ull.es\/portal\/noticias\/#\/schema\/person\/image\/\",\"url\":\"https:\/\/secure.gravatar.com\/avatar\/b58f310a5de5feb33d1e026d2493f23c?s=96&d=mm&r=g\",\"contentUrl\":\"https:\/\/secure.gravatar.com\/avatar\/b58f310a5de5feb33d1e026d2493f23c?s=96&d=mm&r=g\",\"caption\":\"prensa2\"},\"url\":\"https:\/\/www.ull.es\/portal\/noticias\/author\/prensa2\/\"}]}<\/script>\n<!-- \/ Yoast SEO plugin. -->","yoast_head_json":{"title":"La universidad colaborar\u00e1 en la formaci\u00f3n de las familias a trav\u00e9s de un asesoramiento psicoeducativo - ULL - Noticias","robots":{"index":"index","follow":"follow","max-snippet":"max-snippet:-1","max-image-preview":"max-image-preview:large","max-video-preview":"max-video-preview:-1"},"canonical":"https:\/\/www.ull.es\/portal\/noticias\/2009\/la-universidad-colaborara-en-la-formacion-de-las-familias-a-traves-de-un-asesoramiento-psicoeducativo\/","og_locale":"es_ES","og_type":"article","og_title":"La universidad colaborar\u00e1 en la formaci\u00f3n de las familias a trav\u00e9s de un asesoramiento psicoeducativo - ULL - Noticias","og_description":"El rector de la Universidad de La Laguna, Eduardo Dom&eacute;nech, y la presidenta de la Federaci&oacute;n Insular Tinerfe&ntilde;a de Padres...","og_url":"https:\/\/www.ull.es\/portal\/noticias\/2009\/la-universidad-colaborara-en-la-formacion-de-las-familias-a-traves-de-un-asesoramiento-psicoeducativo\/","og_site_name":"ULL - Noticias","article_publisher":"https:\/\/www.facebook.com\/universidaddelalaguna\/","article_published_time":"2009-02-04T00:00:00+00:00","og_image":[{"width":1200,"height":630,"url":"https:\/\/www.ull.es\/portal\/noticias\/wp-content\/uploads\/sites\/13\/2023\/06\/logo-redimensionado.png","type":"image\/png"}],"author":"prensa2","twitter_card":"summary_large_image","twitter_creator":"@CanalULL","twitter_site":"@CanalULL","twitter_misc":{"Escrito por":"prensa2","Tiempo de lectura":"3 minutos"},"schema":{"@context":"https:\/\/schema.org","@graph":[{"@type":"WebPage","@id":"https:\/\/www.ull.es\/portal\/noticias\/2009\/la-universidad-colaborara-en-la-formacion-de-las-familias-a-traves-de-un-asesoramiento-psicoeducativo\/","url":"https:\/\/www.ull.es\/portal\/noticias\/2009\/la-universidad-colaborara-en-la-formacion-de-las-familias-a-traves-de-un-asesoramiento-psicoeducativo\/","name":"La universidad colaborar\u00e1 en la formaci\u00f3n de las familias a trav\u00e9s de un asesoramiento psicoeducativo - ULL - Noticias","isPartOf":{"@id":"https:\/\/www.ull.es\/portal\/noticias\/#website"},"datePublished":"2009-02-04T00:00:00+00:00","dateModified":"2009-02-04T00:00:00+00:00","author":{"@id":"https:\/\/www.ull.es\/portal\/noticias\/#\/schema\/person\/c3b2aa857797592927a03740d6664376"},"breadcrumb":{"@id":"https:\/\/www.ull.es\/portal\/noticias\/2009\/la-universidad-colaborara-en-la-formacion-de-las-familias-a-traves-de-un-asesoramiento-psicoeducativo\/#breadcrumb"},"inLanguage":"es","potentialAction":[{"@type":"ReadAction","target":["https:\/\/www.ull.es\/portal\/noticias\/2009\/la-universidad-colaborara-en-la-formacion-de-las-familias-a-traves-de-un-asesoramiento-psicoeducativo\/"]}]},{"@type":"BreadcrumbList","@id":"https:\/\/www.ull.es\/portal\/noticias\/2009\/la-universidad-colaborara-en-la-formacion-de-las-familias-a-traves-de-un-asesoramiento-psicoeducativo\/#breadcrumb","itemListElement":[{"@type":"ListItem","position":1,"name":"Portada","item":"https:\/\/www.ull.es\/portal\/noticias\/"},{"@type":"ListItem","position":2,"name":"La universidad colaborar\u00e1 en la formaci\u00f3n de las familias a trav\u00e9s de un asesoramiento psicoeducativo"}]},{"@type":"WebSite","@id":"https:\/\/www.ull.es\/portal\/noticias\/#website","url":"https:\/\/www.ull.es\/portal\/noticias\/","name":"ULL - Noticias","description":"","potentialAction":[{"@type":"SearchAction","target":{"@type":"EntryPoint","urlTemplate":"https:\/\/www.ull.es\/portal\/noticias\/?s={search_term_string}"},"query-input":"required name=search_term_string"}],"inLanguage":"es"},{"@type":"Person","@id":"https:\/\/www.ull.es\/portal\/noticias\/#\/schema\/person\/c3b2aa857797592927a03740d6664376","name":"prensa2","image":{"@type":"ImageObject","inLanguage":"es","@id":"https:\/\/www.ull.es\/portal\/noticias\/#\/schema\/person\/image\/","url":"https:\/\/secure.gravatar.com\/avatar\/b58f310a5de5feb33d1e026d2493f23c?s=96&d=mm&r=g","contentUrl":"https:\/\/secure.gravatar.com\/avatar\/b58f310a5de5feb33d1e026d2493f23c?s=96&d=mm&r=g","caption":"prensa2"},"url":"https:\/\/www.ull.es\/portal\/noticias\/author\/prensa2\/"}]}},"primary_category":null,"featured_image_thumbnail_url":null,"_links":{"self":[{"href":"https:\/\/www.ull.es\/portal\/noticias\/wp-json\/wp\/v2\/posts\/16452"}],"collection":[{"href":"https:\/\/www.ull.es\/portal\/noticias\/wp-json\/wp\/v2\/posts"}],"about":[{"href":"https:\/\/www.ull.es\/portal\/noticias\/wp-json\/wp\/v2\/types\/post"}],"author":[{"embeddable":true,"href":"https:\/\/www.ull.es\/portal\/noticias\/wp-json\/wp\/v2\/users\/21"}],"replies":[{"embeddable":true,"href":"https:\/\/www.ull.es\/portal\/noticias\/wp-json\/wp\/v2\/comments?post=16452"}],"version-history":[{"count":0,"href":"https:\/\/www.ull.es\/portal\/noticias\/wp-json\/wp\/v2\/posts\/16452\/revisions"}],"wp:attachment":[{"href":"https:\/\/www.ull.es\/portal\/noticias\/wp-json\/wp\/v2\/media?parent=16452"}],"wp:term":[{"taxonomy":"category","embeddable":true,"href":"https:\/\/www.ull.es\/portal\/noticias\/wp-json\/wp\/v2\/categories?post=16452"},{"taxonomy":"post_tag","embeddable":true,"href":"https:\/\/www.ull.es\/portal\/noticias\/wp-json\/wp\/v2\/tags?post=16452"}],"curies":[{"name":"wp","href":"https:\/\/api.w.org\/{rel}","templated":true}]}}