{"id":16453,"date":"2009-02-06T00:00:00","date_gmt":"2009-02-06T00:00:00","guid":{"rendered":"http:\/\/ddigital.webs.ull.es\/el-matematico-jose-luis-fernandez-perez-sera-investido-doctor-honoris-causa-por-la-ull-la-proxima-semana\/"},"modified":"2009-02-06T00:00:00","modified_gmt":"2009-02-06T00:00:00","slug":"el-matematico-jose-luis-fernandez-perez-sera-investido-doctor-honoris-causa-por-la-ull-la-proxima-semana","status":"publish","type":"post","link":"https:\/\/www.ull.es\/portal\/noticias\/2009\/el-matematico-jose-luis-fernandez-perez-sera-investido-doctor-honoris-causa-por-la-ull-la-proxima-semana\/","title":{"rendered":"El matem\u00e1tico Jos\u00e9 Luis Fern\u00e1ndez P\u00e9rez ser\u00e1 investido doctor Honoris Causa por la ULL la pr\u00f3xima semana"},"content":{"rendered":"<p>El matem&aacute;tico Jos&eacute; Luis Fern&aacute;ndez P&eacute;rez, actualmente catedr&aacute;tico en la Universidad Aut&oacute;noma de Madrid, ser&aacute; investido doctor Honoris Causa por la Universidad de La Laguna el pr&oacute;ximo mi&eacute;rcoles, 11 de febrero, en un solemne acto acad&eacute;mico que se celebrar&aacute; a partir de las 12 horas en el aula magna del edificio de las facultades de Matem&aacute;ticas y F&iacute;sica.<\/p>\n<p>El homenajeado naci&oacute; en Santa Cruz de Tenerife en 1956 y ha estado muy vinculado a la ULL desde sus inicios universitarios, puesto que comenz&oacute; sus estudios de Matem&aacute;ticas en ella, aunque finalmente los culmin&oacute; en la Universidad de Zaragoza. A&uacute;n as&iacute;, ha colaborado en la formaci&oacute;n de algunos matem&aacute;ticos de la instituci&oacute;n tinerfe&ntilde;a que han visitado la Universidad Aut&oacute;noma de Madrid. Colabora frecuentemente con el grupo de Matem&aacute;ticas Financieras de la ULL en numerosos cursos y seminarios sobre esta materia.<\/p>\n<p>Posee un perfil acad&eacute;mico y cient&iacute;fico internacional, pues se doctor&oacute; en la Washington University de Saint Louis (Missouri) en 1983 y permaneci&oacute; en Estados Unidos casi una d&eacute;cada, durante la cual fue profesor de las universidades de Washington, Wisconsin y Maryland. Regres&oacute; a Espa&ntilde;a en 1987 y desde 1988 ocupa la c&aacute;tedra que sigue ostentando en Madrid. Ha realizado varias estancias largas de investigaci&oacute;n en los prestigiosos Mittag-Leffler Institute (Suecia); Mathematical Science Research Institute (MSRI) de Berkeley (EE.UU.) y el Instituto Banach (Varsovia, Polonia). <\/p>\n<p> Su carrera como investigador es igualmente destacada. Basta con mencionar que pertenece al escaso grupo de matem&aacute;ticos que han publicado en las prestigiosas Annals of Mathematics y Acta Mathematica, la cuales ocupan los primeros puestos del ranking de publicaciones cient&iacute;ficas. Ha participado en once proyectos de investigaci&oacute;n (dos de ellos de la National Science Foundation de EEUU), ha publicado unos 50 trabajos de investigaci&oacute;n, m&aacute;s algunos de divulgaci&oacute;n y otros relacionados con el mundo financiero.<\/p>\n<p> Forma o ha formado parte de los comit&eacute;s editoriales de revistas prestigiosas en el &aacute;mbito de las ciencias exactas, como la Revista Matem&aacute;tica Iberoamericana; Publications Mathem&agrave;tiques; Extracta Mathematicae y&nbsp; La Gaceta Matem&aacute;tica. Fue presidente del Comit&eacute; Espa&ntilde;ol para el 2000 A&ntilde;o Mundial de las Matem&aacute;ticas, y es miembro de la Real Academia de Ciencias Exactas, F&iacute;sicas y Naturales de Espa&ntilde;a.<br \/> <strong><br \/> Acto acad&eacute;mico<\/strong><\/p>\n<p> El acto de investidura est&aacute; regido por un estricto protocolo acad&eacute;mico, que est&aacute; explicado en la p&aacute;gina <a target=\"_blank\" href=\"http:\/\/www.ull.es\/portal\/viewcategory.aspx?code=13060\" target=\"_blank\" rel=\"noopener\">web institucional<\/a> para aquellas personas interesadas en participar en &eacute;l. Comenzar&aacute; con una comitiva en la que desfilar&aacute;n profesores, decanos y directores de escuelas universitarias, y quedar&aacute; formalmente abierto por el rector de la ULL, Eduardo Dom&eacute;nech Mart&iacute;nez.<\/p>\n<p> Tras la lectura del acuerdo de concesi&oacute;n del t&iacute;tulo de Doctor Honoris Causa, el profesor del departamento de An&aacute;lisis Matem&aacute;tico de la ULL Jos&eacute; M&eacute;ndez P&eacute;rez realizar&aacute; una alabanza p&uacute;blica o &quot;laudatio&quot; del homenajeado, esbozando su perfil acad&eacute;mico y cient&iacute;fico, y explicando las razones que le hacen acreedor del nombramiento.<\/p>\n<p> A continuaci&oacute;n, se proceder&aacute; a la investidura de Fern&aacute;ndez P&eacute;rez como doctor Honoris Causa, quien inmediatamente despu&eacute;s ofrecer&aacute; su discurso de aceptaci&oacute;n y enunciar&aacute; su juramento como miembro honorario de la ULL. Como colof&oacute;n, el rector le dar&aacute; la bienvenida al claustro de la instituci&oacute;n<\/p>\n","protected":false},"excerpt":{"rendered":"<p>El matem&aacute;tico Jos&eacute; Luis Fern&aacute;ndez P&eacute;rez, actualmente catedr&aacute;tico en la Universidad Aut&oacute;noma de Madrid, ser&aacute; investido doctor Honoris Causa por&#8230;<\/p>\n","protected":false},"author":21,"featured_media":16174,"comment_status":"open","ping_status":"open","sticky":false,"template":"","format":"standard","meta":{"inline_featured_image":false,"footnotes":""},"categories":[348],"tags":[],"acf":[],"yoast_head":"<!-- This site is optimized with the Yoast SEO plugin v21.3 - https:\/\/yoast.com\/wordpress\/plugins\/seo\/ -->\n<title>El matem\u00e1tico Jos\u00e9 Luis Fern\u00e1ndez P\u00e9rez ser\u00e1 investido doctor Honoris Causa por la ULL la pr\u00f3xima semana - ULL - Noticias<\/title>\n<meta name=\"robots\" content=\"index, follow, max-snippet:-1, max-image-preview:large, max-video-preview:-1\" \/>\n<link rel=\"canonical\" href=\"https:\/\/www.ull.es\/portal\/noticias\/2009\/el-matematico-jose-luis-fernandez-perez-sera-investido-doctor-honoris-causa-por-la-ull-la-proxima-semana\/\" \/>\n<meta property=\"og:locale\" content=\"es_ES\" \/>\n<meta property=\"og:type\" content=\"article\" \/>\n<meta property=\"og:title\" content=\"El matem\u00e1tico Jos\u00e9 Luis Fern\u00e1ndez P\u00e9rez ser\u00e1 investido doctor Honoris Causa por la ULL la pr\u00f3xima semana - ULL - Noticias\" \/>\n<meta property=\"og:description\" content=\"El matem&aacute;tico Jos&eacute; Luis Fern&aacute;ndez P&eacute;rez, actualmente catedr&aacute;tico en la Universidad Aut&oacute;noma de Madrid, ser&aacute; investido doctor Honoris Causa por...\" \/>\n<meta property=\"og:url\" content=\"https:\/\/www.ull.es\/portal\/noticias\/2009\/el-matematico-jose-luis-fernandez-perez-sera-investido-doctor-honoris-causa-por-la-ull-la-proxima-semana\/\" \/>\n<meta property=\"og:site_name\" content=\"ULL - Noticias\" \/>\n<meta property=\"article:publisher\" content=\"https:\/\/www.facebook.com\/universidaddelalaguna\/\" \/>\n<meta property=\"article:published_time\" content=\"2009-02-06T00:00:00+00:00\" \/>\n<meta property=\"og:image\" content=\"https:\/\/www.ull.es\/portal\/noticias\/wp-content\/uploads\/sites\/13\/2015\/07\/fdez.jpg\" \/>\n\t<meta property=\"og:image:width\" content=\"800\" \/>\n\t<meta property=\"og:image:height\" content=\"534\" \/>\n\t<meta property=\"og:image:type\" content=\"image\/jpeg\" \/>\n<meta name=\"author\" content=\"prensa2\" \/>\n<meta name=\"twitter:card\" content=\"summary_large_image\" \/>\n<meta name=\"twitter:creator\" content=\"@CanalULL\" \/>\n<meta name=\"twitter:site\" content=\"@CanalULL\" \/>\n<meta name=\"twitter:label1\" content=\"Escrito por\" \/>\n\t<meta name=\"twitter:data1\" content=\"prensa2\" \/>\n\t<meta name=\"twitter:label2\" content=\"Tiempo de lectura\" \/>\n\t<meta name=\"twitter:data2\" content=\"3 minutos\" \/>\n<script type=\"application\/ld+json\" class=\"yoast-schema-graph\">{\"@context\":\"https:\/\/schema.org\",\"@graph\":[{\"@type\":\"WebPage\",\"@id\":\"https:\/\/www.ull.es\/portal\/noticias\/2009\/el-matematico-jose-luis-fernandez-perez-sera-investido-doctor-honoris-causa-por-la-ull-la-proxima-semana\/\",\"url\":\"https:\/\/www.ull.es\/portal\/noticias\/2009\/el-matematico-jose-luis-fernandez-perez-sera-investido-doctor-honoris-causa-por-la-ull-la-proxima-semana\/\",\"name\":\"El matem\u00e1tico Jos\u00e9 Luis Fern\u00e1ndez P\u00e9rez ser\u00e1 investido doctor Honoris Causa por la ULL la pr\u00f3xima semana - ULL - Noticias\",\"isPartOf\":{\"@id\":\"https:\/\/www.ull.es\/portal\/noticias\/#website\"},\"datePublished\":\"2009-02-06T00:00:00+00:00\",\"dateModified\":\"2009-02-06T00:00:00+00:00\",\"author\":{\"@id\":\"https:\/\/www.ull.es\/portal\/noticias\/#\/schema\/person\/c3b2aa857797592927a03740d6664376\"},\"breadcrumb\":{\"@id\":\"https:\/\/www.ull.es\/portal\/noticias\/2009\/el-matematico-jose-luis-fernandez-perez-sera-investido-doctor-honoris-causa-por-la-ull-la-proxima-semana\/#breadcrumb\"},\"inLanguage\":\"es\",\"potentialAction\":[{\"@type\":\"ReadAction\",\"target\":[\"https:\/\/www.ull.es\/portal\/noticias\/2009\/el-matematico-jose-luis-fernandez-perez-sera-investido-doctor-honoris-causa-por-la-ull-la-proxima-semana\/\"]}]},{\"@type\":\"BreadcrumbList\",\"@id\":\"https:\/\/www.ull.es\/portal\/noticias\/2009\/el-matematico-jose-luis-fernandez-perez-sera-investido-doctor-honoris-causa-por-la-ull-la-proxima-semana\/#breadcrumb\",\"itemListElement\":[{\"@type\":\"ListItem\",\"position\":1,\"name\":\"Portada\",\"item\":\"https:\/\/www.ull.es\/portal\/noticias\/\"},{\"@type\":\"ListItem\",\"position\":2,\"name\":\"El matem\u00e1tico Jos\u00e9 Luis Fern\u00e1ndez P\u00e9rez ser\u00e1 investido doctor Honoris Causa por la ULL la pr\u00f3xima semana\"}]},{\"@type\":\"WebSite\",\"@id\":\"https:\/\/www.ull.es\/portal\/noticias\/#website\",\"url\":\"https:\/\/www.ull.es\/portal\/noticias\/\",\"name\":\"ULL - Noticias\",\"description\":\"\",\"potentialAction\":[{\"@type\":\"SearchAction\",\"target\":{\"@type\":\"EntryPoint\",\"urlTemplate\":\"https:\/\/www.ull.es\/portal\/noticias\/?s={search_term_string}\"},\"query-input\":\"required name=search_term_string\"}],\"inLanguage\":\"es\"},{\"@type\":\"Person\",\"@id\":\"https:\/\/www.ull.es\/portal\/noticias\/#\/schema\/person\/c3b2aa857797592927a03740d6664376\",\"name\":\"prensa2\",\"image\":{\"@type\":\"ImageObject\",\"inLanguage\":\"es\",\"@id\":\"https:\/\/www.ull.es\/portal\/noticias\/#\/schema\/person\/image\/\",\"url\":\"https:\/\/secure.gravatar.com\/avatar\/b58f310a5de5feb33d1e026d2493f23c?s=96&d=mm&r=g\",\"contentUrl\":\"https:\/\/secure.gravatar.com\/avatar\/b58f310a5de5feb33d1e026d2493f23c?s=96&d=mm&r=g\",\"caption\":\"prensa2\"},\"url\":\"https:\/\/www.ull.es\/portal\/noticias\/author\/prensa2\/\"}]}<\/script>\n<!-- \/ Yoast SEO plugin. -->","yoast_head_json":{"title":"El matem\u00e1tico Jos\u00e9 Luis Fern\u00e1ndez P\u00e9rez ser\u00e1 investido doctor Honoris Causa por la ULL la pr\u00f3xima semana - ULL - Noticias","robots":{"index":"index","follow":"follow","max-snippet":"max-snippet:-1","max-image-preview":"max-image-preview:large","max-video-preview":"max-video-preview:-1"},"canonical":"https:\/\/www.ull.es\/portal\/noticias\/2009\/el-matematico-jose-luis-fernandez-perez-sera-investido-doctor-honoris-causa-por-la-ull-la-proxima-semana\/","og_locale":"es_ES","og_type":"article","og_title":"El matem\u00e1tico Jos\u00e9 Luis Fern\u00e1ndez P\u00e9rez ser\u00e1 investido doctor Honoris Causa por la ULL la pr\u00f3xima semana - ULL - Noticias","og_description":"El matem&aacute;tico Jos&eacute; Luis Fern&aacute;ndez P&eacute;rez, actualmente catedr&aacute;tico en la Universidad Aut&oacute;noma de Madrid, ser&aacute; investido doctor Honoris Causa por...","og_url":"https:\/\/www.ull.es\/portal\/noticias\/2009\/el-matematico-jose-luis-fernandez-perez-sera-investido-doctor-honoris-causa-por-la-ull-la-proxima-semana\/","og_site_name":"ULL - Noticias","article_publisher":"https:\/\/www.facebook.com\/universidaddelalaguna\/","article_published_time":"2009-02-06T00:00:00+00:00","og_image":[{"width":800,"height":534,"url":"https:\/\/www.ull.es\/portal\/noticias\/wp-content\/uploads\/sites\/13\/2015\/07\/fdez.jpg","type":"image\/jpeg"}],"author":"prensa2","twitter_card":"summary_large_image","twitter_creator":"@CanalULL","twitter_site":"@CanalULL","twitter_misc":{"Escrito por":"prensa2","Tiempo de lectura":"3 minutos"},"schema":{"@context":"https:\/\/schema.org","@graph":[{"@type":"WebPage","@id":"https:\/\/www.ull.es\/portal\/noticias\/2009\/el-matematico-jose-luis-fernandez-perez-sera-investido-doctor-honoris-causa-por-la-ull-la-proxima-semana\/","url":"https:\/\/www.ull.es\/portal\/noticias\/2009\/el-matematico-jose-luis-fernandez-perez-sera-investido-doctor-honoris-causa-por-la-ull-la-proxima-semana\/","name":"El matem\u00e1tico Jos\u00e9 Luis Fern\u00e1ndez P\u00e9rez ser\u00e1 investido doctor Honoris Causa por la ULL la pr\u00f3xima semana - ULL - Noticias","isPartOf":{"@id":"https:\/\/www.ull.es\/portal\/noticias\/#website"},"datePublished":"2009-02-06T00:00:00+00:00","dateModified":"2009-02-06T00:00:00+00:00","author":{"@id":"https:\/\/www.ull.es\/portal\/noticias\/#\/schema\/person\/c3b2aa857797592927a03740d6664376"},"breadcrumb":{"@id":"https:\/\/www.ull.es\/portal\/noticias\/2009\/el-matematico-jose-luis-fernandez-perez-sera-investido-doctor-honoris-causa-por-la-ull-la-proxima-semana\/#breadcrumb"},"inLanguage":"es","potentialAction":[{"@type":"ReadAction","target":["https:\/\/www.ull.es\/portal\/noticias\/2009\/el-matematico-jose-luis-fernandez-perez-sera-investido-doctor-honoris-causa-por-la-ull-la-proxima-semana\/"]}]},{"@type":"BreadcrumbList","@id":"https:\/\/www.ull.es\/portal\/noticias\/2009\/el-matematico-jose-luis-fernandez-perez-sera-investido-doctor-honoris-causa-por-la-ull-la-proxima-semana\/#breadcrumb","itemListElement":[{"@type":"ListItem","position":1,"name":"Portada","item":"https:\/\/www.ull.es\/portal\/noticias\/"},{"@type":"ListItem","position":2,"name":"El matem\u00e1tico Jos\u00e9 Luis Fern\u00e1ndez P\u00e9rez ser\u00e1 investido doctor Honoris Causa por la ULL la pr\u00f3xima semana"}]},{"@type":"WebSite","@id":"https:\/\/www.ull.es\/portal\/noticias\/#website","url":"https:\/\/www.ull.es\/portal\/noticias\/","name":"ULL - Noticias","description":"","potentialAction":[{"@type":"SearchAction","target":{"@type":"EntryPoint","urlTemplate":"https:\/\/www.ull.es\/portal\/noticias\/?s={search_term_string}"},"query-input":"required name=search_term_string"}],"inLanguage":"es"},{"@type":"Person","@id":"https:\/\/www.ull.es\/portal\/noticias\/#\/schema\/person\/c3b2aa857797592927a03740d6664376","name":"prensa2","image":{"@type":"ImageObject","inLanguage":"es","@id":"https:\/\/www.ull.es\/portal\/noticias\/#\/schema\/person\/image\/","url":"https:\/\/secure.gravatar.com\/avatar\/b58f310a5de5feb33d1e026d2493f23c?s=96&d=mm&r=g","contentUrl":"https:\/\/secure.gravatar.com\/avatar\/b58f310a5de5feb33d1e026d2493f23c?s=96&d=mm&r=g","caption":"prensa2"},"url":"https:\/\/www.ull.es\/portal\/noticias\/author\/prensa2\/"}]}},"primary_category":null,"featured_image_thumbnail_url":"https:\/\/www.ull.es\/portal\/noticias\/wp-content\/uploads\/sites\/13\/2015\/07\/fdez-300x200.jpg","_links":{"self":[{"href":"https:\/\/www.ull.es\/portal\/noticias\/wp-json\/wp\/v2\/posts\/16453"}],"collection":[{"href":"https:\/\/www.ull.es\/portal\/noticias\/wp-json\/wp\/v2\/posts"}],"about":[{"href":"https:\/\/www.ull.es\/portal\/noticias\/wp-json\/wp\/v2\/types\/post"}],"author":[{"embeddable":true,"href":"https:\/\/www.ull.es\/portal\/noticias\/wp-json\/wp\/v2\/users\/21"}],"replies":[{"embeddable":true,"href":"https:\/\/www.ull.es\/portal\/noticias\/wp-json\/wp\/v2\/comments?post=16453"}],"version-history":[{"count":0,"href":"https:\/\/www.ull.es\/portal\/noticias\/wp-json\/wp\/v2\/posts\/16453\/revisions"}],"wp:featuredmedia":[{"embeddable":true,"href":"https:\/\/www.ull.es\/portal\/noticias\/wp-json\/wp\/v2\/media\/16174"}],"wp:attachment":[{"href":"https:\/\/www.ull.es\/portal\/noticias\/wp-json\/wp\/v2\/media?parent=16453"}],"wp:term":[{"taxonomy":"category","embeddable":true,"href":"https:\/\/www.ull.es\/portal\/noticias\/wp-json\/wp\/v2\/categories?post=16453"},{"taxonomy":"post_tag","embeddable":true,"href":"https:\/\/www.ull.es\/portal\/noticias\/wp-json\/wp\/v2\/tags?post=16453"}],"curies":[{"name":"wp","href":"https:\/\/api.w.org\/{rel}","templated":true}]}}