{"id":16454,"date":"2009-02-06T00:00:00","date_gmt":"2009-02-06T00:00:00","guid":{"rendered":"http:\/\/ddigital.webs.ull.es\/la-escuela-tecnica-superior-de-ingenieria-civil-e-industrial-celebra-con-una-semana-de-actos-la-festividad-de-su-patron\/"},"modified":"2009-02-06T00:00:00","modified_gmt":"2009-02-06T00:00:00","slug":"la-escuela-tecnica-superior-de-ingenieria-civil-e-industrial-celebra-con-una-semana-de-actos-la-festividad-de-su-patron","status":"publish","type":"post","link":"https:\/\/www.ull.es\/portal\/noticias\/2009\/la-escuela-tecnica-superior-de-ingenieria-civil-e-industrial-celebra-con-una-semana-de-actos-la-festividad-de-su-patron\/","title":{"rendered":"La Escuela T\u00e9cnica Superior de Ingenier\u00eda Civil e Industrial celebra con una semana de actos la festividad de su patr\u00f3n"},"content":{"rendered":"<p>La Escuela T&eacute;cnica Superior de Ingenier&iacute;a Civil e Industrial de la Universidad de La Laguna celebrar&aacute; la pr&oacute;xima semana, entre el lunes 9 y el viernes 13 de febrero, la festividad de su patr&oacute;n, el ingeniero tinerfe&ntilde;o Agust&iacute;n de Bethencourt y Molina. Para ello la direcci&oacute;n del centro ha organizado una serie de actividades l&uacute;dicas, deportivas y conferencias, englobadas bajo la denominaci&oacute;n&nbsp; I Semana de Investigaci&oacute;n en la Ingenier&iacute;a.<\/p>\n<p>Las jornadas comenzar&aacute;n el lunes 9 de febrero a las 10 horas en el edificio de las facultades de F&iacute;sica y Matem&aacute;ticas, sede provisional de la escuela, con una sesi&oacute;n inaugural en la que estar&aacute; presentes el rector de la Universidad de La Laguna, Eduardo Dom&eacute;nech Mart&iacute;nez, y el vicerrector de Investigaci&oacute;n, Desarrollo Tecnol&oacute;gico e Innovaci&oacute;n, Lorenzo Moreno. A continuaci&oacute;n se impartir&aacute; la conferencia inaugural, una semblanza de Agust&iacute;n Betancourt y Molina a cargo de Jos&eacute; M&ordf; de la Portilla, que fue director de la Escuela Universitaria Polit&eacute;cnica de la ULPGC durante muchos a&ntilde;os y actualmente presidente de la Conferencia de Directores de Escuelas T&eacute;cnicas.<\/p>\n<p> A continuaci&oacute;n, a las 11:30, Sebasti&aacute;n Dormido Bencomo, catedr&aacute;tico de Universidad en el &aacute;rea Ingenier&iacute;a de Sistemas y Autom&aacute;tica en la UNED y Doctor Honoris Causa por la Universidad de Huelva, impartir&aacute; la conferencia &ldquo;Las pr&aacute;cticas en l&iacute;nea en las ense&ntilde;anzas t&eacute;cnicas: Laboratorios&rdquo;.<\/p>\n<p> Entre el 11 y el 13 de febrero, se realizar&aacute;n varias sesiones de presentaci&oacute;n de p&oacute;steres de trabajos de investigaci&oacute;n elaborados por grupos de investigaci&oacute;n de la escuela organizadora. En las mismas fechas, se desarrollar&aacute;n diferentes competiciones de f&uacute;tbol, baloncesto y pin-pong, a las cuales&nbsp; los interesados podr&aacute;n inscribirse en la delegaci&oacute;n de alumnos.<\/p>\n<p> El viernes 13 de febrero, de 10 a 12 horas, se celebrar&aacute; la sesi&oacute;n de clausura. La abrir&aacute; Antonio Guasch Petit, del departamento de Ingenier&iacute;a de Sistemas, Autom&aacute;tica e Inform&aacute;tica Industrial de la Universidad Polit&eacute;cnica de Catalu&ntilde;a, con una ponencia titulada &ldquo;Simulaci&oacute;n y optimizaci&oacute;n de l&iacute;neas de metro autom&aacute;ticas sin conductor&rdquo;. Posteriormente, se proceder&aacute; a la entrega de premios al mejor expediente de la escuela del curso 2007-08.<\/p>\n","protected":false},"excerpt":{"rendered":"<p>La Escuela T&eacute;cnica Superior de Ingenier&iacute;a Civil e Industrial de la Universidad de La Laguna celebrar&aacute; la pr&oacute;xima semana, entre&#8230;<\/p>\n","protected":false},"author":21,"featured_media":0,"comment_status":"open","ping_status":"open","sticky":false,"template":"","format":"standard","meta":{"inline_featured_image":false,"footnotes":""},"categories":[348],"tags":[],"acf":[],"yoast_head":"<!-- This site is optimized with the Yoast SEO plugin v21.3 - https:\/\/yoast.com\/wordpress\/plugins\/seo\/ -->\n<title>La Escuela T\u00e9cnica Superior de Ingenier\u00eda Civil e Industrial celebra con una semana de actos la festividad de su patr\u00f3n - ULL - Noticias<\/title>\n<meta name=\"robots\" content=\"index, follow, max-snippet:-1, max-image-preview:large, max-video-preview:-1\" \/>\n<link rel=\"canonical\" href=\"https:\/\/www.ull.es\/portal\/noticias\/2009\/la-escuela-tecnica-superior-de-ingenieria-civil-e-industrial-celebra-con-una-semana-de-actos-la-festividad-de-su-patron\/\" \/>\n<meta property=\"og:locale\" content=\"es_ES\" \/>\n<meta property=\"og:type\" content=\"article\" \/>\n<meta property=\"og:title\" content=\"La Escuela T\u00e9cnica Superior de Ingenier\u00eda Civil e Industrial celebra con una semana de actos la festividad de su patr\u00f3n - ULL - Noticias\" \/>\n<meta property=\"og:description\" content=\"La Escuela T&eacute;cnica Superior de Ingenier&iacute;a Civil e Industrial de la Universidad de La Laguna celebrar&aacute; la pr&oacute;xima semana, entre...\" \/>\n<meta property=\"og:url\" content=\"https:\/\/www.ull.es\/portal\/noticias\/2009\/la-escuela-tecnica-superior-de-ingenieria-civil-e-industrial-celebra-con-una-semana-de-actos-la-festividad-de-su-patron\/\" \/>\n<meta property=\"og:site_name\" content=\"ULL - Noticias\" \/>\n<meta property=\"article:publisher\" content=\"https:\/\/www.facebook.com\/universidaddelalaguna\/\" \/>\n<meta property=\"article:published_time\" content=\"2009-02-06T00:00:00+00:00\" \/>\n<meta property=\"og:image\" content=\"https:\/\/www.ull.es\/portal\/noticias\/wp-content\/uploads\/sites\/13\/2023\/06\/logo-redimensionado.png\" \/>\n\t<meta property=\"og:image:width\" content=\"1200\" \/>\n\t<meta property=\"og:image:height\" content=\"630\" \/>\n\t<meta property=\"og:image:type\" content=\"image\/png\" \/>\n<meta name=\"author\" content=\"prensa2\" \/>\n<meta name=\"twitter:card\" content=\"summary_large_image\" \/>\n<meta name=\"twitter:creator\" content=\"@CanalULL\" \/>\n<meta name=\"twitter:site\" content=\"@CanalULL\" \/>\n<meta name=\"twitter:label1\" content=\"Escrito por\" \/>\n\t<meta name=\"twitter:data1\" content=\"prensa2\" \/>\n\t<meta name=\"twitter:label2\" content=\"Tiempo de lectura\" \/>\n\t<meta name=\"twitter:data2\" content=\"2 minutos\" \/>\n<script type=\"application\/ld+json\" class=\"yoast-schema-graph\">{\"@context\":\"https:\/\/schema.org\",\"@graph\":[{\"@type\":\"WebPage\",\"@id\":\"https:\/\/www.ull.es\/portal\/noticias\/2009\/la-escuela-tecnica-superior-de-ingenieria-civil-e-industrial-celebra-con-una-semana-de-actos-la-festividad-de-su-patron\/\",\"url\":\"https:\/\/www.ull.es\/portal\/noticias\/2009\/la-escuela-tecnica-superior-de-ingenieria-civil-e-industrial-celebra-con-una-semana-de-actos-la-festividad-de-su-patron\/\",\"name\":\"La Escuela T\u00e9cnica Superior de Ingenier\u00eda Civil e Industrial celebra con una semana de actos la festividad de su patr\u00f3n - ULL - Noticias\",\"isPartOf\":{\"@id\":\"https:\/\/www.ull.es\/portal\/noticias\/#website\"},\"datePublished\":\"2009-02-06T00:00:00+00:00\",\"dateModified\":\"2009-02-06T00:00:00+00:00\",\"author\":{\"@id\":\"https:\/\/www.ull.es\/portal\/noticias\/#\/schema\/person\/c3b2aa857797592927a03740d6664376\"},\"breadcrumb\":{\"@id\":\"https:\/\/www.ull.es\/portal\/noticias\/2009\/la-escuela-tecnica-superior-de-ingenieria-civil-e-industrial-celebra-con-una-semana-de-actos-la-festividad-de-su-patron\/#breadcrumb\"},\"inLanguage\":\"es\",\"potentialAction\":[{\"@type\":\"ReadAction\",\"target\":[\"https:\/\/www.ull.es\/portal\/noticias\/2009\/la-escuela-tecnica-superior-de-ingenieria-civil-e-industrial-celebra-con-una-semana-de-actos-la-festividad-de-su-patron\/\"]}]},{\"@type\":\"BreadcrumbList\",\"@id\":\"https:\/\/www.ull.es\/portal\/noticias\/2009\/la-escuela-tecnica-superior-de-ingenieria-civil-e-industrial-celebra-con-una-semana-de-actos-la-festividad-de-su-patron\/#breadcrumb\",\"itemListElement\":[{\"@type\":\"ListItem\",\"position\":1,\"name\":\"Portada\",\"item\":\"https:\/\/www.ull.es\/portal\/noticias\/\"},{\"@type\":\"ListItem\",\"position\":2,\"name\":\"La Escuela T\u00e9cnica Superior de Ingenier\u00eda Civil e Industrial celebra con una semana de actos la festividad de su patr\u00f3n\"}]},{\"@type\":\"WebSite\",\"@id\":\"https:\/\/www.ull.es\/portal\/noticias\/#website\",\"url\":\"https:\/\/www.ull.es\/portal\/noticias\/\",\"name\":\"ULL - Noticias\",\"description\":\"\",\"potentialAction\":[{\"@type\":\"SearchAction\",\"target\":{\"@type\":\"EntryPoint\",\"urlTemplate\":\"https:\/\/www.ull.es\/portal\/noticias\/?s={search_term_string}\"},\"query-input\":\"required name=search_term_string\"}],\"inLanguage\":\"es\"},{\"@type\":\"Person\",\"@id\":\"https:\/\/www.ull.es\/portal\/noticias\/#\/schema\/person\/c3b2aa857797592927a03740d6664376\",\"name\":\"prensa2\",\"image\":{\"@type\":\"ImageObject\",\"inLanguage\":\"es\",\"@id\":\"https:\/\/www.ull.es\/portal\/noticias\/#\/schema\/person\/image\/\",\"url\":\"https:\/\/secure.gravatar.com\/avatar\/b58f310a5de5feb33d1e026d2493f23c?s=96&d=mm&r=g\",\"contentUrl\":\"https:\/\/secure.gravatar.com\/avatar\/b58f310a5de5feb33d1e026d2493f23c?s=96&d=mm&r=g\",\"caption\":\"prensa2\"},\"url\":\"https:\/\/www.ull.es\/portal\/noticias\/author\/prensa2\/\"}]}<\/script>\n<!-- \/ Yoast SEO plugin. -->","yoast_head_json":{"title":"La Escuela T\u00e9cnica Superior de Ingenier\u00eda Civil e Industrial celebra con una semana de actos la festividad de su patr\u00f3n - ULL - Noticias","robots":{"index":"index","follow":"follow","max-snippet":"max-snippet:-1","max-image-preview":"max-image-preview:large","max-video-preview":"max-video-preview:-1"},"canonical":"https:\/\/www.ull.es\/portal\/noticias\/2009\/la-escuela-tecnica-superior-de-ingenieria-civil-e-industrial-celebra-con-una-semana-de-actos-la-festividad-de-su-patron\/","og_locale":"es_ES","og_type":"article","og_title":"La Escuela T\u00e9cnica Superior de Ingenier\u00eda Civil e Industrial celebra con una semana de actos la festividad de su patr\u00f3n - ULL - Noticias","og_description":"La Escuela T&eacute;cnica Superior de Ingenier&iacute;a Civil e Industrial de la Universidad de La Laguna celebrar&aacute; la pr&oacute;xima semana, entre...","og_url":"https:\/\/www.ull.es\/portal\/noticias\/2009\/la-escuela-tecnica-superior-de-ingenieria-civil-e-industrial-celebra-con-una-semana-de-actos-la-festividad-de-su-patron\/","og_site_name":"ULL - Noticias","article_publisher":"https:\/\/www.facebook.com\/universidaddelalaguna\/","article_published_time":"2009-02-06T00:00:00+00:00","og_image":[{"width":1200,"height":630,"url":"https:\/\/www.ull.es\/portal\/noticias\/wp-content\/uploads\/sites\/13\/2023\/06\/logo-redimensionado.png","type":"image\/png"}],"author":"prensa2","twitter_card":"summary_large_image","twitter_creator":"@CanalULL","twitter_site":"@CanalULL","twitter_misc":{"Escrito por":"prensa2","Tiempo de lectura":"2 minutos"},"schema":{"@context":"https:\/\/schema.org","@graph":[{"@type":"WebPage","@id":"https:\/\/www.ull.es\/portal\/noticias\/2009\/la-escuela-tecnica-superior-de-ingenieria-civil-e-industrial-celebra-con-una-semana-de-actos-la-festividad-de-su-patron\/","url":"https:\/\/www.ull.es\/portal\/noticias\/2009\/la-escuela-tecnica-superior-de-ingenieria-civil-e-industrial-celebra-con-una-semana-de-actos-la-festividad-de-su-patron\/","name":"La Escuela T\u00e9cnica Superior de Ingenier\u00eda Civil e Industrial celebra con una semana de actos la festividad de su patr\u00f3n - ULL - Noticias","isPartOf":{"@id":"https:\/\/www.ull.es\/portal\/noticias\/#website"},"datePublished":"2009-02-06T00:00:00+00:00","dateModified":"2009-02-06T00:00:00+00:00","author":{"@id":"https:\/\/www.ull.es\/portal\/noticias\/#\/schema\/person\/c3b2aa857797592927a03740d6664376"},"breadcrumb":{"@id":"https:\/\/www.ull.es\/portal\/noticias\/2009\/la-escuela-tecnica-superior-de-ingenieria-civil-e-industrial-celebra-con-una-semana-de-actos-la-festividad-de-su-patron\/#breadcrumb"},"inLanguage":"es","potentialAction":[{"@type":"ReadAction","target":["https:\/\/www.ull.es\/portal\/noticias\/2009\/la-escuela-tecnica-superior-de-ingenieria-civil-e-industrial-celebra-con-una-semana-de-actos-la-festividad-de-su-patron\/"]}]},{"@type":"BreadcrumbList","@id":"https:\/\/www.ull.es\/portal\/noticias\/2009\/la-escuela-tecnica-superior-de-ingenieria-civil-e-industrial-celebra-con-una-semana-de-actos-la-festividad-de-su-patron\/#breadcrumb","itemListElement":[{"@type":"ListItem","position":1,"name":"Portada","item":"https:\/\/www.ull.es\/portal\/noticias\/"},{"@type":"ListItem","position":2,"name":"La Escuela T\u00e9cnica Superior de Ingenier\u00eda Civil e Industrial celebra con una semana de actos la festividad de su patr\u00f3n"}]},{"@type":"WebSite","@id":"https:\/\/www.ull.es\/portal\/noticias\/#website","url":"https:\/\/www.ull.es\/portal\/noticias\/","name":"ULL - Noticias","description":"","potentialAction":[{"@type":"SearchAction","target":{"@type":"EntryPoint","urlTemplate":"https:\/\/www.ull.es\/portal\/noticias\/?s={search_term_string}"},"query-input":"required name=search_term_string"}],"inLanguage":"es"},{"@type":"Person","@id":"https:\/\/www.ull.es\/portal\/noticias\/#\/schema\/person\/c3b2aa857797592927a03740d6664376","name":"prensa2","image":{"@type":"ImageObject","inLanguage":"es","@id":"https:\/\/www.ull.es\/portal\/noticias\/#\/schema\/person\/image\/","url":"https:\/\/secure.gravatar.com\/avatar\/b58f310a5de5feb33d1e026d2493f23c?s=96&d=mm&r=g","contentUrl":"https:\/\/secure.gravatar.com\/avatar\/b58f310a5de5feb33d1e026d2493f23c?s=96&d=mm&r=g","caption":"prensa2"},"url":"https:\/\/www.ull.es\/portal\/noticias\/author\/prensa2\/"}]}},"primary_category":null,"featured_image_thumbnail_url":null,"_links":{"self":[{"href":"https:\/\/www.ull.es\/portal\/noticias\/wp-json\/wp\/v2\/posts\/16454"}],"collection":[{"href":"https:\/\/www.ull.es\/portal\/noticias\/wp-json\/wp\/v2\/posts"}],"about":[{"href":"https:\/\/www.ull.es\/portal\/noticias\/wp-json\/wp\/v2\/types\/post"}],"author":[{"embeddable":true,"href":"https:\/\/www.ull.es\/portal\/noticias\/wp-json\/wp\/v2\/users\/21"}],"replies":[{"embeddable":true,"href":"https:\/\/www.ull.es\/portal\/noticias\/wp-json\/wp\/v2\/comments?post=16454"}],"version-history":[{"count":0,"href":"https:\/\/www.ull.es\/portal\/noticias\/wp-json\/wp\/v2\/posts\/16454\/revisions"}],"wp:attachment":[{"href":"https:\/\/www.ull.es\/portal\/noticias\/wp-json\/wp\/v2\/media?parent=16454"}],"wp:term":[{"taxonomy":"category","embeddable":true,"href":"https:\/\/www.ull.es\/portal\/noticias\/wp-json\/wp\/v2\/categories?post=16454"},{"taxonomy":"post_tag","embeddable":true,"href":"https:\/\/www.ull.es\/portal\/noticias\/wp-json\/wp\/v2\/tags?post=16454"}],"curies":[{"name":"wp","href":"https:\/\/api.w.org\/{rel}","templated":true}]}}