{"id":16455,"date":"2009-02-10T00:00:00","date_gmt":"2009-02-10T00:00:00","guid":{"rendered":"http:\/\/ddigital.webs.ull.es\/la-ull-investira-manana-como-doctor-honoris-causa-a-jose-luis-fernandez-perez\/"},"modified":"2009-02-10T00:00:00","modified_gmt":"2009-02-10T00:00:00","slug":"la-ull-investira-manana-como-doctor-honoris-causa-a-jose-luis-fernandez-perez","status":"publish","type":"post","link":"https:\/\/www.ull.es\/portal\/noticias\/2009\/la-ull-investira-manana-como-doctor-honoris-causa-a-jose-luis-fernandez-perez\/","title":{"rendered":"La ULL investir\u00e1 ma\u00f1ana como doctor Honoris Causa a Jos\u00e9 Luis Fern\u00e1ndez P\u00e9rez"},"content":{"rendered":"<p>La Universidad de La Laguna celebrar&aacute; ma&ntilde;ana, mi&eacute;rcoles 11 de febrero a las 12 horas en el aula magna del edificio de las facultades de F&iacute;sica y Matem&aacute;ticas, el solemne acto de investidura de Jos&eacute; Luis Fern&aacute;ndez P&eacute;rez como doctor Honoris Causa por la instituci&oacute;n acad&eacute;mica. Las ceremonia comenzar&aacute; con una comitiva en la que desfilar&aacute;n profesores, decanos y directores de escuelas universitarias, y quedar&aacute; formalmente abierto por el rector de la ULL, Eduardo Dom&eacute;nech Mart&iacute;nez.<\/p>\n<p>Tras la lectura del acuerdo de concesi&oacute;n del t&iacute;tulo de Doctor Honoris Causa, el profesor del departamento de An&aacute;lisis Matem&aacute;tico de la ULL Jos&eacute; M&eacute;ndez P&eacute;rez realizar&aacute; una alabanza p&uacute;blica o &quot;laudatio&quot; del homenajeado, esbozando su perfil acad&eacute;mico y cient&iacute;fico, y explicando las razones que le hacen acreedor del nombramiento.<\/p>\n<p> A continuaci&oacute;n, se proceder&aacute; a la investidura de Fern&aacute;ndez P&eacute;rez como doctor Honoris Causa, quien inmediatamente despu&eacute;s ofrecer&aacute; su discurso de aceptaci&oacute;n y enunciar&aacute; su juramento como miembro honorario de la ULL. Como colof&oacute;n, el rector le dar&aacute; la bienvenida al claustro de la instituci&oacute;n.<\/p>\n<p> Fern&aacute;ndez P&eacute;rez, nacido en Santa Cruz de Tenerife, es uno de los matem&aacute;ticos m&aacute;s reputados del panorama nacional, que inici&oacute; sus estudios en la ULL, se licenci&oacute; en la Universidad de Zaragoza y se doctor&oacute; en la Washington University de Saint Louis (Missouri). Tras una d&eacute;cada como docente en varias universidades estadounidenses, regres&oacute; a Espa&ntilde;a como catedr&aacute;tico en la Universidad Aut&oacute;noma de Madrid, cargo que a&uacute;n ostenta. <\/p>\n<p> Ha realizado numerosas estancias en instituciones cient&iacute;ficas internacionales de primer nivel, ha publicado mas de 50 trabajos de investigaci&oacute;n y participado en importantes proyectos de investigaci&oacute;n, dos de ellos financiados a trav&eacute;s de la Nacional Science Foundation de EE.UU. Pertenece al escaso grupo de matem&aacute;ticos que han publicado en las prestigiosas Annals of Mathematics y Acta Mathematica, la cuales ocupan los primeros puestos del ranking de publicaciones cient&iacute;ficas. <\/p>\n<p> Adem&aacute;s, forma o ha formado parte de los comit&eacute;s editoriales de revistas prestigiosas en el &aacute;mbito de las ciencias exactas, fue presidente del Comit&eacute; Espa&ntilde;ol para el 2000 A&ntilde;o Mundial de las Matem&aacute;ticas, y es miembro de la Real Academia de Ciencias Exactas, F&iacute;sicas y Naturales de Espa&ntilde;a.<\/p>\n","protected":false},"excerpt":{"rendered":"<p>La Universidad de La Laguna celebrar&aacute; ma&ntilde;ana, mi&eacute;rcoles 11 de febrero a las 12 horas en el aula magna del&#8230;<\/p>\n","protected":false},"author":21,"featured_media":0,"comment_status":"open","ping_status":"open","sticky":false,"template":"","format":"standard","meta":{"inline_featured_image":false,"footnotes":""},"categories":[348],"tags":[],"acf":[],"yoast_head":"<!-- This site is optimized with the Yoast SEO plugin v21.3 - https:\/\/yoast.com\/wordpress\/plugins\/seo\/ -->\n<title>La ULL investir\u00e1 ma\u00f1ana como doctor Honoris Causa a Jos\u00e9 Luis Fern\u00e1ndez P\u00e9rez - ULL - Noticias<\/title>\n<meta name=\"robots\" content=\"index, follow, max-snippet:-1, max-image-preview:large, max-video-preview:-1\" \/>\n<link rel=\"canonical\" href=\"https:\/\/www.ull.es\/portal\/noticias\/2009\/la-ull-investira-manana-como-doctor-honoris-causa-a-jose-luis-fernandez-perez\/\" \/>\n<meta property=\"og:locale\" content=\"es_ES\" \/>\n<meta property=\"og:type\" content=\"article\" \/>\n<meta property=\"og:title\" content=\"La ULL investir\u00e1 ma\u00f1ana como doctor Honoris Causa a Jos\u00e9 Luis Fern\u00e1ndez P\u00e9rez - ULL - Noticias\" \/>\n<meta property=\"og:description\" content=\"La Universidad de La Laguna celebrar&aacute; ma&ntilde;ana, mi&eacute;rcoles 11 de febrero a las 12 horas en el aula magna del...\" \/>\n<meta property=\"og:url\" content=\"https:\/\/www.ull.es\/portal\/noticias\/2009\/la-ull-investira-manana-como-doctor-honoris-causa-a-jose-luis-fernandez-perez\/\" \/>\n<meta property=\"og:site_name\" content=\"ULL - Noticias\" \/>\n<meta property=\"article:publisher\" content=\"https:\/\/www.facebook.com\/universidaddelalaguna\/\" \/>\n<meta property=\"article:published_time\" content=\"2009-02-10T00:00:00+00:00\" \/>\n<meta property=\"og:image\" content=\"https:\/\/www.ull.es\/portal\/noticias\/wp-content\/uploads\/sites\/13\/2023\/06\/logo-redimensionado.png\" \/>\n\t<meta property=\"og:image:width\" content=\"1200\" \/>\n\t<meta property=\"og:image:height\" content=\"630\" \/>\n\t<meta property=\"og:image:type\" content=\"image\/png\" \/>\n<meta name=\"author\" content=\"prensa2\" \/>\n<meta name=\"twitter:card\" content=\"summary_large_image\" \/>\n<meta name=\"twitter:creator\" content=\"@CanalULL\" \/>\n<meta name=\"twitter:site\" content=\"@CanalULL\" \/>\n<meta name=\"twitter:label1\" content=\"Escrito por\" \/>\n\t<meta name=\"twitter:data1\" content=\"prensa2\" \/>\n\t<meta name=\"twitter:label2\" content=\"Tiempo de lectura\" \/>\n\t<meta name=\"twitter:data2\" content=\"2 minutos\" \/>\n<script type=\"application\/ld+json\" class=\"yoast-schema-graph\">{\"@context\":\"https:\/\/schema.org\",\"@graph\":[{\"@type\":\"WebPage\",\"@id\":\"https:\/\/www.ull.es\/portal\/noticias\/2009\/la-ull-investira-manana-como-doctor-honoris-causa-a-jose-luis-fernandez-perez\/\",\"url\":\"https:\/\/www.ull.es\/portal\/noticias\/2009\/la-ull-investira-manana-como-doctor-honoris-causa-a-jose-luis-fernandez-perez\/\",\"name\":\"La ULL investir\u00e1 ma\u00f1ana como doctor Honoris Causa a Jos\u00e9 Luis Fern\u00e1ndez P\u00e9rez - ULL - Noticias\",\"isPartOf\":{\"@id\":\"https:\/\/www.ull.es\/portal\/noticias\/#website\"},\"datePublished\":\"2009-02-10T00:00:00+00:00\",\"dateModified\":\"2009-02-10T00:00:00+00:00\",\"author\":{\"@id\":\"https:\/\/www.ull.es\/portal\/noticias\/#\/schema\/person\/c3b2aa857797592927a03740d6664376\"},\"breadcrumb\":{\"@id\":\"https:\/\/www.ull.es\/portal\/noticias\/2009\/la-ull-investira-manana-como-doctor-honoris-causa-a-jose-luis-fernandez-perez\/#breadcrumb\"},\"inLanguage\":\"es\",\"potentialAction\":[{\"@type\":\"ReadAction\",\"target\":[\"https:\/\/www.ull.es\/portal\/noticias\/2009\/la-ull-investira-manana-como-doctor-honoris-causa-a-jose-luis-fernandez-perez\/\"]}]},{\"@type\":\"BreadcrumbList\",\"@id\":\"https:\/\/www.ull.es\/portal\/noticias\/2009\/la-ull-investira-manana-como-doctor-honoris-causa-a-jose-luis-fernandez-perez\/#breadcrumb\",\"itemListElement\":[{\"@type\":\"ListItem\",\"position\":1,\"name\":\"Portada\",\"item\":\"https:\/\/www.ull.es\/portal\/noticias\/\"},{\"@type\":\"ListItem\",\"position\":2,\"name\":\"La ULL investir\u00e1 ma\u00f1ana como doctor Honoris Causa a Jos\u00e9 Luis Fern\u00e1ndez P\u00e9rez\"}]},{\"@type\":\"WebSite\",\"@id\":\"https:\/\/www.ull.es\/portal\/noticias\/#website\",\"url\":\"https:\/\/www.ull.es\/portal\/noticias\/\",\"name\":\"ULL - Noticias\",\"description\":\"\",\"potentialAction\":[{\"@type\":\"SearchAction\",\"target\":{\"@type\":\"EntryPoint\",\"urlTemplate\":\"https:\/\/www.ull.es\/portal\/noticias\/?s={search_term_string}\"},\"query-input\":\"required name=search_term_string\"}],\"inLanguage\":\"es\"},{\"@type\":\"Person\",\"@id\":\"https:\/\/www.ull.es\/portal\/noticias\/#\/schema\/person\/c3b2aa857797592927a03740d6664376\",\"name\":\"prensa2\",\"image\":{\"@type\":\"ImageObject\",\"inLanguage\":\"es\",\"@id\":\"https:\/\/www.ull.es\/portal\/noticias\/#\/schema\/person\/image\/\",\"url\":\"https:\/\/secure.gravatar.com\/avatar\/b58f310a5de5feb33d1e026d2493f23c?s=96&d=mm&r=g\",\"contentUrl\":\"https:\/\/secure.gravatar.com\/avatar\/b58f310a5de5feb33d1e026d2493f23c?s=96&d=mm&r=g\",\"caption\":\"prensa2\"},\"url\":\"https:\/\/www.ull.es\/portal\/noticias\/author\/prensa2\/\"}]}<\/script>\n<!-- \/ Yoast SEO plugin. -->","yoast_head_json":{"title":"La ULL investir\u00e1 ma\u00f1ana como doctor Honoris Causa a Jos\u00e9 Luis Fern\u00e1ndez P\u00e9rez - ULL - Noticias","robots":{"index":"index","follow":"follow","max-snippet":"max-snippet:-1","max-image-preview":"max-image-preview:large","max-video-preview":"max-video-preview:-1"},"canonical":"https:\/\/www.ull.es\/portal\/noticias\/2009\/la-ull-investira-manana-como-doctor-honoris-causa-a-jose-luis-fernandez-perez\/","og_locale":"es_ES","og_type":"article","og_title":"La ULL investir\u00e1 ma\u00f1ana como doctor Honoris Causa a Jos\u00e9 Luis Fern\u00e1ndez P\u00e9rez - ULL - Noticias","og_description":"La Universidad de La Laguna celebrar&aacute; ma&ntilde;ana, mi&eacute;rcoles 11 de febrero a las 12 horas en el aula magna del...","og_url":"https:\/\/www.ull.es\/portal\/noticias\/2009\/la-ull-investira-manana-como-doctor-honoris-causa-a-jose-luis-fernandez-perez\/","og_site_name":"ULL - Noticias","article_publisher":"https:\/\/www.facebook.com\/universidaddelalaguna\/","article_published_time":"2009-02-10T00:00:00+00:00","og_image":[{"width":1200,"height":630,"url":"https:\/\/www.ull.es\/portal\/noticias\/wp-content\/uploads\/sites\/13\/2023\/06\/logo-redimensionado.png","type":"image\/png"}],"author":"prensa2","twitter_card":"summary_large_image","twitter_creator":"@CanalULL","twitter_site":"@CanalULL","twitter_misc":{"Escrito por":"prensa2","Tiempo de lectura":"2 minutos"},"schema":{"@context":"https:\/\/schema.org","@graph":[{"@type":"WebPage","@id":"https:\/\/www.ull.es\/portal\/noticias\/2009\/la-ull-investira-manana-como-doctor-honoris-causa-a-jose-luis-fernandez-perez\/","url":"https:\/\/www.ull.es\/portal\/noticias\/2009\/la-ull-investira-manana-como-doctor-honoris-causa-a-jose-luis-fernandez-perez\/","name":"La ULL investir\u00e1 ma\u00f1ana como doctor Honoris Causa a Jos\u00e9 Luis Fern\u00e1ndez P\u00e9rez - ULL - Noticias","isPartOf":{"@id":"https:\/\/www.ull.es\/portal\/noticias\/#website"},"datePublished":"2009-02-10T00:00:00+00:00","dateModified":"2009-02-10T00:00:00+00:00","author":{"@id":"https:\/\/www.ull.es\/portal\/noticias\/#\/schema\/person\/c3b2aa857797592927a03740d6664376"},"breadcrumb":{"@id":"https:\/\/www.ull.es\/portal\/noticias\/2009\/la-ull-investira-manana-como-doctor-honoris-causa-a-jose-luis-fernandez-perez\/#breadcrumb"},"inLanguage":"es","potentialAction":[{"@type":"ReadAction","target":["https:\/\/www.ull.es\/portal\/noticias\/2009\/la-ull-investira-manana-como-doctor-honoris-causa-a-jose-luis-fernandez-perez\/"]}]},{"@type":"BreadcrumbList","@id":"https:\/\/www.ull.es\/portal\/noticias\/2009\/la-ull-investira-manana-como-doctor-honoris-causa-a-jose-luis-fernandez-perez\/#breadcrumb","itemListElement":[{"@type":"ListItem","position":1,"name":"Portada","item":"https:\/\/www.ull.es\/portal\/noticias\/"},{"@type":"ListItem","position":2,"name":"La ULL investir\u00e1 ma\u00f1ana como doctor Honoris Causa a Jos\u00e9 Luis Fern\u00e1ndez P\u00e9rez"}]},{"@type":"WebSite","@id":"https:\/\/www.ull.es\/portal\/noticias\/#website","url":"https:\/\/www.ull.es\/portal\/noticias\/","name":"ULL - Noticias","description":"","potentialAction":[{"@type":"SearchAction","target":{"@type":"EntryPoint","urlTemplate":"https:\/\/www.ull.es\/portal\/noticias\/?s={search_term_string}"},"query-input":"required name=search_term_string"}],"inLanguage":"es"},{"@type":"Person","@id":"https:\/\/www.ull.es\/portal\/noticias\/#\/schema\/person\/c3b2aa857797592927a03740d6664376","name":"prensa2","image":{"@type":"ImageObject","inLanguage":"es","@id":"https:\/\/www.ull.es\/portal\/noticias\/#\/schema\/person\/image\/","url":"https:\/\/secure.gravatar.com\/avatar\/b58f310a5de5feb33d1e026d2493f23c?s=96&d=mm&r=g","contentUrl":"https:\/\/secure.gravatar.com\/avatar\/b58f310a5de5feb33d1e026d2493f23c?s=96&d=mm&r=g","caption":"prensa2"},"url":"https:\/\/www.ull.es\/portal\/noticias\/author\/prensa2\/"}]}},"primary_category":null,"featured_image_thumbnail_url":null,"_links":{"self":[{"href":"https:\/\/www.ull.es\/portal\/noticias\/wp-json\/wp\/v2\/posts\/16455"}],"collection":[{"href":"https:\/\/www.ull.es\/portal\/noticias\/wp-json\/wp\/v2\/posts"}],"about":[{"href":"https:\/\/www.ull.es\/portal\/noticias\/wp-json\/wp\/v2\/types\/post"}],"author":[{"embeddable":true,"href":"https:\/\/www.ull.es\/portal\/noticias\/wp-json\/wp\/v2\/users\/21"}],"replies":[{"embeddable":true,"href":"https:\/\/www.ull.es\/portal\/noticias\/wp-json\/wp\/v2\/comments?post=16455"}],"version-history":[{"count":0,"href":"https:\/\/www.ull.es\/portal\/noticias\/wp-json\/wp\/v2\/posts\/16455\/revisions"}],"wp:attachment":[{"href":"https:\/\/www.ull.es\/portal\/noticias\/wp-json\/wp\/v2\/media?parent=16455"}],"wp:term":[{"taxonomy":"category","embeddable":true,"href":"https:\/\/www.ull.es\/portal\/noticias\/wp-json\/wp\/v2\/categories?post=16455"},{"taxonomy":"post_tag","embeddable":true,"href":"https:\/\/www.ull.es\/portal\/noticias\/wp-json\/wp\/v2\/tags?post=16455"}],"curies":[{"name":"wp","href":"https:\/\/api.w.org\/{rel}","templated":true}]}}