{"id":16456,"date":"2009-02-11T00:00:00","date_gmt":"2009-02-11T00:00:00","guid":{"rendered":"http:\/\/ddigital.webs.ull.es\/el-matematico-jose-luis-fernandez-forma-ya-parte-del-claustro-de-la-universidad-de-la-laguna\/"},"modified":"2009-02-11T00:00:00","modified_gmt":"2009-02-11T00:00:00","slug":"el-matematico-jose-luis-fernandez-forma-ya-parte-del-claustro-de-la-universidad-de-la-laguna","status":"publish","type":"post","link":"https:\/\/www.ull.es\/portal\/noticias\/2009\/el-matematico-jose-luis-fernandez-forma-ya-parte-del-claustro-de-la-universidad-de-la-laguna\/","title":{"rendered":"El matem\u00e1tico Jos\u00e9 Luis Fern\u00e1ndez forma ya parte del claustro de la Universidad de La Laguna"},"content":{"rendered":"<p>El catedr&aacute;tico de An&aacute;lisis Matem&aacute;tico de la Universidad Aut&oacute;noma de Madrid, Jos&eacute; Luis Fern&aacute;ndez P&eacute;rez, es desde hoy mi&eacute;rcoles 11 de febrero, doctor honoris causa por la Universidad de La Laguna, en un acto celebrado en el Aula Magna de las Facultades de F&iacute;sica y Matem&aacute;ticas, en el campus universitario de Anchieta.<\/p>\n<p>Se trata de la primera ocasi&oacute;n en cuarenta a&ntilde;os de historia en la que la Facultad de Matem&aacute;ticas hace una propuesta de esta &iacute;ndole, lo que indica, a juicio del rector, Eduardo Dom&eacute;nech, que este centro docente ya ha alcanzado su plena madurez. <\/p>\n<p> El rector tambi&eacute;n se&ntilde;al&oacute; que lo habitual es que el disc&iacute;pulo postule a su maestro para recibir este honor, mientras que en esta ceremonia ha sucedido lo contrario: son los profesores, alguno de los cuales ha impartido clases a Fern&aacute;ndez P&eacute;rez, quienes presentaron su candidatura, conocedores de su gran val&iacute;a.<\/p>\n<p> La propia juventud del homenajeado fue otro hecho destacado por el rector, en el sentido de que no s&oacute;lo se trata de un dato muy positivo para el claustro de doctores de la Universidad de La Laguna, sino que puede intensificar su habitual colaboraci&oacute;n con esta casa de estudios. &ldquo;Ya dec&iacute;a el genial matem&aacute;tico ingl&eacute;s Hardy que no se deb&iacute;a olvidar que las matem&aacute;ticas son un juego para personas j&oacute;venes&rdquo;, apunt&oacute; el rector.<\/p>\n<p> La rica producci&oacute;n cient&iacute;fica del que fuera alumno de la Universidad de La Laguna, fue tambi&eacute;n una cuesti&oacute;n resaltada por Eduardo Dom&eacute;nech, quien adem&aacute;s indic&oacute; que Fern&aacute;ndez P&eacute;rez pertenece al selecto grupo de matem&aacute;ticos que ha logrado publicar en las mejores revistas cient&iacute;ficas de su especialidad. <\/p>\n<p> Adem&aacute;s, el nuevo honoris causa de la Universidad de La Laguna fue presidente del comit&eacute; espa&ntilde;ol para el A&ntilde;o Mundial de las Matem&aacute;ticas, en 2000, y result&oacute; ser el principal impulsor del m&aacute;s importante acontecimiento de las matem&aacute;ticas espa&ntilde;olas, el Congreso Internacional de Matem&aacute;ticas, que tuvo lugar en Madrid en 2006.<\/p>\n<p> <strong>Discurso de aceptaci&oacute;n<\/strong><\/p>\n<p> Jos&eacute; Luis Fern&aacute;ndez P&eacute;rez, antes de jurar su adhesi&oacute;n al claustro de la Universidad de La Laguna en calidad de doctor honoris causa, realiz&oacute; su discurso de aceptaci&oacute;n, el cual, a pesar de centrarse en las Matem&aacute;ticas, estuvo plagado de referencias literarias, cinematogr&aacute;ficas e incluso humor&iacute;sticas.<\/p>\n<p> &nbsp;&nbsp;&nbsp; El hilo conductor de su discurso fue el intento de explicar la fascinaci&oacute;n que ha ejercido sobre &eacute;l la ciencia a la que ha dedicado tantos a&ntilde;os. Fern&aacute;ndez P&eacute;rez defini&oacute; a la matem&aacute;tica como una ciencia que trata de objetos abstractos virtuales que no existen en la realidad. Eso permite realizar operaciones en las que entran conceptos tan difusos e inabarcables como el azar, algo que puede parecer imposible dado que, en teor&iacute;a, &eacute;ste carece de pautas. <\/p>\n<p> Para resolver este problema, el ponente revel&oacute; que la clave se halla en la repetici&oacute;n: &ldquo;Sin preocuparnos por las causas, conocemos fen&oacute;menos en los que no podemos predecir el resultado, pero s&iacute; sabemos que si se repitieran much&iacute;simas veces &ndash;infinitas veces, todas las veces- tender&iacute;an a tener frecuencias estables&rdquo;.<\/p>\n<p> &nbsp;&nbsp;&nbsp; Las dificultades pueden surgir cuando se intenta aplicar ese conocimiento sobre realidades abstractas al mundo real y tangible, lo cual requiere mucho cuidado y preparaci&oacute;n. Un campo en el que ha fructificado esta aportaci&oacute;n de las ciencias exactas es la econom&iacute;a, y la actual situaci&oacute;n de crisis es un perfecto ejemplo de lo que puede ocurrir si ese trasvase de la matem&aacute;tica a lo tangible se realiza sin rigor.<\/p>\n<p> As&iacute;, partiendo de la descripci&oacute;n de la mec&aacute;nica de juegos como la ruleta o la martingala del seductor Giacomo Casanova, pas&oacute; a disertar sobre coyuntura econ&oacute;mica actual. Por lo que se desprendi&oacute; de sus palabras, las altas finazas en ocasiones han sido gestionadas como si de un juego de tah&uacute;res se tratara.<\/p>\n<p> Mediante la aplicaci&oacute;n de teor&iacute;as matem&aacute;ticas como la de los grandes n&uacute;meros a la econom&iacute;a, muchos financieros acometieron operaciones muy arriesgadas que, sobre el papel, parec&iacute;an atractivas y relativamente seguras, pero que con un an&aacute;lisis m&aacute;s concienzudo habr&iacute;an revelado su debilidad. <\/p>\n<p> En este sentido, el ponente exoner&oacute; a la ciencia matem&aacute;tica de la crisis, para enunciar otras dos causas: la arrogancia intelectual de quienes creyeron que con esos modelos lograr&iacute;an hacer fortunas f&aacute;cilmente, y la falta de &eacute;tica en operaciones en las que estaban en juego eran los ahorros ajenos.<\/p>\n<p> <strong>Laudatio<\/strong><\/p>\n<p> Previo al discurso de aceptaci&oacute;n de Fern&aacute;ndez P&eacute;rez, el profesor del departamento de An&aacute;lisis Matem&aacute;tico de la Universidad de La Laguna Jos&eacute; Manuel M&eacute;ndez P&eacute;rez realiz&oacute; la alabanza p&uacute;blica o &lsquo;laudatio&rsquo; del nuevo doctor honoris causa. <\/p>\n<p> &nbsp;&nbsp;&nbsp; El ponente repas&oacute; largamente la fecunda carrera como docente e investigador del agasajado, recordando sus a&ntilde;os de formaci&oacute;n en la Universidad de La Laguna, la universidad de Zaragoza y su doctorado en la Washington University de Saint Louis (Missouri). Tras una d&eacute;cada como profesor en diferentes universidades estadounidenses, retorn&oacute; a Espa&ntilde;a como catedr&aacute;tico de la Universidad Aut&oacute;noma de Madrid.<\/p>\n<p> M&eacute;ndez P&eacute;rez destac&oacute; igualmente la fecunda labor como investigador de Jos&eacute; Luis Fern&aacute;ndez P&eacute;rez, representada por sus m&uacute;ltiples publicaciones especializadas y proyectos cient&iacute;ficos en los que ha participado. Asimismo, se destac&oacute; su papel como divulgador cient&iacute;fico en publicaciones no especializadas.<\/p>\n<p> En esta intervenci&oacute;n, M&eacute;ndez P&eacute;rez tambi&eacute;n quiso reivindicar la importancia de las matem&aacute;ticas y su preocupaci&oacute;n por el futuro de esta disciplina. As&iacute;, record&oacute; que en enero de 2009 un estudio del Wall Street Journal citaba la de matem&aacute;tico como la mejor profesi&oacute;n, mientras que, por contraste, en Espa&ntilde;a los profesionales de las ciencias exactas siguen siendo considerados una &ldquo;rara avis&rdquo;. <\/p>\n<p> Por ello, mencion&oacute; la conveniencia de realizar &ldquo;una concienzuda autocr&iacute;tica&rdquo; en unos momentos en los que se est&aacute;n elaborando nuevos planes de estudios, con el fin de contrarrestar la afluencia cada vez menor de alumnos en las titulaciones de ciencias exactas.<\/p>\n","protected":false},"excerpt":{"rendered":"<p>El catedr&aacute;tico de An&aacute;lisis Matem&aacute;tico de la Universidad Aut&oacute;noma de Madrid, Jos&eacute; Luis Fern&aacute;ndez P&eacute;rez, es desde hoy mi&eacute;rcoles 11&#8230;<\/p>\n","protected":false},"author":21,"featured_media":0,"comment_status":"open","ping_status":"open","sticky":false,"template":"","format":"standard","meta":{"inline_featured_image":false,"footnotes":""},"categories":[348],"tags":[],"acf":[],"yoast_head":"<!-- This site is optimized with the Yoast SEO plugin v21.3 - https:\/\/yoast.com\/wordpress\/plugins\/seo\/ -->\n<title>El matem\u00e1tico Jos\u00e9 Luis Fern\u00e1ndez forma ya parte del claustro de la Universidad de La Laguna - ULL - Noticias<\/title>\n<meta name=\"robots\" content=\"index, follow, max-snippet:-1, max-image-preview:large, max-video-preview:-1\" \/>\n<link rel=\"canonical\" href=\"https:\/\/www.ull.es\/portal\/noticias\/2009\/el-matematico-jose-luis-fernandez-forma-ya-parte-del-claustro-de-la-universidad-de-la-laguna\/\" \/>\n<meta property=\"og:locale\" content=\"es_ES\" \/>\n<meta property=\"og:type\" content=\"article\" \/>\n<meta property=\"og:title\" content=\"El matem\u00e1tico Jos\u00e9 Luis Fern\u00e1ndez forma ya parte del claustro de la Universidad de La Laguna - ULL - Noticias\" \/>\n<meta property=\"og:description\" content=\"El catedr&aacute;tico de An&aacute;lisis Matem&aacute;tico de la Universidad Aut&oacute;noma de Madrid, Jos&eacute; Luis Fern&aacute;ndez P&eacute;rez, es desde hoy mi&eacute;rcoles 11...\" \/>\n<meta property=\"og:url\" content=\"https:\/\/www.ull.es\/portal\/noticias\/2009\/el-matematico-jose-luis-fernandez-forma-ya-parte-del-claustro-de-la-universidad-de-la-laguna\/\" \/>\n<meta property=\"og:site_name\" content=\"ULL - Noticias\" \/>\n<meta property=\"article:publisher\" content=\"https:\/\/www.facebook.com\/universidaddelalaguna\/\" \/>\n<meta property=\"article:published_time\" content=\"2009-02-11T00:00:00+00:00\" \/>\n<meta property=\"og:image\" content=\"https:\/\/www.ull.es\/portal\/noticias\/wp-content\/uploads\/sites\/13\/2023\/06\/logo-redimensionado.png\" \/>\n\t<meta property=\"og:image:width\" content=\"1200\" \/>\n\t<meta property=\"og:image:height\" content=\"630\" \/>\n\t<meta property=\"og:image:type\" content=\"image\/png\" \/>\n<meta name=\"author\" content=\"prensa2\" \/>\n<meta name=\"twitter:card\" content=\"summary_large_image\" \/>\n<meta name=\"twitter:creator\" content=\"@CanalULL\" \/>\n<meta name=\"twitter:site\" content=\"@CanalULL\" \/>\n<meta name=\"twitter:label1\" content=\"Escrito por\" \/>\n\t<meta name=\"twitter:data1\" content=\"prensa2\" \/>\n\t<meta name=\"twitter:label2\" content=\"Tiempo de lectura\" \/>\n\t<meta name=\"twitter:data2\" content=\"6 minutos\" \/>\n<script type=\"application\/ld+json\" class=\"yoast-schema-graph\">{\"@context\":\"https:\/\/schema.org\",\"@graph\":[{\"@type\":\"WebPage\",\"@id\":\"https:\/\/www.ull.es\/portal\/noticias\/2009\/el-matematico-jose-luis-fernandez-forma-ya-parte-del-claustro-de-la-universidad-de-la-laguna\/\",\"url\":\"https:\/\/www.ull.es\/portal\/noticias\/2009\/el-matematico-jose-luis-fernandez-forma-ya-parte-del-claustro-de-la-universidad-de-la-laguna\/\",\"name\":\"El matem\u00e1tico Jos\u00e9 Luis Fern\u00e1ndez forma ya parte del claustro de la Universidad de La Laguna - ULL - Noticias\",\"isPartOf\":{\"@id\":\"https:\/\/www.ull.es\/portal\/noticias\/#website\"},\"datePublished\":\"2009-02-11T00:00:00+00:00\",\"dateModified\":\"2009-02-11T00:00:00+00:00\",\"author\":{\"@id\":\"https:\/\/www.ull.es\/portal\/noticias\/#\/schema\/person\/c3b2aa857797592927a03740d6664376\"},\"breadcrumb\":{\"@id\":\"https:\/\/www.ull.es\/portal\/noticias\/2009\/el-matematico-jose-luis-fernandez-forma-ya-parte-del-claustro-de-la-universidad-de-la-laguna\/#breadcrumb\"},\"inLanguage\":\"es\",\"potentialAction\":[{\"@type\":\"ReadAction\",\"target\":[\"https:\/\/www.ull.es\/portal\/noticias\/2009\/el-matematico-jose-luis-fernandez-forma-ya-parte-del-claustro-de-la-universidad-de-la-laguna\/\"]}]},{\"@type\":\"BreadcrumbList\",\"@id\":\"https:\/\/www.ull.es\/portal\/noticias\/2009\/el-matematico-jose-luis-fernandez-forma-ya-parte-del-claustro-de-la-universidad-de-la-laguna\/#breadcrumb\",\"itemListElement\":[{\"@type\":\"ListItem\",\"position\":1,\"name\":\"Portada\",\"item\":\"https:\/\/www.ull.es\/portal\/noticias\/\"},{\"@type\":\"ListItem\",\"position\":2,\"name\":\"El matem\u00e1tico Jos\u00e9 Luis Fern\u00e1ndez forma ya parte del claustro de la Universidad de La Laguna\"}]},{\"@type\":\"WebSite\",\"@id\":\"https:\/\/www.ull.es\/portal\/noticias\/#website\",\"url\":\"https:\/\/www.ull.es\/portal\/noticias\/\",\"name\":\"ULL - Noticias\",\"description\":\"\",\"potentialAction\":[{\"@type\":\"SearchAction\",\"target\":{\"@type\":\"EntryPoint\",\"urlTemplate\":\"https:\/\/www.ull.es\/portal\/noticias\/?s={search_term_string}\"},\"query-input\":\"required name=search_term_string\"}],\"inLanguage\":\"es\"},{\"@type\":\"Person\",\"@id\":\"https:\/\/www.ull.es\/portal\/noticias\/#\/schema\/person\/c3b2aa857797592927a03740d6664376\",\"name\":\"prensa2\",\"image\":{\"@type\":\"ImageObject\",\"inLanguage\":\"es\",\"@id\":\"https:\/\/www.ull.es\/portal\/noticias\/#\/schema\/person\/image\/\",\"url\":\"https:\/\/secure.gravatar.com\/avatar\/b58f310a5de5feb33d1e026d2493f23c?s=96&d=mm&r=g\",\"contentUrl\":\"https:\/\/secure.gravatar.com\/avatar\/b58f310a5de5feb33d1e026d2493f23c?s=96&d=mm&r=g\",\"caption\":\"prensa2\"},\"url\":\"https:\/\/www.ull.es\/portal\/noticias\/author\/prensa2\/\"}]}<\/script>\n<!-- \/ Yoast SEO plugin. -->","yoast_head_json":{"title":"El matem\u00e1tico Jos\u00e9 Luis Fern\u00e1ndez forma ya parte del claustro de la Universidad de La Laguna - ULL - Noticias","robots":{"index":"index","follow":"follow","max-snippet":"max-snippet:-1","max-image-preview":"max-image-preview:large","max-video-preview":"max-video-preview:-1"},"canonical":"https:\/\/www.ull.es\/portal\/noticias\/2009\/el-matematico-jose-luis-fernandez-forma-ya-parte-del-claustro-de-la-universidad-de-la-laguna\/","og_locale":"es_ES","og_type":"article","og_title":"El matem\u00e1tico Jos\u00e9 Luis Fern\u00e1ndez forma ya parte del claustro de la Universidad de La Laguna - ULL - Noticias","og_description":"El catedr&aacute;tico de An&aacute;lisis Matem&aacute;tico de la Universidad Aut&oacute;noma de Madrid, Jos&eacute; Luis Fern&aacute;ndez P&eacute;rez, es desde hoy mi&eacute;rcoles 11...","og_url":"https:\/\/www.ull.es\/portal\/noticias\/2009\/el-matematico-jose-luis-fernandez-forma-ya-parte-del-claustro-de-la-universidad-de-la-laguna\/","og_site_name":"ULL - Noticias","article_publisher":"https:\/\/www.facebook.com\/universidaddelalaguna\/","article_published_time":"2009-02-11T00:00:00+00:00","og_image":[{"width":1200,"height":630,"url":"https:\/\/www.ull.es\/portal\/noticias\/wp-content\/uploads\/sites\/13\/2023\/06\/logo-redimensionado.png","type":"image\/png"}],"author":"prensa2","twitter_card":"summary_large_image","twitter_creator":"@CanalULL","twitter_site":"@CanalULL","twitter_misc":{"Escrito por":"prensa2","Tiempo de lectura":"6 minutos"},"schema":{"@context":"https:\/\/schema.org","@graph":[{"@type":"WebPage","@id":"https:\/\/www.ull.es\/portal\/noticias\/2009\/el-matematico-jose-luis-fernandez-forma-ya-parte-del-claustro-de-la-universidad-de-la-laguna\/","url":"https:\/\/www.ull.es\/portal\/noticias\/2009\/el-matematico-jose-luis-fernandez-forma-ya-parte-del-claustro-de-la-universidad-de-la-laguna\/","name":"El matem\u00e1tico Jos\u00e9 Luis Fern\u00e1ndez forma ya parte del claustro de la Universidad de La Laguna - ULL - Noticias","isPartOf":{"@id":"https:\/\/www.ull.es\/portal\/noticias\/#website"},"datePublished":"2009-02-11T00:00:00+00:00","dateModified":"2009-02-11T00:00:00+00:00","author":{"@id":"https:\/\/www.ull.es\/portal\/noticias\/#\/schema\/person\/c3b2aa857797592927a03740d6664376"},"breadcrumb":{"@id":"https:\/\/www.ull.es\/portal\/noticias\/2009\/el-matematico-jose-luis-fernandez-forma-ya-parte-del-claustro-de-la-universidad-de-la-laguna\/#breadcrumb"},"inLanguage":"es","potentialAction":[{"@type":"ReadAction","target":["https:\/\/www.ull.es\/portal\/noticias\/2009\/el-matematico-jose-luis-fernandez-forma-ya-parte-del-claustro-de-la-universidad-de-la-laguna\/"]}]},{"@type":"BreadcrumbList","@id":"https:\/\/www.ull.es\/portal\/noticias\/2009\/el-matematico-jose-luis-fernandez-forma-ya-parte-del-claustro-de-la-universidad-de-la-laguna\/#breadcrumb","itemListElement":[{"@type":"ListItem","position":1,"name":"Portada","item":"https:\/\/www.ull.es\/portal\/noticias\/"},{"@type":"ListItem","position":2,"name":"El matem\u00e1tico Jos\u00e9 Luis Fern\u00e1ndez forma ya parte del claustro de la Universidad de La Laguna"}]},{"@type":"WebSite","@id":"https:\/\/www.ull.es\/portal\/noticias\/#website","url":"https:\/\/www.ull.es\/portal\/noticias\/","name":"ULL - Noticias","description":"","potentialAction":[{"@type":"SearchAction","target":{"@type":"EntryPoint","urlTemplate":"https:\/\/www.ull.es\/portal\/noticias\/?s={search_term_string}"},"query-input":"required name=search_term_string"}],"inLanguage":"es"},{"@type":"Person","@id":"https:\/\/www.ull.es\/portal\/noticias\/#\/schema\/person\/c3b2aa857797592927a03740d6664376","name":"prensa2","image":{"@type":"ImageObject","inLanguage":"es","@id":"https:\/\/www.ull.es\/portal\/noticias\/#\/schema\/person\/image\/","url":"https:\/\/secure.gravatar.com\/avatar\/b58f310a5de5feb33d1e026d2493f23c?s=96&d=mm&r=g","contentUrl":"https:\/\/secure.gravatar.com\/avatar\/b58f310a5de5feb33d1e026d2493f23c?s=96&d=mm&r=g","caption":"prensa2"},"url":"https:\/\/www.ull.es\/portal\/noticias\/author\/prensa2\/"}]}},"primary_category":null,"featured_image_thumbnail_url":null,"_links":{"self":[{"href":"https:\/\/www.ull.es\/portal\/noticias\/wp-json\/wp\/v2\/posts\/16456"}],"collection":[{"href":"https:\/\/www.ull.es\/portal\/noticias\/wp-json\/wp\/v2\/posts"}],"about":[{"href":"https:\/\/www.ull.es\/portal\/noticias\/wp-json\/wp\/v2\/types\/post"}],"author":[{"embeddable":true,"href":"https:\/\/www.ull.es\/portal\/noticias\/wp-json\/wp\/v2\/users\/21"}],"replies":[{"embeddable":true,"href":"https:\/\/www.ull.es\/portal\/noticias\/wp-json\/wp\/v2\/comments?post=16456"}],"version-history":[{"count":0,"href":"https:\/\/www.ull.es\/portal\/noticias\/wp-json\/wp\/v2\/posts\/16456\/revisions"}],"wp:attachment":[{"href":"https:\/\/www.ull.es\/portal\/noticias\/wp-json\/wp\/v2\/media?parent=16456"}],"wp:term":[{"taxonomy":"category","embeddable":true,"href":"https:\/\/www.ull.es\/portal\/noticias\/wp-json\/wp\/v2\/categories?post=16456"},{"taxonomy":"post_tag","embeddable":true,"href":"https:\/\/www.ull.es\/portal\/noticias\/wp-json\/wp\/v2\/tags?post=16456"}],"curies":[{"name":"wp","href":"https:\/\/api.w.org\/{rel}","templated":true}]}}