{"id":16464,"date":"2009-02-25T00:00:00","date_gmt":"2009-02-25T00:00:00","guid":{"rendered":"http:\/\/ddigital.webs.ull.es\/la-ull-firma-con-la-real-sociedad-economica-de-amigos-del-pais-de-tenerife-un-convenio-marco-de-colaboracion\/"},"modified":"2009-02-25T00:00:00","modified_gmt":"2009-02-25T00:00:00","slug":"la-ull-firma-con-la-real-sociedad-economica-de-amigos-del-pais-de-tenerife-un-convenio-marco-de-colaboracion","status":"publish","type":"post","link":"https:\/\/www.ull.es\/portal\/noticias\/2009\/la-ull-firma-con-la-real-sociedad-economica-de-amigos-del-pais-de-tenerife-un-convenio-marco-de-colaboracion\/","title":{"rendered":"La ULL firma con la Real Sociedad Econ\u00f3mica de Amigos del Pa\u00eds de Tenerife un convenio marco de colaboraci\u00f3n"},"content":{"rendered":"<p>La Universidad de La Laguna y la Real Sociedad Econ&oacute;mica de Amigos del Pa&iacute;s de Tenerife firmaron hoy, mi&eacute;rcoles 25 de febrero de 2009, un convenio de colaboraci&oacute;n que servir&aacute; como marco institucional para desarrollar futuras actividades conjuntas en el &aacute;mbito de la investigaci&oacute;n, la impartici&oacute;n de cursos y seminarios, y la difusi&oacute;n cultural. Por parte de la instituci&oacute;n acad&eacute;mica firm&oacute; su rector, Eduardo Dom&eacute;nech Mart&iacute;nez, mientras que por la organizaci&oacute;n c&iacute;vica hizo lo propio su director, Andr&eacute;s de Souza Iglesias.<\/p>\n<p>Tanto el rector como el director hicieron hincapi&eacute; en la hist&oacute;rica vinculaci&oacute;n de ambas instituciones. Recordaron que el inmueble de la Real Sociedad fue sede de la entonces llamada Universidad de San Fernando, y que uno de sus rectores, Isidoro Rivero y Peraza de Ayala, fue igualmente director de la organizaci&oacute;n c&iacute;vica. Curiosamente, a pesar de estos lazos, hasta la fecha no se hab&iacute;a suscrito ning&uacute;n convenio, a causa de que, como se&ntilde;al&oacute; de Souza, la relaci&oacute;n era tan fluida que no hab&iacute;a surgido la necesidad.<\/p>\n<p> &nbsp;&nbsp;&nbsp; El convenio tiene una validez de un a&ntilde;o, y se prorrogar&aacute; autom&aacute;ticamente de manera indefinida, a menos que alguna de las partes solicitara la ruptura. Inicialmente, este convenio establece las l&iacute;neas generales para desarrollar futuras actividades conjuntas, que deber&aacute;n quedar estipuladas en sus respectivos convenios. <\/p>\n<p> Entre la amplia variedad de acciones que prev&eacute; el convenio se incluye la ejecuci&oacute;n de proyectos y programas conjuntos de investigaci&oacute;n, desarrollo e innovaci&oacute;n; de formaci&oacute;n continua y a lo largo de la vida; culturales y de extensi&oacute;n universitaria. <\/p>\n<p> Tambi&eacute;n se contempla la cooperaci&oacute;n en programas de pr&aacute;cticas profesionales para alumnos en la sede de la sociedad; el establecimiento de becas y premios para la promoci&oacute;n del estudio, la movilidad, la investigaci&oacute;n y el arte; la edici&oacute;n de publicaciones y el intercambio documental y bibliogr&aacute;fico.<\/p>\n<p> El rector de la ULL destac&oacute; que este convenio forma parte de la pol&iacute;tica de apertura a la sociedad que la instituci&oacute;n que dirige ha emprendido los &uacute;ltimos a&ntilde;os, para la cual la formalizaci&oacute;n de acuerdos con las principales organizaciones civiles de la isla, y en especial del municipio de La Laguna, es esencial.<\/p>\n","protected":false},"excerpt":{"rendered":"<p>La Universidad de La Laguna y la Real Sociedad Econ&oacute;mica de Amigos del Pa&iacute;s de Tenerife firmaron hoy, mi&eacute;rcoles 25&#8230;<\/p>\n","protected":false},"author":21,"featured_media":0,"comment_status":"open","ping_status":"open","sticky":false,"template":"","format":"standard","meta":{"inline_featured_image":false,"footnotes":""},"categories":[348],"tags":[],"acf":[],"yoast_head":"<!-- This site is optimized with the Yoast SEO plugin v21.3 - https:\/\/yoast.com\/wordpress\/plugins\/seo\/ -->\n<title>La ULL firma con la Real Sociedad Econ\u00f3mica de Amigos del Pa\u00eds de Tenerife un convenio marco de colaboraci\u00f3n - ULL - Noticias<\/title>\n<meta name=\"robots\" content=\"index, follow, max-snippet:-1, max-image-preview:large, max-video-preview:-1\" \/>\n<link rel=\"canonical\" href=\"https:\/\/www.ull.es\/portal\/noticias\/2009\/la-ull-firma-con-la-real-sociedad-economica-de-amigos-del-pais-de-tenerife-un-convenio-marco-de-colaboracion\/\" \/>\n<meta property=\"og:locale\" content=\"es_ES\" \/>\n<meta property=\"og:type\" content=\"article\" \/>\n<meta property=\"og:title\" content=\"La ULL firma con la Real Sociedad Econ\u00f3mica de Amigos del Pa\u00eds de Tenerife un convenio marco de colaboraci\u00f3n - ULL - Noticias\" \/>\n<meta property=\"og:description\" content=\"La Universidad de La Laguna y la Real Sociedad Econ&oacute;mica de Amigos del Pa&iacute;s de Tenerife firmaron hoy, mi&eacute;rcoles 25...\" \/>\n<meta property=\"og:url\" content=\"https:\/\/www.ull.es\/portal\/noticias\/2009\/la-ull-firma-con-la-real-sociedad-economica-de-amigos-del-pais-de-tenerife-un-convenio-marco-de-colaboracion\/\" \/>\n<meta property=\"og:site_name\" content=\"ULL - Noticias\" \/>\n<meta property=\"article:publisher\" content=\"https:\/\/www.facebook.com\/universidaddelalaguna\/\" \/>\n<meta property=\"article:published_time\" content=\"2009-02-25T00:00:00+00:00\" \/>\n<meta property=\"og:image\" content=\"https:\/\/www.ull.es\/portal\/noticias\/wp-content\/uploads\/sites\/13\/2023\/06\/logo-redimensionado.png\" \/>\n\t<meta property=\"og:image:width\" content=\"1200\" \/>\n\t<meta property=\"og:image:height\" content=\"630\" \/>\n\t<meta property=\"og:image:type\" content=\"image\/png\" \/>\n<meta name=\"author\" content=\"prensa2\" \/>\n<meta name=\"twitter:card\" content=\"summary_large_image\" \/>\n<meta name=\"twitter:creator\" content=\"@CanalULL\" \/>\n<meta name=\"twitter:site\" content=\"@CanalULL\" \/>\n<meta name=\"twitter:label1\" content=\"Escrito por\" \/>\n\t<meta name=\"twitter:data1\" content=\"prensa2\" \/>\n\t<meta name=\"twitter:label2\" content=\"Tiempo de lectura\" \/>\n\t<meta name=\"twitter:data2\" content=\"2 minutos\" \/>\n<script type=\"application\/ld+json\" class=\"yoast-schema-graph\">{\"@context\":\"https:\/\/schema.org\",\"@graph\":[{\"@type\":\"WebPage\",\"@id\":\"https:\/\/www.ull.es\/portal\/noticias\/2009\/la-ull-firma-con-la-real-sociedad-economica-de-amigos-del-pais-de-tenerife-un-convenio-marco-de-colaboracion\/\",\"url\":\"https:\/\/www.ull.es\/portal\/noticias\/2009\/la-ull-firma-con-la-real-sociedad-economica-de-amigos-del-pais-de-tenerife-un-convenio-marco-de-colaboracion\/\",\"name\":\"La ULL firma con la Real Sociedad Econ\u00f3mica de Amigos del Pa\u00eds de Tenerife un convenio marco de colaboraci\u00f3n - ULL - Noticias\",\"isPartOf\":{\"@id\":\"https:\/\/www.ull.es\/portal\/noticias\/#website\"},\"datePublished\":\"2009-02-25T00:00:00+00:00\",\"dateModified\":\"2009-02-25T00:00:00+00:00\",\"author\":{\"@id\":\"https:\/\/www.ull.es\/portal\/noticias\/#\/schema\/person\/c3b2aa857797592927a03740d6664376\"},\"breadcrumb\":{\"@id\":\"https:\/\/www.ull.es\/portal\/noticias\/2009\/la-ull-firma-con-la-real-sociedad-economica-de-amigos-del-pais-de-tenerife-un-convenio-marco-de-colaboracion\/#breadcrumb\"},\"inLanguage\":\"es\",\"potentialAction\":[{\"@type\":\"ReadAction\",\"target\":[\"https:\/\/www.ull.es\/portal\/noticias\/2009\/la-ull-firma-con-la-real-sociedad-economica-de-amigos-del-pais-de-tenerife-un-convenio-marco-de-colaboracion\/\"]}]},{\"@type\":\"BreadcrumbList\",\"@id\":\"https:\/\/www.ull.es\/portal\/noticias\/2009\/la-ull-firma-con-la-real-sociedad-economica-de-amigos-del-pais-de-tenerife-un-convenio-marco-de-colaboracion\/#breadcrumb\",\"itemListElement\":[{\"@type\":\"ListItem\",\"position\":1,\"name\":\"Portada\",\"item\":\"https:\/\/www.ull.es\/portal\/noticias\/\"},{\"@type\":\"ListItem\",\"position\":2,\"name\":\"La ULL firma con la Real Sociedad Econ\u00f3mica de Amigos del Pa\u00eds de Tenerife un convenio marco de colaboraci\u00f3n\"}]},{\"@type\":\"WebSite\",\"@id\":\"https:\/\/www.ull.es\/portal\/noticias\/#website\",\"url\":\"https:\/\/www.ull.es\/portal\/noticias\/\",\"name\":\"ULL - Noticias\",\"description\":\"\",\"potentialAction\":[{\"@type\":\"SearchAction\",\"target\":{\"@type\":\"EntryPoint\",\"urlTemplate\":\"https:\/\/www.ull.es\/portal\/noticias\/?s={search_term_string}\"},\"query-input\":\"required name=search_term_string\"}],\"inLanguage\":\"es\"},{\"@type\":\"Person\",\"@id\":\"https:\/\/www.ull.es\/portal\/noticias\/#\/schema\/person\/c3b2aa857797592927a03740d6664376\",\"name\":\"prensa2\",\"image\":{\"@type\":\"ImageObject\",\"inLanguage\":\"es\",\"@id\":\"https:\/\/www.ull.es\/portal\/noticias\/#\/schema\/person\/image\/\",\"url\":\"https:\/\/secure.gravatar.com\/avatar\/b58f310a5de5feb33d1e026d2493f23c?s=96&d=mm&r=g\",\"contentUrl\":\"https:\/\/secure.gravatar.com\/avatar\/b58f310a5de5feb33d1e026d2493f23c?s=96&d=mm&r=g\",\"caption\":\"prensa2\"},\"url\":\"https:\/\/www.ull.es\/portal\/noticias\/author\/prensa2\/\"}]}<\/script>\n<!-- \/ Yoast SEO plugin. -->","yoast_head_json":{"title":"La ULL firma con la Real Sociedad Econ\u00f3mica de Amigos del Pa\u00eds de Tenerife un convenio marco de colaboraci\u00f3n - ULL - Noticias","robots":{"index":"index","follow":"follow","max-snippet":"max-snippet:-1","max-image-preview":"max-image-preview:large","max-video-preview":"max-video-preview:-1"},"canonical":"https:\/\/www.ull.es\/portal\/noticias\/2009\/la-ull-firma-con-la-real-sociedad-economica-de-amigos-del-pais-de-tenerife-un-convenio-marco-de-colaboracion\/","og_locale":"es_ES","og_type":"article","og_title":"La ULL firma con la Real Sociedad Econ\u00f3mica de Amigos del Pa\u00eds de Tenerife un convenio marco de colaboraci\u00f3n - ULL - Noticias","og_description":"La Universidad de La Laguna y la Real Sociedad Econ&oacute;mica de Amigos del Pa&iacute;s de Tenerife firmaron hoy, mi&eacute;rcoles 25...","og_url":"https:\/\/www.ull.es\/portal\/noticias\/2009\/la-ull-firma-con-la-real-sociedad-economica-de-amigos-del-pais-de-tenerife-un-convenio-marco-de-colaboracion\/","og_site_name":"ULL - Noticias","article_publisher":"https:\/\/www.facebook.com\/universidaddelalaguna\/","article_published_time":"2009-02-25T00:00:00+00:00","og_image":[{"width":1200,"height":630,"url":"https:\/\/www.ull.es\/portal\/noticias\/wp-content\/uploads\/sites\/13\/2023\/06\/logo-redimensionado.png","type":"image\/png"}],"author":"prensa2","twitter_card":"summary_large_image","twitter_creator":"@CanalULL","twitter_site":"@CanalULL","twitter_misc":{"Escrito por":"prensa2","Tiempo de lectura":"2 minutos"},"schema":{"@context":"https:\/\/schema.org","@graph":[{"@type":"WebPage","@id":"https:\/\/www.ull.es\/portal\/noticias\/2009\/la-ull-firma-con-la-real-sociedad-economica-de-amigos-del-pais-de-tenerife-un-convenio-marco-de-colaboracion\/","url":"https:\/\/www.ull.es\/portal\/noticias\/2009\/la-ull-firma-con-la-real-sociedad-economica-de-amigos-del-pais-de-tenerife-un-convenio-marco-de-colaboracion\/","name":"La ULL firma con la Real Sociedad Econ\u00f3mica de Amigos del Pa\u00eds de Tenerife un convenio marco de colaboraci\u00f3n - ULL - Noticias","isPartOf":{"@id":"https:\/\/www.ull.es\/portal\/noticias\/#website"},"datePublished":"2009-02-25T00:00:00+00:00","dateModified":"2009-02-25T00:00:00+00:00","author":{"@id":"https:\/\/www.ull.es\/portal\/noticias\/#\/schema\/person\/c3b2aa857797592927a03740d6664376"},"breadcrumb":{"@id":"https:\/\/www.ull.es\/portal\/noticias\/2009\/la-ull-firma-con-la-real-sociedad-economica-de-amigos-del-pais-de-tenerife-un-convenio-marco-de-colaboracion\/#breadcrumb"},"inLanguage":"es","potentialAction":[{"@type":"ReadAction","target":["https:\/\/www.ull.es\/portal\/noticias\/2009\/la-ull-firma-con-la-real-sociedad-economica-de-amigos-del-pais-de-tenerife-un-convenio-marco-de-colaboracion\/"]}]},{"@type":"BreadcrumbList","@id":"https:\/\/www.ull.es\/portal\/noticias\/2009\/la-ull-firma-con-la-real-sociedad-economica-de-amigos-del-pais-de-tenerife-un-convenio-marco-de-colaboracion\/#breadcrumb","itemListElement":[{"@type":"ListItem","position":1,"name":"Portada","item":"https:\/\/www.ull.es\/portal\/noticias\/"},{"@type":"ListItem","position":2,"name":"La ULL firma con la Real Sociedad Econ\u00f3mica de Amigos del Pa\u00eds de Tenerife un convenio marco de colaboraci\u00f3n"}]},{"@type":"WebSite","@id":"https:\/\/www.ull.es\/portal\/noticias\/#website","url":"https:\/\/www.ull.es\/portal\/noticias\/","name":"ULL - Noticias","description":"","potentialAction":[{"@type":"SearchAction","target":{"@type":"EntryPoint","urlTemplate":"https:\/\/www.ull.es\/portal\/noticias\/?s={search_term_string}"},"query-input":"required name=search_term_string"}],"inLanguage":"es"},{"@type":"Person","@id":"https:\/\/www.ull.es\/portal\/noticias\/#\/schema\/person\/c3b2aa857797592927a03740d6664376","name":"prensa2","image":{"@type":"ImageObject","inLanguage":"es","@id":"https:\/\/www.ull.es\/portal\/noticias\/#\/schema\/person\/image\/","url":"https:\/\/secure.gravatar.com\/avatar\/b58f310a5de5feb33d1e026d2493f23c?s=96&d=mm&r=g","contentUrl":"https:\/\/secure.gravatar.com\/avatar\/b58f310a5de5feb33d1e026d2493f23c?s=96&d=mm&r=g","caption":"prensa2"},"url":"https:\/\/www.ull.es\/portal\/noticias\/author\/prensa2\/"}]}},"primary_category":null,"featured_image_thumbnail_url":null,"_links":{"self":[{"href":"https:\/\/www.ull.es\/portal\/noticias\/wp-json\/wp\/v2\/posts\/16464"}],"collection":[{"href":"https:\/\/www.ull.es\/portal\/noticias\/wp-json\/wp\/v2\/posts"}],"about":[{"href":"https:\/\/www.ull.es\/portal\/noticias\/wp-json\/wp\/v2\/types\/post"}],"author":[{"embeddable":true,"href":"https:\/\/www.ull.es\/portal\/noticias\/wp-json\/wp\/v2\/users\/21"}],"replies":[{"embeddable":true,"href":"https:\/\/www.ull.es\/portal\/noticias\/wp-json\/wp\/v2\/comments?post=16464"}],"version-history":[{"count":0,"href":"https:\/\/www.ull.es\/portal\/noticias\/wp-json\/wp\/v2\/posts\/16464\/revisions"}],"wp:attachment":[{"href":"https:\/\/www.ull.es\/portal\/noticias\/wp-json\/wp\/v2\/media?parent=16464"}],"wp:term":[{"taxonomy":"category","embeddable":true,"href":"https:\/\/www.ull.es\/portal\/noticias\/wp-json\/wp\/v2\/categories?post=16464"},{"taxonomy":"post_tag","embeddable":true,"href":"https:\/\/www.ull.es\/portal\/noticias\/wp-json\/wp\/v2\/tags?post=16464"}],"curies":[{"name":"wp","href":"https:\/\/api.w.org\/{rel}","templated":true}]}}