{"id":16474,"date":"2009-03-16T00:00:00","date_gmt":"2009-03-16T00:00:00","guid":{"rendered":"http:\/\/ddigital.webs.ull.es\/jose-agustin-melian-toma-posesion-como-vicegerente-de-infraestructuras-y-asuntos-economicos\/"},"modified":"2009-03-16T00:00:00","modified_gmt":"2009-03-16T00:00:00","slug":"jose-agustin-melian-toma-posesion-como-vicegerente-de-infraestructuras-y-asuntos-economicos","status":"publish","type":"post","link":"https:\/\/www.ull.es\/portal\/noticias\/2009\/jose-agustin-melian-toma-posesion-como-vicegerente-de-infraestructuras-y-asuntos-economicos\/","title":{"rendered":"Jos\u00e9 Agust\u00edn Meli\u00e1n toma posesi\u00f3n como vicegerente de infraestructuras y asuntos econ\u00f3micos"},"content":{"rendered":"<p>Jos&eacute; Agust&iacute;n Meli&aacute;n Hern&aacute;ndez ha tomado posesi&oacute;n hoy, lunes 16 de marzo de 2009, como vicegerente de Infraestructuras y Asuntos Econ&oacute;micos de la Universidad de La Laguna. Este cargo es de nueva creaci&oacute;n tras la reforma de la Relaci&oacute;n de Puestos de Trabajo de la instituci&oacute;n acad&eacute;mica, y servir&aacute; como figura intermedia entre la Gerencia y los negociados de gesti&oacute;n econ&oacute;mica y contrataci&oacute;n de la ULL.<\/p>\n<p>Mel&iacute;an procede de la Audiencia de Cuentas de Canarias y, aunque depende org&aacute;nicamente de la Gerencia de la ULL, tambi&eacute;n tendr&aacute; que abordar asuntos relacionados con las infraestructuras, las cuales son, de hecho, una de las prioridades que le han marcado desde el Rectorado. Por esta raz&oacute;n, tendr&aacute; contactos frecuentes con el vicerrectorado competente en esa &aacute;rea, el de Planificaci&oacute;n e Infraestructuras.<\/p>\n<p> El nuevo vicegerente afirma que a&uacute;n no ha iniciado una toma de contacto en profundidad con la instituci&oacute;n, pero es consciente de que se trata de una organizaci&oacute;n muy compleja, para lo cual est&aacute; preparado ya que dice haber llegado al cargo con &ldquo;mucha ilusi&oacute;n y ganas de trabajar&rdquo;. Tambi&eacute;n pide al resto de la comunidad universitaria que no lo vea como un intruso, pues su &uacute;nico prop&oacute;sito es &ldquo;ayudar y colaborar&rdquo; en mejorar la gesti&oacute;n del centro docente e investigador.<\/p>\n","protected":false},"excerpt":{"rendered":"<p>Jos&eacute; Agust&iacute;n Meli&aacute;n Hern&aacute;ndez ha tomado posesi&oacute;n hoy, lunes 16 de marzo de 2009, como vicegerente de Infraestructuras y Asuntos&#8230;<\/p>\n","protected":false},"author":21,"featured_media":15620,"comment_status":"open","ping_status":"open","sticky":false,"template":"","format":"standard","meta":{"inline_featured_image":false,"footnotes":""},"categories":[348,1],"tags":[],"acf":[],"yoast_head":"<!-- This site is optimized with the Yoast SEO plugin v21.3 - https:\/\/yoast.com\/wordpress\/plugins\/seo\/ -->\n<title>Jos\u00e9 Agust\u00edn Meli\u00e1n toma posesi\u00f3n como vicegerente de infraestructuras y asuntos econ\u00f3micos - ULL - Noticias<\/title>\n<meta name=\"robots\" content=\"index, follow, max-snippet:-1, max-image-preview:large, max-video-preview:-1\" \/>\n<link rel=\"canonical\" href=\"https:\/\/www.ull.es\/portal\/noticias\/2009\/jose-agustin-melian-toma-posesion-como-vicegerente-de-infraestructuras-y-asuntos-economicos\/\" \/>\n<meta property=\"og:locale\" content=\"es_ES\" \/>\n<meta property=\"og:type\" content=\"article\" \/>\n<meta property=\"og:title\" content=\"Jos\u00e9 Agust\u00edn Meli\u00e1n toma posesi\u00f3n como vicegerente de infraestructuras y asuntos econ\u00f3micos - ULL - Noticias\" \/>\n<meta property=\"og:description\" content=\"Jos&eacute; Agust&iacute;n Meli&aacute;n Hern&aacute;ndez ha tomado posesi&oacute;n hoy, lunes 16 de marzo de 2009, como vicegerente de Infraestructuras y Asuntos...\" \/>\n<meta property=\"og:url\" content=\"https:\/\/www.ull.es\/portal\/noticias\/2009\/jose-agustin-melian-toma-posesion-como-vicegerente-de-infraestructuras-y-asuntos-economicos\/\" \/>\n<meta property=\"og:site_name\" content=\"ULL - Noticias\" \/>\n<meta property=\"article:publisher\" content=\"https:\/\/www.facebook.com\/universidaddelalaguna\/\" \/>\n<meta property=\"article:published_time\" content=\"2009-03-16T00:00:00+00:00\" \/>\n<meta property=\"og:image\" content=\"https:\/\/www.ull.es\/portal\/noticias\/wp-content\/uploads\/sites\/13\/2015\/07\/vicegerente.jpg\" \/>\n\t<meta property=\"og:image:width\" content=\"800\" \/>\n\t<meta property=\"og:image:height\" content=\"534\" \/>\n\t<meta property=\"og:image:type\" content=\"image\/jpeg\" \/>\n<meta name=\"author\" content=\"prensa2\" \/>\n<meta name=\"twitter:card\" content=\"summary_large_image\" \/>\n<meta name=\"twitter:creator\" content=\"@CanalULL\" \/>\n<meta name=\"twitter:site\" content=\"@CanalULL\" \/>\n<meta name=\"twitter:label1\" content=\"Escrito por\" \/>\n\t<meta name=\"twitter:data1\" content=\"prensa2\" \/>\n\t<meta name=\"twitter:label2\" content=\"Tiempo de lectura\" \/>\n\t<meta name=\"twitter:data2\" content=\"1 minuto\" \/>\n<script type=\"application\/ld+json\" class=\"yoast-schema-graph\">{\"@context\":\"https:\/\/schema.org\",\"@graph\":[{\"@type\":\"WebPage\",\"@id\":\"https:\/\/www.ull.es\/portal\/noticias\/2009\/jose-agustin-melian-toma-posesion-como-vicegerente-de-infraestructuras-y-asuntos-economicos\/\",\"url\":\"https:\/\/www.ull.es\/portal\/noticias\/2009\/jose-agustin-melian-toma-posesion-como-vicegerente-de-infraestructuras-y-asuntos-economicos\/\",\"name\":\"Jos\u00e9 Agust\u00edn Meli\u00e1n toma posesi\u00f3n como vicegerente de infraestructuras y asuntos econ\u00f3micos - ULL - Noticias\",\"isPartOf\":{\"@id\":\"https:\/\/www.ull.es\/portal\/noticias\/#website\"},\"datePublished\":\"2009-03-16T00:00:00+00:00\",\"dateModified\":\"2009-03-16T00:00:00+00:00\",\"author\":{\"@id\":\"https:\/\/www.ull.es\/portal\/noticias\/#\/schema\/person\/c3b2aa857797592927a03740d6664376\"},\"breadcrumb\":{\"@id\":\"https:\/\/www.ull.es\/portal\/noticias\/2009\/jose-agustin-melian-toma-posesion-como-vicegerente-de-infraestructuras-y-asuntos-economicos\/#breadcrumb\"},\"inLanguage\":\"es\",\"potentialAction\":[{\"@type\":\"ReadAction\",\"target\":[\"https:\/\/www.ull.es\/portal\/noticias\/2009\/jose-agustin-melian-toma-posesion-como-vicegerente-de-infraestructuras-y-asuntos-economicos\/\"]}]},{\"@type\":\"BreadcrumbList\",\"@id\":\"https:\/\/www.ull.es\/portal\/noticias\/2009\/jose-agustin-melian-toma-posesion-como-vicegerente-de-infraestructuras-y-asuntos-economicos\/#breadcrumb\",\"itemListElement\":[{\"@type\":\"ListItem\",\"position\":1,\"name\":\"Portada\",\"item\":\"https:\/\/www.ull.es\/portal\/noticias\/\"},{\"@type\":\"ListItem\",\"position\":2,\"name\":\"Jos\u00e9 Agust\u00edn Meli\u00e1n toma posesi\u00f3n como vicegerente de infraestructuras y asuntos econ\u00f3micos\"}]},{\"@type\":\"WebSite\",\"@id\":\"https:\/\/www.ull.es\/portal\/noticias\/#website\",\"url\":\"https:\/\/www.ull.es\/portal\/noticias\/\",\"name\":\"ULL - Noticias\",\"description\":\"\",\"potentialAction\":[{\"@type\":\"SearchAction\",\"target\":{\"@type\":\"EntryPoint\",\"urlTemplate\":\"https:\/\/www.ull.es\/portal\/noticias\/?s={search_term_string}\"},\"query-input\":\"required name=search_term_string\"}],\"inLanguage\":\"es\"},{\"@type\":\"Person\",\"@id\":\"https:\/\/www.ull.es\/portal\/noticias\/#\/schema\/person\/c3b2aa857797592927a03740d6664376\",\"name\":\"prensa2\",\"image\":{\"@type\":\"ImageObject\",\"inLanguage\":\"es\",\"@id\":\"https:\/\/www.ull.es\/portal\/noticias\/#\/schema\/person\/image\/\",\"url\":\"https:\/\/secure.gravatar.com\/avatar\/b58f310a5de5feb33d1e026d2493f23c?s=96&d=mm&r=g\",\"contentUrl\":\"https:\/\/secure.gravatar.com\/avatar\/b58f310a5de5feb33d1e026d2493f23c?s=96&d=mm&r=g\",\"caption\":\"prensa2\"},\"url\":\"https:\/\/www.ull.es\/portal\/noticias\/author\/prensa2\/\"}]}<\/script>\n<!-- \/ Yoast SEO plugin. -->","yoast_head_json":{"title":"Jos\u00e9 Agust\u00edn Meli\u00e1n toma posesi\u00f3n como vicegerente de infraestructuras y asuntos econ\u00f3micos - ULL - Noticias","robots":{"index":"index","follow":"follow","max-snippet":"max-snippet:-1","max-image-preview":"max-image-preview:large","max-video-preview":"max-video-preview:-1"},"canonical":"https:\/\/www.ull.es\/portal\/noticias\/2009\/jose-agustin-melian-toma-posesion-como-vicegerente-de-infraestructuras-y-asuntos-economicos\/","og_locale":"es_ES","og_type":"article","og_title":"Jos\u00e9 Agust\u00edn Meli\u00e1n toma posesi\u00f3n como vicegerente de infraestructuras y asuntos econ\u00f3micos - ULL - Noticias","og_description":"Jos&eacute; Agust&iacute;n Meli&aacute;n Hern&aacute;ndez ha tomado posesi&oacute;n hoy, lunes 16 de marzo de 2009, como vicegerente de Infraestructuras y Asuntos...","og_url":"https:\/\/www.ull.es\/portal\/noticias\/2009\/jose-agustin-melian-toma-posesion-como-vicegerente-de-infraestructuras-y-asuntos-economicos\/","og_site_name":"ULL - Noticias","article_publisher":"https:\/\/www.facebook.com\/universidaddelalaguna\/","article_published_time":"2009-03-16T00:00:00+00:00","og_image":[{"width":800,"height":534,"url":"https:\/\/www.ull.es\/portal\/noticias\/wp-content\/uploads\/sites\/13\/2015\/07\/vicegerente.jpg","type":"image\/jpeg"}],"author":"prensa2","twitter_card":"summary_large_image","twitter_creator":"@CanalULL","twitter_site":"@CanalULL","twitter_misc":{"Escrito por":"prensa2","Tiempo de lectura":"1 minuto"},"schema":{"@context":"https:\/\/schema.org","@graph":[{"@type":"WebPage","@id":"https:\/\/www.ull.es\/portal\/noticias\/2009\/jose-agustin-melian-toma-posesion-como-vicegerente-de-infraestructuras-y-asuntos-economicos\/","url":"https:\/\/www.ull.es\/portal\/noticias\/2009\/jose-agustin-melian-toma-posesion-como-vicegerente-de-infraestructuras-y-asuntos-economicos\/","name":"Jos\u00e9 Agust\u00edn Meli\u00e1n toma posesi\u00f3n como vicegerente de infraestructuras y asuntos econ\u00f3micos - ULL - Noticias","isPartOf":{"@id":"https:\/\/www.ull.es\/portal\/noticias\/#website"},"datePublished":"2009-03-16T00:00:00+00:00","dateModified":"2009-03-16T00:00:00+00:00","author":{"@id":"https:\/\/www.ull.es\/portal\/noticias\/#\/schema\/person\/c3b2aa857797592927a03740d6664376"},"breadcrumb":{"@id":"https:\/\/www.ull.es\/portal\/noticias\/2009\/jose-agustin-melian-toma-posesion-como-vicegerente-de-infraestructuras-y-asuntos-economicos\/#breadcrumb"},"inLanguage":"es","potentialAction":[{"@type":"ReadAction","target":["https:\/\/www.ull.es\/portal\/noticias\/2009\/jose-agustin-melian-toma-posesion-como-vicegerente-de-infraestructuras-y-asuntos-economicos\/"]}]},{"@type":"BreadcrumbList","@id":"https:\/\/www.ull.es\/portal\/noticias\/2009\/jose-agustin-melian-toma-posesion-como-vicegerente-de-infraestructuras-y-asuntos-economicos\/#breadcrumb","itemListElement":[{"@type":"ListItem","position":1,"name":"Portada","item":"https:\/\/www.ull.es\/portal\/noticias\/"},{"@type":"ListItem","position":2,"name":"Jos\u00e9 Agust\u00edn Meli\u00e1n toma posesi\u00f3n como vicegerente de infraestructuras y asuntos econ\u00f3micos"}]},{"@type":"WebSite","@id":"https:\/\/www.ull.es\/portal\/noticias\/#website","url":"https:\/\/www.ull.es\/portal\/noticias\/","name":"ULL - Noticias","description":"","potentialAction":[{"@type":"SearchAction","target":{"@type":"EntryPoint","urlTemplate":"https:\/\/www.ull.es\/portal\/noticias\/?s={search_term_string}"},"query-input":"required name=search_term_string"}],"inLanguage":"es"},{"@type":"Person","@id":"https:\/\/www.ull.es\/portal\/noticias\/#\/schema\/person\/c3b2aa857797592927a03740d6664376","name":"prensa2","image":{"@type":"ImageObject","inLanguage":"es","@id":"https:\/\/www.ull.es\/portal\/noticias\/#\/schema\/person\/image\/","url":"https:\/\/secure.gravatar.com\/avatar\/b58f310a5de5feb33d1e026d2493f23c?s=96&d=mm&r=g","contentUrl":"https:\/\/secure.gravatar.com\/avatar\/b58f310a5de5feb33d1e026d2493f23c?s=96&d=mm&r=g","caption":"prensa2"},"url":"https:\/\/www.ull.es\/portal\/noticias\/author\/prensa2\/"}]}},"primary_category":null,"featured_image_thumbnail_url":"https:\/\/www.ull.es\/portal\/noticias\/wp-content\/uploads\/sites\/13\/2015\/07\/vicegerente-300x200.jpg","_links":{"self":[{"href":"https:\/\/www.ull.es\/portal\/noticias\/wp-json\/wp\/v2\/posts\/16474"}],"collection":[{"href":"https:\/\/www.ull.es\/portal\/noticias\/wp-json\/wp\/v2\/posts"}],"about":[{"href":"https:\/\/www.ull.es\/portal\/noticias\/wp-json\/wp\/v2\/types\/post"}],"author":[{"embeddable":true,"href":"https:\/\/www.ull.es\/portal\/noticias\/wp-json\/wp\/v2\/users\/21"}],"replies":[{"embeddable":true,"href":"https:\/\/www.ull.es\/portal\/noticias\/wp-json\/wp\/v2\/comments?post=16474"}],"version-history":[{"count":0,"href":"https:\/\/www.ull.es\/portal\/noticias\/wp-json\/wp\/v2\/posts\/16474\/revisions"}],"wp:featuredmedia":[{"embeddable":true,"href":"https:\/\/www.ull.es\/portal\/noticias\/wp-json\/wp\/v2\/media\/15620"}],"wp:attachment":[{"href":"https:\/\/www.ull.es\/portal\/noticias\/wp-json\/wp\/v2\/media?parent=16474"}],"wp:term":[{"taxonomy":"category","embeddable":true,"href":"https:\/\/www.ull.es\/portal\/noticias\/wp-json\/wp\/v2\/categories?post=16474"},{"taxonomy":"post_tag","embeddable":true,"href":"https:\/\/www.ull.es\/portal\/noticias\/wp-json\/wp\/v2\/tags?post=16474"}],"curies":[{"name":"wp","href":"https:\/\/api.w.org\/{rel}","templated":true}]}}