{"id":16484,"date":"2009-03-31T00:00:00","date_gmt":"2009-03-31T00:00:00","guid":{"rendered":"http:\/\/ddigital.webs.ull.es\/miriam-gonzalez-afonso-nueva-directora-de-secretariado-de-orientacion-academica-e-insercion-laboral-de-la-ull\/"},"modified":"2009-03-31T00:00:00","modified_gmt":"2009-03-31T00:00:00","slug":"miriam-gonzalez-afonso-nueva-directora-de-secretariado-de-orientacion-academica-e-insercion-laboral-de-la-ull","status":"publish","type":"post","link":"https:\/\/www.ull.es\/portal\/noticias\/2009\/miriam-gonzalez-afonso-nueva-directora-de-secretariado-de-orientacion-academica-e-insercion-laboral-de-la-ull\/","title":{"rendered":"Miriam Gonz\u00e1lez Afonso, nueva directora de secretariado de Orientaci\u00f3n Acad\u00e9mica e Inserci\u00f3n laboral de la ULL"},"content":{"rendered":"<p>Miriam Catalina Gonz&aacute;lez Afonso, profesora del departamento de Did&aacute;ctica e Investigaci&oacute;n Educativa de la Universidad de La Laguna, ha tomado posesi&oacute;n hoy, martes 31 de marzo de 2009, como directora de secretariado de Orientaci&oacute;n Acad&eacute;mica e Inserci&oacute;n Laboral del Vicerrectorado de Alumnado de la instituci&oacute;n acad&eacute;mica. El acto estuvo presidido por el rector de la ULL, Eduardo Dom&eacute;nech Mart&iacute;nez, y tambi&eacute;n cont&oacute; con la presencia de la vicerrectora de Alumnado, Juana M&ordf; Rodr&iacute;guez G&oacute;mez.<\/p>\n<p>La nueva directora de secretariado adscrita al Vicerrectorado de Alumnado coment&oacute; que entre sus funciones m&aacute;s inmediatas est&aacute; elaborar un programa de actividades de informaci&oacute;n y orientaci&oacute;n para el curso que viene. En &eacute;l habr&aacute; acciones que seguir&aacute;n desarroll&aacute;ndose a trav&eacute;s del Servicio de Informaci&oacute;n y Orientaci&oacute;n (SIO) de la instituci&oacute;n, pero otras lo har&aacute;n a trav&eacute;s de otros vicerrectorados. Este programa debe perfilarse internamente, y no se prev&eacute; que est&eacute; listo hasta junio.<\/p>\n<p> &nbsp;&nbsp;&nbsp; Sobre el SIO, Gonz&aacute;lez se&ntilde;al&oacute; que seguir&iacute;a encarg&aacute;ndose de las tareas de orientaci&oacute;n e informaci&oacute;n que ha venido desarrollando hasta la fecha, y que se intentar&aacute; ampliarlas a acciones en los diferentes centros de la instituci&oacute;n. Una iniciativa que continuar&aacute; manteni&eacute;ndose y que se ha consolidado tras a&ntilde;os de celebraci&oacute;n son las Jornadas de Puertas Abiertas.<\/p>\n","protected":false},"excerpt":{"rendered":"<p>Miriam Catalina Gonz&aacute;lez Afonso, profesora del departamento de Did&aacute;ctica e Investigaci&oacute;n Educativa de la Universidad de La Laguna, ha tomado&#8230;<\/p>\n","protected":false},"author":21,"featured_media":0,"comment_status":"open","ping_status":"open","sticky":false,"template":"","format":"standard","meta":{"inline_featured_image":false,"footnotes":""},"categories":[348,1],"tags":[],"acf":[],"yoast_head":"<!-- This site is optimized with the Yoast SEO plugin v21.3 - https:\/\/yoast.com\/wordpress\/plugins\/seo\/ -->\n<title>Miriam Gonz\u00e1lez Afonso, nueva directora de secretariado de Orientaci\u00f3n Acad\u00e9mica e Inserci\u00f3n laboral de la ULL - ULL - Noticias<\/title>\n<meta name=\"robots\" content=\"index, follow, max-snippet:-1, max-image-preview:large, max-video-preview:-1\" \/>\n<link rel=\"canonical\" href=\"https:\/\/www.ull.es\/portal\/noticias\/2009\/miriam-gonzalez-afonso-nueva-directora-de-secretariado-de-orientacion-academica-e-insercion-laboral-de-la-ull\/\" \/>\n<meta property=\"og:locale\" content=\"es_ES\" \/>\n<meta property=\"og:type\" content=\"article\" \/>\n<meta property=\"og:title\" content=\"Miriam Gonz\u00e1lez Afonso, nueva directora de secretariado de Orientaci\u00f3n Acad\u00e9mica e Inserci\u00f3n laboral de la ULL - ULL - Noticias\" \/>\n<meta property=\"og:description\" content=\"Miriam Catalina Gonz&aacute;lez Afonso, profesora del departamento de Did&aacute;ctica e Investigaci&oacute;n Educativa de la Universidad de La Laguna, ha tomado...\" \/>\n<meta property=\"og:url\" content=\"https:\/\/www.ull.es\/portal\/noticias\/2009\/miriam-gonzalez-afonso-nueva-directora-de-secretariado-de-orientacion-academica-e-insercion-laboral-de-la-ull\/\" \/>\n<meta property=\"og:site_name\" content=\"ULL - Noticias\" \/>\n<meta property=\"article:publisher\" content=\"https:\/\/www.facebook.com\/universidaddelalaguna\/\" \/>\n<meta property=\"article:published_time\" content=\"2009-03-31T00:00:00+00:00\" \/>\n<meta property=\"og:image\" content=\"https:\/\/www.ull.es\/portal\/noticias\/wp-content\/uploads\/sites\/13\/2023\/06\/logo-redimensionado.png\" \/>\n\t<meta property=\"og:image:width\" content=\"1200\" \/>\n\t<meta property=\"og:image:height\" content=\"630\" \/>\n\t<meta property=\"og:image:type\" content=\"image\/png\" \/>\n<meta name=\"author\" content=\"prensa2\" \/>\n<meta name=\"twitter:card\" content=\"summary_large_image\" \/>\n<meta name=\"twitter:creator\" content=\"@CanalULL\" \/>\n<meta name=\"twitter:site\" content=\"@CanalULL\" \/>\n<meta name=\"twitter:label1\" content=\"Escrito por\" \/>\n\t<meta name=\"twitter:data1\" content=\"prensa2\" \/>\n\t<meta name=\"twitter:label2\" content=\"Tiempo de lectura\" \/>\n\t<meta name=\"twitter:data2\" content=\"1 minuto\" \/>\n<script type=\"application\/ld+json\" class=\"yoast-schema-graph\">{\"@context\":\"https:\/\/schema.org\",\"@graph\":[{\"@type\":\"WebPage\",\"@id\":\"https:\/\/www.ull.es\/portal\/noticias\/2009\/miriam-gonzalez-afonso-nueva-directora-de-secretariado-de-orientacion-academica-e-insercion-laboral-de-la-ull\/\",\"url\":\"https:\/\/www.ull.es\/portal\/noticias\/2009\/miriam-gonzalez-afonso-nueva-directora-de-secretariado-de-orientacion-academica-e-insercion-laboral-de-la-ull\/\",\"name\":\"Miriam Gonz\u00e1lez Afonso, nueva directora de secretariado de Orientaci\u00f3n Acad\u00e9mica e Inserci\u00f3n laboral de la ULL - ULL - Noticias\",\"isPartOf\":{\"@id\":\"https:\/\/www.ull.es\/portal\/noticias\/#website\"},\"datePublished\":\"2009-03-31T00:00:00+00:00\",\"dateModified\":\"2009-03-31T00:00:00+00:00\",\"author\":{\"@id\":\"https:\/\/www.ull.es\/portal\/noticias\/#\/schema\/person\/c3b2aa857797592927a03740d6664376\"},\"breadcrumb\":{\"@id\":\"https:\/\/www.ull.es\/portal\/noticias\/2009\/miriam-gonzalez-afonso-nueva-directora-de-secretariado-de-orientacion-academica-e-insercion-laboral-de-la-ull\/#breadcrumb\"},\"inLanguage\":\"es\",\"potentialAction\":[{\"@type\":\"ReadAction\",\"target\":[\"https:\/\/www.ull.es\/portal\/noticias\/2009\/miriam-gonzalez-afonso-nueva-directora-de-secretariado-de-orientacion-academica-e-insercion-laboral-de-la-ull\/\"]}]},{\"@type\":\"BreadcrumbList\",\"@id\":\"https:\/\/www.ull.es\/portal\/noticias\/2009\/miriam-gonzalez-afonso-nueva-directora-de-secretariado-de-orientacion-academica-e-insercion-laboral-de-la-ull\/#breadcrumb\",\"itemListElement\":[{\"@type\":\"ListItem\",\"position\":1,\"name\":\"Portada\",\"item\":\"https:\/\/www.ull.es\/portal\/noticias\/\"},{\"@type\":\"ListItem\",\"position\":2,\"name\":\"Miriam Gonz\u00e1lez Afonso, nueva directora de secretariado de Orientaci\u00f3n Acad\u00e9mica e Inserci\u00f3n laboral de la ULL\"}]},{\"@type\":\"WebSite\",\"@id\":\"https:\/\/www.ull.es\/portal\/noticias\/#website\",\"url\":\"https:\/\/www.ull.es\/portal\/noticias\/\",\"name\":\"ULL - Noticias\",\"description\":\"\",\"potentialAction\":[{\"@type\":\"SearchAction\",\"target\":{\"@type\":\"EntryPoint\",\"urlTemplate\":\"https:\/\/www.ull.es\/portal\/noticias\/?s={search_term_string}\"},\"query-input\":\"required name=search_term_string\"}],\"inLanguage\":\"es\"},{\"@type\":\"Person\",\"@id\":\"https:\/\/www.ull.es\/portal\/noticias\/#\/schema\/person\/c3b2aa857797592927a03740d6664376\",\"name\":\"prensa2\",\"image\":{\"@type\":\"ImageObject\",\"inLanguage\":\"es\",\"@id\":\"https:\/\/www.ull.es\/portal\/noticias\/#\/schema\/person\/image\/\",\"url\":\"https:\/\/secure.gravatar.com\/avatar\/b58f310a5de5feb33d1e026d2493f23c?s=96&d=mm&r=g\",\"contentUrl\":\"https:\/\/secure.gravatar.com\/avatar\/b58f310a5de5feb33d1e026d2493f23c?s=96&d=mm&r=g\",\"caption\":\"prensa2\"},\"url\":\"https:\/\/www.ull.es\/portal\/noticias\/author\/prensa2\/\"}]}<\/script>\n<!-- \/ Yoast SEO plugin. -->","yoast_head_json":{"title":"Miriam Gonz\u00e1lez Afonso, nueva directora de secretariado de Orientaci\u00f3n Acad\u00e9mica e Inserci\u00f3n laboral de la ULL - ULL - Noticias","robots":{"index":"index","follow":"follow","max-snippet":"max-snippet:-1","max-image-preview":"max-image-preview:large","max-video-preview":"max-video-preview:-1"},"canonical":"https:\/\/www.ull.es\/portal\/noticias\/2009\/miriam-gonzalez-afonso-nueva-directora-de-secretariado-de-orientacion-academica-e-insercion-laboral-de-la-ull\/","og_locale":"es_ES","og_type":"article","og_title":"Miriam Gonz\u00e1lez Afonso, nueva directora de secretariado de Orientaci\u00f3n Acad\u00e9mica e Inserci\u00f3n laboral de la ULL - ULL - Noticias","og_description":"Miriam Catalina Gonz&aacute;lez Afonso, profesora del departamento de Did&aacute;ctica e Investigaci&oacute;n Educativa de la Universidad de La Laguna, ha tomado...","og_url":"https:\/\/www.ull.es\/portal\/noticias\/2009\/miriam-gonzalez-afonso-nueva-directora-de-secretariado-de-orientacion-academica-e-insercion-laboral-de-la-ull\/","og_site_name":"ULL - Noticias","article_publisher":"https:\/\/www.facebook.com\/universidaddelalaguna\/","article_published_time":"2009-03-31T00:00:00+00:00","og_image":[{"width":1200,"height":630,"url":"https:\/\/www.ull.es\/portal\/noticias\/wp-content\/uploads\/sites\/13\/2023\/06\/logo-redimensionado.png","type":"image\/png"}],"author":"prensa2","twitter_card":"summary_large_image","twitter_creator":"@CanalULL","twitter_site":"@CanalULL","twitter_misc":{"Escrito por":"prensa2","Tiempo de lectura":"1 minuto"},"schema":{"@context":"https:\/\/schema.org","@graph":[{"@type":"WebPage","@id":"https:\/\/www.ull.es\/portal\/noticias\/2009\/miriam-gonzalez-afonso-nueva-directora-de-secretariado-de-orientacion-academica-e-insercion-laboral-de-la-ull\/","url":"https:\/\/www.ull.es\/portal\/noticias\/2009\/miriam-gonzalez-afonso-nueva-directora-de-secretariado-de-orientacion-academica-e-insercion-laboral-de-la-ull\/","name":"Miriam Gonz\u00e1lez Afonso, nueva directora de secretariado de Orientaci\u00f3n Acad\u00e9mica e Inserci\u00f3n laboral de la ULL - ULL - Noticias","isPartOf":{"@id":"https:\/\/www.ull.es\/portal\/noticias\/#website"},"datePublished":"2009-03-31T00:00:00+00:00","dateModified":"2009-03-31T00:00:00+00:00","author":{"@id":"https:\/\/www.ull.es\/portal\/noticias\/#\/schema\/person\/c3b2aa857797592927a03740d6664376"},"breadcrumb":{"@id":"https:\/\/www.ull.es\/portal\/noticias\/2009\/miriam-gonzalez-afonso-nueva-directora-de-secretariado-de-orientacion-academica-e-insercion-laboral-de-la-ull\/#breadcrumb"},"inLanguage":"es","potentialAction":[{"@type":"ReadAction","target":["https:\/\/www.ull.es\/portal\/noticias\/2009\/miriam-gonzalez-afonso-nueva-directora-de-secretariado-de-orientacion-academica-e-insercion-laboral-de-la-ull\/"]}]},{"@type":"BreadcrumbList","@id":"https:\/\/www.ull.es\/portal\/noticias\/2009\/miriam-gonzalez-afonso-nueva-directora-de-secretariado-de-orientacion-academica-e-insercion-laboral-de-la-ull\/#breadcrumb","itemListElement":[{"@type":"ListItem","position":1,"name":"Portada","item":"https:\/\/www.ull.es\/portal\/noticias\/"},{"@type":"ListItem","position":2,"name":"Miriam Gonz\u00e1lez Afonso, nueva directora de secretariado de Orientaci\u00f3n Acad\u00e9mica e Inserci\u00f3n laboral de la ULL"}]},{"@type":"WebSite","@id":"https:\/\/www.ull.es\/portal\/noticias\/#website","url":"https:\/\/www.ull.es\/portal\/noticias\/","name":"ULL - Noticias","description":"","potentialAction":[{"@type":"SearchAction","target":{"@type":"EntryPoint","urlTemplate":"https:\/\/www.ull.es\/portal\/noticias\/?s={search_term_string}"},"query-input":"required name=search_term_string"}],"inLanguage":"es"},{"@type":"Person","@id":"https:\/\/www.ull.es\/portal\/noticias\/#\/schema\/person\/c3b2aa857797592927a03740d6664376","name":"prensa2","image":{"@type":"ImageObject","inLanguage":"es","@id":"https:\/\/www.ull.es\/portal\/noticias\/#\/schema\/person\/image\/","url":"https:\/\/secure.gravatar.com\/avatar\/b58f310a5de5feb33d1e026d2493f23c?s=96&d=mm&r=g","contentUrl":"https:\/\/secure.gravatar.com\/avatar\/b58f310a5de5feb33d1e026d2493f23c?s=96&d=mm&r=g","caption":"prensa2"},"url":"https:\/\/www.ull.es\/portal\/noticias\/author\/prensa2\/"}]}},"primary_category":null,"featured_image_thumbnail_url":null,"_links":{"self":[{"href":"https:\/\/www.ull.es\/portal\/noticias\/wp-json\/wp\/v2\/posts\/16484"}],"collection":[{"href":"https:\/\/www.ull.es\/portal\/noticias\/wp-json\/wp\/v2\/posts"}],"about":[{"href":"https:\/\/www.ull.es\/portal\/noticias\/wp-json\/wp\/v2\/types\/post"}],"author":[{"embeddable":true,"href":"https:\/\/www.ull.es\/portal\/noticias\/wp-json\/wp\/v2\/users\/21"}],"replies":[{"embeddable":true,"href":"https:\/\/www.ull.es\/portal\/noticias\/wp-json\/wp\/v2\/comments?post=16484"}],"version-history":[{"count":0,"href":"https:\/\/www.ull.es\/portal\/noticias\/wp-json\/wp\/v2\/posts\/16484\/revisions"}],"wp:attachment":[{"href":"https:\/\/www.ull.es\/portal\/noticias\/wp-json\/wp\/v2\/media?parent=16484"}],"wp:term":[{"taxonomy":"category","embeddable":true,"href":"https:\/\/www.ull.es\/portal\/noticias\/wp-json\/wp\/v2\/categories?post=16484"},{"taxonomy":"post_tag","embeddable":true,"href":"https:\/\/www.ull.es\/portal\/noticias\/wp-json\/wp\/v2\/tags?post=16484"}],"curies":[{"name":"wp","href":"https:\/\/api.w.org\/{rel}","templated":true}]}}