{"id":16498,"date":"2009-05-19T00:00:00","date_gmt":"2009-05-19T00:00:00","guid":{"rendered":"http:\/\/ddigital.webs.ull.es\/la-universidad-de-la-laguna-y-cajacanarias-renuevan-su-colaboracion-por-cuatro-anos-mas\/"},"modified":"2009-05-19T00:00:00","modified_gmt":"2009-05-19T00:00:00","slug":"la-universidad-de-la-laguna-y-cajacanarias-renuevan-su-colaboracion-por-cuatro-anos-mas","status":"publish","type":"post","link":"https:\/\/www.ull.es\/portal\/noticias\/2009\/la-universidad-de-la-laguna-y-cajacanarias-renuevan-su-colaboracion-por-cuatro-anos-mas\/","title":{"rendered":"La Universidad de La Laguna y CajaCanarias renuevan su colaboraci\u00f3n por cuatro a\u00f1os m\u00e1s"},"content":{"rendered":"<p>El rector de la Universidad de La Laguna, Eduardo Dom&eacute;nech, y el presidente de CajaCanarias, &Aacute;lvaro Arvelo, suscribieron hoy martes 19 de mayo el convenio marco de colaboraci&oacute;n entre las dos instituciones, lo que consolida la estrecha relaci&oacute;n entre las entidades, que despu&eacute;s de ocho a&ntilde;os renuevan su trabajo conjunto por cuatro a&ntilde;os m&aacute;s.<\/p>\n<p>El convenio fue suscrito en la Facultad de Ciencias Econ&oacute;micas y Empresariales, con la presencia del gerente del centro acad&eacute;mico, Francisco Calero, y el director general de la entidad financiera, David Cova. Entre los principales objetivos de este documento figuran la puesta a disposici&oacute;n de la comunidad universitaria de productos y servicios financieros, la potenciaci&oacute;n de las becas de investigaci&oacute;n y la convocatoria de otro tipo de ayudas para&nbsp; los alumnos menos favorecidos econ&oacute;micamente.<\/p>\n<p> Entre las metas que persigue este tercer convenio tambi&eacute;n aparecen el mayor apoyo a la administraci&oacute;n electr&oacute;nica virtual, el fomento de la capacidad emprendedora del alumnado y la participaci&oacute;n de la entidad de ahorros en los proyectos de internacionalizaci&oacute;n de la Universidad de La Laguna. El acuerdo prev&eacute; asimismo la colaboraci&oacute;n en jornadas, cursos y seminarios, as&iacute; como la organizaci&oacute;n de estudios socioecon&oacute;micos que puedan ser de inter&eacute;s para las dos instituciones firmantes.<\/p>\n<p> En opini&oacute;n del rector, &ldquo;al margen del acuerdo estrictamente financiero, este convenio pone de relieve todo lo que se ha hecho bien durante este tiempo, y permite abrir nuevos derroteros de actuaciones conjuntas&rdquo;. Dom&eacute;nech apunt&oacute; que estamos hablando &ldquo;de uno de los convenios m&aacute;s importantes entre universidades espa&ntilde;olas y empresas privadas&rdquo;. <\/p>\n<p> El m&aacute;ximo representante de la instituci&oacute;n acad&eacute;mica se&ntilde;al&oacute; que en virtud de este convenio &ldquo;muchos j&oacute;venes investigadores son hoy doctores por la Universidad de La Laguna, porque al amparo de este acuerdo han podido realizar su tesis doctoral&rdquo;. En opini&oacute;n de Dom&eacute;nech, &ldquo;este marco de cooperaci&oacute;n pone su acento en dos cuestiones b&aacute;sicas para esta instituci&oacute;n de educaci&oacute;n superior: el apoyo a las pol&iacute;ticas de investigaci&oacute;n, con un mayor aumento de becas en este convenio que firmamos hoy, y el desarrollo de tecnolog&iacute;as de la informaci&oacute;n&rdquo;. <\/p>\n<p> El rector consider&oacute; que &ldquo;estamos ante una entidad que cree en la Universidad de La Laguna, en todo su potencial. Porque adem&aacute;s del apoyo a las TIC y a la investigaci&oacute;n, la Caja ha previsto un conjunto de becas de apoyo al estudio, que a buen seguro redundar&aacute;n en el rendimiento y en el futuro acad&eacute;mico de nuestros estudiantes.<\/p>\n<p> Por su parte, &Aacute;lvaro Arvelo tuvo palabras de agradecimiento para los ex rectores G&oacute;mez Soli&ntilde;o y Guti&eacute;rrez Navarro, quienes tambi&eacute;n suscribieron este acuerdo con CajaCanarias. &ldquo;Fruto de tantos a&ntilde;os de trabajo conjunto, hoy podemos constatar una sustancial mejora de los procesos de gesti&oacute;n y organizaci&oacute;n de las actividades acad&eacute;micas y de la prestaci&oacute;n de servicios al profesorado, personal no docente y alumnado, mediante la aplicaci&oacute;n de los &uacute;ltimos avances tecnol&oacute;gicos&rdquo;. <\/p>\n<p> Arvelo tambi&eacute;n destac&oacute; que se han facilitado productos y servicios financieros en condiciones preferenciales la comunidad universitaria y a la propia instituci&oacute;n acad&eacute;mica, creando l&iacute;neas especiales de financiaci&oacute;n para que el alumnado disponga de equipos inform&aacute;ticos y para apoyar a aquellos estudiantes que han apostado por la creaci&oacute;n de empresas para su desarrollo profesional.<\/p>\n<p> El presidente de CajaCanarias se detuvo en su intervenci&oacute;n para hacer una menci&oacute;n especial a la construcci&oacute;n de los edificios de servicios al alumnado de los campus de Guajara y Anchieta. &ldquo;El primero de ellos fue inaugurado en enero de 2008, con una sala de estudios de 220 plazas y a sala de inform&aacute;tica con cien ordenadores, junto a una oficina. El segundo de ellos se encuentra pr&aacute;cticamente concluido y en breve se proceder&aacute; a dotarlo con el equipamiento inform&aacute;tico y de estudio preciso para uso de estudiantes y profesores, como el edificio anterior&rdquo;. <\/p>\n<p> En opini&oacute;n de Arvelo, &ldquo;no se conoce en Espa&ntilde;a otro caso igual de compromiso de una entidad financiera con una universidad como el de CajaCanarias y la Universidad de La Laguna&rdquo;. La principal conclusi&oacute;n que se extrae de esta experiencia es, a su juicio, que este convenio &ldquo;constituye una apuesta de incuestionable valor estrat&eacute;gico, para el posicionamiento de Canarias como una sociedad innovadora, capaz de utilizar su posici&oacute;n geogr&aacute;fica para conectar, dentro de un mundo cada vez m&aacute;s globalizado, Europa, &Aacute;frica y Am&eacute;rica&rdquo;.<\/p>\n","protected":false},"excerpt":{"rendered":"<p>El rector de la Universidad de La Laguna, Eduardo Dom&eacute;nech, y el presidente de CajaCanarias, &Aacute;lvaro Arvelo, suscribieron hoy martes&#8230;<\/p>\n","protected":false},"author":21,"featured_media":0,"comment_status":"open","ping_status":"open","sticky":false,"template":"","format":"standard","meta":{"inline_featured_image":false,"footnotes":""},"categories":[348,1],"tags":[],"acf":[],"yoast_head":"<!-- This site is optimized with the Yoast SEO plugin v21.3 - https:\/\/yoast.com\/wordpress\/plugins\/seo\/ -->\n<title>La Universidad de La Laguna y CajaCanarias renuevan su colaboraci\u00f3n por cuatro a\u00f1os m\u00e1s - ULL - Noticias<\/title>\n<meta name=\"robots\" content=\"index, follow, max-snippet:-1, max-image-preview:large, max-video-preview:-1\" \/>\n<link rel=\"canonical\" href=\"https:\/\/www.ull.es\/portal\/noticias\/2009\/la-universidad-de-la-laguna-y-cajacanarias-renuevan-su-colaboracion-por-cuatro-anos-mas\/\" \/>\n<meta property=\"og:locale\" content=\"es_ES\" \/>\n<meta property=\"og:type\" content=\"article\" \/>\n<meta property=\"og:title\" content=\"La Universidad de La Laguna y CajaCanarias renuevan su colaboraci\u00f3n por cuatro a\u00f1os m\u00e1s - ULL - Noticias\" \/>\n<meta property=\"og:description\" content=\"El rector de la Universidad de La Laguna, Eduardo Dom&eacute;nech, y el presidente de CajaCanarias, &Aacute;lvaro Arvelo, suscribieron hoy martes...\" \/>\n<meta property=\"og:url\" content=\"https:\/\/www.ull.es\/portal\/noticias\/2009\/la-universidad-de-la-laguna-y-cajacanarias-renuevan-su-colaboracion-por-cuatro-anos-mas\/\" \/>\n<meta property=\"og:site_name\" content=\"ULL - Noticias\" \/>\n<meta property=\"article:publisher\" content=\"https:\/\/www.facebook.com\/universidaddelalaguna\/\" \/>\n<meta property=\"article:published_time\" content=\"2009-05-19T00:00:00+00:00\" \/>\n<meta property=\"og:image\" content=\"https:\/\/www.ull.es\/portal\/noticias\/wp-content\/uploads\/sites\/13\/2023\/06\/logo-redimensionado.png\" \/>\n\t<meta property=\"og:image:width\" content=\"1200\" \/>\n\t<meta property=\"og:image:height\" content=\"630\" \/>\n\t<meta property=\"og:image:type\" content=\"image\/png\" \/>\n<meta name=\"author\" content=\"prensa2\" \/>\n<meta name=\"twitter:card\" content=\"summary_large_image\" \/>\n<meta name=\"twitter:creator\" content=\"@CanalULL\" \/>\n<meta name=\"twitter:site\" content=\"@CanalULL\" \/>\n<meta name=\"twitter:label1\" content=\"Escrito por\" \/>\n\t<meta name=\"twitter:data1\" content=\"prensa2\" \/>\n\t<meta name=\"twitter:label2\" content=\"Tiempo de lectura\" \/>\n\t<meta name=\"twitter:data2\" content=\"4 minutos\" \/>\n<script type=\"application\/ld+json\" class=\"yoast-schema-graph\">{\"@context\":\"https:\/\/schema.org\",\"@graph\":[{\"@type\":\"WebPage\",\"@id\":\"https:\/\/www.ull.es\/portal\/noticias\/2009\/la-universidad-de-la-laguna-y-cajacanarias-renuevan-su-colaboracion-por-cuatro-anos-mas\/\",\"url\":\"https:\/\/www.ull.es\/portal\/noticias\/2009\/la-universidad-de-la-laguna-y-cajacanarias-renuevan-su-colaboracion-por-cuatro-anos-mas\/\",\"name\":\"La Universidad de La Laguna y CajaCanarias renuevan su colaboraci\u00f3n por cuatro a\u00f1os m\u00e1s - ULL - Noticias\",\"isPartOf\":{\"@id\":\"https:\/\/www.ull.es\/portal\/noticias\/#website\"},\"datePublished\":\"2009-05-19T00:00:00+00:00\",\"dateModified\":\"2009-05-19T00:00:00+00:00\",\"author\":{\"@id\":\"https:\/\/www.ull.es\/portal\/noticias\/#\/schema\/person\/c3b2aa857797592927a03740d6664376\"},\"breadcrumb\":{\"@id\":\"https:\/\/www.ull.es\/portal\/noticias\/2009\/la-universidad-de-la-laguna-y-cajacanarias-renuevan-su-colaboracion-por-cuatro-anos-mas\/#breadcrumb\"},\"inLanguage\":\"es\",\"potentialAction\":[{\"@type\":\"ReadAction\",\"target\":[\"https:\/\/www.ull.es\/portal\/noticias\/2009\/la-universidad-de-la-laguna-y-cajacanarias-renuevan-su-colaboracion-por-cuatro-anos-mas\/\"]}]},{\"@type\":\"BreadcrumbList\",\"@id\":\"https:\/\/www.ull.es\/portal\/noticias\/2009\/la-universidad-de-la-laguna-y-cajacanarias-renuevan-su-colaboracion-por-cuatro-anos-mas\/#breadcrumb\",\"itemListElement\":[{\"@type\":\"ListItem\",\"position\":1,\"name\":\"Portada\",\"item\":\"https:\/\/www.ull.es\/portal\/noticias\/\"},{\"@type\":\"ListItem\",\"position\":2,\"name\":\"La Universidad de La Laguna y CajaCanarias renuevan su colaboraci\u00f3n por cuatro a\u00f1os m\u00e1s\"}]},{\"@type\":\"WebSite\",\"@id\":\"https:\/\/www.ull.es\/portal\/noticias\/#website\",\"url\":\"https:\/\/www.ull.es\/portal\/noticias\/\",\"name\":\"ULL - Noticias\",\"description\":\"\",\"potentialAction\":[{\"@type\":\"SearchAction\",\"target\":{\"@type\":\"EntryPoint\",\"urlTemplate\":\"https:\/\/www.ull.es\/portal\/noticias\/?s={search_term_string}\"},\"query-input\":\"required name=search_term_string\"}],\"inLanguage\":\"es\"},{\"@type\":\"Person\",\"@id\":\"https:\/\/www.ull.es\/portal\/noticias\/#\/schema\/person\/c3b2aa857797592927a03740d6664376\",\"name\":\"prensa2\",\"image\":{\"@type\":\"ImageObject\",\"inLanguage\":\"es\",\"@id\":\"https:\/\/www.ull.es\/portal\/noticias\/#\/schema\/person\/image\/\",\"url\":\"https:\/\/secure.gravatar.com\/avatar\/b58f310a5de5feb33d1e026d2493f23c?s=96&d=mm&r=g\",\"contentUrl\":\"https:\/\/secure.gravatar.com\/avatar\/b58f310a5de5feb33d1e026d2493f23c?s=96&d=mm&r=g\",\"caption\":\"prensa2\"},\"url\":\"https:\/\/www.ull.es\/portal\/noticias\/author\/prensa2\/\"}]}<\/script>\n<!-- \/ Yoast SEO plugin. -->","yoast_head_json":{"title":"La Universidad de La Laguna y CajaCanarias renuevan su colaboraci\u00f3n por cuatro a\u00f1os m\u00e1s - ULL - Noticias","robots":{"index":"index","follow":"follow","max-snippet":"max-snippet:-1","max-image-preview":"max-image-preview:large","max-video-preview":"max-video-preview:-1"},"canonical":"https:\/\/www.ull.es\/portal\/noticias\/2009\/la-universidad-de-la-laguna-y-cajacanarias-renuevan-su-colaboracion-por-cuatro-anos-mas\/","og_locale":"es_ES","og_type":"article","og_title":"La Universidad de La Laguna y CajaCanarias renuevan su colaboraci\u00f3n por cuatro a\u00f1os m\u00e1s - ULL - Noticias","og_description":"El rector de la Universidad de La Laguna, Eduardo Dom&eacute;nech, y el presidente de CajaCanarias, &Aacute;lvaro Arvelo, suscribieron hoy martes...","og_url":"https:\/\/www.ull.es\/portal\/noticias\/2009\/la-universidad-de-la-laguna-y-cajacanarias-renuevan-su-colaboracion-por-cuatro-anos-mas\/","og_site_name":"ULL - Noticias","article_publisher":"https:\/\/www.facebook.com\/universidaddelalaguna\/","article_published_time":"2009-05-19T00:00:00+00:00","og_image":[{"width":1200,"height":630,"url":"https:\/\/www.ull.es\/portal\/noticias\/wp-content\/uploads\/sites\/13\/2023\/06\/logo-redimensionado.png","type":"image\/png"}],"author":"prensa2","twitter_card":"summary_large_image","twitter_creator":"@CanalULL","twitter_site":"@CanalULL","twitter_misc":{"Escrito por":"prensa2","Tiempo de lectura":"4 minutos"},"schema":{"@context":"https:\/\/schema.org","@graph":[{"@type":"WebPage","@id":"https:\/\/www.ull.es\/portal\/noticias\/2009\/la-universidad-de-la-laguna-y-cajacanarias-renuevan-su-colaboracion-por-cuatro-anos-mas\/","url":"https:\/\/www.ull.es\/portal\/noticias\/2009\/la-universidad-de-la-laguna-y-cajacanarias-renuevan-su-colaboracion-por-cuatro-anos-mas\/","name":"La Universidad de La Laguna y CajaCanarias renuevan su colaboraci\u00f3n por cuatro a\u00f1os m\u00e1s - ULL - Noticias","isPartOf":{"@id":"https:\/\/www.ull.es\/portal\/noticias\/#website"},"datePublished":"2009-05-19T00:00:00+00:00","dateModified":"2009-05-19T00:00:00+00:00","author":{"@id":"https:\/\/www.ull.es\/portal\/noticias\/#\/schema\/person\/c3b2aa857797592927a03740d6664376"},"breadcrumb":{"@id":"https:\/\/www.ull.es\/portal\/noticias\/2009\/la-universidad-de-la-laguna-y-cajacanarias-renuevan-su-colaboracion-por-cuatro-anos-mas\/#breadcrumb"},"inLanguage":"es","potentialAction":[{"@type":"ReadAction","target":["https:\/\/www.ull.es\/portal\/noticias\/2009\/la-universidad-de-la-laguna-y-cajacanarias-renuevan-su-colaboracion-por-cuatro-anos-mas\/"]}]},{"@type":"BreadcrumbList","@id":"https:\/\/www.ull.es\/portal\/noticias\/2009\/la-universidad-de-la-laguna-y-cajacanarias-renuevan-su-colaboracion-por-cuatro-anos-mas\/#breadcrumb","itemListElement":[{"@type":"ListItem","position":1,"name":"Portada","item":"https:\/\/www.ull.es\/portal\/noticias\/"},{"@type":"ListItem","position":2,"name":"La Universidad de La Laguna y CajaCanarias renuevan su colaboraci\u00f3n por cuatro a\u00f1os m\u00e1s"}]},{"@type":"WebSite","@id":"https:\/\/www.ull.es\/portal\/noticias\/#website","url":"https:\/\/www.ull.es\/portal\/noticias\/","name":"ULL - Noticias","description":"","potentialAction":[{"@type":"SearchAction","target":{"@type":"EntryPoint","urlTemplate":"https:\/\/www.ull.es\/portal\/noticias\/?s={search_term_string}"},"query-input":"required name=search_term_string"}],"inLanguage":"es"},{"@type":"Person","@id":"https:\/\/www.ull.es\/portal\/noticias\/#\/schema\/person\/c3b2aa857797592927a03740d6664376","name":"prensa2","image":{"@type":"ImageObject","inLanguage":"es","@id":"https:\/\/www.ull.es\/portal\/noticias\/#\/schema\/person\/image\/","url":"https:\/\/secure.gravatar.com\/avatar\/b58f310a5de5feb33d1e026d2493f23c?s=96&d=mm&r=g","contentUrl":"https:\/\/secure.gravatar.com\/avatar\/b58f310a5de5feb33d1e026d2493f23c?s=96&d=mm&r=g","caption":"prensa2"},"url":"https:\/\/www.ull.es\/portal\/noticias\/author\/prensa2\/"}]}},"primary_category":null,"featured_image_thumbnail_url":null,"_links":{"self":[{"href":"https:\/\/www.ull.es\/portal\/noticias\/wp-json\/wp\/v2\/posts\/16498"}],"collection":[{"href":"https:\/\/www.ull.es\/portal\/noticias\/wp-json\/wp\/v2\/posts"}],"about":[{"href":"https:\/\/www.ull.es\/portal\/noticias\/wp-json\/wp\/v2\/types\/post"}],"author":[{"embeddable":true,"href":"https:\/\/www.ull.es\/portal\/noticias\/wp-json\/wp\/v2\/users\/21"}],"replies":[{"embeddable":true,"href":"https:\/\/www.ull.es\/portal\/noticias\/wp-json\/wp\/v2\/comments?post=16498"}],"version-history":[{"count":0,"href":"https:\/\/www.ull.es\/portal\/noticias\/wp-json\/wp\/v2\/posts\/16498\/revisions"}],"wp:attachment":[{"href":"https:\/\/www.ull.es\/portal\/noticias\/wp-json\/wp\/v2\/media?parent=16498"}],"wp:term":[{"taxonomy":"category","embeddable":true,"href":"https:\/\/www.ull.es\/portal\/noticias\/wp-json\/wp\/v2\/categories?post=16498"},{"taxonomy":"post_tag","embeddable":true,"href":"https:\/\/www.ull.es\/portal\/noticias\/wp-json\/wp\/v2\/tags?post=16498"}],"curies":[{"name":"wp","href":"https:\/\/api.w.org\/{rel}","templated":true}]}}