{"id":16512,"date":"2009-06-15T00:00:00","date_gmt":"2009-06-15T00:00:00","guid":{"rendered":"http:\/\/ddigital.webs.ull.es\/los-alumnos-de-ingenieria-de-la-ull-realizaran-practicas-en-metropolitano\/"},"modified":"2009-06-15T00:00:00","modified_gmt":"2009-06-15T00:00:00","slug":"los-alumnos-de-ingenieria-de-la-ull-realizaran-practicas-en-metropolitano","status":"publish","type":"post","link":"https:\/\/www.ull.es\/portal\/noticias\/2009\/los-alumnos-de-ingenieria-de-la-ull-realizaran-practicas-en-metropolitano\/","title":{"rendered":"Los alumnos de Ingenier\u00eda de la ULL realizar\u00e1n pr\u00e1cticas en Metropolitano"},"content":{"rendered":"<p>El rector de la Universidad de La Laguna, Eduardo Dom&eacute;nech, suscribi&oacute; hoy lunes 15 de junio un convenio de colaboraci&oacute;n con Carlos Alonso, presidente de Metropolitano de Tenerife SA y consejero insular del &Aacute;rea de Econom&iacute;a y Competitividad del Cabildo de Tenerife, en virtud del cual las dos instituciones ponen en marcha un acuerdo marco de cooperaci&oacute;n que, entre otras acciones, prev&eacute; un plan de pr&aacute;cticas para alumnos de Ingenier&iacute;a del centro acad&eacute;mico en los departamentos de la empresa con mayor contenido tecnol&oacute;gico.<\/p>\n<p>En un principio, se podr&aacute;n beneficiar de estas pr&aacute;cticas los estudiantes del &uacute;ltimo a&ntilde;o de carrera de Ingenier&iacute;a T&eacute;cnica Industrial, especialidad en Mec&aacute;nica; Ingenier&iacute;a T&eacute;cnica Industrial, especialidad en Electr&oacute;nica Industrial; e Ingenier&iacute;a T&eacute;cnica de Obras P&uacute;blicas. As&iacute;, para el rector de la Universidad de La Laguna este acuerdo es de suma importancia, ya que a partir de la implantaci&oacute;n de la convergencia europea y de la transformaci&oacute;n de todas las titulaciones universitarias en grados o posgrados, los centros de educaci&oacute;n superior de todo el pa&iacute;s est&aacute;n obligados a ofrecer un plan de pr&aacute;cticas externas a los estudiantes, por lo que este convenio resulta del todo oportuno, se&ntilde;al&oacute; en el transcurso de la firma del documento.<\/p>\n<p> El desarrollo de estas pr&aacute;cticas es el primer paso de un acuerdo de colaboraci&oacute;n que pretende ser mucho m&aacute;s amplio, con la idea de que abarque el desarrollo conjunto de actividades culturales, de formaci&oacute;n a lo largo de la vida y cualquier otra que contribuya al desarrollo econ&oacute;mico y social de los ciudadanos, lo que encaja adem&aacute;s en el compromiso de responsabilidad social corporativa por parte de la empresa.<\/p>\n<p> Este convenio contempla adem&aacute;s el establecimiento de l&iacute;neas de ayudas, becas y premios para la promoci&oacute;n del estudio, la movilidad, la investigaci&oacute;n y el arte. Tambi&eacute;n cabe la posibilidad dentro de este acuerdo de editar libros, revistas y otras publicaciones.<\/p>\n<p> El documento rubricado hoy en la sala de juntas del Rectorado prev&eacute; la creaci&oacute;n de una comisi&oacute;n mixta para facilitar la elaboraci&oacute;n de convenios espec&iacute;ficos, as&iacute; como su seguimiento y cumplimiento. Con todo, la colaboraci&oacute;n de Metropolitano de Tenerife con la Universidad de La laguna es anterior a la firma de este acuerdo, puesto que desde la puesta en funcionamiento del tranv&iacute;a, son miles los universitarios que se han beneficiado de los descuentos previstos para ellos.<\/p>\n","protected":false},"excerpt":{"rendered":"<p>El rector de la Universidad de La Laguna, Eduardo Dom&eacute;nech, suscribi&oacute; hoy lunes 15 de junio un convenio de colaboraci&oacute;n&#8230;<\/p>\n","protected":false},"author":21,"featured_media":0,"comment_status":"open","ping_status":"open","sticky":false,"template":"","format":"standard","meta":{"inline_featured_image":false,"footnotes":""},"categories":[348,1],"tags":[],"acf":[],"yoast_head":"<!-- This site is optimized with the Yoast SEO plugin v21.3 - https:\/\/yoast.com\/wordpress\/plugins\/seo\/ -->\n<title>Los alumnos de Ingenier\u00eda de la ULL realizar\u00e1n pr\u00e1cticas en Metropolitano - ULL - Noticias<\/title>\n<meta name=\"robots\" content=\"index, follow, max-snippet:-1, max-image-preview:large, max-video-preview:-1\" \/>\n<link rel=\"canonical\" href=\"https:\/\/www.ull.es\/portal\/noticias\/2009\/los-alumnos-de-ingenieria-de-la-ull-realizaran-practicas-en-metropolitano\/\" \/>\n<meta property=\"og:locale\" content=\"es_ES\" \/>\n<meta property=\"og:type\" content=\"article\" \/>\n<meta property=\"og:title\" content=\"Los alumnos de Ingenier\u00eda de la ULL realizar\u00e1n pr\u00e1cticas en Metropolitano - ULL - Noticias\" \/>\n<meta property=\"og:description\" content=\"El rector de la Universidad de La Laguna, Eduardo Dom&eacute;nech, suscribi&oacute; hoy lunes 15 de junio un convenio de colaboraci&oacute;n...\" \/>\n<meta property=\"og:url\" content=\"https:\/\/www.ull.es\/portal\/noticias\/2009\/los-alumnos-de-ingenieria-de-la-ull-realizaran-practicas-en-metropolitano\/\" \/>\n<meta property=\"og:site_name\" content=\"ULL - Noticias\" \/>\n<meta property=\"article:publisher\" content=\"https:\/\/www.facebook.com\/universidaddelalaguna\/\" \/>\n<meta property=\"article:published_time\" content=\"2009-06-15T00:00:00+00:00\" \/>\n<meta property=\"og:image\" content=\"https:\/\/www.ull.es\/portal\/noticias\/wp-content\/uploads\/sites\/13\/2023\/06\/logo-redimensionado.png\" \/>\n\t<meta property=\"og:image:width\" content=\"1200\" \/>\n\t<meta property=\"og:image:height\" content=\"630\" \/>\n\t<meta property=\"og:image:type\" content=\"image\/png\" \/>\n<meta name=\"author\" content=\"prensa2\" \/>\n<meta name=\"twitter:card\" content=\"summary_large_image\" \/>\n<meta name=\"twitter:creator\" content=\"@CanalULL\" \/>\n<meta name=\"twitter:site\" content=\"@CanalULL\" \/>\n<meta name=\"twitter:label1\" content=\"Escrito por\" \/>\n\t<meta name=\"twitter:data1\" content=\"prensa2\" \/>\n\t<meta name=\"twitter:label2\" content=\"Tiempo de lectura\" \/>\n\t<meta name=\"twitter:data2\" content=\"2 minutos\" \/>\n<script type=\"application\/ld+json\" class=\"yoast-schema-graph\">{\"@context\":\"https:\/\/schema.org\",\"@graph\":[{\"@type\":\"WebPage\",\"@id\":\"https:\/\/www.ull.es\/portal\/noticias\/2009\/los-alumnos-de-ingenieria-de-la-ull-realizaran-practicas-en-metropolitano\/\",\"url\":\"https:\/\/www.ull.es\/portal\/noticias\/2009\/los-alumnos-de-ingenieria-de-la-ull-realizaran-practicas-en-metropolitano\/\",\"name\":\"Los alumnos de Ingenier\u00eda de la ULL realizar\u00e1n pr\u00e1cticas en Metropolitano - ULL - Noticias\",\"isPartOf\":{\"@id\":\"https:\/\/www.ull.es\/portal\/noticias\/#website\"},\"datePublished\":\"2009-06-15T00:00:00+00:00\",\"dateModified\":\"2009-06-15T00:00:00+00:00\",\"author\":{\"@id\":\"https:\/\/www.ull.es\/portal\/noticias\/#\/schema\/person\/c3b2aa857797592927a03740d6664376\"},\"breadcrumb\":{\"@id\":\"https:\/\/www.ull.es\/portal\/noticias\/2009\/los-alumnos-de-ingenieria-de-la-ull-realizaran-practicas-en-metropolitano\/#breadcrumb\"},\"inLanguage\":\"es\",\"potentialAction\":[{\"@type\":\"ReadAction\",\"target\":[\"https:\/\/www.ull.es\/portal\/noticias\/2009\/los-alumnos-de-ingenieria-de-la-ull-realizaran-practicas-en-metropolitano\/\"]}]},{\"@type\":\"BreadcrumbList\",\"@id\":\"https:\/\/www.ull.es\/portal\/noticias\/2009\/los-alumnos-de-ingenieria-de-la-ull-realizaran-practicas-en-metropolitano\/#breadcrumb\",\"itemListElement\":[{\"@type\":\"ListItem\",\"position\":1,\"name\":\"Portada\",\"item\":\"https:\/\/www.ull.es\/portal\/noticias\/\"},{\"@type\":\"ListItem\",\"position\":2,\"name\":\"Los alumnos de Ingenier\u00eda de la ULL realizar\u00e1n pr\u00e1cticas en Metropolitano\"}]},{\"@type\":\"WebSite\",\"@id\":\"https:\/\/www.ull.es\/portal\/noticias\/#website\",\"url\":\"https:\/\/www.ull.es\/portal\/noticias\/\",\"name\":\"ULL - Noticias\",\"description\":\"\",\"potentialAction\":[{\"@type\":\"SearchAction\",\"target\":{\"@type\":\"EntryPoint\",\"urlTemplate\":\"https:\/\/www.ull.es\/portal\/noticias\/?s={search_term_string}\"},\"query-input\":\"required name=search_term_string\"}],\"inLanguage\":\"es\"},{\"@type\":\"Person\",\"@id\":\"https:\/\/www.ull.es\/portal\/noticias\/#\/schema\/person\/c3b2aa857797592927a03740d6664376\",\"name\":\"prensa2\",\"image\":{\"@type\":\"ImageObject\",\"inLanguage\":\"es\",\"@id\":\"https:\/\/www.ull.es\/portal\/noticias\/#\/schema\/person\/image\/\",\"url\":\"https:\/\/secure.gravatar.com\/avatar\/b58f310a5de5feb33d1e026d2493f23c?s=96&d=mm&r=g\",\"contentUrl\":\"https:\/\/secure.gravatar.com\/avatar\/b58f310a5de5feb33d1e026d2493f23c?s=96&d=mm&r=g\",\"caption\":\"prensa2\"},\"url\":\"https:\/\/www.ull.es\/portal\/noticias\/author\/prensa2\/\"}]}<\/script>\n<!-- \/ Yoast SEO plugin. -->","yoast_head_json":{"title":"Los alumnos de Ingenier\u00eda de la ULL realizar\u00e1n pr\u00e1cticas en Metropolitano - ULL - Noticias","robots":{"index":"index","follow":"follow","max-snippet":"max-snippet:-1","max-image-preview":"max-image-preview:large","max-video-preview":"max-video-preview:-1"},"canonical":"https:\/\/www.ull.es\/portal\/noticias\/2009\/los-alumnos-de-ingenieria-de-la-ull-realizaran-practicas-en-metropolitano\/","og_locale":"es_ES","og_type":"article","og_title":"Los alumnos de Ingenier\u00eda de la ULL realizar\u00e1n pr\u00e1cticas en Metropolitano - ULL - Noticias","og_description":"El rector de la Universidad de La Laguna, Eduardo Dom&eacute;nech, suscribi&oacute; hoy lunes 15 de junio un convenio de colaboraci&oacute;n...","og_url":"https:\/\/www.ull.es\/portal\/noticias\/2009\/los-alumnos-de-ingenieria-de-la-ull-realizaran-practicas-en-metropolitano\/","og_site_name":"ULL - Noticias","article_publisher":"https:\/\/www.facebook.com\/universidaddelalaguna\/","article_published_time":"2009-06-15T00:00:00+00:00","og_image":[{"width":1200,"height":630,"url":"https:\/\/www.ull.es\/portal\/noticias\/wp-content\/uploads\/sites\/13\/2023\/06\/logo-redimensionado.png","type":"image\/png"}],"author":"prensa2","twitter_card":"summary_large_image","twitter_creator":"@CanalULL","twitter_site":"@CanalULL","twitter_misc":{"Escrito por":"prensa2","Tiempo de lectura":"2 minutos"},"schema":{"@context":"https:\/\/schema.org","@graph":[{"@type":"WebPage","@id":"https:\/\/www.ull.es\/portal\/noticias\/2009\/los-alumnos-de-ingenieria-de-la-ull-realizaran-practicas-en-metropolitano\/","url":"https:\/\/www.ull.es\/portal\/noticias\/2009\/los-alumnos-de-ingenieria-de-la-ull-realizaran-practicas-en-metropolitano\/","name":"Los alumnos de Ingenier\u00eda de la ULL realizar\u00e1n pr\u00e1cticas en Metropolitano - ULL - Noticias","isPartOf":{"@id":"https:\/\/www.ull.es\/portal\/noticias\/#website"},"datePublished":"2009-06-15T00:00:00+00:00","dateModified":"2009-06-15T00:00:00+00:00","author":{"@id":"https:\/\/www.ull.es\/portal\/noticias\/#\/schema\/person\/c3b2aa857797592927a03740d6664376"},"breadcrumb":{"@id":"https:\/\/www.ull.es\/portal\/noticias\/2009\/los-alumnos-de-ingenieria-de-la-ull-realizaran-practicas-en-metropolitano\/#breadcrumb"},"inLanguage":"es","potentialAction":[{"@type":"ReadAction","target":["https:\/\/www.ull.es\/portal\/noticias\/2009\/los-alumnos-de-ingenieria-de-la-ull-realizaran-practicas-en-metropolitano\/"]}]},{"@type":"BreadcrumbList","@id":"https:\/\/www.ull.es\/portal\/noticias\/2009\/los-alumnos-de-ingenieria-de-la-ull-realizaran-practicas-en-metropolitano\/#breadcrumb","itemListElement":[{"@type":"ListItem","position":1,"name":"Portada","item":"https:\/\/www.ull.es\/portal\/noticias\/"},{"@type":"ListItem","position":2,"name":"Los alumnos de Ingenier\u00eda de la ULL realizar\u00e1n pr\u00e1cticas en Metropolitano"}]},{"@type":"WebSite","@id":"https:\/\/www.ull.es\/portal\/noticias\/#website","url":"https:\/\/www.ull.es\/portal\/noticias\/","name":"ULL - Noticias","description":"","potentialAction":[{"@type":"SearchAction","target":{"@type":"EntryPoint","urlTemplate":"https:\/\/www.ull.es\/portal\/noticias\/?s={search_term_string}"},"query-input":"required name=search_term_string"}],"inLanguage":"es"},{"@type":"Person","@id":"https:\/\/www.ull.es\/portal\/noticias\/#\/schema\/person\/c3b2aa857797592927a03740d6664376","name":"prensa2","image":{"@type":"ImageObject","inLanguage":"es","@id":"https:\/\/www.ull.es\/portal\/noticias\/#\/schema\/person\/image\/","url":"https:\/\/secure.gravatar.com\/avatar\/b58f310a5de5feb33d1e026d2493f23c?s=96&d=mm&r=g","contentUrl":"https:\/\/secure.gravatar.com\/avatar\/b58f310a5de5feb33d1e026d2493f23c?s=96&d=mm&r=g","caption":"prensa2"},"url":"https:\/\/www.ull.es\/portal\/noticias\/author\/prensa2\/"}]}},"primary_category":null,"featured_image_thumbnail_url":null,"_links":{"self":[{"href":"https:\/\/www.ull.es\/portal\/noticias\/wp-json\/wp\/v2\/posts\/16512"}],"collection":[{"href":"https:\/\/www.ull.es\/portal\/noticias\/wp-json\/wp\/v2\/posts"}],"about":[{"href":"https:\/\/www.ull.es\/portal\/noticias\/wp-json\/wp\/v2\/types\/post"}],"author":[{"embeddable":true,"href":"https:\/\/www.ull.es\/portal\/noticias\/wp-json\/wp\/v2\/users\/21"}],"replies":[{"embeddable":true,"href":"https:\/\/www.ull.es\/portal\/noticias\/wp-json\/wp\/v2\/comments?post=16512"}],"version-history":[{"count":0,"href":"https:\/\/www.ull.es\/portal\/noticias\/wp-json\/wp\/v2\/posts\/16512\/revisions"}],"wp:attachment":[{"href":"https:\/\/www.ull.es\/portal\/noticias\/wp-json\/wp\/v2\/media?parent=16512"}],"wp:term":[{"taxonomy":"category","embeddable":true,"href":"https:\/\/www.ull.es\/portal\/noticias\/wp-json\/wp\/v2\/categories?post=16512"},{"taxonomy":"post_tag","embeddable":true,"href":"https:\/\/www.ull.es\/portal\/noticias\/wp-json\/wp\/v2\/tags?post=16512"}],"curies":[{"name":"wp","href":"https:\/\/api.w.org\/{rel}","templated":true}]}}