{"id":16515,"date":"2009-06-17T00:00:00","date_gmt":"2009-06-17T00:00:00","guid":{"rendered":"http:\/\/ddigital.webs.ull.es\/tejera-aboga-por-el-papel-atlantico-de-canarias-como-centro-de-conexion-con-africa\/"},"modified":"2009-06-17T00:00:00","modified_gmt":"2009-06-17T00:00:00","slug":"tejera-aboga-por-el-papel-atlantico-de-canarias-como-centro-de-conexion-con-africa","status":"publish","type":"post","link":"https:\/\/www.ull.es\/portal\/noticias\/2009\/tejera-aboga-por-el-papel-atlantico-de-canarias-como-centro-de-conexion-con-africa\/","title":{"rendered":"Tejera aboga por el papel atl\u00e1ntico de Canarias como centro de conexi\u00f3n con \u00c1frica"},"content":{"rendered":"<p>El catedr&aacute;tico de Arqueolog&iacute;a y fundador del Centro de Estudios Africanos de la Universidad de La Laguna, Antonio Tejera Gaspar, se&ntilde;al&oacute; hoy, mi&eacute;rcoles 17 de junio de 2009, durante la Conferencia de Rectores Africanos y Canarios, la importancia del car&aacute;cter atl&aacute;ntico de las universidades del archipi&eacute;lago y su papel central en la cooperaci&oacute;n con &Aacute;frica.<\/p>\n<p>Comenz&oacute; su intervenci&oacute;n apuntando que el desarrollo social y econ&oacute;mico de los pueblos es un proceso que ha pasado por per&iacute;odos cuyos cambios s&oacute;lo se aprecian de manera muy lenta. &ldquo;Pienso que en un futuro no muy lejano un buen n&uacute;mero de pa&iacute;ses del continente africano habr&aacute; de iniciar una fase de desarrollo promovida por factores internos, sin desde&ntilde;ar el papel que habr&aacute;n de desempe&ntilde;ar otros que provengan de los pa&iacute;ses europeos&rdquo;.<\/p>\n<p> &nbsp;&nbsp;&nbsp; El ponente puso en valor el cambio de mentalidades de los &uacute;ltimos tiempos hacia un modelo que apuesta por el desarrollo de la ciencia y de la inteligencia humana hacia una mayor solidaridad.<\/p>\n<p> &nbsp;&nbsp;&nbsp; &ldquo;La creencia&nbsp; de que el desarrollo de las naciones ha de contribuir al avance de otros pueblos y de otras gentes, y no al contrario, se perfila hoy como el fundamento de un concepto diferente en las relaciones de un deseado nuevo orden mundial. Y es este contexto en el que habr&iacute;a que promover que Canarias sea lugar de encuentro internacional para la cooperaci&oacute;n con las naciones de &Aacute;frica&rdquo;, a&ntilde;adi&oacute;.<\/p>\n<p> &nbsp;&nbsp;&nbsp; El catedr&aacute;tico enfatiz&oacute; que este archipi&eacute;lago atl&aacute;ntico ha de ser lugar de encuentro para &Aacute;frica, &ldquo;al menos para el &Aacute;frica cercana, porque de nuevo por su historia y por su geograf&iacute;a sigue siendo la &uacute;ltima frontera de Europa por el Atl&aacute;ntico, o, si se quiere, desde otra perspectiva, la puerta de entrada atl&aacute;ntica desde &Aacute;frica hacia la Uni&oacute;n Europea, al ser el territorio m&aacute;s extremo, pero tambi&eacute;n el m&aacute;s cercano al continente&rdquo;.<\/p>\n<p> &nbsp;&nbsp;&nbsp; El docente agreg&oacute; que estas islas deben ser para &Aacute;frica el nexo con Latinoam&eacute;rica, demostrando de este modo su car&aacute;cter intercontinental hasta conformar el futuro de una nueva comunidad atl&aacute;ntica junto con las islas de la Macaronesia para dar contenido al concepto de atlanticidad.<\/p>\n<p> &nbsp;&nbsp;&nbsp; Tejera apunt&oacute; que estas islas deben ser sede permanente de una conferencia internacional de cooperaci&oacute;n con &Aacute;frica o de un Foro Euroafricano. En este punto, el ponente indic&oacute; que el Gobierno de Canarias debe desempe&ntilde;ar un papel imprescindible en el campo de la cooperaci&oacute;n, en estrecha colaboraci&oacute;n con el Gobierno de Espa&ntilde;a.<\/p>\n<p> &nbsp;&nbsp;&nbsp; El profesor repas&oacute; de las relaciones de Canarias con &Aacute;frica, al tiempo que se&ntilde;al&oacute; que con este encuentro se pretende alcanzar un conocimiento aceptable de la veintena de universidades reunidas en este foro organizado por la Universidad de La Laguna, sin el cual no es posible llegar a acuerdos de transferencia de tecnolog&iacute;a y de conocimientos.<\/p>\n<p> &nbsp;&nbsp;&nbsp; Anunci&oacute; que el Centro de Estudios Africanos, dirigido por ex-rector Jos&eacute; G&oacute;mez Soli&ntilde;o, est&aacute; trabajando en la apuesta en marcha de un m&aacute;ster oficial de estudios africanos; que el departamento de Filolog&iacute;a Francesa hace lo propio con los estudios de la francofon&iacute;a; y que el grado de Historia impartir&aacute; en su plan de estudios una asignatura de Historia de &Aacute;frica.<\/p>\n<p> &nbsp;&nbsp;&nbsp; Antonio Tejera tambi&eacute;n aludi&oacute; a la futura creaci&oacute;n de una plataforma virtual canario-africana mediante la que establecer una conexi&oacute;n a trav&eacute;s de la red. Otra de las iniciativas mencionadas por el catedr&aacute;tico tiene que ver con la Biblioteca de &Aacute;frica, que se ubica en la Biblioteca General y de Humanidades situada en el campus de Guajara. El profesor se&ntilde;al&oacute; que un siguiente paso ser&iacute;a la digitalizaci&oacute;n de sus fondos. As&iacute;, indic&oacute; que la Biblioteca Universitaria cuenta con 1.372 t&iacute;tulos, entre revistas y libros, a los que se ha a&ntilde;adido la adquisici&oacute;n de un total de 23 t&iacute;tulos espec&iacute;ficos sobre estudios del continente.<\/p>\n<p> &nbsp;&nbsp;&nbsp; El catedr&aacute;tico coment&oacute; que un programa de futura colaboraci&oacute;n de universidades canarias y africanas debe contemplar necesariamente la ense&ntilde;anza del espa&ntilde;ol, una demanda constatable en universidades marroqu&iacute;es, mauritanas y senegalesas. Asimismo, a&ntilde;adi&oacute; el ponente, cabr&iacute;a pensar que en las actividades del Instituto Cervantes las universidades canarias pudieran ser consideradas como centros colaboradores.<\/p>\n","protected":false},"excerpt":{"rendered":"<p>El catedr&aacute;tico de Arqueolog&iacute;a y fundador del Centro de Estudios Africanos de la Universidad de La Laguna, Antonio Tejera Gaspar,&#8230;<\/p>\n","protected":false},"author":21,"featured_media":0,"comment_status":"open","ping_status":"open","sticky":false,"template":"","format":"standard","meta":{"inline_featured_image":false,"footnotes":""},"categories":[348,1],"tags":[],"acf":[],"yoast_head":"<!-- This site is optimized with the Yoast SEO plugin v21.3 - https:\/\/yoast.com\/wordpress\/plugins\/seo\/ -->\n<title>Tejera aboga por el papel atl\u00e1ntico de Canarias como centro de conexi\u00f3n con \u00c1frica - ULL - Noticias<\/title>\n<meta name=\"robots\" content=\"index, follow, max-snippet:-1, max-image-preview:large, max-video-preview:-1\" \/>\n<link rel=\"canonical\" href=\"https:\/\/www.ull.es\/portal\/noticias\/2009\/tejera-aboga-por-el-papel-atlantico-de-canarias-como-centro-de-conexion-con-africa\/\" \/>\n<meta property=\"og:locale\" content=\"es_ES\" \/>\n<meta property=\"og:type\" content=\"article\" \/>\n<meta property=\"og:title\" content=\"Tejera aboga por el papel atl\u00e1ntico de Canarias como centro de conexi\u00f3n con \u00c1frica - ULL - Noticias\" \/>\n<meta property=\"og:description\" content=\"El catedr&aacute;tico de Arqueolog&iacute;a y fundador del Centro de Estudios Africanos de la Universidad de La Laguna, Antonio Tejera Gaspar,...\" \/>\n<meta property=\"og:url\" content=\"https:\/\/www.ull.es\/portal\/noticias\/2009\/tejera-aboga-por-el-papel-atlantico-de-canarias-como-centro-de-conexion-con-africa\/\" \/>\n<meta property=\"og:site_name\" content=\"ULL - Noticias\" \/>\n<meta property=\"article:publisher\" content=\"https:\/\/www.facebook.com\/universidaddelalaguna\/\" \/>\n<meta property=\"article:published_time\" content=\"2009-06-17T00:00:00+00:00\" \/>\n<meta property=\"og:image\" content=\"https:\/\/www.ull.es\/portal\/noticias\/wp-content\/uploads\/sites\/13\/2023\/06\/logo-redimensionado.png\" \/>\n\t<meta property=\"og:image:width\" content=\"1200\" \/>\n\t<meta property=\"og:image:height\" content=\"630\" \/>\n\t<meta property=\"og:image:type\" content=\"image\/png\" \/>\n<meta name=\"author\" content=\"prensa2\" \/>\n<meta name=\"twitter:card\" content=\"summary_large_image\" \/>\n<meta name=\"twitter:creator\" content=\"@CanalULL\" \/>\n<meta name=\"twitter:site\" content=\"@CanalULL\" \/>\n<meta name=\"twitter:label1\" content=\"Escrito por\" \/>\n\t<meta name=\"twitter:data1\" content=\"prensa2\" \/>\n\t<meta name=\"twitter:label2\" content=\"Tiempo de lectura\" \/>\n\t<meta name=\"twitter:data2\" content=\"4 minutos\" \/>\n<script type=\"application\/ld+json\" class=\"yoast-schema-graph\">{\"@context\":\"https:\/\/schema.org\",\"@graph\":[{\"@type\":\"WebPage\",\"@id\":\"https:\/\/www.ull.es\/portal\/noticias\/2009\/tejera-aboga-por-el-papel-atlantico-de-canarias-como-centro-de-conexion-con-africa\/\",\"url\":\"https:\/\/www.ull.es\/portal\/noticias\/2009\/tejera-aboga-por-el-papel-atlantico-de-canarias-como-centro-de-conexion-con-africa\/\",\"name\":\"Tejera aboga por el papel atl\u00e1ntico de Canarias como centro de conexi\u00f3n con \u00c1frica - ULL - Noticias\",\"isPartOf\":{\"@id\":\"https:\/\/www.ull.es\/portal\/noticias\/#website\"},\"datePublished\":\"2009-06-17T00:00:00+00:00\",\"dateModified\":\"2009-06-17T00:00:00+00:00\",\"author\":{\"@id\":\"https:\/\/www.ull.es\/portal\/noticias\/#\/schema\/person\/c3b2aa857797592927a03740d6664376\"},\"breadcrumb\":{\"@id\":\"https:\/\/www.ull.es\/portal\/noticias\/2009\/tejera-aboga-por-el-papel-atlantico-de-canarias-como-centro-de-conexion-con-africa\/#breadcrumb\"},\"inLanguage\":\"es\",\"potentialAction\":[{\"@type\":\"ReadAction\",\"target\":[\"https:\/\/www.ull.es\/portal\/noticias\/2009\/tejera-aboga-por-el-papel-atlantico-de-canarias-como-centro-de-conexion-con-africa\/\"]}]},{\"@type\":\"BreadcrumbList\",\"@id\":\"https:\/\/www.ull.es\/portal\/noticias\/2009\/tejera-aboga-por-el-papel-atlantico-de-canarias-como-centro-de-conexion-con-africa\/#breadcrumb\",\"itemListElement\":[{\"@type\":\"ListItem\",\"position\":1,\"name\":\"Portada\",\"item\":\"https:\/\/www.ull.es\/portal\/noticias\/\"},{\"@type\":\"ListItem\",\"position\":2,\"name\":\"Tejera aboga por el papel atl\u00e1ntico de Canarias como centro de conexi\u00f3n con \u00c1frica\"}]},{\"@type\":\"WebSite\",\"@id\":\"https:\/\/www.ull.es\/portal\/noticias\/#website\",\"url\":\"https:\/\/www.ull.es\/portal\/noticias\/\",\"name\":\"ULL - Noticias\",\"description\":\"\",\"potentialAction\":[{\"@type\":\"SearchAction\",\"target\":{\"@type\":\"EntryPoint\",\"urlTemplate\":\"https:\/\/www.ull.es\/portal\/noticias\/?s={search_term_string}\"},\"query-input\":\"required name=search_term_string\"}],\"inLanguage\":\"es\"},{\"@type\":\"Person\",\"@id\":\"https:\/\/www.ull.es\/portal\/noticias\/#\/schema\/person\/c3b2aa857797592927a03740d6664376\",\"name\":\"prensa2\",\"image\":{\"@type\":\"ImageObject\",\"inLanguage\":\"es\",\"@id\":\"https:\/\/www.ull.es\/portal\/noticias\/#\/schema\/person\/image\/\",\"url\":\"https:\/\/secure.gravatar.com\/avatar\/b58f310a5de5feb33d1e026d2493f23c?s=96&d=mm&r=g\",\"contentUrl\":\"https:\/\/secure.gravatar.com\/avatar\/b58f310a5de5feb33d1e026d2493f23c?s=96&d=mm&r=g\",\"caption\":\"prensa2\"},\"url\":\"https:\/\/www.ull.es\/portal\/noticias\/author\/prensa2\/\"}]}<\/script>\n<!-- \/ Yoast SEO plugin. -->","yoast_head_json":{"title":"Tejera aboga por el papel atl\u00e1ntico de Canarias como centro de conexi\u00f3n con \u00c1frica - ULL - Noticias","robots":{"index":"index","follow":"follow","max-snippet":"max-snippet:-1","max-image-preview":"max-image-preview:large","max-video-preview":"max-video-preview:-1"},"canonical":"https:\/\/www.ull.es\/portal\/noticias\/2009\/tejera-aboga-por-el-papel-atlantico-de-canarias-como-centro-de-conexion-con-africa\/","og_locale":"es_ES","og_type":"article","og_title":"Tejera aboga por el papel atl\u00e1ntico de Canarias como centro de conexi\u00f3n con \u00c1frica - ULL - Noticias","og_description":"El catedr&aacute;tico de Arqueolog&iacute;a y fundador del Centro de Estudios Africanos de la Universidad de La Laguna, Antonio Tejera Gaspar,...","og_url":"https:\/\/www.ull.es\/portal\/noticias\/2009\/tejera-aboga-por-el-papel-atlantico-de-canarias-como-centro-de-conexion-con-africa\/","og_site_name":"ULL - Noticias","article_publisher":"https:\/\/www.facebook.com\/universidaddelalaguna\/","article_published_time":"2009-06-17T00:00:00+00:00","og_image":[{"width":1200,"height":630,"url":"https:\/\/www.ull.es\/portal\/noticias\/wp-content\/uploads\/sites\/13\/2023\/06\/logo-redimensionado.png","type":"image\/png"}],"author":"prensa2","twitter_card":"summary_large_image","twitter_creator":"@CanalULL","twitter_site":"@CanalULL","twitter_misc":{"Escrito por":"prensa2","Tiempo de lectura":"4 minutos"},"schema":{"@context":"https:\/\/schema.org","@graph":[{"@type":"WebPage","@id":"https:\/\/www.ull.es\/portal\/noticias\/2009\/tejera-aboga-por-el-papel-atlantico-de-canarias-como-centro-de-conexion-con-africa\/","url":"https:\/\/www.ull.es\/portal\/noticias\/2009\/tejera-aboga-por-el-papel-atlantico-de-canarias-como-centro-de-conexion-con-africa\/","name":"Tejera aboga por el papel atl\u00e1ntico de Canarias como centro de conexi\u00f3n con \u00c1frica - ULL - Noticias","isPartOf":{"@id":"https:\/\/www.ull.es\/portal\/noticias\/#website"},"datePublished":"2009-06-17T00:00:00+00:00","dateModified":"2009-06-17T00:00:00+00:00","author":{"@id":"https:\/\/www.ull.es\/portal\/noticias\/#\/schema\/person\/c3b2aa857797592927a03740d6664376"},"breadcrumb":{"@id":"https:\/\/www.ull.es\/portal\/noticias\/2009\/tejera-aboga-por-el-papel-atlantico-de-canarias-como-centro-de-conexion-con-africa\/#breadcrumb"},"inLanguage":"es","potentialAction":[{"@type":"ReadAction","target":["https:\/\/www.ull.es\/portal\/noticias\/2009\/tejera-aboga-por-el-papel-atlantico-de-canarias-como-centro-de-conexion-con-africa\/"]}]},{"@type":"BreadcrumbList","@id":"https:\/\/www.ull.es\/portal\/noticias\/2009\/tejera-aboga-por-el-papel-atlantico-de-canarias-como-centro-de-conexion-con-africa\/#breadcrumb","itemListElement":[{"@type":"ListItem","position":1,"name":"Portada","item":"https:\/\/www.ull.es\/portal\/noticias\/"},{"@type":"ListItem","position":2,"name":"Tejera aboga por el papel atl\u00e1ntico de Canarias como centro de conexi\u00f3n con \u00c1frica"}]},{"@type":"WebSite","@id":"https:\/\/www.ull.es\/portal\/noticias\/#website","url":"https:\/\/www.ull.es\/portal\/noticias\/","name":"ULL - Noticias","description":"","potentialAction":[{"@type":"SearchAction","target":{"@type":"EntryPoint","urlTemplate":"https:\/\/www.ull.es\/portal\/noticias\/?s={search_term_string}"},"query-input":"required name=search_term_string"}],"inLanguage":"es"},{"@type":"Person","@id":"https:\/\/www.ull.es\/portal\/noticias\/#\/schema\/person\/c3b2aa857797592927a03740d6664376","name":"prensa2","image":{"@type":"ImageObject","inLanguage":"es","@id":"https:\/\/www.ull.es\/portal\/noticias\/#\/schema\/person\/image\/","url":"https:\/\/secure.gravatar.com\/avatar\/b58f310a5de5feb33d1e026d2493f23c?s=96&d=mm&r=g","contentUrl":"https:\/\/secure.gravatar.com\/avatar\/b58f310a5de5feb33d1e026d2493f23c?s=96&d=mm&r=g","caption":"prensa2"},"url":"https:\/\/www.ull.es\/portal\/noticias\/author\/prensa2\/"}]}},"primary_category":null,"featured_image_thumbnail_url":null,"_links":{"self":[{"href":"https:\/\/www.ull.es\/portal\/noticias\/wp-json\/wp\/v2\/posts\/16515"}],"collection":[{"href":"https:\/\/www.ull.es\/portal\/noticias\/wp-json\/wp\/v2\/posts"}],"about":[{"href":"https:\/\/www.ull.es\/portal\/noticias\/wp-json\/wp\/v2\/types\/post"}],"author":[{"embeddable":true,"href":"https:\/\/www.ull.es\/portal\/noticias\/wp-json\/wp\/v2\/users\/21"}],"replies":[{"embeddable":true,"href":"https:\/\/www.ull.es\/portal\/noticias\/wp-json\/wp\/v2\/comments?post=16515"}],"version-history":[{"count":0,"href":"https:\/\/www.ull.es\/portal\/noticias\/wp-json\/wp\/v2\/posts\/16515\/revisions"}],"wp:attachment":[{"href":"https:\/\/www.ull.es\/portal\/noticias\/wp-json\/wp\/v2\/media?parent=16515"}],"wp:term":[{"taxonomy":"category","embeddable":true,"href":"https:\/\/www.ull.es\/portal\/noticias\/wp-json\/wp\/v2\/categories?post=16515"},{"taxonomy":"post_tag","embeddable":true,"href":"https:\/\/www.ull.es\/portal\/noticias\/wp-json\/wp\/v2\/tags?post=16515"}],"curies":[{"name":"wp","href":"https:\/\/api.w.org\/{rel}","templated":true}]}}