{"id":16517,"date":"2009-06-18T00:00:00","date_gmt":"2009-06-18T00:00:00","guid":{"rendered":"http:\/\/ddigital.webs.ull.es\/la-conferencia-de-rectores-africanos-y-canarios-aborda-vias-de-colaboracion-en-educacion-y-salud\/"},"modified":"2009-06-18T00:00:00","modified_gmt":"2009-06-18T00:00:00","slug":"la-conferencia-de-rectores-africanos-y-canarios-aborda-vias-de-colaboracion-en-educacion-y-salud","status":"publish","type":"post","link":"https:\/\/www.ull.es\/portal\/noticias\/2009\/la-conferencia-de-rectores-africanos-y-canarios-aborda-vias-de-colaboracion-en-educacion-y-salud\/","title":{"rendered":"La Conferencia de Rectores Africanos y Canarios aborda v\u00edas de colaboraci\u00f3n en educaci\u00f3n y salud"},"content":{"rendered":"<p>La segunda jornada de la Conferencia de Rectores Africanos y Canarios, organizada por la Universidad de La Laguna, ha constado de varias mesas de trabajo espec&iacute;ficas con el objeto de reconocer problemas concretos y establecer posibles v&iacute;as de soluci&oacute;n. As&iacute;, en la primera sesi&oacute;n se abord&oacute;, por un lado, asuntos relacionados con la educaci&oacute;n y las tecnolog&iacute;as de la informaci&oacute;n, mientras que la segunda se centr&oacute; en los problemas de salud global.<\/p>\n<p>La mesa sobre educaci&oacute;n estuvo presidida por el rector de la Universidad de La Laguna, Eduardo Dom&eacute;nech, quien explic&oacute; a los conferenciantes el proceso de convergencia europea en el que se encuentra inmersa la universidad. Se&ntilde;al&oacute; que la ense&ntilde;anza superior, configurada por cr&eacute;ditos, variar&aacute; sustancialmente con el nuevo modelo. Tras idas y venidas del propio Ministerio de Educaci&oacute;n, las universidades espa&ntilde;olas se han visto obligadas a realizar una adaptaci&oacute;n de sus t&iacute;tulos en un tiempo r&eacute;cord, con el consiguiente cambio de calendario acad&eacute;mico, nuevo sistema docente enfocado hacia la tutorizaci&oacute;n e inter&eacute;s por que el alumno aprenda de un modo diferente.<\/p>\n<p> &nbsp;&nbsp;&nbsp; &ldquo;Es un gran cambio que implica tambi&eacute;n una nueva formaci&oacute;n para el profesorado. De hecho, el curso pr&oacute;ximo el 50% de nuestros t&iacute;tulos ya estar&aacute;n&nbsp; adaptados al proceso de convergencia europea. Creo que este nuevo modelo puede resultarles atractivo a ustedes y a sus alumnos&rdquo;, se&ntilde;al&oacute; el rector. Dom&eacute;nech a&ntilde;adi&oacute; que para hacer posible el cambio de modelo hay que reducir contenidos en el aula, y ofrecerlos a trav&eacute;s del aprendizaje on line, por lo que las TIC y las aulas de docencia virtual se antojan imprescindibles.<\/p>\n<p> &nbsp;&nbsp;&nbsp; El rector de la Universidad de Cabo Verde, Antonio Corella, coment&oacute; la experiencia de una universidad joven que apenas cuenta con tres a&ntilde;os de existencia. &ldquo;Buscamos la movilidad de alumnos y la calidad del servicio y nuestro objetivo es trabajar en red mediante una cultura colaborativa con otras universidades&rdquo;. Pese a la juventud de esta instituci&oacute;n, ya mantienen programas de movilidad semestral con Brasil.<\/p>\n<p> &nbsp;&nbsp;&nbsp; Otro instrumento importante en las redes colaborativas es el aprendizaje de lenguas, que son competencias transversales a todas las &aacute;reas de formaci&oacute;n, coment&oacute; el rector caboverdiano. Este pa&iacute;s africano constituye una gran di&aacute;spora que est&aacute; dispersa por toda Europa y Sudam&eacute;rica. &ldquo;Queremos integrar a toda esta comunidad a trav&eacute;s de una cultura asociativa y el uso de las TIC&rdquo;.<\/p>\n<p> &nbsp;&nbsp;&nbsp; Joao Serodio, de la Universidad Agustinho Neto de Angola, expres&oacute; su gran inter&eacute;s en los programas de cooperaci&oacute;n. &ldquo;Tenemos muchas necesidades tanto en temas de docencia como de investigaci&oacute;n. Es muy importante suprimir las trabajar legales para la movilidad docente y los problemas con los visados. Las infraestructuras tecnol&oacute;gicas son muy d&eacute;biles y generalmente hay cortes en el correo electr&oacute;nico y en el acceso a Internet&rdquo;.<\/p>\n<p> &nbsp;&nbsp;&nbsp; Por su parte, el director general de Universidades del Gobierno de Canarias, Juan Jos&eacute; Mart&iacute;nez, destac&oacute; que Canarias pretende ser un socio preferente en Europa, pero con una vinculaci&oacute;n muy clara a su situaci&oacute;n geogr&aacute;fica y cercan&iacute;a a &Aacute;frica. &ldquo;Esto se traduce en muchas acciones comerciales vinculadas a los pa&iacute;ses africanos m&aacute;s cercanos. Pero tambi&eacute;n queremos que ustedes conozcan nuestro sistema de educaci&oacute;n superior y apoyar su desarrollo en este campo&rdquo;.<\/p>\n<p> &nbsp;&nbsp;&nbsp; Juan Jos&eacute; Mart&iacute;nez apunt&oacute; que la movilidad es un aspecto clave a la hora de evaluar la calidad de una instituci&oacute;n. Tambi&eacute;n indic&oacute; que Canarias tiene un potencial en energ&iacute;as renovables, en gesti&oacute;n del agua o en turismo, es decir, en sectores que pueden ser emergentes en pa&iacute;ses africanos y puede existir aqu&iacute; un inter&eacute;s com&uacute;n de colaboraci&oacute;n. <\/p>\n<p> &nbsp;&nbsp;&nbsp; Canarias cuenta con un programa de apoyo a estudiantes africanos que fue mencionado por el director general. Se trata de las Becas Canarias-&Aacute;frica para posgraduados, con un centenar de estudiantes en las universidades canarias realizando estudios de posgrado y otro acuerdo con Cabo Verde. Aclar&oacute; que las TIC suponen una oportunidad porque complementan ciertos vac&iacute;os que se puedan suplir a trav&eacute;s de su acceso remoto a fondos bibliogr&aacute;ficos y docentes. &ldquo;Debemos apoyar la participaci&oacute;n de estos pa&iacute;ses tanto en programas europeos como en programas propios. Tenemos adem&aacute;s inter&eacute;s de desarrollar redes estables&nbsp; de colaboraci&oacute;n con ustedes&rdquo;, concluy&oacute;.<\/p>\n<p> &nbsp;&nbsp;&nbsp; Carina Gonz&aacute;lez, responsable del campus virtural de la Universidad de La Laguna, present&oacute; brevemente los desarrollos tecnol&oacute;gicos llevados a cabo por esta instituci&oacute;n docente en el campo de la cooperaci&oacute;n internacional. La experta asever&oacute; que esta materia no puede basarse en cualquier tipo de tecnolog&iacute;a, sino pensando en recursos educativos en abierto, de acceso libre, y que para todo ello es necesario crear nuevos modelos institucionales.<\/p>\n<p> &nbsp;&nbsp;&nbsp; En el debate posterior, los representantes de las universidades africanas expresaron las deficiencias en el uso de las TIC de sus universidades y la necesidad de llegar a acuerdos de colaboraci&oacute;n. El uso com&uacute;n de fondos bibliogr&aacute;ficos result&oacute; muy valorado, as&iacute; como la importancia de crear redes internacionales colaborativas.<\/p>\n<p> <strong>Salud global<\/strong><\/p>\n<p> La mesa de trabajo sobre salud global estuvo presidida por el catedr&aacute;tico de Cirug&iacute;a de la ULL Antonio Alarc&oacute;, quien adem&aacute;s es consejero del Cabildo en Sanidad y Relaciones con la Universidad. Alarc&oacute; comenz&oacute; diciendo que hablar de salud global resulta muy ambicioso, habida cuenta de que s&oacute;lo el 20% de la poblaci&oacute;n mundial tiene acceso a ella.<\/p>\n<p> &nbsp;&nbsp;&nbsp; Tambi&eacute;n apunt&oacute; su extrema confianza en la cooperaci&oacute;n internacional y, en este punto, destac&oacute; la importancia de la conectividad. &ldquo;No se trata de tener de todo en todos sitios, sino poder acceder a todo desde el cualquier sitio&rdquo;, dijo. La telemedicina pone los recursos sanitarios al alcance de cualquiera y adelanta el acceso a la sanidad, y a&ntilde;adi&oacute; que la Universidad de La Laguna tiene varios equipos de investigaci&oacute;n trabajando en ello, incluida una c&aacute;tedra UNESCO de Telemedicina en la propia universidad. <\/p>\n<p> &nbsp;&nbsp;&nbsp; Alarc&oacute; a&ntilde;adi&oacute; que el papel de formador de formadores es una v&iacute;a muy importante para contribuir al desarrollo, &ldquo;haci&eacute;ndolo en el propio pa&iacute;s de origen, que es donde se debe hacer. Europa tiene la obligaci&oacute;n moral de llevar a cabo medidas b&aacute;sicas y efectivas para la cooperaci&oacute;n&rdquo;.<\/p>\n<p> &nbsp;&nbsp;&nbsp; Por su parte, el director del Instituto de Enfermedades Tropicales y Salud P&uacute;blica de la Universidad de La Laguna, Basilio Valladares, coment&oacute; las acciones que desde su instituto se est&aacute;n poniendo en marcha y que son objeto de una mayor cooperaci&oacute;n internacional. Explic&oacute; que este centro investigador cuenta con alumnos del tercer ciclo africanos y forman a doctores en el desarrollo del diagn&oacute;stico en enfermedades tropicales. En investigaci&oacute;n tienen varias l&iacute;neas sobre inmunolog&iacute;a, an&aacute;lisis y reutilizaci&oacute;n de aguas, donde tambi&eacute;n est&aacute;n dispuestos a colaborar con terceros pa&iacute;ses. En cuanto a su faceta asistencial, se&ntilde;al&oacute; un proyecto en Guinea Bissau sobre el desarrollo de pozos para que el agua sea potable. <\/p>\n<p> &nbsp;&nbsp;&nbsp; El rector de la Universidad de Antananaribo, en Madagascar, Paul Rajaonarivelo, explic&oacute; a los asistentes el sistema de formaci&oacute;n y selecci&oacute;n de su profesorado e invit&oacute; a la Universidad de La Laguna a formar parte de sus tribunales de selecci&oacute;n. Esta universidad tiene un programa de movilidad obligada de sus docentes, principalmente con pa&iacute;ses del habla franc&oacute;fona, que esperan ampliar al territorio espa&ntilde;ol. El rector africano afirm&oacute; que una universidad no puede asumir sola los retos de cooperaci&oacute;n. &ldquo;Por eso queremos que nos ayuden a formar nuestros cuadros de docentes del futuro y crear un partenariado para la formaci&oacute;n de formadores&rdquo;.<\/p>\n","protected":false},"excerpt":{"rendered":"<p>La segunda jornada de la Conferencia de Rectores Africanos y Canarios, organizada por la Universidad de La Laguna, ha constado&#8230;<\/p>\n","protected":false},"author":21,"featured_media":0,"comment_status":"open","ping_status":"open","sticky":false,"template":"","format":"standard","meta":{"inline_featured_image":false,"footnotes":""},"categories":[348,1],"tags":[],"acf":[],"yoast_head":"<!-- This site is optimized with the Yoast SEO plugin v21.3 - https:\/\/yoast.com\/wordpress\/plugins\/seo\/ -->\n<title>La Conferencia de Rectores Africanos y Canarios aborda v\u00edas de colaboraci\u00f3n en educaci\u00f3n y salud - ULL - Noticias<\/title>\n<meta name=\"robots\" content=\"index, follow, max-snippet:-1, max-image-preview:large, max-video-preview:-1\" \/>\n<link rel=\"canonical\" href=\"https:\/\/www.ull.es\/portal\/noticias\/2009\/la-conferencia-de-rectores-africanos-y-canarios-aborda-vias-de-colaboracion-en-educacion-y-salud\/\" \/>\n<meta property=\"og:locale\" content=\"es_ES\" \/>\n<meta property=\"og:type\" content=\"article\" \/>\n<meta property=\"og:title\" content=\"La Conferencia de Rectores Africanos y Canarios aborda v\u00edas de colaboraci\u00f3n en educaci\u00f3n y salud - ULL - Noticias\" \/>\n<meta property=\"og:description\" content=\"La segunda jornada de la Conferencia de Rectores Africanos y Canarios, organizada por la Universidad de La Laguna, ha constado...\" \/>\n<meta property=\"og:url\" content=\"https:\/\/www.ull.es\/portal\/noticias\/2009\/la-conferencia-de-rectores-africanos-y-canarios-aborda-vias-de-colaboracion-en-educacion-y-salud\/\" \/>\n<meta property=\"og:site_name\" content=\"ULL - Noticias\" \/>\n<meta property=\"article:publisher\" content=\"https:\/\/www.facebook.com\/universidaddelalaguna\/\" \/>\n<meta property=\"article:published_time\" content=\"2009-06-18T00:00:00+00:00\" \/>\n<meta property=\"og:image\" content=\"https:\/\/www.ull.es\/portal\/noticias\/wp-content\/uploads\/sites\/13\/2023\/06\/logo-redimensionado.png\" \/>\n\t<meta property=\"og:image:width\" content=\"1200\" \/>\n\t<meta property=\"og:image:height\" content=\"630\" \/>\n\t<meta property=\"og:image:type\" content=\"image\/png\" \/>\n<meta name=\"author\" content=\"prensa2\" \/>\n<meta name=\"twitter:card\" content=\"summary_large_image\" \/>\n<meta name=\"twitter:creator\" content=\"@CanalULL\" \/>\n<meta name=\"twitter:site\" content=\"@CanalULL\" \/>\n<meta name=\"twitter:label1\" content=\"Escrito por\" \/>\n\t<meta name=\"twitter:data1\" content=\"prensa2\" \/>\n\t<meta name=\"twitter:label2\" content=\"Tiempo de lectura\" \/>\n\t<meta name=\"twitter:data2\" content=\"8 minutos\" \/>\n<script type=\"application\/ld+json\" class=\"yoast-schema-graph\">{\"@context\":\"https:\/\/schema.org\",\"@graph\":[{\"@type\":\"WebPage\",\"@id\":\"https:\/\/www.ull.es\/portal\/noticias\/2009\/la-conferencia-de-rectores-africanos-y-canarios-aborda-vias-de-colaboracion-en-educacion-y-salud\/\",\"url\":\"https:\/\/www.ull.es\/portal\/noticias\/2009\/la-conferencia-de-rectores-africanos-y-canarios-aborda-vias-de-colaboracion-en-educacion-y-salud\/\",\"name\":\"La Conferencia de Rectores Africanos y Canarios aborda v\u00edas de colaboraci\u00f3n en educaci\u00f3n y salud - ULL - Noticias\",\"isPartOf\":{\"@id\":\"https:\/\/www.ull.es\/portal\/noticias\/#website\"},\"datePublished\":\"2009-06-18T00:00:00+00:00\",\"dateModified\":\"2009-06-18T00:00:00+00:00\",\"author\":{\"@id\":\"https:\/\/www.ull.es\/portal\/noticias\/#\/schema\/person\/c3b2aa857797592927a03740d6664376\"},\"breadcrumb\":{\"@id\":\"https:\/\/www.ull.es\/portal\/noticias\/2009\/la-conferencia-de-rectores-africanos-y-canarios-aborda-vias-de-colaboracion-en-educacion-y-salud\/#breadcrumb\"},\"inLanguage\":\"es\",\"potentialAction\":[{\"@type\":\"ReadAction\",\"target\":[\"https:\/\/www.ull.es\/portal\/noticias\/2009\/la-conferencia-de-rectores-africanos-y-canarios-aborda-vias-de-colaboracion-en-educacion-y-salud\/\"]}]},{\"@type\":\"BreadcrumbList\",\"@id\":\"https:\/\/www.ull.es\/portal\/noticias\/2009\/la-conferencia-de-rectores-africanos-y-canarios-aborda-vias-de-colaboracion-en-educacion-y-salud\/#breadcrumb\",\"itemListElement\":[{\"@type\":\"ListItem\",\"position\":1,\"name\":\"Portada\",\"item\":\"https:\/\/www.ull.es\/portal\/noticias\/\"},{\"@type\":\"ListItem\",\"position\":2,\"name\":\"La Conferencia de Rectores Africanos y Canarios aborda v\u00edas de colaboraci\u00f3n en educaci\u00f3n y salud\"}]},{\"@type\":\"WebSite\",\"@id\":\"https:\/\/www.ull.es\/portal\/noticias\/#website\",\"url\":\"https:\/\/www.ull.es\/portal\/noticias\/\",\"name\":\"ULL - Noticias\",\"description\":\"\",\"potentialAction\":[{\"@type\":\"SearchAction\",\"target\":{\"@type\":\"EntryPoint\",\"urlTemplate\":\"https:\/\/www.ull.es\/portal\/noticias\/?s={search_term_string}\"},\"query-input\":\"required name=search_term_string\"}],\"inLanguage\":\"es\"},{\"@type\":\"Person\",\"@id\":\"https:\/\/www.ull.es\/portal\/noticias\/#\/schema\/person\/c3b2aa857797592927a03740d6664376\",\"name\":\"prensa2\",\"image\":{\"@type\":\"ImageObject\",\"inLanguage\":\"es\",\"@id\":\"https:\/\/www.ull.es\/portal\/noticias\/#\/schema\/person\/image\/\",\"url\":\"https:\/\/secure.gravatar.com\/avatar\/b58f310a5de5feb33d1e026d2493f23c?s=96&d=mm&r=g\",\"contentUrl\":\"https:\/\/secure.gravatar.com\/avatar\/b58f310a5de5feb33d1e026d2493f23c?s=96&d=mm&r=g\",\"caption\":\"prensa2\"},\"url\":\"https:\/\/www.ull.es\/portal\/noticias\/author\/prensa2\/\"}]}<\/script>\n<!-- \/ Yoast SEO plugin. -->","yoast_head_json":{"title":"La Conferencia de Rectores Africanos y Canarios aborda v\u00edas de colaboraci\u00f3n en educaci\u00f3n y salud - ULL - Noticias","robots":{"index":"index","follow":"follow","max-snippet":"max-snippet:-1","max-image-preview":"max-image-preview:large","max-video-preview":"max-video-preview:-1"},"canonical":"https:\/\/www.ull.es\/portal\/noticias\/2009\/la-conferencia-de-rectores-africanos-y-canarios-aborda-vias-de-colaboracion-en-educacion-y-salud\/","og_locale":"es_ES","og_type":"article","og_title":"La Conferencia de Rectores Africanos y Canarios aborda v\u00edas de colaboraci\u00f3n en educaci\u00f3n y salud - ULL - Noticias","og_description":"La segunda jornada de la Conferencia de Rectores Africanos y Canarios, organizada por la Universidad de La Laguna, ha constado...","og_url":"https:\/\/www.ull.es\/portal\/noticias\/2009\/la-conferencia-de-rectores-africanos-y-canarios-aborda-vias-de-colaboracion-en-educacion-y-salud\/","og_site_name":"ULL - Noticias","article_publisher":"https:\/\/www.facebook.com\/universidaddelalaguna\/","article_published_time":"2009-06-18T00:00:00+00:00","og_image":[{"width":1200,"height":630,"url":"https:\/\/www.ull.es\/portal\/noticias\/wp-content\/uploads\/sites\/13\/2023\/06\/logo-redimensionado.png","type":"image\/png"}],"author":"prensa2","twitter_card":"summary_large_image","twitter_creator":"@CanalULL","twitter_site":"@CanalULL","twitter_misc":{"Escrito por":"prensa2","Tiempo de lectura":"8 minutos"},"schema":{"@context":"https:\/\/schema.org","@graph":[{"@type":"WebPage","@id":"https:\/\/www.ull.es\/portal\/noticias\/2009\/la-conferencia-de-rectores-africanos-y-canarios-aborda-vias-de-colaboracion-en-educacion-y-salud\/","url":"https:\/\/www.ull.es\/portal\/noticias\/2009\/la-conferencia-de-rectores-africanos-y-canarios-aborda-vias-de-colaboracion-en-educacion-y-salud\/","name":"La Conferencia de Rectores Africanos y Canarios aborda v\u00edas de colaboraci\u00f3n en educaci\u00f3n y salud - ULL - Noticias","isPartOf":{"@id":"https:\/\/www.ull.es\/portal\/noticias\/#website"},"datePublished":"2009-06-18T00:00:00+00:00","dateModified":"2009-06-18T00:00:00+00:00","author":{"@id":"https:\/\/www.ull.es\/portal\/noticias\/#\/schema\/person\/c3b2aa857797592927a03740d6664376"},"breadcrumb":{"@id":"https:\/\/www.ull.es\/portal\/noticias\/2009\/la-conferencia-de-rectores-africanos-y-canarios-aborda-vias-de-colaboracion-en-educacion-y-salud\/#breadcrumb"},"inLanguage":"es","potentialAction":[{"@type":"ReadAction","target":["https:\/\/www.ull.es\/portal\/noticias\/2009\/la-conferencia-de-rectores-africanos-y-canarios-aborda-vias-de-colaboracion-en-educacion-y-salud\/"]}]},{"@type":"BreadcrumbList","@id":"https:\/\/www.ull.es\/portal\/noticias\/2009\/la-conferencia-de-rectores-africanos-y-canarios-aborda-vias-de-colaboracion-en-educacion-y-salud\/#breadcrumb","itemListElement":[{"@type":"ListItem","position":1,"name":"Portada","item":"https:\/\/www.ull.es\/portal\/noticias\/"},{"@type":"ListItem","position":2,"name":"La Conferencia de Rectores Africanos y Canarios aborda v\u00edas de colaboraci\u00f3n en educaci\u00f3n y salud"}]},{"@type":"WebSite","@id":"https:\/\/www.ull.es\/portal\/noticias\/#website","url":"https:\/\/www.ull.es\/portal\/noticias\/","name":"ULL - Noticias","description":"","potentialAction":[{"@type":"SearchAction","target":{"@type":"EntryPoint","urlTemplate":"https:\/\/www.ull.es\/portal\/noticias\/?s={search_term_string}"},"query-input":"required name=search_term_string"}],"inLanguage":"es"},{"@type":"Person","@id":"https:\/\/www.ull.es\/portal\/noticias\/#\/schema\/person\/c3b2aa857797592927a03740d6664376","name":"prensa2","image":{"@type":"ImageObject","inLanguage":"es","@id":"https:\/\/www.ull.es\/portal\/noticias\/#\/schema\/person\/image\/","url":"https:\/\/secure.gravatar.com\/avatar\/b58f310a5de5feb33d1e026d2493f23c?s=96&d=mm&r=g","contentUrl":"https:\/\/secure.gravatar.com\/avatar\/b58f310a5de5feb33d1e026d2493f23c?s=96&d=mm&r=g","caption":"prensa2"},"url":"https:\/\/www.ull.es\/portal\/noticias\/author\/prensa2\/"}]}},"primary_category":null,"featured_image_thumbnail_url":null,"_links":{"self":[{"href":"https:\/\/www.ull.es\/portal\/noticias\/wp-json\/wp\/v2\/posts\/16517"}],"collection":[{"href":"https:\/\/www.ull.es\/portal\/noticias\/wp-json\/wp\/v2\/posts"}],"about":[{"href":"https:\/\/www.ull.es\/portal\/noticias\/wp-json\/wp\/v2\/types\/post"}],"author":[{"embeddable":true,"href":"https:\/\/www.ull.es\/portal\/noticias\/wp-json\/wp\/v2\/users\/21"}],"replies":[{"embeddable":true,"href":"https:\/\/www.ull.es\/portal\/noticias\/wp-json\/wp\/v2\/comments?post=16517"}],"version-history":[{"count":0,"href":"https:\/\/www.ull.es\/portal\/noticias\/wp-json\/wp\/v2\/posts\/16517\/revisions"}],"wp:attachment":[{"href":"https:\/\/www.ull.es\/portal\/noticias\/wp-json\/wp\/v2\/media?parent=16517"}],"wp:term":[{"taxonomy":"category","embeddable":true,"href":"https:\/\/www.ull.es\/portal\/noticias\/wp-json\/wp\/v2\/categories?post=16517"},{"taxonomy":"post_tag","embeddable":true,"href":"https:\/\/www.ull.es\/portal\/noticias\/wp-json\/wp\/v2\/tags?post=16517"}],"curies":[{"name":"wp","href":"https:\/\/api.w.org\/{rel}","templated":true}]}}