{"id":16542,"date":"2009-09-10T00:00:00","date_gmt":"2009-09-10T00:00:00","guid":{"rendered":"http:\/\/ddigital.webs.ull.es\/la-ull-abre-su-curso-academico-2009-2010-en-el-paraninfo-ocho-anos-despues-de-su-cierre\/"},"modified":"2009-09-10T00:00:00","modified_gmt":"2009-09-10T00:00:00","slug":"la-ull-abre-su-curso-academico-2009-2010-en-el-paraninfo-ocho-anos-despues-de-su-cierre","status":"publish","type":"post","link":"https:\/\/www.ull.es\/portal\/noticias\/2009\/la-ull-abre-su-curso-academico-2009-2010-en-el-paraninfo-ocho-anos-despues-de-su-cierre\/","title":{"rendered":"La ULL abre su curso acad\u00e9mico 2009-2010 en el Paraninfo, ocho a\u00f1os despu\u00e9s de su cierre"},"content":{"rendered":"<p>La Universidad de La Laguna celebrar&aacute; ma&ntilde;ana, viernes 11 de septiembre de 2009 a las 11 horas en el Paraninfo (Edificio Central), el solemne acto de apertura del curso acad&eacute;mico 2009-2010, presidido por el rector de la instituci&oacute;n, Eduardo Dom&eacute;nech Mart&iacute;nez, y que contar&aacute; con la presencia del presidente del Gobierno de Canarias, Paulino Rivero, y el rector de la Universidad de Las Palmas de Gran Canaria, Jos&eacute; Regidor. La lecci&oacute;n inaugural ser&aacute; dictada por el catedr&aacute;tico de Filolog&iacute;a Espa&ntilde;ola Juan Manuel Garc&iacute;a Ramos.<\/p>\n<p>El acto comenzar&aacute; con la lectura de la memoria del pasado curso acad&eacute;mico 2008-2009 a cargo del secretario general de la ULL, Fernando Rosa Gonz&aacute;lez. Seguidamente, Garc&iacute;a Ramos expondr&aacute; su lecci&oacute;n inaugural, titulada &ldquo;Elogio de la literatura&rdquo;, tras la cual se investir&aacute; a 25 de los nuevos doctores con los que cuenta instituci&oacute;n acad&eacute;mica. A continuaci&oacute;n el rector pronunciar&aacute; su discurso de apertura y, para terminar, el presidente auton&oacute;mico abrir&aacute;, en representaci&oacute;n de Su Majestad El Rey, el nuevo curso acad&eacute;mico.<\/p>\n<p> &nbsp;&nbsp;&nbsp; La principal novedad de este a&ntilde;o es la celebraci&oacute;n de este acto en el Paraninfo, que ha permanecido cerrado por obras desde 2001. Aunque la rehabilitaci&oacute;n del inmueble no ha finalizado completamente, se ha habilitado para poder alojar este evento. La apertura ser&aacute; retransmitida en directo en una sala anexa al Paraninfo, y tambi&eacute;n podr&aacute; visionarse a trav&eacute;s de la p&aacute;gina web institucional, en la direcci&oacute;n <a href=\"http:\/\/apertura.ull.es\" target=\"_blank\" target=\"_blank\" rel=\"noopener\">http:\/\/apertura.ull.es<\/a>.<\/p>\n<p> &nbsp;&nbsp;&nbsp; El Paraninfo tuvo que cerrarse a principios de la d&eacute;cada al detectarse que padec&iacute;a da&ntilde;os estructurales. El arquitecto Pedro Dom&iacute;nguez Anad&oacute;n ha proyectado una reforma del espacio que mantiene &iacute;ntegras sus caracter&iacute;sticas principales, en especial su notable ac&uacute;stica, y adem&aacute;s lo adapta a las nuevas necesidades de un recinto cultural del siglo XXI. Es intenci&oacute;n de la ULL que este espacio no s&oacute;lo sirva para acoger los actos universitarios, sino que sea uno de los escenarios que enriquezcan la vida cultural de la ciudad de La Laguna.<\/p>\n<p> &nbsp;&nbsp;&nbsp; Otra novedad es que la Memoria Acad&eacute;mica del pasado curso se ha editado en formato CD-ROM, por razones de ahorro econ&oacute;mico, protecci&oacute;n del medio ambiente y tambi&eacute;n por ser un formato m&aacute;s pr&aacute;ctico para su consulta.<\/p>\n<p> &nbsp;&nbsp;&nbsp; El curso 2009-2010 ser&aacute; el que marque la consolidaci&oacute;n de la adaptaci&oacute;n de titulaciones a la convergencia europea. Aunque en cursos pasados ya se contaba en su oferta docente algunos posgrados oficiales y el primer grado que se imparte en Canarias, el de Periodismo, este nuevo curso el cat&aacute;logo de t&iacute;tulos se ha ampliado. As&iacute;, los alumnos de nuevo ingreso ya pueden acceder a un total de 20 t&iacute;tulos oficiales de grados de todas las &aacute;reas de conocimiento, y veintitr&eacute;s t&iacute;tulos oficiales de posgrado.<\/p>\n","protected":false},"excerpt":{"rendered":"<p>La Universidad de La Laguna celebrar&aacute; ma&ntilde;ana, viernes 11 de septiembre de 2009 a las 11 horas en el Paraninfo&#8230;<\/p>\n","protected":false},"author":21,"featured_media":14799,"comment_status":"open","ping_status":"open","sticky":false,"template":"","format":"standard","meta":{"inline_featured_image":false,"footnotes":""},"categories":[348,1],"tags":[],"acf":[],"yoast_head":"<!-- This site is optimized with the Yoast SEO plugin v21.3 - https:\/\/yoast.com\/wordpress\/plugins\/seo\/ -->\n<title>La ULL abre su curso acad\u00e9mico 2009-2010 en el Paraninfo, ocho a\u00f1os despu\u00e9s de su cierre - ULL - Noticias<\/title>\n<meta name=\"robots\" content=\"index, follow, max-snippet:-1, max-image-preview:large, max-video-preview:-1\" \/>\n<link rel=\"canonical\" href=\"https:\/\/www.ull.es\/portal\/noticias\/2009\/la-ull-abre-su-curso-academico-2009-2010-en-el-paraninfo-ocho-anos-despues-de-su-cierre\/\" \/>\n<meta property=\"og:locale\" content=\"es_ES\" \/>\n<meta property=\"og:type\" content=\"article\" \/>\n<meta property=\"og:title\" content=\"La ULL abre su curso acad\u00e9mico 2009-2010 en el Paraninfo, ocho a\u00f1os despu\u00e9s de su cierre - ULL - Noticias\" \/>\n<meta property=\"og:description\" content=\"La Universidad de La Laguna celebrar&aacute; ma&ntilde;ana, viernes 11 de septiembre de 2009 a las 11 horas en el Paraninfo...\" \/>\n<meta property=\"og:url\" content=\"https:\/\/www.ull.es\/portal\/noticias\/2009\/la-ull-abre-su-curso-academico-2009-2010-en-el-paraninfo-ocho-anos-despues-de-su-cierre\/\" \/>\n<meta property=\"og:site_name\" content=\"ULL - Noticias\" \/>\n<meta property=\"article:publisher\" content=\"https:\/\/www.facebook.com\/universidaddelalaguna\/\" \/>\n<meta property=\"article:published_time\" content=\"2009-09-10T00:00:00+00:00\" \/>\n<meta property=\"og:image\" content=\"https:\/\/www.ull.es\/portal\/noticias\/wp-content\/uploads\/sites\/13\/2015\/07\/paraninfo.jpg\" \/>\n\t<meta property=\"og:image:width\" content=\"536\" \/>\n\t<meta property=\"og:image:height\" content=\"697\" \/>\n\t<meta property=\"og:image:type\" content=\"image\/jpeg\" \/>\n<meta name=\"author\" content=\"prensa2\" \/>\n<meta name=\"twitter:card\" content=\"summary_large_image\" \/>\n<meta name=\"twitter:creator\" content=\"@CanalULL\" \/>\n<meta name=\"twitter:site\" content=\"@CanalULL\" \/>\n<meta name=\"twitter:label1\" content=\"Escrito por\" \/>\n\t<meta name=\"twitter:data1\" content=\"prensa2\" \/>\n\t<meta name=\"twitter:label2\" content=\"Tiempo de lectura\" \/>\n\t<meta name=\"twitter:data2\" content=\"3 minutos\" \/>\n<script type=\"application\/ld+json\" class=\"yoast-schema-graph\">{\"@context\":\"https:\/\/schema.org\",\"@graph\":[{\"@type\":\"WebPage\",\"@id\":\"https:\/\/www.ull.es\/portal\/noticias\/2009\/la-ull-abre-su-curso-academico-2009-2010-en-el-paraninfo-ocho-anos-despues-de-su-cierre\/\",\"url\":\"https:\/\/www.ull.es\/portal\/noticias\/2009\/la-ull-abre-su-curso-academico-2009-2010-en-el-paraninfo-ocho-anos-despues-de-su-cierre\/\",\"name\":\"La ULL abre su curso acad\u00e9mico 2009-2010 en el Paraninfo, ocho a\u00f1os despu\u00e9s de su cierre - ULL - Noticias\",\"isPartOf\":{\"@id\":\"https:\/\/www.ull.es\/portal\/noticias\/#website\"},\"datePublished\":\"2009-09-10T00:00:00+00:00\",\"dateModified\":\"2009-09-10T00:00:00+00:00\",\"author\":{\"@id\":\"https:\/\/www.ull.es\/portal\/noticias\/#\/schema\/person\/c3b2aa857797592927a03740d6664376\"},\"breadcrumb\":{\"@id\":\"https:\/\/www.ull.es\/portal\/noticias\/2009\/la-ull-abre-su-curso-academico-2009-2010-en-el-paraninfo-ocho-anos-despues-de-su-cierre\/#breadcrumb\"},\"inLanguage\":\"es\",\"potentialAction\":[{\"@type\":\"ReadAction\",\"target\":[\"https:\/\/www.ull.es\/portal\/noticias\/2009\/la-ull-abre-su-curso-academico-2009-2010-en-el-paraninfo-ocho-anos-despues-de-su-cierre\/\"]}]},{\"@type\":\"BreadcrumbList\",\"@id\":\"https:\/\/www.ull.es\/portal\/noticias\/2009\/la-ull-abre-su-curso-academico-2009-2010-en-el-paraninfo-ocho-anos-despues-de-su-cierre\/#breadcrumb\",\"itemListElement\":[{\"@type\":\"ListItem\",\"position\":1,\"name\":\"Portada\",\"item\":\"https:\/\/www.ull.es\/portal\/noticias\/\"},{\"@type\":\"ListItem\",\"position\":2,\"name\":\"La ULL abre su curso acad\u00e9mico 2009-2010 en el Paraninfo, ocho a\u00f1os despu\u00e9s de su cierre\"}]},{\"@type\":\"WebSite\",\"@id\":\"https:\/\/www.ull.es\/portal\/noticias\/#website\",\"url\":\"https:\/\/www.ull.es\/portal\/noticias\/\",\"name\":\"ULL - Noticias\",\"description\":\"\",\"potentialAction\":[{\"@type\":\"SearchAction\",\"target\":{\"@type\":\"EntryPoint\",\"urlTemplate\":\"https:\/\/www.ull.es\/portal\/noticias\/?s={search_term_string}\"},\"query-input\":\"required name=search_term_string\"}],\"inLanguage\":\"es\"},{\"@type\":\"Person\",\"@id\":\"https:\/\/www.ull.es\/portal\/noticias\/#\/schema\/person\/c3b2aa857797592927a03740d6664376\",\"name\":\"prensa2\",\"image\":{\"@type\":\"ImageObject\",\"inLanguage\":\"es\",\"@id\":\"https:\/\/www.ull.es\/portal\/noticias\/#\/schema\/person\/image\/\",\"url\":\"https:\/\/secure.gravatar.com\/avatar\/b58f310a5de5feb33d1e026d2493f23c?s=96&d=mm&r=g\",\"contentUrl\":\"https:\/\/secure.gravatar.com\/avatar\/b58f310a5de5feb33d1e026d2493f23c?s=96&d=mm&r=g\",\"caption\":\"prensa2\"},\"url\":\"https:\/\/www.ull.es\/portal\/noticias\/author\/prensa2\/\"}]}<\/script>\n<!-- \/ Yoast SEO plugin. -->","yoast_head_json":{"title":"La ULL abre su curso acad\u00e9mico 2009-2010 en el Paraninfo, ocho a\u00f1os despu\u00e9s de su cierre - ULL - Noticias","robots":{"index":"index","follow":"follow","max-snippet":"max-snippet:-1","max-image-preview":"max-image-preview:large","max-video-preview":"max-video-preview:-1"},"canonical":"https:\/\/www.ull.es\/portal\/noticias\/2009\/la-ull-abre-su-curso-academico-2009-2010-en-el-paraninfo-ocho-anos-despues-de-su-cierre\/","og_locale":"es_ES","og_type":"article","og_title":"La ULL abre su curso acad\u00e9mico 2009-2010 en el Paraninfo, ocho a\u00f1os despu\u00e9s de su cierre - ULL - Noticias","og_description":"La Universidad de La Laguna celebrar&aacute; ma&ntilde;ana, viernes 11 de septiembre de 2009 a las 11 horas en el Paraninfo...","og_url":"https:\/\/www.ull.es\/portal\/noticias\/2009\/la-ull-abre-su-curso-academico-2009-2010-en-el-paraninfo-ocho-anos-despues-de-su-cierre\/","og_site_name":"ULL - Noticias","article_publisher":"https:\/\/www.facebook.com\/universidaddelalaguna\/","article_published_time":"2009-09-10T00:00:00+00:00","og_image":[{"width":536,"height":697,"url":"https:\/\/www.ull.es\/portal\/noticias\/wp-content\/uploads\/sites\/13\/2015\/07\/paraninfo.jpg","type":"image\/jpeg"}],"author":"prensa2","twitter_card":"summary_large_image","twitter_creator":"@CanalULL","twitter_site":"@CanalULL","twitter_misc":{"Escrito por":"prensa2","Tiempo de lectura":"3 minutos"},"schema":{"@context":"https:\/\/schema.org","@graph":[{"@type":"WebPage","@id":"https:\/\/www.ull.es\/portal\/noticias\/2009\/la-ull-abre-su-curso-academico-2009-2010-en-el-paraninfo-ocho-anos-despues-de-su-cierre\/","url":"https:\/\/www.ull.es\/portal\/noticias\/2009\/la-ull-abre-su-curso-academico-2009-2010-en-el-paraninfo-ocho-anos-despues-de-su-cierre\/","name":"La ULL abre su curso acad\u00e9mico 2009-2010 en el Paraninfo, ocho a\u00f1os despu\u00e9s de su cierre - ULL - Noticias","isPartOf":{"@id":"https:\/\/www.ull.es\/portal\/noticias\/#website"},"datePublished":"2009-09-10T00:00:00+00:00","dateModified":"2009-09-10T00:00:00+00:00","author":{"@id":"https:\/\/www.ull.es\/portal\/noticias\/#\/schema\/person\/c3b2aa857797592927a03740d6664376"},"breadcrumb":{"@id":"https:\/\/www.ull.es\/portal\/noticias\/2009\/la-ull-abre-su-curso-academico-2009-2010-en-el-paraninfo-ocho-anos-despues-de-su-cierre\/#breadcrumb"},"inLanguage":"es","potentialAction":[{"@type":"ReadAction","target":["https:\/\/www.ull.es\/portal\/noticias\/2009\/la-ull-abre-su-curso-academico-2009-2010-en-el-paraninfo-ocho-anos-despues-de-su-cierre\/"]}]},{"@type":"BreadcrumbList","@id":"https:\/\/www.ull.es\/portal\/noticias\/2009\/la-ull-abre-su-curso-academico-2009-2010-en-el-paraninfo-ocho-anos-despues-de-su-cierre\/#breadcrumb","itemListElement":[{"@type":"ListItem","position":1,"name":"Portada","item":"https:\/\/www.ull.es\/portal\/noticias\/"},{"@type":"ListItem","position":2,"name":"La ULL abre su curso acad\u00e9mico 2009-2010 en el Paraninfo, ocho a\u00f1os despu\u00e9s de su cierre"}]},{"@type":"WebSite","@id":"https:\/\/www.ull.es\/portal\/noticias\/#website","url":"https:\/\/www.ull.es\/portal\/noticias\/","name":"ULL - Noticias","description":"","potentialAction":[{"@type":"SearchAction","target":{"@type":"EntryPoint","urlTemplate":"https:\/\/www.ull.es\/portal\/noticias\/?s={search_term_string}"},"query-input":"required name=search_term_string"}],"inLanguage":"es"},{"@type":"Person","@id":"https:\/\/www.ull.es\/portal\/noticias\/#\/schema\/person\/c3b2aa857797592927a03740d6664376","name":"prensa2","image":{"@type":"ImageObject","inLanguage":"es","@id":"https:\/\/www.ull.es\/portal\/noticias\/#\/schema\/person\/image\/","url":"https:\/\/secure.gravatar.com\/avatar\/b58f310a5de5feb33d1e026d2493f23c?s=96&d=mm&r=g","contentUrl":"https:\/\/secure.gravatar.com\/avatar\/b58f310a5de5feb33d1e026d2493f23c?s=96&d=mm&r=g","caption":"prensa2"},"url":"https:\/\/www.ull.es\/portal\/noticias\/author\/prensa2\/"}]}},"primary_category":null,"featured_image_thumbnail_url":"https:\/\/www.ull.es\/portal\/noticias\/wp-content\/uploads\/sites\/13\/2015\/07\/paraninfo-231x300.jpg","_links":{"self":[{"href":"https:\/\/www.ull.es\/portal\/noticias\/wp-json\/wp\/v2\/posts\/16542"}],"collection":[{"href":"https:\/\/www.ull.es\/portal\/noticias\/wp-json\/wp\/v2\/posts"}],"about":[{"href":"https:\/\/www.ull.es\/portal\/noticias\/wp-json\/wp\/v2\/types\/post"}],"author":[{"embeddable":true,"href":"https:\/\/www.ull.es\/portal\/noticias\/wp-json\/wp\/v2\/users\/21"}],"replies":[{"embeddable":true,"href":"https:\/\/www.ull.es\/portal\/noticias\/wp-json\/wp\/v2\/comments?post=16542"}],"version-history":[{"count":0,"href":"https:\/\/www.ull.es\/portal\/noticias\/wp-json\/wp\/v2\/posts\/16542\/revisions"}],"wp:featuredmedia":[{"embeddable":true,"href":"https:\/\/www.ull.es\/portal\/noticias\/wp-json\/wp\/v2\/media\/14799"}],"wp:attachment":[{"href":"https:\/\/www.ull.es\/portal\/noticias\/wp-json\/wp\/v2\/media?parent=16542"}],"wp:term":[{"taxonomy":"category","embeddable":true,"href":"https:\/\/www.ull.es\/portal\/noticias\/wp-json\/wp\/v2\/categories?post=16542"},{"taxonomy":"post_tag","embeddable":true,"href":"https:\/\/www.ull.es\/portal\/noticias\/wp-json\/wp\/v2\/tags?post=16542"}],"curies":[{"name":"wp","href":"https:\/\/api.w.org\/{rel}","templated":true}]}}