{"id":16550,"date":"2009-10-19T00:00:00","date_gmt":"2009-10-19T00:00:00","guid":{"rendered":"http:\/\/ddigital.webs.ull.es\/la-ull-informa-a-los-colegios-profesionales-sobre-como-obtener-el-grado-en-ingenieria-de-edificacion\/"},"modified":"2009-10-19T00:00:00","modified_gmt":"2009-10-19T00:00:00","slug":"la-ull-informa-a-los-colegios-profesionales-sobre-como-obtener-el-grado-en-ingenieria-de-edificacion","status":"publish","type":"post","link":"https:\/\/www.ull.es\/portal\/noticias\/2009\/la-ull-informa-a-los-colegios-profesionales-sobre-como-obtener-el-grado-en-ingenieria-de-edificacion\/","title":{"rendered":"La ULL informa a los colegios profesionales sobre c\u00f3mo obtener el Grado en Ingenier\u00eda de Edificaci\u00f3n"},"content":{"rendered":"<p>El vicerrector de Ordenaci&oacute;n Acad&eacute;mica de la Universidad de La Laguna, Jos&eacute; Mar&iacute;a Palaz&oacute;n, mantuvo recientemente una reuni&oacute;n informativa con el equipo de direcci&oacute;n de la Escuela de Ingenier&iacute;a de Edificaci&oacute;n (antes de Arquitectura T&eacute;cnica) y los presidentes de los colegios profesionales de Lanzarote, Fuerteventura, La Palma, La Gomera, El Hierro y Tenerife, con la finalidad de dar a conocer en qu&eacute; punto se encuentra la redacci&oacute;n del curso de adaptaci&oacute;n que la ULL impartir&aacute; para los arquitectos t&eacute;cnicos que deseen obtener el t&iacute;tulo de Grado en Ingenier&iacute;a de Edificaci&oacute;n, toda vez que se ha detectado una amplia demanda entre los profesionales sobre esta cuesti&oacute;n.<\/p>\n<p>En el transcurso de la reuni&oacute;n, el vicerrector comunic&oacute; a los presentes que la Universidad de La Laguna comenzar&aacute; en breve a articular este curso de adaptaci&oacute;n, en virtud de su reglamento de estudios propios de grado y que en el mismo se incluir&aacute;n los mecanismos de reconocimiento de cr&eacute;ditos por ejercicio profesional.<br \/> &nbsp;<br \/> Palaz&oacute;n inform&oacute;, adem&aacute;s, que se potenciar&aacute; el uso de la docencia virtual, en la mayor medida posible, en la impartici&oacute;n de los contenidos de esta acci&oacute;n formativa, utilizando los recursos con los que cuenta la universidad y aplicando tanto modelos de docencia virtual as&iacute;ncrona (no presencial), a trav&eacute;s de aulas virtuales alojadas en su Campus Virtual, como s&iacute;ncrona (videoconferencias, aulas inteligentes con pizarras digitales), de forma que los interesados en realizar estos cursos de adaptaci&oacute;n no tengan que desplazarse a las instalaciones de la escuela, atendiendo as&iacute; a los residentes en otras islas y fuera del &aacute;rea La Laguna-Santa Cruz. <\/p>\n<p> El responsable del cat&aacute;logo de titulaciones de la ULL pidi&oacute; la colaboraci&oacute;n de los representantes de los colegios profesionales para el establecimiento de aulas en las otras islas que permitiesen el desarrollo de esta &uacute;ltima modalidad. Esta medida, junto con la ubicaci&oacute;n de las clases presenciales en horario de tarde, persigue compatibilizar el ejercicio profesional con el estudio. <\/p>\n<p> As&iacute;, se estima que, una vez dise&ntilde;ado el curso de adaptaci&oacute;n y realizados los tr&aacute;mites internos de aprobaci&oacute;n, la primera edici&oacute;n del curso podr&iacute;a iniciarse sobre febrero-marzo del pr&oacute;ximo a&ntilde;o 2010. Habr&aacute; tantas ediciones como sea preciso para cubrir la demanda que exista por parte de los titulados en Arquitectura T&eacute;cnica que deseen acceder al t&iacute;tulo de Graduado\/a en Ingenier&iacute;a de Edificaci&oacute;n por la Universidad de La Laguna, seg&uacute;n manifest&oacute; el vicerrector de Ordenaci&oacute;n Acad&eacute;mica en el citado encuentro.<\/p>\n","protected":false},"excerpt":{"rendered":"<p>El vicerrector de Ordenaci&oacute;n Acad&eacute;mica de la Universidad de La Laguna, Jos&eacute; Mar&iacute;a Palaz&oacute;n, mantuvo recientemente una reuni&oacute;n informativa con&#8230;<\/p>\n","protected":false},"author":21,"featured_media":0,"comment_status":"open","ping_status":"open","sticky":false,"template":"","format":"standard","meta":{"inline_featured_image":false,"footnotes":""},"categories":[348,1],"tags":[],"acf":[],"yoast_head":"<!-- This site is optimized with the Yoast SEO plugin v21.3 - https:\/\/yoast.com\/wordpress\/plugins\/seo\/ -->\n<title>La ULL informa a los colegios profesionales sobre c\u00f3mo obtener el Grado en Ingenier\u00eda de Edificaci\u00f3n - ULL - Noticias<\/title>\n<meta name=\"robots\" content=\"index, follow, max-snippet:-1, max-image-preview:large, max-video-preview:-1\" \/>\n<link rel=\"canonical\" href=\"https:\/\/www.ull.es\/portal\/noticias\/2009\/la-ull-informa-a-los-colegios-profesionales-sobre-como-obtener-el-grado-en-ingenieria-de-edificacion\/\" \/>\n<meta property=\"og:locale\" content=\"es_ES\" \/>\n<meta property=\"og:type\" content=\"article\" \/>\n<meta property=\"og:title\" content=\"La ULL informa a los colegios profesionales sobre c\u00f3mo obtener el Grado en Ingenier\u00eda de Edificaci\u00f3n - ULL - Noticias\" \/>\n<meta property=\"og:description\" content=\"El vicerrector de Ordenaci&oacute;n Acad&eacute;mica de la Universidad de La Laguna, Jos&eacute; Mar&iacute;a Palaz&oacute;n, mantuvo recientemente una reuni&oacute;n informativa con...\" \/>\n<meta property=\"og:url\" content=\"https:\/\/www.ull.es\/portal\/noticias\/2009\/la-ull-informa-a-los-colegios-profesionales-sobre-como-obtener-el-grado-en-ingenieria-de-edificacion\/\" \/>\n<meta property=\"og:site_name\" content=\"ULL - Noticias\" \/>\n<meta property=\"article:publisher\" content=\"https:\/\/www.facebook.com\/universidaddelalaguna\/\" \/>\n<meta property=\"article:published_time\" content=\"2009-10-19T00:00:00+00:00\" \/>\n<meta property=\"og:image\" content=\"https:\/\/www.ull.es\/portal\/noticias\/wp-content\/uploads\/sites\/13\/2023\/06\/logo-redimensionado.png\" \/>\n\t<meta property=\"og:image:width\" content=\"1200\" \/>\n\t<meta property=\"og:image:height\" content=\"630\" \/>\n\t<meta property=\"og:image:type\" content=\"image\/png\" \/>\n<meta name=\"author\" content=\"prensa2\" \/>\n<meta name=\"twitter:card\" content=\"summary_large_image\" \/>\n<meta name=\"twitter:creator\" content=\"@CanalULL\" \/>\n<meta name=\"twitter:site\" content=\"@CanalULL\" \/>\n<meta name=\"twitter:label1\" content=\"Escrito por\" \/>\n\t<meta name=\"twitter:data1\" content=\"prensa2\" \/>\n\t<meta name=\"twitter:label2\" content=\"Tiempo de lectura\" \/>\n\t<meta name=\"twitter:data2\" content=\"3 minutos\" \/>\n<script type=\"application\/ld+json\" class=\"yoast-schema-graph\">{\"@context\":\"https:\/\/schema.org\",\"@graph\":[{\"@type\":\"WebPage\",\"@id\":\"https:\/\/www.ull.es\/portal\/noticias\/2009\/la-ull-informa-a-los-colegios-profesionales-sobre-como-obtener-el-grado-en-ingenieria-de-edificacion\/\",\"url\":\"https:\/\/www.ull.es\/portal\/noticias\/2009\/la-ull-informa-a-los-colegios-profesionales-sobre-como-obtener-el-grado-en-ingenieria-de-edificacion\/\",\"name\":\"La ULL informa a los colegios profesionales sobre c\u00f3mo obtener el Grado en Ingenier\u00eda de Edificaci\u00f3n - ULL - Noticias\",\"isPartOf\":{\"@id\":\"https:\/\/www.ull.es\/portal\/noticias\/#website\"},\"datePublished\":\"2009-10-19T00:00:00+00:00\",\"dateModified\":\"2009-10-19T00:00:00+00:00\",\"author\":{\"@id\":\"https:\/\/www.ull.es\/portal\/noticias\/#\/schema\/person\/c3b2aa857797592927a03740d6664376\"},\"breadcrumb\":{\"@id\":\"https:\/\/www.ull.es\/portal\/noticias\/2009\/la-ull-informa-a-los-colegios-profesionales-sobre-como-obtener-el-grado-en-ingenieria-de-edificacion\/#breadcrumb\"},\"inLanguage\":\"es\",\"potentialAction\":[{\"@type\":\"ReadAction\",\"target\":[\"https:\/\/www.ull.es\/portal\/noticias\/2009\/la-ull-informa-a-los-colegios-profesionales-sobre-como-obtener-el-grado-en-ingenieria-de-edificacion\/\"]}]},{\"@type\":\"BreadcrumbList\",\"@id\":\"https:\/\/www.ull.es\/portal\/noticias\/2009\/la-ull-informa-a-los-colegios-profesionales-sobre-como-obtener-el-grado-en-ingenieria-de-edificacion\/#breadcrumb\",\"itemListElement\":[{\"@type\":\"ListItem\",\"position\":1,\"name\":\"Portada\",\"item\":\"https:\/\/www.ull.es\/portal\/noticias\/\"},{\"@type\":\"ListItem\",\"position\":2,\"name\":\"La ULL informa a los colegios profesionales sobre c\u00f3mo obtener el Grado en Ingenier\u00eda de Edificaci\u00f3n\"}]},{\"@type\":\"WebSite\",\"@id\":\"https:\/\/www.ull.es\/portal\/noticias\/#website\",\"url\":\"https:\/\/www.ull.es\/portal\/noticias\/\",\"name\":\"ULL - Noticias\",\"description\":\"\",\"potentialAction\":[{\"@type\":\"SearchAction\",\"target\":{\"@type\":\"EntryPoint\",\"urlTemplate\":\"https:\/\/www.ull.es\/portal\/noticias\/?s={search_term_string}\"},\"query-input\":\"required name=search_term_string\"}],\"inLanguage\":\"es\"},{\"@type\":\"Person\",\"@id\":\"https:\/\/www.ull.es\/portal\/noticias\/#\/schema\/person\/c3b2aa857797592927a03740d6664376\",\"name\":\"prensa2\",\"image\":{\"@type\":\"ImageObject\",\"inLanguage\":\"es\",\"@id\":\"https:\/\/www.ull.es\/portal\/noticias\/#\/schema\/person\/image\/\",\"url\":\"https:\/\/secure.gravatar.com\/avatar\/b58f310a5de5feb33d1e026d2493f23c?s=96&d=mm&r=g\",\"contentUrl\":\"https:\/\/secure.gravatar.com\/avatar\/b58f310a5de5feb33d1e026d2493f23c?s=96&d=mm&r=g\",\"caption\":\"prensa2\"},\"url\":\"https:\/\/www.ull.es\/portal\/noticias\/author\/prensa2\/\"}]}<\/script>\n<!-- \/ Yoast SEO plugin. -->","yoast_head_json":{"title":"La ULL informa a los colegios profesionales sobre c\u00f3mo obtener el Grado en Ingenier\u00eda de Edificaci\u00f3n - ULL - Noticias","robots":{"index":"index","follow":"follow","max-snippet":"max-snippet:-1","max-image-preview":"max-image-preview:large","max-video-preview":"max-video-preview:-1"},"canonical":"https:\/\/www.ull.es\/portal\/noticias\/2009\/la-ull-informa-a-los-colegios-profesionales-sobre-como-obtener-el-grado-en-ingenieria-de-edificacion\/","og_locale":"es_ES","og_type":"article","og_title":"La ULL informa a los colegios profesionales sobre c\u00f3mo obtener el Grado en Ingenier\u00eda de Edificaci\u00f3n - ULL - Noticias","og_description":"El vicerrector de Ordenaci&oacute;n Acad&eacute;mica de la Universidad de La Laguna, Jos&eacute; Mar&iacute;a Palaz&oacute;n, mantuvo recientemente una reuni&oacute;n informativa con...","og_url":"https:\/\/www.ull.es\/portal\/noticias\/2009\/la-ull-informa-a-los-colegios-profesionales-sobre-como-obtener-el-grado-en-ingenieria-de-edificacion\/","og_site_name":"ULL - Noticias","article_publisher":"https:\/\/www.facebook.com\/universidaddelalaguna\/","article_published_time":"2009-10-19T00:00:00+00:00","og_image":[{"width":1200,"height":630,"url":"https:\/\/www.ull.es\/portal\/noticias\/wp-content\/uploads\/sites\/13\/2023\/06\/logo-redimensionado.png","type":"image\/png"}],"author":"prensa2","twitter_card":"summary_large_image","twitter_creator":"@CanalULL","twitter_site":"@CanalULL","twitter_misc":{"Escrito por":"prensa2","Tiempo de lectura":"3 minutos"},"schema":{"@context":"https:\/\/schema.org","@graph":[{"@type":"WebPage","@id":"https:\/\/www.ull.es\/portal\/noticias\/2009\/la-ull-informa-a-los-colegios-profesionales-sobre-como-obtener-el-grado-en-ingenieria-de-edificacion\/","url":"https:\/\/www.ull.es\/portal\/noticias\/2009\/la-ull-informa-a-los-colegios-profesionales-sobre-como-obtener-el-grado-en-ingenieria-de-edificacion\/","name":"La ULL informa a los colegios profesionales sobre c\u00f3mo obtener el Grado en Ingenier\u00eda de Edificaci\u00f3n - ULL - Noticias","isPartOf":{"@id":"https:\/\/www.ull.es\/portal\/noticias\/#website"},"datePublished":"2009-10-19T00:00:00+00:00","dateModified":"2009-10-19T00:00:00+00:00","author":{"@id":"https:\/\/www.ull.es\/portal\/noticias\/#\/schema\/person\/c3b2aa857797592927a03740d6664376"},"breadcrumb":{"@id":"https:\/\/www.ull.es\/portal\/noticias\/2009\/la-ull-informa-a-los-colegios-profesionales-sobre-como-obtener-el-grado-en-ingenieria-de-edificacion\/#breadcrumb"},"inLanguage":"es","potentialAction":[{"@type":"ReadAction","target":["https:\/\/www.ull.es\/portal\/noticias\/2009\/la-ull-informa-a-los-colegios-profesionales-sobre-como-obtener-el-grado-en-ingenieria-de-edificacion\/"]}]},{"@type":"BreadcrumbList","@id":"https:\/\/www.ull.es\/portal\/noticias\/2009\/la-ull-informa-a-los-colegios-profesionales-sobre-como-obtener-el-grado-en-ingenieria-de-edificacion\/#breadcrumb","itemListElement":[{"@type":"ListItem","position":1,"name":"Portada","item":"https:\/\/www.ull.es\/portal\/noticias\/"},{"@type":"ListItem","position":2,"name":"La ULL informa a los colegios profesionales sobre c\u00f3mo obtener el Grado en Ingenier\u00eda de Edificaci\u00f3n"}]},{"@type":"WebSite","@id":"https:\/\/www.ull.es\/portal\/noticias\/#website","url":"https:\/\/www.ull.es\/portal\/noticias\/","name":"ULL - Noticias","description":"","potentialAction":[{"@type":"SearchAction","target":{"@type":"EntryPoint","urlTemplate":"https:\/\/www.ull.es\/portal\/noticias\/?s={search_term_string}"},"query-input":"required name=search_term_string"}],"inLanguage":"es"},{"@type":"Person","@id":"https:\/\/www.ull.es\/portal\/noticias\/#\/schema\/person\/c3b2aa857797592927a03740d6664376","name":"prensa2","image":{"@type":"ImageObject","inLanguage":"es","@id":"https:\/\/www.ull.es\/portal\/noticias\/#\/schema\/person\/image\/","url":"https:\/\/secure.gravatar.com\/avatar\/b58f310a5de5feb33d1e026d2493f23c?s=96&d=mm&r=g","contentUrl":"https:\/\/secure.gravatar.com\/avatar\/b58f310a5de5feb33d1e026d2493f23c?s=96&d=mm&r=g","caption":"prensa2"},"url":"https:\/\/www.ull.es\/portal\/noticias\/author\/prensa2\/"}]}},"primary_category":null,"featured_image_thumbnail_url":null,"_links":{"self":[{"href":"https:\/\/www.ull.es\/portal\/noticias\/wp-json\/wp\/v2\/posts\/16550"}],"collection":[{"href":"https:\/\/www.ull.es\/portal\/noticias\/wp-json\/wp\/v2\/posts"}],"about":[{"href":"https:\/\/www.ull.es\/portal\/noticias\/wp-json\/wp\/v2\/types\/post"}],"author":[{"embeddable":true,"href":"https:\/\/www.ull.es\/portal\/noticias\/wp-json\/wp\/v2\/users\/21"}],"replies":[{"embeddable":true,"href":"https:\/\/www.ull.es\/portal\/noticias\/wp-json\/wp\/v2\/comments?post=16550"}],"version-history":[{"count":0,"href":"https:\/\/www.ull.es\/portal\/noticias\/wp-json\/wp\/v2\/posts\/16550\/revisions"}],"wp:attachment":[{"href":"https:\/\/www.ull.es\/portal\/noticias\/wp-json\/wp\/v2\/media?parent=16550"}],"wp:term":[{"taxonomy":"category","embeddable":true,"href":"https:\/\/www.ull.es\/portal\/noticias\/wp-json\/wp\/v2\/categories?post=16550"},{"taxonomy":"post_tag","embeddable":true,"href":"https:\/\/www.ull.es\/portal\/noticias\/wp-json\/wp\/v2\/tags?post=16550"}],"curies":[{"name":"wp","href":"https:\/\/api.w.org\/{rel}","templated":true}]}}