{"id":16556,"date":"2009-11-10T00:00:00","date_gmt":"2009-11-10T00:00:00","guid":{"rendered":"http:\/\/ddigital.webs.ull.es\/el-nuevo-equipo-de-direccion-de-la-escuela-de-ingenieria-civil-e-industrial-de-la-ull-toma-posesion-de-sus-cargos\/"},"modified":"2009-11-10T00:00:00","modified_gmt":"2009-11-10T00:00:00","slug":"el-nuevo-equipo-de-direccion-de-la-escuela-de-ingenieria-civil-e-industrial-de-la-ull-toma-posesion-de-sus-cargos","status":"publish","type":"post","link":"https:\/\/www.ull.es\/portal\/noticias\/2009\/el-nuevo-equipo-de-direccion-de-la-escuela-de-ingenieria-civil-e-industrial-de-la-ull-toma-posesion-de-sus-cargos\/","title":{"rendered":"El nuevo equipo de direcci\u00f3n de la Escuela de Ingenier\u00eda Civil e Industrial de la ULL toma posesi\u00f3n de sus cargos"},"content":{"rendered":"<p>El nuevo equipo de direcci&oacute;n de la Escuela T&eacute;cnica Superior de Ingenier&iacute;a Civil e Industrial de la Universidad&nbsp; de La Laguna ha tomado hoy, martes 10 de noviembre de 2009, posesi&oacute;n de su cargos. El nuevo director del centro ser&aacute; Ernesto Pereda de Pablo, quien estar&aacute; acompa&ntilde;ado por Jos&eacute; Gonz&aacute;lez Gonz&aacute;lez como secretario, Bel&eacute;n Meli&aacute;n Batista como subdirectora de Infraestructuras, Silvia Alay&oacute;n Miranda como subdirectora de Relaciones Institucionales, y Eduardo Gonz&aacute;lez D&iacute;az como subdirector de Ordenaci&oacute;n Acad&eacute;mica.<\/p>\n<p>El nuevo director de la escuela plante&oacute; tres retos principales que debe afrontar de manera casi inmediata. En primer lugar, asegurar que el centro cuenta con las infraestructuras docentes necesarias para poder impartir sus titulaciones en las mejores condiciones. Actualmente, la Escuela T&eacute;cnica Superior de Ingenier&iacute;a Civil e Industrial comparte edificio con las facultades de F&iacute;sica y Matem&aacute;ticas, y la escuela de Ingenier&iacute;a Inform&aacute;tica, por lo que ser&aacute; necesario llegar a acuerdos con esos centros para compartir el inmueble, y cumplir la normativa aprobada sobre espacios docentes.<\/p>\n<p> &nbsp;&nbsp;&nbsp; El segundo punto es la consecuci&oacute;n de una dotaci&oacute;n presupuestaria para la escuela similar a la de otros centros de la ULL con el mismo n&uacute;mero de profesores. Esta reclamaci&oacute;n obedece a que en la actualidad todav&iacute;a se sigue manejando la dotaci&oacute;n monetaria provisional que se calcul&oacute; cuando se abri&oacute; el centro, y que tras unos a&ntilde;os de actividad a&uacute;n no se ha actualizado.<\/p>\n<p> &nbsp;&nbsp;&nbsp; Pereda tambi&eacute;n habl&oacute; de culminar los proyectos de grado en Ingenier&iacute;a Qu&iacute;mica Industrial e Ingenier&iacute;a Civil. Los primeros tr&aacute;mites en la escuela ya han finalizado, y es previsible que sean aprobados antes de fin de mes por parte del Consejo de Gobierno y el Consejo Social de la ULL para iniciar su an&aacute;lisis en la Agencia Nacional de Evaluaci&oacute;n de la Calidad y Acreditaci&oacute;n (ANECA) a finales de mes.<\/p>\n<p> &nbsp;&nbsp;&nbsp; A medio plazo, la escuela posee otros retos, tambi&eacute;n relacionados con la implantaci&oacute;n de nuevas titulaciones. As&iacute;, se estudiar&aacute; la implantaci&oacute;n de un grado en Ingenier&iacute;a El&eacute;ctrica y de un m&aacute;ster con perfil profesionalizador que complemente el ya existente, que es de car&aacute;cter investigador.<\/p>\n","protected":false},"excerpt":{"rendered":"<p>El nuevo equipo de direcci&oacute;n de la Escuela T&eacute;cnica Superior de Ingenier&iacute;a Civil e Industrial de la Universidad&nbsp; de La&#8230;<\/p>\n","protected":false},"author":21,"featured_media":0,"comment_status":"open","ping_status":"open","sticky":false,"template":"","format":"standard","meta":{"inline_featured_image":false,"footnotes":""},"categories":[348,1],"tags":[],"acf":[],"yoast_head":"<!-- This site is optimized with the Yoast SEO plugin v21.3 - https:\/\/yoast.com\/wordpress\/plugins\/seo\/ -->\n<title>El nuevo equipo de direcci\u00f3n de la Escuela de Ingenier\u00eda Civil e Industrial de la ULL toma posesi\u00f3n de sus cargos - ULL - Noticias<\/title>\n<meta name=\"robots\" content=\"index, follow, max-snippet:-1, max-image-preview:large, max-video-preview:-1\" \/>\n<link rel=\"canonical\" href=\"https:\/\/www.ull.es\/portal\/noticias\/2009\/el-nuevo-equipo-de-direccion-de-la-escuela-de-ingenieria-civil-e-industrial-de-la-ull-toma-posesion-de-sus-cargos\/\" \/>\n<meta property=\"og:locale\" content=\"es_ES\" \/>\n<meta property=\"og:type\" content=\"article\" \/>\n<meta property=\"og:title\" content=\"El nuevo equipo de direcci\u00f3n de la Escuela de Ingenier\u00eda Civil e Industrial de la ULL toma posesi\u00f3n de sus cargos - ULL - Noticias\" \/>\n<meta property=\"og:description\" content=\"El nuevo equipo de direcci&oacute;n de la Escuela T&eacute;cnica Superior de Ingenier&iacute;a Civil e Industrial de la Universidad&nbsp; de La...\" \/>\n<meta property=\"og:url\" content=\"https:\/\/www.ull.es\/portal\/noticias\/2009\/el-nuevo-equipo-de-direccion-de-la-escuela-de-ingenieria-civil-e-industrial-de-la-ull-toma-posesion-de-sus-cargos\/\" \/>\n<meta property=\"og:site_name\" content=\"ULL - Noticias\" \/>\n<meta property=\"article:publisher\" content=\"https:\/\/www.facebook.com\/universidaddelalaguna\/\" \/>\n<meta property=\"article:published_time\" content=\"2009-11-10T00:00:00+00:00\" \/>\n<meta property=\"og:image\" content=\"https:\/\/www.ull.es\/portal\/noticias\/wp-content\/uploads\/sites\/13\/2023\/06\/logo-redimensionado.png\" \/>\n\t<meta property=\"og:image:width\" content=\"1200\" \/>\n\t<meta property=\"og:image:height\" content=\"630\" \/>\n\t<meta property=\"og:image:type\" content=\"image\/png\" \/>\n<meta name=\"author\" content=\"prensa2\" \/>\n<meta name=\"twitter:card\" content=\"summary_large_image\" \/>\n<meta name=\"twitter:creator\" content=\"@CanalULL\" \/>\n<meta name=\"twitter:site\" content=\"@CanalULL\" \/>\n<meta name=\"twitter:label1\" content=\"Escrito por\" \/>\n\t<meta name=\"twitter:data1\" content=\"prensa2\" \/>\n\t<meta name=\"twitter:label2\" content=\"Tiempo de lectura\" \/>\n\t<meta name=\"twitter:data2\" content=\"2 minutos\" \/>\n<script type=\"application\/ld+json\" class=\"yoast-schema-graph\">{\"@context\":\"https:\/\/schema.org\",\"@graph\":[{\"@type\":\"WebPage\",\"@id\":\"https:\/\/www.ull.es\/portal\/noticias\/2009\/el-nuevo-equipo-de-direccion-de-la-escuela-de-ingenieria-civil-e-industrial-de-la-ull-toma-posesion-de-sus-cargos\/\",\"url\":\"https:\/\/www.ull.es\/portal\/noticias\/2009\/el-nuevo-equipo-de-direccion-de-la-escuela-de-ingenieria-civil-e-industrial-de-la-ull-toma-posesion-de-sus-cargos\/\",\"name\":\"El nuevo equipo de direcci\u00f3n de la Escuela de Ingenier\u00eda Civil e Industrial de la ULL toma posesi\u00f3n de sus cargos - ULL - Noticias\",\"isPartOf\":{\"@id\":\"https:\/\/www.ull.es\/portal\/noticias\/#website\"},\"datePublished\":\"2009-11-10T00:00:00+00:00\",\"dateModified\":\"2009-11-10T00:00:00+00:00\",\"author\":{\"@id\":\"https:\/\/www.ull.es\/portal\/noticias\/#\/schema\/person\/c3b2aa857797592927a03740d6664376\"},\"breadcrumb\":{\"@id\":\"https:\/\/www.ull.es\/portal\/noticias\/2009\/el-nuevo-equipo-de-direccion-de-la-escuela-de-ingenieria-civil-e-industrial-de-la-ull-toma-posesion-de-sus-cargos\/#breadcrumb\"},\"inLanguage\":\"es\",\"potentialAction\":[{\"@type\":\"ReadAction\",\"target\":[\"https:\/\/www.ull.es\/portal\/noticias\/2009\/el-nuevo-equipo-de-direccion-de-la-escuela-de-ingenieria-civil-e-industrial-de-la-ull-toma-posesion-de-sus-cargos\/\"]}]},{\"@type\":\"BreadcrumbList\",\"@id\":\"https:\/\/www.ull.es\/portal\/noticias\/2009\/el-nuevo-equipo-de-direccion-de-la-escuela-de-ingenieria-civil-e-industrial-de-la-ull-toma-posesion-de-sus-cargos\/#breadcrumb\",\"itemListElement\":[{\"@type\":\"ListItem\",\"position\":1,\"name\":\"Portada\",\"item\":\"https:\/\/www.ull.es\/portal\/noticias\/\"},{\"@type\":\"ListItem\",\"position\":2,\"name\":\"El nuevo equipo de direcci\u00f3n de la Escuela de Ingenier\u00eda Civil e Industrial de la ULL toma posesi\u00f3n de sus cargos\"}]},{\"@type\":\"WebSite\",\"@id\":\"https:\/\/www.ull.es\/portal\/noticias\/#website\",\"url\":\"https:\/\/www.ull.es\/portal\/noticias\/\",\"name\":\"ULL - Noticias\",\"description\":\"\",\"potentialAction\":[{\"@type\":\"SearchAction\",\"target\":{\"@type\":\"EntryPoint\",\"urlTemplate\":\"https:\/\/www.ull.es\/portal\/noticias\/?s={search_term_string}\"},\"query-input\":\"required name=search_term_string\"}],\"inLanguage\":\"es\"},{\"@type\":\"Person\",\"@id\":\"https:\/\/www.ull.es\/portal\/noticias\/#\/schema\/person\/c3b2aa857797592927a03740d6664376\",\"name\":\"prensa2\",\"image\":{\"@type\":\"ImageObject\",\"inLanguage\":\"es\",\"@id\":\"https:\/\/www.ull.es\/portal\/noticias\/#\/schema\/person\/image\/\",\"url\":\"https:\/\/secure.gravatar.com\/avatar\/b58f310a5de5feb33d1e026d2493f23c?s=96&d=mm&r=g\",\"contentUrl\":\"https:\/\/secure.gravatar.com\/avatar\/b58f310a5de5feb33d1e026d2493f23c?s=96&d=mm&r=g\",\"caption\":\"prensa2\"},\"url\":\"https:\/\/www.ull.es\/portal\/noticias\/author\/prensa2\/\"}]}<\/script>\n<!-- \/ Yoast SEO plugin. -->","yoast_head_json":{"title":"El nuevo equipo de direcci\u00f3n de la Escuela de Ingenier\u00eda Civil e Industrial de la ULL toma posesi\u00f3n de sus cargos - ULL - Noticias","robots":{"index":"index","follow":"follow","max-snippet":"max-snippet:-1","max-image-preview":"max-image-preview:large","max-video-preview":"max-video-preview:-1"},"canonical":"https:\/\/www.ull.es\/portal\/noticias\/2009\/el-nuevo-equipo-de-direccion-de-la-escuela-de-ingenieria-civil-e-industrial-de-la-ull-toma-posesion-de-sus-cargos\/","og_locale":"es_ES","og_type":"article","og_title":"El nuevo equipo de direcci\u00f3n de la Escuela de Ingenier\u00eda Civil e Industrial de la ULL toma posesi\u00f3n de sus cargos - ULL - Noticias","og_description":"El nuevo equipo de direcci&oacute;n de la Escuela T&eacute;cnica Superior de Ingenier&iacute;a Civil e Industrial de la Universidad&nbsp; de La...","og_url":"https:\/\/www.ull.es\/portal\/noticias\/2009\/el-nuevo-equipo-de-direccion-de-la-escuela-de-ingenieria-civil-e-industrial-de-la-ull-toma-posesion-de-sus-cargos\/","og_site_name":"ULL - Noticias","article_publisher":"https:\/\/www.facebook.com\/universidaddelalaguna\/","article_published_time":"2009-11-10T00:00:00+00:00","og_image":[{"width":1200,"height":630,"url":"https:\/\/www.ull.es\/portal\/noticias\/wp-content\/uploads\/sites\/13\/2023\/06\/logo-redimensionado.png","type":"image\/png"}],"author":"prensa2","twitter_card":"summary_large_image","twitter_creator":"@CanalULL","twitter_site":"@CanalULL","twitter_misc":{"Escrito por":"prensa2","Tiempo de lectura":"2 minutos"},"schema":{"@context":"https:\/\/schema.org","@graph":[{"@type":"WebPage","@id":"https:\/\/www.ull.es\/portal\/noticias\/2009\/el-nuevo-equipo-de-direccion-de-la-escuela-de-ingenieria-civil-e-industrial-de-la-ull-toma-posesion-de-sus-cargos\/","url":"https:\/\/www.ull.es\/portal\/noticias\/2009\/el-nuevo-equipo-de-direccion-de-la-escuela-de-ingenieria-civil-e-industrial-de-la-ull-toma-posesion-de-sus-cargos\/","name":"El nuevo equipo de direcci\u00f3n de la Escuela de Ingenier\u00eda Civil e Industrial de la ULL toma posesi\u00f3n de sus cargos - ULL - Noticias","isPartOf":{"@id":"https:\/\/www.ull.es\/portal\/noticias\/#website"},"datePublished":"2009-11-10T00:00:00+00:00","dateModified":"2009-11-10T00:00:00+00:00","author":{"@id":"https:\/\/www.ull.es\/portal\/noticias\/#\/schema\/person\/c3b2aa857797592927a03740d6664376"},"breadcrumb":{"@id":"https:\/\/www.ull.es\/portal\/noticias\/2009\/el-nuevo-equipo-de-direccion-de-la-escuela-de-ingenieria-civil-e-industrial-de-la-ull-toma-posesion-de-sus-cargos\/#breadcrumb"},"inLanguage":"es","potentialAction":[{"@type":"ReadAction","target":["https:\/\/www.ull.es\/portal\/noticias\/2009\/el-nuevo-equipo-de-direccion-de-la-escuela-de-ingenieria-civil-e-industrial-de-la-ull-toma-posesion-de-sus-cargos\/"]}]},{"@type":"BreadcrumbList","@id":"https:\/\/www.ull.es\/portal\/noticias\/2009\/el-nuevo-equipo-de-direccion-de-la-escuela-de-ingenieria-civil-e-industrial-de-la-ull-toma-posesion-de-sus-cargos\/#breadcrumb","itemListElement":[{"@type":"ListItem","position":1,"name":"Portada","item":"https:\/\/www.ull.es\/portal\/noticias\/"},{"@type":"ListItem","position":2,"name":"El nuevo equipo de direcci\u00f3n de la Escuela de Ingenier\u00eda Civil e Industrial de la ULL toma posesi\u00f3n de sus cargos"}]},{"@type":"WebSite","@id":"https:\/\/www.ull.es\/portal\/noticias\/#website","url":"https:\/\/www.ull.es\/portal\/noticias\/","name":"ULL - Noticias","description":"","potentialAction":[{"@type":"SearchAction","target":{"@type":"EntryPoint","urlTemplate":"https:\/\/www.ull.es\/portal\/noticias\/?s={search_term_string}"},"query-input":"required name=search_term_string"}],"inLanguage":"es"},{"@type":"Person","@id":"https:\/\/www.ull.es\/portal\/noticias\/#\/schema\/person\/c3b2aa857797592927a03740d6664376","name":"prensa2","image":{"@type":"ImageObject","inLanguage":"es","@id":"https:\/\/www.ull.es\/portal\/noticias\/#\/schema\/person\/image\/","url":"https:\/\/secure.gravatar.com\/avatar\/b58f310a5de5feb33d1e026d2493f23c?s=96&d=mm&r=g","contentUrl":"https:\/\/secure.gravatar.com\/avatar\/b58f310a5de5feb33d1e026d2493f23c?s=96&d=mm&r=g","caption":"prensa2"},"url":"https:\/\/www.ull.es\/portal\/noticias\/author\/prensa2\/"}]}},"primary_category":null,"featured_image_thumbnail_url":null,"_links":{"self":[{"href":"https:\/\/www.ull.es\/portal\/noticias\/wp-json\/wp\/v2\/posts\/16556"}],"collection":[{"href":"https:\/\/www.ull.es\/portal\/noticias\/wp-json\/wp\/v2\/posts"}],"about":[{"href":"https:\/\/www.ull.es\/portal\/noticias\/wp-json\/wp\/v2\/types\/post"}],"author":[{"embeddable":true,"href":"https:\/\/www.ull.es\/portal\/noticias\/wp-json\/wp\/v2\/users\/21"}],"replies":[{"embeddable":true,"href":"https:\/\/www.ull.es\/portal\/noticias\/wp-json\/wp\/v2\/comments?post=16556"}],"version-history":[{"count":0,"href":"https:\/\/www.ull.es\/portal\/noticias\/wp-json\/wp\/v2\/posts\/16556\/revisions"}],"wp:attachment":[{"href":"https:\/\/www.ull.es\/portal\/noticias\/wp-json\/wp\/v2\/media?parent=16556"}],"wp:term":[{"taxonomy":"category","embeddable":true,"href":"https:\/\/www.ull.es\/portal\/noticias\/wp-json\/wp\/v2\/categories?post=16556"},{"taxonomy":"post_tag","embeddable":true,"href":"https:\/\/www.ull.es\/portal\/noticias\/wp-json\/wp\/v2\/tags?post=16556"}],"curies":[{"name":"wp","href":"https:\/\/api.w.org\/{rel}","templated":true}]}}