{"id":16561,"date":"2009-11-19T00:00:00","date_gmt":"2009-11-19T00:00:00","guid":{"rendered":"http:\/\/ddigital.webs.ull.es\/canarias-implicara-de-manera-mas-activa-a-las-universidades-en-la-cooperacion-con-africa\/"},"modified":"2009-11-19T00:00:00","modified_gmt":"2009-11-19T00:00:00","slug":"canarias-implicara-de-manera-mas-activa-a-las-universidades-en-la-cooperacion-con-africa","status":"publish","type":"post","link":"https:\/\/www.ull.es\/portal\/noticias\/2009\/canarias-implicara-de-manera-mas-activa-a-las-universidades-en-la-cooperacion-con-africa\/","title":{"rendered":"Canarias implicar\u00e1 de manera m\u00e1s activa a las universidades en la cooperaci\u00f3n con \u00c1frica"},"content":{"rendered":"<p>El Gobierno de Canarias y las universidades del archipi&eacute;lago han firmado un convenio de colaboraci&oacute;n&nbsp; para impulsar la financiaci&oacute;n de nuevos proyectos de cooperaci&oacute;n en &Aacute;frica y determinar las principales &aacute;reas geogr&aacute;ficas y los sectores en los que se quiere centrar las acciones futuras que ambos centros docentes desarrollar&aacute;n en este &aacute;mbito.<\/p>\n<p>El acto estuvo presidido por la Comisionada de Acci&oacute;n Exterior, Elsa Casas, y los rectores de las Universidades de La Laguna y Las Palmas de Gran Canaria, Eduardo Dom&eacute;nech y Jos&eacute; Regidor, respectivamente, que coincidieron con la comisionada en &ldquo;destacar la importancia que este acuerdo tiene para potenciar la coherencia y garantizar la mayor eficacia en la cooperaci&oacute;n para el desarrollo que las Universidades canarias realizan en &Aacute;frica&rdquo; y entre los que destacan muchos proyectos que han sido cofinanciados por el Gobierno.<\/p>\n<p> En este sentido, Elsa Casas record&oacute; que en los &uacute;ltimos tres a&ntilde;os el Gobierno ha hecho un importante esfuerzo financiero por implicar de manera m&aacute;s activa a las Universidades en la ejecuci&oacute;n de la ayuda oficial para el desarrollo. As&iacute;, entre 2007 y 2009, el Comisionado de Acci&oacute;n Exterior, a trav&eacute;s de la Direcci&oacute;n General de Relaciones con &Aacute;frica, ha cofinanciado la puesta en marcha de 27 proyectos de cooperaci&oacute;n en los pa&iacute;ses de la costa occidental africana por un importante total de 1.1.542.879,44 euros. Una cantidad que sumada a las becas que el Gobierno concede cada a&ntilde;o a estudiantes africanos para completar sus estudios de post grado en las universidades canarias hace un total de dos millones de euros.<br \/> &nbsp;<br \/> <strong>Mayor campo de acci&oacute;n<\/strong><\/p>\n<p>Para el rector de la Universidad de La Laguna, la aplicaci&oacute;n de este convenio marco abre la posibilidad de ampliar el campo de acci&oacute;n de las dos universidades a nuevos pa&iacute;ses y &aacute;mbitos de actuaci&oacute;n.<\/p>\n<p> En este contexto, el Gobierno ha optado por establecer una l&iacute;nea de cr&eacute;dito abierta, en lugar de establecer un presupuesto anual cerrado, para dar mayor cobertura y tratar de que las subvenciones que se concedan se ajusten lo m&aacute;s posible al n&uacute;mero de proyectos presentados.<\/p>\n<p> El presupuesto final con el que se va a dotar esta nueva l&iacute;nea de cr&eacute;dito depender&aacute; tambi&eacute;n del grado de viabilidad de cada uno de los proyectos presentados y del modo en que se ajustan a las prioridades que se recogen tanto en el Plan Director de la Cooperaci&oacute;n Canaria 2009-2011 como en el convenio marco firmado hoy, seg&uacute;n se&ntilde;al&oacute; Casas.<\/p>\n<p> De acuerdo con este convenio, a nivel sectorial se potenciar&aacute; el desarrollo de los proyectos&nbsp; de investigaci&oacute;n que puedan aplicarse a la cooperaci&oacute;n en &aacute;mbitos donde la experiencia de las Universidades canarias aporta un valor a&ntilde;adido al desarrollo de los pa&iacute;ses vecinos, tales como el abastecimiento y tratamiento de agua, las energ&iacute;as renovables el desarrollo del sector primario o el medio ambiente.<\/p>\n<p> Adem&aacute;s se dar&aacute; prioridad a las acciones destinadas a potenciar la movilidad de profesores y alumnos de ambos lados del archipi&eacute;lago, a impulsar los contactos inter departamentales entre las distintas universidades y a sensibilizar a la comunidad universitaria acerca de los v&iacute;nculos que existen entre Canarias y los pa&iacute;ses vecinos.<\/p>\n<p> La comisionada destac&oacute; que todas estas acciones tienen como objetivo final contribuir a crear una aut&eacute;ntica red de colaboraci&oacute;n entre las Universidades y ayudar a las Universidades africanas a fortalecer su estructura acad&eacute;mica y de gesti&oacute;n con el objeto de &quot;garantizar la capacidad como actores de desarrollo socioecon&oacute;mico en su pa&iacute;ses de origen&rdquo;.<\/p>\n<p> El rector de la Universidad de Las Palmas de Gran Canaria considera loable el esfuerzo que Canarias realiza en materia de cooperaci&oacute;n pese a los tiempos de crisis econ&oacute;mica que se viven en&nbsp; las Islas. Asimismo, destac&oacute; la necesidad de que unas universidades modernas y p&uacute;blicas como las canarias hagan valer su compromiso social con los pa&iacute;ses menos favorecidos&rdquo;<\/p>\n<p> (Nota cedida por la Direcci&oacute;n General de Relaciones con &Aacute;frica).<\/p>\n","protected":false},"excerpt":{"rendered":"<p>El Gobierno de Canarias y las universidades del archipi&eacute;lago han firmado un convenio de colaboraci&oacute;n&nbsp; para impulsar la financiaci&oacute;n de&#8230;<\/p>\n","protected":false},"author":21,"featured_media":0,"comment_status":"open","ping_status":"open","sticky":false,"template":"","format":"standard","meta":{"inline_featured_image":false,"footnotes":""},"categories":[348,1],"tags":[],"acf":[],"yoast_head":"<!-- This site is optimized with the Yoast SEO plugin v21.3 - https:\/\/yoast.com\/wordpress\/plugins\/seo\/ -->\n<title>Canarias implicar\u00e1 de manera m\u00e1s activa a las universidades en la cooperaci\u00f3n con \u00c1frica - ULL - Noticias<\/title>\n<meta name=\"robots\" content=\"index, follow, max-snippet:-1, max-image-preview:large, max-video-preview:-1\" \/>\n<link rel=\"canonical\" href=\"https:\/\/www.ull.es\/portal\/noticias\/2009\/canarias-implicara-de-manera-mas-activa-a-las-universidades-en-la-cooperacion-con-africa\/\" \/>\n<meta property=\"og:locale\" content=\"es_ES\" \/>\n<meta property=\"og:type\" content=\"article\" \/>\n<meta property=\"og:title\" content=\"Canarias implicar\u00e1 de manera m\u00e1s activa a las universidades en la cooperaci\u00f3n con \u00c1frica - ULL - Noticias\" \/>\n<meta property=\"og:description\" content=\"El Gobierno de Canarias y las universidades del archipi&eacute;lago han firmado un convenio de colaboraci&oacute;n&nbsp; para impulsar la financiaci&oacute;n de...\" \/>\n<meta property=\"og:url\" content=\"https:\/\/www.ull.es\/portal\/noticias\/2009\/canarias-implicara-de-manera-mas-activa-a-las-universidades-en-la-cooperacion-con-africa\/\" \/>\n<meta property=\"og:site_name\" content=\"ULL - Noticias\" \/>\n<meta property=\"article:publisher\" content=\"https:\/\/www.facebook.com\/universidaddelalaguna\/\" \/>\n<meta property=\"article:published_time\" content=\"2009-11-19T00:00:00+00:00\" \/>\n<meta property=\"og:image\" content=\"https:\/\/www.ull.es\/portal\/noticias\/wp-content\/uploads\/sites\/13\/2023\/06\/logo-redimensionado.png\" \/>\n\t<meta property=\"og:image:width\" content=\"1200\" \/>\n\t<meta property=\"og:image:height\" content=\"630\" \/>\n\t<meta property=\"og:image:type\" content=\"image\/png\" \/>\n<meta name=\"author\" content=\"prensa2\" \/>\n<meta name=\"twitter:card\" content=\"summary_large_image\" \/>\n<meta name=\"twitter:creator\" content=\"@CanalULL\" \/>\n<meta name=\"twitter:site\" content=\"@CanalULL\" \/>\n<meta name=\"twitter:label1\" content=\"Escrito por\" \/>\n\t<meta name=\"twitter:data1\" content=\"prensa2\" \/>\n\t<meta name=\"twitter:label2\" content=\"Tiempo de lectura\" \/>\n\t<meta name=\"twitter:data2\" content=\"4 minutos\" \/>\n<script type=\"application\/ld+json\" class=\"yoast-schema-graph\">{\"@context\":\"https:\/\/schema.org\",\"@graph\":[{\"@type\":\"WebPage\",\"@id\":\"https:\/\/www.ull.es\/portal\/noticias\/2009\/canarias-implicara-de-manera-mas-activa-a-las-universidades-en-la-cooperacion-con-africa\/\",\"url\":\"https:\/\/www.ull.es\/portal\/noticias\/2009\/canarias-implicara-de-manera-mas-activa-a-las-universidades-en-la-cooperacion-con-africa\/\",\"name\":\"Canarias implicar\u00e1 de manera m\u00e1s activa a las universidades en la cooperaci\u00f3n con \u00c1frica - ULL - Noticias\",\"isPartOf\":{\"@id\":\"https:\/\/www.ull.es\/portal\/noticias\/#website\"},\"datePublished\":\"2009-11-19T00:00:00+00:00\",\"dateModified\":\"2009-11-19T00:00:00+00:00\",\"author\":{\"@id\":\"https:\/\/www.ull.es\/portal\/noticias\/#\/schema\/person\/c3b2aa857797592927a03740d6664376\"},\"breadcrumb\":{\"@id\":\"https:\/\/www.ull.es\/portal\/noticias\/2009\/canarias-implicara-de-manera-mas-activa-a-las-universidades-en-la-cooperacion-con-africa\/#breadcrumb\"},\"inLanguage\":\"es\",\"potentialAction\":[{\"@type\":\"ReadAction\",\"target\":[\"https:\/\/www.ull.es\/portal\/noticias\/2009\/canarias-implicara-de-manera-mas-activa-a-las-universidades-en-la-cooperacion-con-africa\/\"]}]},{\"@type\":\"BreadcrumbList\",\"@id\":\"https:\/\/www.ull.es\/portal\/noticias\/2009\/canarias-implicara-de-manera-mas-activa-a-las-universidades-en-la-cooperacion-con-africa\/#breadcrumb\",\"itemListElement\":[{\"@type\":\"ListItem\",\"position\":1,\"name\":\"Portada\",\"item\":\"https:\/\/www.ull.es\/portal\/noticias\/\"},{\"@type\":\"ListItem\",\"position\":2,\"name\":\"Canarias implicar\u00e1 de manera m\u00e1s activa a las universidades en la cooperaci\u00f3n con \u00c1frica\"}]},{\"@type\":\"WebSite\",\"@id\":\"https:\/\/www.ull.es\/portal\/noticias\/#website\",\"url\":\"https:\/\/www.ull.es\/portal\/noticias\/\",\"name\":\"ULL - Noticias\",\"description\":\"\",\"potentialAction\":[{\"@type\":\"SearchAction\",\"target\":{\"@type\":\"EntryPoint\",\"urlTemplate\":\"https:\/\/www.ull.es\/portal\/noticias\/?s={search_term_string}\"},\"query-input\":\"required name=search_term_string\"}],\"inLanguage\":\"es\"},{\"@type\":\"Person\",\"@id\":\"https:\/\/www.ull.es\/portal\/noticias\/#\/schema\/person\/c3b2aa857797592927a03740d6664376\",\"name\":\"prensa2\",\"image\":{\"@type\":\"ImageObject\",\"inLanguage\":\"es\",\"@id\":\"https:\/\/www.ull.es\/portal\/noticias\/#\/schema\/person\/image\/\",\"url\":\"https:\/\/secure.gravatar.com\/avatar\/b58f310a5de5feb33d1e026d2493f23c?s=96&d=mm&r=g\",\"contentUrl\":\"https:\/\/secure.gravatar.com\/avatar\/b58f310a5de5feb33d1e026d2493f23c?s=96&d=mm&r=g\",\"caption\":\"prensa2\"},\"url\":\"https:\/\/www.ull.es\/portal\/noticias\/author\/prensa2\/\"}]}<\/script>\n<!-- \/ Yoast SEO plugin. -->","yoast_head_json":{"title":"Canarias implicar\u00e1 de manera m\u00e1s activa a las universidades en la cooperaci\u00f3n con \u00c1frica - ULL - Noticias","robots":{"index":"index","follow":"follow","max-snippet":"max-snippet:-1","max-image-preview":"max-image-preview:large","max-video-preview":"max-video-preview:-1"},"canonical":"https:\/\/www.ull.es\/portal\/noticias\/2009\/canarias-implicara-de-manera-mas-activa-a-las-universidades-en-la-cooperacion-con-africa\/","og_locale":"es_ES","og_type":"article","og_title":"Canarias implicar\u00e1 de manera m\u00e1s activa a las universidades en la cooperaci\u00f3n con \u00c1frica - ULL - Noticias","og_description":"El Gobierno de Canarias y las universidades del archipi&eacute;lago han firmado un convenio de colaboraci&oacute;n&nbsp; para impulsar la financiaci&oacute;n de...","og_url":"https:\/\/www.ull.es\/portal\/noticias\/2009\/canarias-implicara-de-manera-mas-activa-a-las-universidades-en-la-cooperacion-con-africa\/","og_site_name":"ULL - Noticias","article_publisher":"https:\/\/www.facebook.com\/universidaddelalaguna\/","article_published_time":"2009-11-19T00:00:00+00:00","og_image":[{"width":1200,"height":630,"url":"https:\/\/www.ull.es\/portal\/noticias\/wp-content\/uploads\/sites\/13\/2023\/06\/logo-redimensionado.png","type":"image\/png"}],"author":"prensa2","twitter_card":"summary_large_image","twitter_creator":"@CanalULL","twitter_site":"@CanalULL","twitter_misc":{"Escrito por":"prensa2","Tiempo de lectura":"4 minutos"},"schema":{"@context":"https:\/\/schema.org","@graph":[{"@type":"WebPage","@id":"https:\/\/www.ull.es\/portal\/noticias\/2009\/canarias-implicara-de-manera-mas-activa-a-las-universidades-en-la-cooperacion-con-africa\/","url":"https:\/\/www.ull.es\/portal\/noticias\/2009\/canarias-implicara-de-manera-mas-activa-a-las-universidades-en-la-cooperacion-con-africa\/","name":"Canarias implicar\u00e1 de manera m\u00e1s activa a las universidades en la cooperaci\u00f3n con \u00c1frica - ULL - Noticias","isPartOf":{"@id":"https:\/\/www.ull.es\/portal\/noticias\/#website"},"datePublished":"2009-11-19T00:00:00+00:00","dateModified":"2009-11-19T00:00:00+00:00","author":{"@id":"https:\/\/www.ull.es\/portal\/noticias\/#\/schema\/person\/c3b2aa857797592927a03740d6664376"},"breadcrumb":{"@id":"https:\/\/www.ull.es\/portal\/noticias\/2009\/canarias-implicara-de-manera-mas-activa-a-las-universidades-en-la-cooperacion-con-africa\/#breadcrumb"},"inLanguage":"es","potentialAction":[{"@type":"ReadAction","target":["https:\/\/www.ull.es\/portal\/noticias\/2009\/canarias-implicara-de-manera-mas-activa-a-las-universidades-en-la-cooperacion-con-africa\/"]}]},{"@type":"BreadcrumbList","@id":"https:\/\/www.ull.es\/portal\/noticias\/2009\/canarias-implicara-de-manera-mas-activa-a-las-universidades-en-la-cooperacion-con-africa\/#breadcrumb","itemListElement":[{"@type":"ListItem","position":1,"name":"Portada","item":"https:\/\/www.ull.es\/portal\/noticias\/"},{"@type":"ListItem","position":2,"name":"Canarias implicar\u00e1 de manera m\u00e1s activa a las universidades en la cooperaci\u00f3n con \u00c1frica"}]},{"@type":"WebSite","@id":"https:\/\/www.ull.es\/portal\/noticias\/#website","url":"https:\/\/www.ull.es\/portal\/noticias\/","name":"ULL - Noticias","description":"","potentialAction":[{"@type":"SearchAction","target":{"@type":"EntryPoint","urlTemplate":"https:\/\/www.ull.es\/portal\/noticias\/?s={search_term_string}"},"query-input":"required name=search_term_string"}],"inLanguage":"es"},{"@type":"Person","@id":"https:\/\/www.ull.es\/portal\/noticias\/#\/schema\/person\/c3b2aa857797592927a03740d6664376","name":"prensa2","image":{"@type":"ImageObject","inLanguage":"es","@id":"https:\/\/www.ull.es\/portal\/noticias\/#\/schema\/person\/image\/","url":"https:\/\/secure.gravatar.com\/avatar\/b58f310a5de5feb33d1e026d2493f23c?s=96&d=mm&r=g","contentUrl":"https:\/\/secure.gravatar.com\/avatar\/b58f310a5de5feb33d1e026d2493f23c?s=96&d=mm&r=g","caption":"prensa2"},"url":"https:\/\/www.ull.es\/portal\/noticias\/author\/prensa2\/"}]}},"primary_category":null,"featured_image_thumbnail_url":null,"_links":{"self":[{"href":"https:\/\/www.ull.es\/portal\/noticias\/wp-json\/wp\/v2\/posts\/16561"}],"collection":[{"href":"https:\/\/www.ull.es\/portal\/noticias\/wp-json\/wp\/v2\/posts"}],"about":[{"href":"https:\/\/www.ull.es\/portal\/noticias\/wp-json\/wp\/v2\/types\/post"}],"author":[{"embeddable":true,"href":"https:\/\/www.ull.es\/portal\/noticias\/wp-json\/wp\/v2\/users\/21"}],"replies":[{"embeddable":true,"href":"https:\/\/www.ull.es\/portal\/noticias\/wp-json\/wp\/v2\/comments?post=16561"}],"version-history":[{"count":0,"href":"https:\/\/www.ull.es\/portal\/noticias\/wp-json\/wp\/v2\/posts\/16561\/revisions"}],"wp:attachment":[{"href":"https:\/\/www.ull.es\/portal\/noticias\/wp-json\/wp\/v2\/media?parent=16561"}],"wp:term":[{"taxonomy":"category","embeddable":true,"href":"https:\/\/www.ull.es\/portal\/noticias\/wp-json\/wp\/v2\/categories?post=16561"},{"taxonomy":"post_tag","embeddable":true,"href":"https:\/\/www.ull.es\/portal\/noticias\/wp-json\/wp\/v2\/tags?post=16561"}],"curies":[{"name":"wp","href":"https:\/\/api.w.org\/{rel}","templated":true}]}}