{"id":16566,"date":"2009-11-30T00:00:00","date_gmt":"2009-11-30T00:00:00","guid":{"rendered":"http:\/\/ddigital.webs.ull.es\/el-nuevo-equipo-de-direccion-de-la-escuela-de-ingenieria-informatica-de-la-ull-toma-posesion-de-sus-cargos\/"},"modified":"2009-11-30T00:00:00","modified_gmt":"2009-11-30T00:00:00","slug":"el-nuevo-equipo-de-direccion-de-la-escuela-de-ingenieria-informatica-de-la-ull-toma-posesion-de-sus-cargos","status":"publish","type":"post","link":"https:\/\/www.ull.es\/portal\/noticias\/2009\/el-nuevo-equipo-de-direccion-de-la-escuela-de-ingenieria-informatica-de-la-ull-toma-posesion-de-sus-cargos\/","title":{"rendered":"El nuevo equipo de direcci\u00f3n de la escuela de Ingenier\u00eda Inform\u00e1tica de la ULL toma posesi\u00f3n de sus cargos"},"content":{"rendered":"<p>El nuevo equipo de direcci&oacute;n de la Escuela T&eacute;cnica Superior de Ingenier&iacute;a Inform&aacute;tica de la Universidad de La Laguna ha tomado recientemente posesi&oacute;n de sus cargos. Jos&eacute; Luis S&aacute;nchez de la Rosa es el nuevo director del centro, y contar&aacute; con el apoyo de Santiago Torres &Aacute;lvarez en calidad de secretario; Carmen Elvira Ramos Dom&iacute;nguez, como subdirectora de Extensi&oacute;n Universitaria; y Jes&uacute;s Alberto Gonz&aacute;lez Mart&iacute;nez, subdirector de Ordenaci&oacute;n Acad&eacute;mica.<\/p>\n<p>El reto m&aacute;s inmediato que afrontar&aacute; la nueva direcci&oacute;n de la escuela es la planificaci&oacute;n del nuevo t&iacute;tulo de grado en Inform&aacute;tica, con vistas a que pueda estar punto para iniciar su tramitaci&oacute;n en febrero o marzo de 2010. Esta titulaci&oacute;n supondr&iacute;a la adaptaci&oacute;n de la actual oferta formativa del centro a los requerimientos del Espacio Europeo de Educaci&oacute;n Superior, y en ella se unificar&iacute;an las tres carreras que se imparten actualmente: la ingenier&iacute;a superior y las dos ingenier&iacute;as t&eacute;cnicas en Inform&aacute;tica de Gesti&oacute;n e Inform&aacute;tica de Sistemas.<\/p>\n<p> &nbsp;&nbsp;&nbsp; Otro proyecto que abordar&aacute;n es la adaptaci&oacute;n del Centro de C&aacute;lculo de la escuela. S&aacute;nchez de la Rosa se&ntilde;ala que el actual est&aacute; bien equipado de personal e infraestructuras, pero que los nuevos usos requieren la adaptaci&oacute;n de algunos espacios. As&iacute;, la idea es convertir algunas aulas de inform&aacute;tica en salas para port&aacute;tiles: &ldquo;Ya hay muchos alumnos que prefieren traerse de casa su m&aacute;quina. Y esto resulta m&aacute;s pr&aacute;ctico que tener que mantener unos terminales que en pocos a&ntilde;os quedar&aacute;n obsoletos&rdquo;.<\/p>\n<p> &nbsp;&nbsp;&nbsp; M&aacute;s a largo plazo se encuentra la finalizaci&oacute;n de la segunda fase del edificio de la escuela, que ya se sabe que va a retrasarse respecto a las expectativas iniciales. Este edificio, que estar&iacute;a ocupado por despachos y laboratorios, lo cual solucionar&iacute;a la actual disgregaci&oacute;n de los espacios de investigaci&oacute;n del centro, y adem&aacute;s, solucionar&iacute;a la actual congesti&oacute;n del edificio que las titulaciones de inform&aacute;tica comparten con las de ingenier&iacute;a.<\/p>\n","protected":false},"excerpt":{"rendered":"<p>El nuevo equipo de direcci&oacute;n de la Escuela T&eacute;cnica Superior de Ingenier&iacute;a Inform&aacute;tica de la Universidad de La Laguna ha&#8230;<\/p>\n","protected":false},"author":21,"featured_media":0,"comment_status":"open","ping_status":"open","sticky":false,"template":"","format":"standard","meta":{"inline_featured_image":false,"footnotes":""},"categories":[348,1],"tags":[],"acf":[],"yoast_head":"<!-- This site is optimized with the Yoast SEO plugin v21.3 - https:\/\/yoast.com\/wordpress\/plugins\/seo\/ -->\n<title>El nuevo equipo de direcci\u00f3n de la escuela de Ingenier\u00eda Inform\u00e1tica de la ULL toma posesi\u00f3n de sus cargos - ULL - Noticias<\/title>\n<meta name=\"robots\" content=\"index, follow, max-snippet:-1, max-image-preview:large, max-video-preview:-1\" \/>\n<link rel=\"canonical\" href=\"https:\/\/www.ull.es\/portal\/noticias\/2009\/el-nuevo-equipo-de-direccion-de-la-escuela-de-ingenieria-informatica-de-la-ull-toma-posesion-de-sus-cargos\/\" \/>\n<meta property=\"og:locale\" content=\"es_ES\" \/>\n<meta property=\"og:type\" content=\"article\" \/>\n<meta property=\"og:title\" content=\"El nuevo equipo de direcci\u00f3n de la escuela de Ingenier\u00eda Inform\u00e1tica de la ULL toma posesi\u00f3n de sus cargos - ULL - Noticias\" \/>\n<meta property=\"og:description\" content=\"El nuevo equipo de direcci&oacute;n de la Escuela T&eacute;cnica Superior de Ingenier&iacute;a Inform&aacute;tica de la Universidad de La Laguna ha...\" \/>\n<meta property=\"og:url\" content=\"https:\/\/www.ull.es\/portal\/noticias\/2009\/el-nuevo-equipo-de-direccion-de-la-escuela-de-ingenieria-informatica-de-la-ull-toma-posesion-de-sus-cargos\/\" \/>\n<meta property=\"og:site_name\" content=\"ULL - Noticias\" \/>\n<meta property=\"article:publisher\" content=\"https:\/\/www.facebook.com\/universidaddelalaguna\/\" \/>\n<meta property=\"article:published_time\" content=\"2009-11-30T00:00:00+00:00\" \/>\n<meta property=\"og:image\" content=\"https:\/\/www.ull.es\/portal\/noticias\/wp-content\/uploads\/sites\/13\/2023\/06\/logo-redimensionado.png\" \/>\n\t<meta property=\"og:image:width\" content=\"1200\" \/>\n\t<meta property=\"og:image:height\" content=\"630\" \/>\n\t<meta property=\"og:image:type\" content=\"image\/png\" \/>\n<meta name=\"author\" content=\"prensa2\" \/>\n<meta name=\"twitter:card\" content=\"summary_large_image\" \/>\n<meta name=\"twitter:creator\" content=\"@CanalULL\" \/>\n<meta name=\"twitter:site\" content=\"@CanalULL\" \/>\n<meta name=\"twitter:label1\" content=\"Escrito por\" \/>\n\t<meta name=\"twitter:data1\" content=\"prensa2\" \/>\n\t<meta name=\"twitter:label2\" content=\"Tiempo de lectura\" \/>\n\t<meta name=\"twitter:data2\" content=\"2 minutos\" \/>\n<script type=\"application\/ld+json\" class=\"yoast-schema-graph\">{\"@context\":\"https:\/\/schema.org\",\"@graph\":[{\"@type\":\"WebPage\",\"@id\":\"https:\/\/www.ull.es\/portal\/noticias\/2009\/el-nuevo-equipo-de-direccion-de-la-escuela-de-ingenieria-informatica-de-la-ull-toma-posesion-de-sus-cargos\/\",\"url\":\"https:\/\/www.ull.es\/portal\/noticias\/2009\/el-nuevo-equipo-de-direccion-de-la-escuela-de-ingenieria-informatica-de-la-ull-toma-posesion-de-sus-cargos\/\",\"name\":\"El nuevo equipo de direcci\u00f3n de la escuela de Ingenier\u00eda Inform\u00e1tica de la ULL toma posesi\u00f3n de sus cargos - ULL - Noticias\",\"isPartOf\":{\"@id\":\"https:\/\/www.ull.es\/portal\/noticias\/#website\"},\"datePublished\":\"2009-11-30T00:00:00+00:00\",\"dateModified\":\"2009-11-30T00:00:00+00:00\",\"author\":{\"@id\":\"https:\/\/www.ull.es\/portal\/noticias\/#\/schema\/person\/c3b2aa857797592927a03740d6664376\"},\"breadcrumb\":{\"@id\":\"https:\/\/www.ull.es\/portal\/noticias\/2009\/el-nuevo-equipo-de-direccion-de-la-escuela-de-ingenieria-informatica-de-la-ull-toma-posesion-de-sus-cargos\/#breadcrumb\"},\"inLanguage\":\"es\",\"potentialAction\":[{\"@type\":\"ReadAction\",\"target\":[\"https:\/\/www.ull.es\/portal\/noticias\/2009\/el-nuevo-equipo-de-direccion-de-la-escuela-de-ingenieria-informatica-de-la-ull-toma-posesion-de-sus-cargos\/\"]}]},{\"@type\":\"BreadcrumbList\",\"@id\":\"https:\/\/www.ull.es\/portal\/noticias\/2009\/el-nuevo-equipo-de-direccion-de-la-escuela-de-ingenieria-informatica-de-la-ull-toma-posesion-de-sus-cargos\/#breadcrumb\",\"itemListElement\":[{\"@type\":\"ListItem\",\"position\":1,\"name\":\"Portada\",\"item\":\"https:\/\/www.ull.es\/portal\/noticias\/\"},{\"@type\":\"ListItem\",\"position\":2,\"name\":\"El nuevo equipo de direcci\u00f3n de la escuela de Ingenier\u00eda Inform\u00e1tica de la ULL toma posesi\u00f3n de sus cargos\"}]},{\"@type\":\"WebSite\",\"@id\":\"https:\/\/www.ull.es\/portal\/noticias\/#website\",\"url\":\"https:\/\/www.ull.es\/portal\/noticias\/\",\"name\":\"ULL - Noticias\",\"description\":\"\",\"potentialAction\":[{\"@type\":\"SearchAction\",\"target\":{\"@type\":\"EntryPoint\",\"urlTemplate\":\"https:\/\/www.ull.es\/portal\/noticias\/?s={search_term_string}\"},\"query-input\":\"required name=search_term_string\"}],\"inLanguage\":\"es\"},{\"@type\":\"Person\",\"@id\":\"https:\/\/www.ull.es\/portal\/noticias\/#\/schema\/person\/c3b2aa857797592927a03740d6664376\",\"name\":\"prensa2\",\"image\":{\"@type\":\"ImageObject\",\"inLanguage\":\"es\",\"@id\":\"https:\/\/www.ull.es\/portal\/noticias\/#\/schema\/person\/image\/\",\"url\":\"https:\/\/secure.gravatar.com\/avatar\/b58f310a5de5feb33d1e026d2493f23c?s=96&d=mm&r=g\",\"contentUrl\":\"https:\/\/secure.gravatar.com\/avatar\/b58f310a5de5feb33d1e026d2493f23c?s=96&d=mm&r=g\",\"caption\":\"prensa2\"},\"url\":\"https:\/\/www.ull.es\/portal\/noticias\/author\/prensa2\/\"}]}<\/script>\n<!-- \/ Yoast SEO plugin. -->","yoast_head_json":{"title":"El nuevo equipo de direcci\u00f3n de la escuela de Ingenier\u00eda Inform\u00e1tica de la ULL toma posesi\u00f3n de sus cargos - ULL - Noticias","robots":{"index":"index","follow":"follow","max-snippet":"max-snippet:-1","max-image-preview":"max-image-preview:large","max-video-preview":"max-video-preview:-1"},"canonical":"https:\/\/www.ull.es\/portal\/noticias\/2009\/el-nuevo-equipo-de-direccion-de-la-escuela-de-ingenieria-informatica-de-la-ull-toma-posesion-de-sus-cargos\/","og_locale":"es_ES","og_type":"article","og_title":"El nuevo equipo de direcci\u00f3n de la escuela de Ingenier\u00eda Inform\u00e1tica de la ULL toma posesi\u00f3n de sus cargos - ULL - Noticias","og_description":"El nuevo equipo de direcci&oacute;n de la Escuela T&eacute;cnica Superior de Ingenier&iacute;a Inform&aacute;tica de la Universidad de La Laguna ha...","og_url":"https:\/\/www.ull.es\/portal\/noticias\/2009\/el-nuevo-equipo-de-direccion-de-la-escuela-de-ingenieria-informatica-de-la-ull-toma-posesion-de-sus-cargos\/","og_site_name":"ULL - Noticias","article_publisher":"https:\/\/www.facebook.com\/universidaddelalaguna\/","article_published_time":"2009-11-30T00:00:00+00:00","og_image":[{"width":1200,"height":630,"url":"https:\/\/www.ull.es\/portal\/noticias\/wp-content\/uploads\/sites\/13\/2023\/06\/logo-redimensionado.png","type":"image\/png"}],"author":"prensa2","twitter_card":"summary_large_image","twitter_creator":"@CanalULL","twitter_site":"@CanalULL","twitter_misc":{"Escrito por":"prensa2","Tiempo de lectura":"2 minutos"},"schema":{"@context":"https:\/\/schema.org","@graph":[{"@type":"WebPage","@id":"https:\/\/www.ull.es\/portal\/noticias\/2009\/el-nuevo-equipo-de-direccion-de-la-escuela-de-ingenieria-informatica-de-la-ull-toma-posesion-de-sus-cargos\/","url":"https:\/\/www.ull.es\/portal\/noticias\/2009\/el-nuevo-equipo-de-direccion-de-la-escuela-de-ingenieria-informatica-de-la-ull-toma-posesion-de-sus-cargos\/","name":"El nuevo equipo de direcci\u00f3n de la escuela de Ingenier\u00eda Inform\u00e1tica de la ULL toma posesi\u00f3n de sus cargos - ULL - Noticias","isPartOf":{"@id":"https:\/\/www.ull.es\/portal\/noticias\/#website"},"datePublished":"2009-11-30T00:00:00+00:00","dateModified":"2009-11-30T00:00:00+00:00","author":{"@id":"https:\/\/www.ull.es\/portal\/noticias\/#\/schema\/person\/c3b2aa857797592927a03740d6664376"},"breadcrumb":{"@id":"https:\/\/www.ull.es\/portal\/noticias\/2009\/el-nuevo-equipo-de-direccion-de-la-escuela-de-ingenieria-informatica-de-la-ull-toma-posesion-de-sus-cargos\/#breadcrumb"},"inLanguage":"es","potentialAction":[{"@type":"ReadAction","target":["https:\/\/www.ull.es\/portal\/noticias\/2009\/el-nuevo-equipo-de-direccion-de-la-escuela-de-ingenieria-informatica-de-la-ull-toma-posesion-de-sus-cargos\/"]}]},{"@type":"BreadcrumbList","@id":"https:\/\/www.ull.es\/portal\/noticias\/2009\/el-nuevo-equipo-de-direccion-de-la-escuela-de-ingenieria-informatica-de-la-ull-toma-posesion-de-sus-cargos\/#breadcrumb","itemListElement":[{"@type":"ListItem","position":1,"name":"Portada","item":"https:\/\/www.ull.es\/portal\/noticias\/"},{"@type":"ListItem","position":2,"name":"El nuevo equipo de direcci\u00f3n de la escuela de Ingenier\u00eda Inform\u00e1tica de la ULL toma posesi\u00f3n de sus cargos"}]},{"@type":"WebSite","@id":"https:\/\/www.ull.es\/portal\/noticias\/#website","url":"https:\/\/www.ull.es\/portal\/noticias\/","name":"ULL - Noticias","description":"","potentialAction":[{"@type":"SearchAction","target":{"@type":"EntryPoint","urlTemplate":"https:\/\/www.ull.es\/portal\/noticias\/?s={search_term_string}"},"query-input":"required name=search_term_string"}],"inLanguage":"es"},{"@type":"Person","@id":"https:\/\/www.ull.es\/portal\/noticias\/#\/schema\/person\/c3b2aa857797592927a03740d6664376","name":"prensa2","image":{"@type":"ImageObject","inLanguage":"es","@id":"https:\/\/www.ull.es\/portal\/noticias\/#\/schema\/person\/image\/","url":"https:\/\/secure.gravatar.com\/avatar\/b58f310a5de5feb33d1e026d2493f23c?s=96&d=mm&r=g","contentUrl":"https:\/\/secure.gravatar.com\/avatar\/b58f310a5de5feb33d1e026d2493f23c?s=96&d=mm&r=g","caption":"prensa2"},"url":"https:\/\/www.ull.es\/portal\/noticias\/author\/prensa2\/"}]}},"primary_category":null,"featured_image_thumbnail_url":null,"_links":{"self":[{"href":"https:\/\/www.ull.es\/portal\/noticias\/wp-json\/wp\/v2\/posts\/16566"}],"collection":[{"href":"https:\/\/www.ull.es\/portal\/noticias\/wp-json\/wp\/v2\/posts"}],"about":[{"href":"https:\/\/www.ull.es\/portal\/noticias\/wp-json\/wp\/v2\/types\/post"}],"author":[{"embeddable":true,"href":"https:\/\/www.ull.es\/portal\/noticias\/wp-json\/wp\/v2\/users\/21"}],"replies":[{"embeddable":true,"href":"https:\/\/www.ull.es\/portal\/noticias\/wp-json\/wp\/v2\/comments?post=16566"}],"version-history":[{"count":0,"href":"https:\/\/www.ull.es\/portal\/noticias\/wp-json\/wp\/v2\/posts\/16566\/revisions"}],"wp:attachment":[{"href":"https:\/\/www.ull.es\/portal\/noticias\/wp-json\/wp\/v2\/media?parent=16566"}],"wp:term":[{"taxonomy":"category","embeddable":true,"href":"https:\/\/www.ull.es\/portal\/noticias\/wp-json\/wp\/v2\/categories?post=16566"},{"taxonomy":"post_tag","embeddable":true,"href":"https:\/\/www.ull.es\/portal\/noticias\/wp-json\/wp\/v2\/tags?post=16566"}],"curies":[{"name":"wp","href":"https:\/\/api.w.org\/{rel}","templated":true}]}}