{"id":16567,"date":"2009-11-30T00:00:00","date_gmt":"2009-11-30T00:00:00","guid":{"rendered":"http:\/\/ddigital.webs.ull.es\/el-consejo-social-da-su-visto-bueno-a-los-tres-ultimos-titulos-de-grado-para-el-proximo-curso\/"},"modified":"2009-11-30T00:00:00","modified_gmt":"2009-11-30T00:00:00","slug":"el-consejo-social-da-su-visto-bueno-a-los-tres-ultimos-titulos-de-grado-para-el-proximo-curso","status":"publish","type":"post","link":"https:\/\/www.ull.es\/portal\/noticias\/2009\/el-consejo-social-da-su-visto-bueno-a-los-tres-ultimos-titulos-de-grado-para-el-proximo-curso\/","title":{"rendered":"El Consejo Social da su visto bueno a los tres \u00faltimos t\u00edtulos de grado para el pr\u00f3ximo curso"},"content":{"rendered":"<p>El Consejo Social de la Universidad de La Laguna acord&oacute; hoy lunes 30 de noviembre informar favorablemente acerca de la tramitaci&oacute;n de los t&iacute;tulos de grado en Derecho, Ingenier&iacute;a Civil&nbsp; e Ingenier&iacute;a Qu&iacute;mica Industrial, con los que se cierra definitivamente la tramitaci&oacute;n de t&iacute;tulos de grado de la Universidad de La Laguna para su implantaci&oacute;n en el curso 2010\/11.<\/p>\n<p>La tramitaci&oacute;n del t&iacute;tulo de grado en Derecho fue especialmente aplaudida por los consejeros del &oacute;rgano colegiado, dado que hasta la actualidad esta facultad dispone de un plan de estudios que data de 1953 y que no hab&iacute;a sido renovado. <\/p>\n<p> En este punto, el vicerrector de Ordenaci&oacute;n Acad&eacute;mica, Jos&eacute; Mar&iacute;a Palaz&oacute;n, agradeci&oacute; al Consejo Social la premura con la que a trav&eacute;s de sus comisiones y de los correspondientes plenos ha revisado toda la documentaci&oacute;n aportada por los centros. Y as&iacute;, tras finalizar el tr&aacute;mite interno de aprobaci&oacute;n por parte de la universidad, estas propuestas de t&iacute;tulos de grado pasar&aacute;n ahora a ser evaluadas por las correspondientes agencias nacional y regional antes de su aprobaci&oacute;n definitiva.<\/p>\n<p> Tambi&eacute;n el Consejo Social dio su visto bueno a la tramitaci&oacute;n de dos t&iacute;tulos de posgrado, en este caso el M&aacute;ster Universitario en Biomedicina y el M&aacute;ster Universitario en Biotecnolog&iacute;a. Palaz&oacute;n explic&oacute; que se trata de dos m&aacute;ster que han sufrido una reformulaci&oacute;n interna para darle una mayor coherencia acad&eacute;mica, y que cuentan cada uno con un total de sesenta cr&eacute;ditos.<\/p>\n<p> El presidente del &oacute;rgano colegiado, Jos&eacute; Miguel Gonz&aacute;lez, solicit&oacute; a los miembros del Consejo Social que estudien el documento del Gobierno regional acerca de las estrategias de&nbsp; futuro de la ense&ntilde;anza superior en Canarias con el objetivo de dise&ntilde;ar sus prioridades y sus objetivos. Sobre este mismo texto se ha pedido pronunciamiento a la propia universidad, quien ha arbitrado un foro que mantiene abierto para conocer las opiniones de distintos sectores de la comunidad universitaria. Ahora el Consejo Social har&aacute; lo propio, y debatir&aacute; sus l&iacute;neas maestras en una sesi&oacute;n plenaria que pretende celebrar a finales del mes de diciembre.<\/p>\n<p> Por otro lado, el &oacute;rgano de representaci&oacute;n de la sociedad en la universidad tambi&eacute;n abord&oacute; en su sesi&oacute;n plenaria de esta ma&ntilde;ana un protocolo interno de actuaci&oacute;n en la tramitaci&oacute;n y aprobaci&oacute;n de los grados, de forma que quede claro cu&aacute;les son los agentes internos y externos que deben ser consultados, c&oacute;mo hacerlo y qu&eacute; pasos deben seguirse en todo el proceso.<\/p>\n","protected":false},"excerpt":{"rendered":"<p>El Consejo Social de la Universidad de La Laguna acord&oacute; hoy lunes 30 de noviembre informar favorablemente acerca de la&#8230;<\/p>\n","protected":false},"author":21,"featured_media":0,"comment_status":"open","ping_status":"open","sticky":false,"template":"","format":"standard","meta":{"inline_featured_image":false,"footnotes":""},"categories":[348,1],"tags":[],"acf":[],"yoast_head":"<!-- This site is optimized with the Yoast SEO plugin v21.3 - https:\/\/yoast.com\/wordpress\/plugins\/seo\/ -->\n<title>El Consejo Social da su visto bueno a los tres \u00faltimos t\u00edtulos de grado para el pr\u00f3ximo curso - ULL - Noticias<\/title>\n<meta name=\"robots\" content=\"index, follow, max-snippet:-1, max-image-preview:large, max-video-preview:-1\" \/>\n<link rel=\"canonical\" href=\"https:\/\/www.ull.es\/portal\/noticias\/2009\/el-consejo-social-da-su-visto-bueno-a-los-tres-ultimos-titulos-de-grado-para-el-proximo-curso\/\" \/>\n<meta property=\"og:locale\" content=\"es_ES\" \/>\n<meta property=\"og:type\" content=\"article\" \/>\n<meta property=\"og:title\" content=\"El Consejo Social da su visto bueno a los tres \u00faltimos t\u00edtulos de grado para el pr\u00f3ximo curso - ULL - Noticias\" \/>\n<meta property=\"og:description\" content=\"El Consejo Social de la Universidad de La Laguna acord&oacute; hoy lunes 30 de noviembre informar favorablemente acerca de la...\" \/>\n<meta property=\"og:url\" content=\"https:\/\/www.ull.es\/portal\/noticias\/2009\/el-consejo-social-da-su-visto-bueno-a-los-tres-ultimos-titulos-de-grado-para-el-proximo-curso\/\" \/>\n<meta property=\"og:site_name\" content=\"ULL - Noticias\" \/>\n<meta property=\"article:publisher\" content=\"https:\/\/www.facebook.com\/universidaddelalaguna\/\" \/>\n<meta property=\"article:published_time\" content=\"2009-11-30T00:00:00+00:00\" \/>\n<meta property=\"og:image\" content=\"https:\/\/www.ull.es\/portal\/noticias\/wp-content\/uploads\/sites\/13\/2023\/06\/logo-redimensionado.png\" \/>\n\t<meta property=\"og:image:width\" content=\"1200\" \/>\n\t<meta property=\"og:image:height\" content=\"630\" \/>\n\t<meta property=\"og:image:type\" content=\"image\/png\" \/>\n<meta name=\"author\" content=\"prensa2\" \/>\n<meta name=\"twitter:card\" content=\"summary_large_image\" \/>\n<meta name=\"twitter:creator\" content=\"@CanalULL\" \/>\n<meta name=\"twitter:site\" content=\"@CanalULL\" \/>\n<meta name=\"twitter:label1\" content=\"Escrito por\" \/>\n\t<meta name=\"twitter:data1\" content=\"prensa2\" \/>\n\t<meta name=\"twitter:label2\" content=\"Tiempo de lectura\" \/>\n\t<meta name=\"twitter:data2\" content=\"3 minutos\" \/>\n<script type=\"application\/ld+json\" class=\"yoast-schema-graph\">{\"@context\":\"https:\/\/schema.org\",\"@graph\":[{\"@type\":\"WebPage\",\"@id\":\"https:\/\/www.ull.es\/portal\/noticias\/2009\/el-consejo-social-da-su-visto-bueno-a-los-tres-ultimos-titulos-de-grado-para-el-proximo-curso\/\",\"url\":\"https:\/\/www.ull.es\/portal\/noticias\/2009\/el-consejo-social-da-su-visto-bueno-a-los-tres-ultimos-titulos-de-grado-para-el-proximo-curso\/\",\"name\":\"El Consejo Social da su visto bueno a los tres \u00faltimos t\u00edtulos de grado para el pr\u00f3ximo curso - ULL - Noticias\",\"isPartOf\":{\"@id\":\"https:\/\/www.ull.es\/portal\/noticias\/#website\"},\"datePublished\":\"2009-11-30T00:00:00+00:00\",\"dateModified\":\"2009-11-30T00:00:00+00:00\",\"author\":{\"@id\":\"https:\/\/www.ull.es\/portal\/noticias\/#\/schema\/person\/c3b2aa857797592927a03740d6664376\"},\"breadcrumb\":{\"@id\":\"https:\/\/www.ull.es\/portal\/noticias\/2009\/el-consejo-social-da-su-visto-bueno-a-los-tres-ultimos-titulos-de-grado-para-el-proximo-curso\/#breadcrumb\"},\"inLanguage\":\"es\",\"potentialAction\":[{\"@type\":\"ReadAction\",\"target\":[\"https:\/\/www.ull.es\/portal\/noticias\/2009\/el-consejo-social-da-su-visto-bueno-a-los-tres-ultimos-titulos-de-grado-para-el-proximo-curso\/\"]}]},{\"@type\":\"BreadcrumbList\",\"@id\":\"https:\/\/www.ull.es\/portal\/noticias\/2009\/el-consejo-social-da-su-visto-bueno-a-los-tres-ultimos-titulos-de-grado-para-el-proximo-curso\/#breadcrumb\",\"itemListElement\":[{\"@type\":\"ListItem\",\"position\":1,\"name\":\"Portada\",\"item\":\"https:\/\/www.ull.es\/portal\/noticias\/\"},{\"@type\":\"ListItem\",\"position\":2,\"name\":\"El Consejo Social da su visto bueno a los tres \u00faltimos t\u00edtulos de grado para el pr\u00f3ximo curso\"}]},{\"@type\":\"WebSite\",\"@id\":\"https:\/\/www.ull.es\/portal\/noticias\/#website\",\"url\":\"https:\/\/www.ull.es\/portal\/noticias\/\",\"name\":\"ULL - Noticias\",\"description\":\"\",\"potentialAction\":[{\"@type\":\"SearchAction\",\"target\":{\"@type\":\"EntryPoint\",\"urlTemplate\":\"https:\/\/www.ull.es\/portal\/noticias\/?s={search_term_string}\"},\"query-input\":\"required name=search_term_string\"}],\"inLanguage\":\"es\"},{\"@type\":\"Person\",\"@id\":\"https:\/\/www.ull.es\/portal\/noticias\/#\/schema\/person\/c3b2aa857797592927a03740d6664376\",\"name\":\"prensa2\",\"image\":{\"@type\":\"ImageObject\",\"inLanguage\":\"es\",\"@id\":\"https:\/\/www.ull.es\/portal\/noticias\/#\/schema\/person\/image\/\",\"url\":\"https:\/\/secure.gravatar.com\/avatar\/b58f310a5de5feb33d1e026d2493f23c?s=96&d=mm&r=g\",\"contentUrl\":\"https:\/\/secure.gravatar.com\/avatar\/b58f310a5de5feb33d1e026d2493f23c?s=96&d=mm&r=g\",\"caption\":\"prensa2\"},\"url\":\"https:\/\/www.ull.es\/portal\/noticias\/author\/prensa2\/\"}]}<\/script>\n<!-- \/ Yoast SEO plugin. -->","yoast_head_json":{"title":"El Consejo Social da su visto bueno a los tres \u00faltimos t\u00edtulos de grado para el pr\u00f3ximo curso - ULL - Noticias","robots":{"index":"index","follow":"follow","max-snippet":"max-snippet:-1","max-image-preview":"max-image-preview:large","max-video-preview":"max-video-preview:-1"},"canonical":"https:\/\/www.ull.es\/portal\/noticias\/2009\/el-consejo-social-da-su-visto-bueno-a-los-tres-ultimos-titulos-de-grado-para-el-proximo-curso\/","og_locale":"es_ES","og_type":"article","og_title":"El Consejo Social da su visto bueno a los tres \u00faltimos t\u00edtulos de grado para el pr\u00f3ximo curso - ULL - Noticias","og_description":"El Consejo Social de la Universidad de La Laguna acord&oacute; hoy lunes 30 de noviembre informar favorablemente acerca de la...","og_url":"https:\/\/www.ull.es\/portal\/noticias\/2009\/el-consejo-social-da-su-visto-bueno-a-los-tres-ultimos-titulos-de-grado-para-el-proximo-curso\/","og_site_name":"ULL - Noticias","article_publisher":"https:\/\/www.facebook.com\/universidaddelalaguna\/","article_published_time":"2009-11-30T00:00:00+00:00","og_image":[{"width":1200,"height":630,"url":"https:\/\/www.ull.es\/portal\/noticias\/wp-content\/uploads\/sites\/13\/2023\/06\/logo-redimensionado.png","type":"image\/png"}],"author":"prensa2","twitter_card":"summary_large_image","twitter_creator":"@CanalULL","twitter_site":"@CanalULL","twitter_misc":{"Escrito por":"prensa2","Tiempo de lectura":"3 minutos"},"schema":{"@context":"https:\/\/schema.org","@graph":[{"@type":"WebPage","@id":"https:\/\/www.ull.es\/portal\/noticias\/2009\/el-consejo-social-da-su-visto-bueno-a-los-tres-ultimos-titulos-de-grado-para-el-proximo-curso\/","url":"https:\/\/www.ull.es\/portal\/noticias\/2009\/el-consejo-social-da-su-visto-bueno-a-los-tres-ultimos-titulos-de-grado-para-el-proximo-curso\/","name":"El Consejo Social da su visto bueno a los tres \u00faltimos t\u00edtulos de grado para el pr\u00f3ximo curso - ULL - Noticias","isPartOf":{"@id":"https:\/\/www.ull.es\/portal\/noticias\/#website"},"datePublished":"2009-11-30T00:00:00+00:00","dateModified":"2009-11-30T00:00:00+00:00","author":{"@id":"https:\/\/www.ull.es\/portal\/noticias\/#\/schema\/person\/c3b2aa857797592927a03740d6664376"},"breadcrumb":{"@id":"https:\/\/www.ull.es\/portal\/noticias\/2009\/el-consejo-social-da-su-visto-bueno-a-los-tres-ultimos-titulos-de-grado-para-el-proximo-curso\/#breadcrumb"},"inLanguage":"es","potentialAction":[{"@type":"ReadAction","target":["https:\/\/www.ull.es\/portal\/noticias\/2009\/el-consejo-social-da-su-visto-bueno-a-los-tres-ultimos-titulos-de-grado-para-el-proximo-curso\/"]}]},{"@type":"BreadcrumbList","@id":"https:\/\/www.ull.es\/portal\/noticias\/2009\/el-consejo-social-da-su-visto-bueno-a-los-tres-ultimos-titulos-de-grado-para-el-proximo-curso\/#breadcrumb","itemListElement":[{"@type":"ListItem","position":1,"name":"Portada","item":"https:\/\/www.ull.es\/portal\/noticias\/"},{"@type":"ListItem","position":2,"name":"El Consejo Social da su visto bueno a los tres \u00faltimos t\u00edtulos de grado para el pr\u00f3ximo curso"}]},{"@type":"WebSite","@id":"https:\/\/www.ull.es\/portal\/noticias\/#website","url":"https:\/\/www.ull.es\/portal\/noticias\/","name":"ULL - Noticias","description":"","potentialAction":[{"@type":"SearchAction","target":{"@type":"EntryPoint","urlTemplate":"https:\/\/www.ull.es\/portal\/noticias\/?s={search_term_string}"},"query-input":"required name=search_term_string"}],"inLanguage":"es"},{"@type":"Person","@id":"https:\/\/www.ull.es\/portal\/noticias\/#\/schema\/person\/c3b2aa857797592927a03740d6664376","name":"prensa2","image":{"@type":"ImageObject","inLanguage":"es","@id":"https:\/\/www.ull.es\/portal\/noticias\/#\/schema\/person\/image\/","url":"https:\/\/secure.gravatar.com\/avatar\/b58f310a5de5feb33d1e026d2493f23c?s=96&d=mm&r=g","contentUrl":"https:\/\/secure.gravatar.com\/avatar\/b58f310a5de5feb33d1e026d2493f23c?s=96&d=mm&r=g","caption":"prensa2"},"url":"https:\/\/www.ull.es\/portal\/noticias\/author\/prensa2\/"}]}},"primary_category":null,"featured_image_thumbnail_url":null,"_links":{"self":[{"href":"https:\/\/www.ull.es\/portal\/noticias\/wp-json\/wp\/v2\/posts\/16567"}],"collection":[{"href":"https:\/\/www.ull.es\/portal\/noticias\/wp-json\/wp\/v2\/posts"}],"about":[{"href":"https:\/\/www.ull.es\/portal\/noticias\/wp-json\/wp\/v2\/types\/post"}],"author":[{"embeddable":true,"href":"https:\/\/www.ull.es\/portal\/noticias\/wp-json\/wp\/v2\/users\/21"}],"replies":[{"embeddable":true,"href":"https:\/\/www.ull.es\/portal\/noticias\/wp-json\/wp\/v2\/comments?post=16567"}],"version-history":[{"count":0,"href":"https:\/\/www.ull.es\/portal\/noticias\/wp-json\/wp\/v2\/posts\/16567\/revisions"}],"wp:attachment":[{"href":"https:\/\/www.ull.es\/portal\/noticias\/wp-json\/wp\/v2\/media?parent=16567"}],"wp:term":[{"taxonomy":"category","embeddable":true,"href":"https:\/\/www.ull.es\/portal\/noticias\/wp-json\/wp\/v2\/categories?post=16567"},{"taxonomy":"post_tag","embeddable":true,"href":"https:\/\/www.ull.es\/portal\/noticias\/wp-json\/wp\/v2\/tags?post=16567"}],"curies":[{"name":"wp","href":"https:\/\/api.w.org\/{rel}","templated":true}]}}