{"id":16574,"date":"2009-12-11T00:00:00","date_gmt":"2009-12-11T00:00:00","guid":{"rendered":"http:\/\/ddigital.webs.ull.es\/ballain-relata-como-las-espanolas-han-pasado-a-ser-de-receptoras-a-constructoras-del-conocimiento\/"},"modified":"2009-12-11T00:00:00","modified_gmt":"2009-12-11T00:00:00","slug":"ballain-relata-como-las-espanolas-han-pasado-a-ser-de-receptoras-a-constructoras-del-conocimiento","status":"publish","type":"post","link":"https:\/\/www.ull.es\/portal\/noticias\/2009\/ballain-relata-como-las-espanolas-han-pasado-a-ser-de-receptoras-a-constructoras-del-conocimiento\/","title":{"rendered":"Balla\u00edn relata c\u00f3mo las espa\u00f1olas han pasado a ser de receptoras a constructoras del conocimiento"},"content":{"rendered":"<p>Pilar Balla&iacute;n, catedr&aacute;tica de la Universidad de Granada, ha abierto hoy, viernes 11 de diciembre, el Foro Universidad y Sociedad organizado por la Universidad de La Laguna, en el que a lo largo de la jornada se han analizado las relaciones entre los conceptos mujer, ciencia y universidad. La ponente dict&oacute; la conferencia &ldquo;Los avances en la educaci&oacute;n de las mujeres en la contemporaneidad: de receptoras a constructoras de conocimiento&rdquo;, en la cual repas&oacute; los avances experimentados por el g&eacute;nero femenino desde el siglo XIX hasta la actualidad en el &aacute;mbito acad&eacute;mico.<\/p>\n<p>Previamente, el foro fue formalmente inaugurado en un acto que cont&oacute; con la presencia del rector de la ULL, Eduardo Dom&eacute;nech Mart&iacute;nez; el director general de Universidades del Gobierno de Canarias, Juan Jos&eacute; Mart&iacute;nez; y la vicedecana de la Facultad de Educaci&oacute;n y organizadora del foro, M&ordf; Teresa Gonz&aacute;lez.<\/p>\n<p>El rector se&ntilde;al&oacute; durante su intervenci&oacute;n que en la actualidad las profesionales e investigadoras han logrado tomar las riendas de su destino, aunque no les ha resultado f&aacute;cil, pues han tenido que luchar mucho. &ldquo;En el pasado, que el sexo femenino demostrara inquietudes intelectuales era casi un sacrilegio, y a&uacute;n queda algo de eso&rdquo;, indic&oacute; Dom&eacute;nch. Aunque en la actualidad la situaci&oacute;n de las universitarias ha mejorado, para el rector es importante que &eacute;stas conozcan cu&aacute;nto ha costado lograr esa paridad.<\/p>\n<p>El director general de Universidades record&oacute; que hist&oacute;ricamente se ha ninguneado el papel femenino en el &aacute;mbito cient&iacute;fico, por lo que consider&oacute; que &ldquo;no se puede hablar de una sociedad del conocimiento si renunciamos a la aportaci&oacute;n del 50% de la poblaci&oacute;n, es decir, a las mujeres&rdquo;. Se&ntilde;al&oacute; que en el &aacute;mbito universitario se hab&iacute;a logrado la igualdad en el colectivo estudiantil, pero no entre los investigadores y cargos de responsabilidad, por lo que conmin&oacute; a la instituci&oacute;n acad&eacute;mica a promover pol&iacute;ticas activas en ese sentido.<\/p>\n<p>La vicedecana y organizadora del foro tambi&eacute;n rememor&oacute; el hist&oacute;rico ostracismo al que ha sido sometida la mujer en todos los &aacute;mbitos sociales, incluidos en el cient&iacute;fico, a causa del dominio que los hombres han ostentado en todos los estamentos de la sociedad &ldquo;patriarcal&rdquo;. Para Gonz&aacute;lez queda mucho de esa discriminaci&oacute;n, y se refiri&oacute; a los actuales libros de texto escolares como ejemplo de los muchos prejuicios sexistas que a&uacute;n perviven. Sin embargo, consider&oacute; que la situaci&oacute;n va a cambiar: &ldquo;La mujer a&uacute;n no posee el reconocimiento que merece, pero la estad&iacute;stica y la demograf&iacute;a se&ntilde;alan que la investigaci&oacute;n del futuro tendr&aacute; rostro de mujer&rdquo;.<\/p>\n<p><strong>Pioneras espa&ntilde;olas<\/strong><\/p>\n<p>Tras la inauguraci&oacute;n, la catedr&aacute;tica de la Universidad de Granada Pilar Balla&iacute;n rememor&oacute; en su ponencia a las espa&ntilde;olas que fueron pioneras en reclamar, desde mediados del siglo XIX, la posici&oacute;n que merec&iacute;an en los &aacute;mbitos educativos y acad&eacute;micos. La ponente dividi&oacute; su conferencia en tres partes, cada una de las cuales se refiri&oacute; a un hito concreto de estas paulatinas conquistas sociales: las primeras maestras, las primeras universitarias y las primeras acad&eacute;micas.<\/p>\n<p>Como pre&aacute;mbulo, Balla&iacute;n record&oacute; que la cultura judeocristiana ha dado continuos argumentos contrarios al derecho de las f&eacute;minas a recibir formaci&oacute;n reglada. Record&oacute;, por ejemplo, c&oacute;mo San Pablo les negaba la instrucci&oacute;n poniendo como argumento que la mentalidad femenina era f&aacute;cilmente manipulable, tal y como le sucedi&oacute; a Eva con la serpiente. Con razonamientos similares, durante siglos la educaci&oacute;n que se les ofreci&oacute; a las mujeres tuvo un &uacute;nico fin: &ldquo;domar&rdquo; su car&aacute;cter para ponerlas al servicio del var&oacute;n.<\/p>\n<p>El primer hito que desarroll&oacute; la ponente se produjo a mediados del siglo XIX, cuando la Ley Moyano de 1852 propugn&oacute; la ense&ntilde;anza obligatoria para ambos sexos, propiciando as&iacute; la aparici&oacute;n de las primeras maestras. Este colectivo profesional tuvo que soportar mucha oposici&oacute;n y discriminaciones institucionales, incluyendo una notoria desigualdad salarial respecto a sus hom&oacute;logos masculinos.<\/p>\n<p>Al poco tiempo surgieron las primeras asociaciones de mujeres que, poco a poco, desarrollaron una conciencia profesional y se hicieron escuchar a trav&eacute;s de los medios de comunicaci&oacute;n, haciendo p&uacute;blicas sus reivindicaciones. De este modo lograron conquistas como la equiparaci&oacute;n en el salario o la direcci&oacute;n de las escuelas de p&aacute;rvulos.<\/p>\n<p>El siguiente paso fue la llegada de las mujeres a la universidad, un proceso que llev&oacute; su tiempo puesto que para hacerlo efectivo se deb&iacute;a lograr una conquista previa: el acceso a los institutos. En otros pa&iacute;ses, como Francia o el Imperio Austriaco, tras la educaci&oacute;n primaria las mujeres acced&iacute;an a instituciones de educaci&oacute;n como el liceo, dise&ntilde;adas espec&iacute;ficamente para ellas, mientras que los hombres acud&iacute;an al instituto para cursar bachillerato y de ah&iacute; pasar a la universidad.<\/p>\n<p>En Espa&ntilde;a se quiso cortar a&uacute;n m&aacute;s el acceso de las mujeres a la educaci&oacute;n, por lo que ni siquiera exist&iacute;an este tipo de instituciones para el sexo femenino. Pero esto, lejos de ser un obst&aacute;culo, lo que propici&oacute; es que accedieran a los institutos para hombres, puesto que no exist&iacute;a una alternativa espec&iacute;fica para ellas. Hubo varios decretos que intentaron cerrarles el paso, pero en&nbsp; torno a 1910 ya estaba normalizado tanto el acceso al bachillerato como a la universidad, aunque a principios del siglo XX solamente hab&iacute;a 33 licenciadas, en Medicina, Farmacia y Filosof&iacute;a y Letras.<\/p>\n<p>A lo largo del siglo XX se logr&oacute; el tercer hito, que fue la aparici&oacute;n de investigadoras y acad&eacute;micas una vez la afluencia de alumnas universitarias fue aumentando. Hubo un paso atr&aacute;s durante el Franquismo, con la aparici&oacute;n de la Secci&oacute;n Femenina de Falange, que pretendi&oacute; volver a imponer una educaci&oacute;n para mujeres en las que se minusvaloraba su potencial intelectual y creativo. Sin embargo, las universitarias que estudiaron en los a&ntilde;os 60 y 70 configuraron la primera generaci&oacute;n de acad&eacute;micas que comenzaron a participar activamente el mundo de la investigaci&oacute;n.<\/p>\n<p>Para la ponente, los a&ntilde;os 80 fueron de suma importancia porque comenzaron a desarrollarse los as&iacute; llamados &ldquo;estudios de las mujeres&rdquo;, siguiendo el ejemplo de los &ldquo;women studies&rdquo; aparecidos en EE.UU. en los 60. Gracias a esta disciplina se ha logrado que el corpus de investigaciones&nbsp; firmadas por mujeres sea notorio, y haya servido como soporte te&oacute;rico de las pol&iacute;ticas de igualdad. Adem&aacute;s, ha logrado convertir &ldquo;g&eacute;nero&rdquo; en un t&eacute;rmino de uso cotidiano en varias &aacute;reas sociales.<\/p>\n","protected":false},"excerpt":{"rendered":"<p>Pilar Balla&iacute;n, catedr&aacute;tica de la Universidad de Granada, ha abierto hoy, viernes 11 de diciembre, el Foro Universidad y Sociedad&#8230;<\/p>\n","protected":false},"author":21,"featured_media":0,"comment_status":"open","ping_status":"open","sticky":false,"template":"","format":"standard","meta":{"inline_featured_image":false,"footnotes":""},"categories":[348,1],"tags":[],"acf":[],"yoast_head":"<!-- This site is optimized with the Yoast SEO plugin v21.3 - https:\/\/yoast.com\/wordpress\/plugins\/seo\/ -->\n<title>Balla\u00edn relata c\u00f3mo las espa\u00f1olas han pasado a ser de receptoras a constructoras del conocimiento - ULL - Noticias<\/title>\n<meta name=\"robots\" content=\"index, follow, max-snippet:-1, max-image-preview:large, max-video-preview:-1\" \/>\n<link rel=\"canonical\" href=\"https:\/\/www.ull.es\/portal\/noticias\/2009\/ballain-relata-como-las-espanolas-han-pasado-a-ser-de-receptoras-a-constructoras-del-conocimiento\/\" \/>\n<meta property=\"og:locale\" content=\"es_ES\" \/>\n<meta property=\"og:type\" content=\"article\" \/>\n<meta property=\"og:title\" content=\"Balla\u00edn relata c\u00f3mo las espa\u00f1olas han pasado a ser de receptoras a constructoras del conocimiento - ULL - Noticias\" \/>\n<meta property=\"og:description\" content=\"Pilar Balla&iacute;n, catedr&aacute;tica de la Universidad de Granada, ha abierto hoy, viernes 11 de diciembre, el Foro Universidad y Sociedad...\" \/>\n<meta property=\"og:url\" content=\"https:\/\/www.ull.es\/portal\/noticias\/2009\/ballain-relata-como-las-espanolas-han-pasado-a-ser-de-receptoras-a-constructoras-del-conocimiento\/\" \/>\n<meta property=\"og:site_name\" content=\"ULL - Noticias\" \/>\n<meta property=\"article:publisher\" content=\"https:\/\/www.facebook.com\/universidaddelalaguna\/\" \/>\n<meta property=\"article:published_time\" content=\"2009-12-11T00:00:00+00:00\" \/>\n<meta property=\"og:image\" content=\"https:\/\/www.ull.es\/portal\/noticias\/wp-content\/uploads\/sites\/13\/2023\/06\/logo-redimensionado.png\" \/>\n\t<meta property=\"og:image:width\" content=\"1200\" \/>\n\t<meta property=\"og:image:height\" content=\"630\" \/>\n\t<meta property=\"og:image:type\" content=\"image\/png\" \/>\n<meta name=\"author\" content=\"prensa2\" \/>\n<meta name=\"twitter:card\" content=\"summary_large_image\" \/>\n<meta name=\"twitter:creator\" content=\"@CanalULL\" \/>\n<meta name=\"twitter:site\" content=\"@CanalULL\" \/>\n<meta name=\"twitter:label1\" content=\"Escrito por\" \/>\n\t<meta name=\"twitter:data1\" content=\"prensa2\" \/>\n\t<meta name=\"twitter:label2\" content=\"Tiempo de lectura\" \/>\n\t<meta name=\"twitter:data2\" content=\"6 minutos\" \/>\n<script type=\"application\/ld+json\" class=\"yoast-schema-graph\">{\"@context\":\"https:\/\/schema.org\",\"@graph\":[{\"@type\":\"WebPage\",\"@id\":\"https:\/\/www.ull.es\/portal\/noticias\/2009\/ballain-relata-como-las-espanolas-han-pasado-a-ser-de-receptoras-a-constructoras-del-conocimiento\/\",\"url\":\"https:\/\/www.ull.es\/portal\/noticias\/2009\/ballain-relata-como-las-espanolas-han-pasado-a-ser-de-receptoras-a-constructoras-del-conocimiento\/\",\"name\":\"Balla\u00edn relata c\u00f3mo las espa\u00f1olas han pasado a ser de receptoras a constructoras del conocimiento - ULL - Noticias\",\"isPartOf\":{\"@id\":\"https:\/\/www.ull.es\/portal\/noticias\/#website\"},\"datePublished\":\"2009-12-11T00:00:00+00:00\",\"dateModified\":\"2009-12-11T00:00:00+00:00\",\"author\":{\"@id\":\"https:\/\/www.ull.es\/portal\/noticias\/#\/schema\/person\/c3b2aa857797592927a03740d6664376\"},\"breadcrumb\":{\"@id\":\"https:\/\/www.ull.es\/portal\/noticias\/2009\/ballain-relata-como-las-espanolas-han-pasado-a-ser-de-receptoras-a-constructoras-del-conocimiento\/#breadcrumb\"},\"inLanguage\":\"es\",\"potentialAction\":[{\"@type\":\"ReadAction\",\"target\":[\"https:\/\/www.ull.es\/portal\/noticias\/2009\/ballain-relata-como-las-espanolas-han-pasado-a-ser-de-receptoras-a-constructoras-del-conocimiento\/\"]}]},{\"@type\":\"BreadcrumbList\",\"@id\":\"https:\/\/www.ull.es\/portal\/noticias\/2009\/ballain-relata-como-las-espanolas-han-pasado-a-ser-de-receptoras-a-constructoras-del-conocimiento\/#breadcrumb\",\"itemListElement\":[{\"@type\":\"ListItem\",\"position\":1,\"name\":\"Portada\",\"item\":\"https:\/\/www.ull.es\/portal\/noticias\/\"},{\"@type\":\"ListItem\",\"position\":2,\"name\":\"Balla\u00edn relata c\u00f3mo las espa\u00f1olas han pasado a ser de receptoras a constructoras del conocimiento\"}]},{\"@type\":\"WebSite\",\"@id\":\"https:\/\/www.ull.es\/portal\/noticias\/#website\",\"url\":\"https:\/\/www.ull.es\/portal\/noticias\/\",\"name\":\"ULL - Noticias\",\"description\":\"\",\"potentialAction\":[{\"@type\":\"SearchAction\",\"target\":{\"@type\":\"EntryPoint\",\"urlTemplate\":\"https:\/\/www.ull.es\/portal\/noticias\/?s={search_term_string}\"},\"query-input\":\"required name=search_term_string\"}],\"inLanguage\":\"es\"},{\"@type\":\"Person\",\"@id\":\"https:\/\/www.ull.es\/portal\/noticias\/#\/schema\/person\/c3b2aa857797592927a03740d6664376\",\"name\":\"prensa2\",\"image\":{\"@type\":\"ImageObject\",\"inLanguage\":\"es\",\"@id\":\"https:\/\/www.ull.es\/portal\/noticias\/#\/schema\/person\/image\/\",\"url\":\"https:\/\/secure.gravatar.com\/avatar\/b58f310a5de5feb33d1e026d2493f23c?s=96&d=mm&r=g\",\"contentUrl\":\"https:\/\/secure.gravatar.com\/avatar\/b58f310a5de5feb33d1e026d2493f23c?s=96&d=mm&r=g\",\"caption\":\"prensa2\"},\"url\":\"https:\/\/www.ull.es\/portal\/noticias\/author\/prensa2\/\"}]}<\/script>\n<!-- \/ Yoast SEO plugin. -->","yoast_head_json":{"title":"Balla\u00edn relata c\u00f3mo las espa\u00f1olas han pasado a ser de receptoras a constructoras del conocimiento - ULL - Noticias","robots":{"index":"index","follow":"follow","max-snippet":"max-snippet:-1","max-image-preview":"max-image-preview:large","max-video-preview":"max-video-preview:-1"},"canonical":"https:\/\/www.ull.es\/portal\/noticias\/2009\/ballain-relata-como-las-espanolas-han-pasado-a-ser-de-receptoras-a-constructoras-del-conocimiento\/","og_locale":"es_ES","og_type":"article","og_title":"Balla\u00edn relata c\u00f3mo las espa\u00f1olas han pasado a ser de receptoras a constructoras del conocimiento - ULL - Noticias","og_description":"Pilar Balla&iacute;n, catedr&aacute;tica de la Universidad de Granada, ha abierto hoy, viernes 11 de diciembre, el Foro Universidad y Sociedad...","og_url":"https:\/\/www.ull.es\/portal\/noticias\/2009\/ballain-relata-como-las-espanolas-han-pasado-a-ser-de-receptoras-a-constructoras-del-conocimiento\/","og_site_name":"ULL - Noticias","article_publisher":"https:\/\/www.facebook.com\/universidaddelalaguna\/","article_published_time":"2009-12-11T00:00:00+00:00","og_image":[{"width":1200,"height":630,"url":"https:\/\/www.ull.es\/portal\/noticias\/wp-content\/uploads\/sites\/13\/2023\/06\/logo-redimensionado.png","type":"image\/png"}],"author":"prensa2","twitter_card":"summary_large_image","twitter_creator":"@CanalULL","twitter_site":"@CanalULL","twitter_misc":{"Escrito por":"prensa2","Tiempo de lectura":"6 minutos"},"schema":{"@context":"https:\/\/schema.org","@graph":[{"@type":"WebPage","@id":"https:\/\/www.ull.es\/portal\/noticias\/2009\/ballain-relata-como-las-espanolas-han-pasado-a-ser-de-receptoras-a-constructoras-del-conocimiento\/","url":"https:\/\/www.ull.es\/portal\/noticias\/2009\/ballain-relata-como-las-espanolas-han-pasado-a-ser-de-receptoras-a-constructoras-del-conocimiento\/","name":"Balla\u00edn relata c\u00f3mo las espa\u00f1olas han pasado a ser de receptoras a constructoras del conocimiento - ULL - Noticias","isPartOf":{"@id":"https:\/\/www.ull.es\/portal\/noticias\/#website"},"datePublished":"2009-12-11T00:00:00+00:00","dateModified":"2009-12-11T00:00:00+00:00","author":{"@id":"https:\/\/www.ull.es\/portal\/noticias\/#\/schema\/person\/c3b2aa857797592927a03740d6664376"},"breadcrumb":{"@id":"https:\/\/www.ull.es\/portal\/noticias\/2009\/ballain-relata-como-las-espanolas-han-pasado-a-ser-de-receptoras-a-constructoras-del-conocimiento\/#breadcrumb"},"inLanguage":"es","potentialAction":[{"@type":"ReadAction","target":["https:\/\/www.ull.es\/portal\/noticias\/2009\/ballain-relata-como-las-espanolas-han-pasado-a-ser-de-receptoras-a-constructoras-del-conocimiento\/"]}]},{"@type":"BreadcrumbList","@id":"https:\/\/www.ull.es\/portal\/noticias\/2009\/ballain-relata-como-las-espanolas-han-pasado-a-ser-de-receptoras-a-constructoras-del-conocimiento\/#breadcrumb","itemListElement":[{"@type":"ListItem","position":1,"name":"Portada","item":"https:\/\/www.ull.es\/portal\/noticias\/"},{"@type":"ListItem","position":2,"name":"Balla\u00edn relata c\u00f3mo las espa\u00f1olas han pasado a ser de receptoras a constructoras del conocimiento"}]},{"@type":"WebSite","@id":"https:\/\/www.ull.es\/portal\/noticias\/#website","url":"https:\/\/www.ull.es\/portal\/noticias\/","name":"ULL - Noticias","description":"","potentialAction":[{"@type":"SearchAction","target":{"@type":"EntryPoint","urlTemplate":"https:\/\/www.ull.es\/portal\/noticias\/?s={search_term_string}"},"query-input":"required name=search_term_string"}],"inLanguage":"es"},{"@type":"Person","@id":"https:\/\/www.ull.es\/portal\/noticias\/#\/schema\/person\/c3b2aa857797592927a03740d6664376","name":"prensa2","image":{"@type":"ImageObject","inLanguage":"es","@id":"https:\/\/www.ull.es\/portal\/noticias\/#\/schema\/person\/image\/","url":"https:\/\/secure.gravatar.com\/avatar\/b58f310a5de5feb33d1e026d2493f23c?s=96&d=mm&r=g","contentUrl":"https:\/\/secure.gravatar.com\/avatar\/b58f310a5de5feb33d1e026d2493f23c?s=96&d=mm&r=g","caption":"prensa2"},"url":"https:\/\/www.ull.es\/portal\/noticias\/author\/prensa2\/"}]}},"primary_category":null,"featured_image_thumbnail_url":null,"_links":{"self":[{"href":"https:\/\/www.ull.es\/portal\/noticias\/wp-json\/wp\/v2\/posts\/16574"}],"collection":[{"href":"https:\/\/www.ull.es\/portal\/noticias\/wp-json\/wp\/v2\/posts"}],"about":[{"href":"https:\/\/www.ull.es\/portal\/noticias\/wp-json\/wp\/v2\/types\/post"}],"author":[{"embeddable":true,"href":"https:\/\/www.ull.es\/portal\/noticias\/wp-json\/wp\/v2\/users\/21"}],"replies":[{"embeddable":true,"href":"https:\/\/www.ull.es\/portal\/noticias\/wp-json\/wp\/v2\/comments?post=16574"}],"version-history":[{"count":0,"href":"https:\/\/www.ull.es\/portal\/noticias\/wp-json\/wp\/v2\/posts\/16574\/revisions"}],"wp:attachment":[{"href":"https:\/\/www.ull.es\/portal\/noticias\/wp-json\/wp\/v2\/media?parent=16574"}],"wp:term":[{"taxonomy":"category","embeddable":true,"href":"https:\/\/www.ull.es\/portal\/noticias\/wp-json\/wp\/v2\/categories?post=16574"},{"taxonomy":"post_tag","embeddable":true,"href":"https:\/\/www.ull.es\/portal\/noticias\/wp-json\/wp\/v2\/tags?post=16574"}],"curies":[{"name":"wp","href":"https:\/\/api.w.org\/{rel}","templated":true}]}}