{"id":16577,"date":"2009-12-21T00:00:00","date_gmt":"2009-12-21T00:00:00","guid":{"rendered":"http:\/\/ddigital.webs.ull.es\/alexis-dionis-repite-como-director-de-la-escuela-tecnica-superior-de-nautica-maquinas-y-radioelectronica-naval\/"},"modified":"2009-12-21T00:00:00","modified_gmt":"2009-12-21T00:00:00","slug":"alexis-dionis-repite-como-director-de-la-escuela-tecnica-superior-de-nautica-maquinas-y-radioelectronica-naval","status":"publish","type":"post","link":"https:\/\/www.ull.es\/portal\/noticias\/2009\/alexis-dionis-repite-como-director-de-la-escuela-tecnica-superior-de-nautica-maquinas-y-radioelectronica-naval\/","title":{"rendered":"Alexis Dionis repite como director de la Escuela T\u00e9cnica Superior de N\u00e1utica, M\u00e1quinas y Radioelectr\u00f3nica Naval"},"content":{"rendered":"<p>La sala de juntas del Rectorado de la Universidad de La Laguna acogi&oacute; hoy&nbsp; lunes 21 de diciembre el acto de toma de posesi&oacute;n de Alexis Dionis como director de la Escuela T&eacute;cnica Superior de N&aacute;utica, M&aacute;quinas y Radioelectr&oacute;nica Naval de la instituci&oacute;n docente.<\/p>\n<p>Se trata de un equipo de continuidad, ya que tanto &eacute;l como la mayor&iacute;a de las personas que lo acompa&ntilde;an han venido gestionando el centro en este &uacute;ltimo mandato. As&iacute;, como subdirector figurar&aacute; Antonio Gonz&aacute;lez Marrero, y como secretaria, Nancy Prado Sabaliski. Muy vinculado al equipo de gobierno estar&aacute; el coordinador de calidad e innovaci&oacute;n docente, Alejandro L&oacute;pez de Vergara.<\/p>\n<p> En este nuevo mandato de tres a&ntilde;os la direcci&oacute;n de la escuela proseguir&aacute; con la adaptaci&oacute;n de sus t&iacute;tulos al proceso de convergencia europea y, de hecho, el pr&oacute;ximo curso estrenar&aacute; los grados en Ingenier&iacute;a N&aacute;utica, Ingenier&iacute;a Marina e Ingenier&iacute;a Radioelectr&oacute;nica.<\/p>\n<p> Esta escuela, con un perfil profesional muy patente, deber&aacute; homologar los nuevos t&iacute;tulos europeos con la Organizaci&oacute;n Mar&iacute;tima Internacional (OMI), organismo perteneciente a la ONU, y que en Espa&ntilde;a est&aacute; representada por la Direcci&oacute;n General de la Marina Mercante.<\/p>\n<p> En cuanto a infraestructuras, se trata de un centro con m&aacute;s de cuarenta a&ntilde;os de antig&uuml;edad, si bien adquiri&oacute; su car&aacute;cter universitario en 1991. En cualquier caso, necesita mejoras, aduce el equipo reci&eacute;n nombrado, al tiempo que debe solucionar el problema existente con su muelle, deteriorado desde hace a&ntilde;os.<\/p>\n<p> La escuela lleva a cabo dos tipos de formaci&oacute;n pr&aacute;ctica: por un lado, las acad&eacute;micas, a trav&eacute;s de barcos y simuladores que aporta el propio centro, y, por otro, las profesionales, que se realizan a partir del tercer a&ntilde;o y que constan de un a&ntilde;o de embarcaci&oacute;n en el caso de N&aacute;utica y Radioelectr&oacute;nica Naval, y de seis meses, en M&aacute;quinas. Este &uacute;ltimo tipo de pr&aacute;cticas se realizan en embarcaciones habituales, con trayectos entre islas, a la Espa&ntilde;a peninsular y a otros continentes. El centro pretende que con la introducci&oacute;n del nuevo plan de estudios sendos tipos de pr&aacute;cticas acaben integr&aacute;ndose.<\/p>\n","protected":false},"excerpt":{"rendered":"<p>La sala de juntas del Rectorado de la Universidad de La Laguna acogi&oacute; hoy&nbsp; lunes 21 de diciembre el acto&#8230;<\/p>\n","protected":false},"author":21,"featured_media":0,"comment_status":"open","ping_status":"open","sticky":false,"template":"","format":"standard","meta":{"inline_featured_image":false,"footnotes":""},"categories":[348,1],"tags":[],"acf":[],"yoast_head":"<!-- This site is optimized with the Yoast SEO plugin v21.3 - https:\/\/yoast.com\/wordpress\/plugins\/seo\/ -->\n<title>Alexis Dionis repite como director de la Escuela T\u00e9cnica Superior de N\u00e1utica, M\u00e1quinas y Radioelectr\u00f3nica Naval - ULL - Noticias<\/title>\n<meta name=\"robots\" content=\"index, follow, max-snippet:-1, max-image-preview:large, max-video-preview:-1\" \/>\n<link rel=\"canonical\" href=\"https:\/\/www.ull.es\/portal\/noticias\/2009\/alexis-dionis-repite-como-director-de-la-escuela-tecnica-superior-de-nautica-maquinas-y-radioelectronica-naval\/\" \/>\n<meta property=\"og:locale\" content=\"es_ES\" \/>\n<meta property=\"og:type\" content=\"article\" \/>\n<meta property=\"og:title\" content=\"Alexis Dionis repite como director de la Escuela T\u00e9cnica Superior de N\u00e1utica, M\u00e1quinas y Radioelectr\u00f3nica Naval - ULL - Noticias\" \/>\n<meta property=\"og:description\" content=\"La sala de juntas del Rectorado de la Universidad de La Laguna acogi&oacute; hoy&nbsp; lunes 21 de diciembre el acto...\" \/>\n<meta property=\"og:url\" content=\"https:\/\/www.ull.es\/portal\/noticias\/2009\/alexis-dionis-repite-como-director-de-la-escuela-tecnica-superior-de-nautica-maquinas-y-radioelectronica-naval\/\" \/>\n<meta property=\"og:site_name\" content=\"ULL - Noticias\" \/>\n<meta property=\"article:publisher\" content=\"https:\/\/www.facebook.com\/universidaddelalaguna\/\" \/>\n<meta property=\"article:published_time\" content=\"2009-12-21T00:00:00+00:00\" \/>\n<meta property=\"og:image\" content=\"https:\/\/www.ull.es\/portal\/noticias\/wp-content\/uploads\/sites\/13\/2023\/06\/logo-redimensionado.png\" \/>\n\t<meta property=\"og:image:width\" content=\"1200\" \/>\n\t<meta property=\"og:image:height\" content=\"630\" \/>\n\t<meta property=\"og:image:type\" content=\"image\/png\" \/>\n<meta name=\"author\" content=\"prensa2\" \/>\n<meta name=\"twitter:card\" content=\"summary_large_image\" \/>\n<meta name=\"twitter:creator\" content=\"@CanalULL\" \/>\n<meta name=\"twitter:site\" content=\"@CanalULL\" \/>\n<meta name=\"twitter:label1\" content=\"Escrito por\" \/>\n\t<meta name=\"twitter:data1\" content=\"prensa2\" \/>\n\t<meta name=\"twitter:label2\" content=\"Tiempo de lectura\" \/>\n\t<meta name=\"twitter:data2\" content=\"2 minutos\" \/>\n<script type=\"application\/ld+json\" class=\"yoast-schema-graph\">{\"@context\":\"https:\/\/schema.org\",\"@graph\":[{\"@type\":\"WebPage\",\"@id\":\"https:\/\/www.ull.es\/portal\/noticias\/2009\/alexis-dionis-repite-como-director-de-la-escuela-tecnica-superior-de-nautica-maquinas-y-radioelectronica-naval\/\",\"url\":\"https:\/\/www.ull.es\/portal\/noticias\/2009\/alexis-dionis-repite-como-director-de-la-escuela-tecnica-superior-de-nautica-maquinas-y-radioelectronica-naval\/\",\"name\":\"Alexis Dionis repite como director de la Escuela T\u00e9cnica Superior de N\u00e1utica, M\u00e1quinas y Radioelectr\u00f3nica Naval - ULL - Noticias\",\"isPartOf\":{\"@id\":\"https:\/\/www.ull.es\/portal\/noticias\/#website\"},\"datePublished\":\"2009-12-21T00:00:00+00:00\",\"dateModified\":\"2009-12-21T00:00:00+00:00\",\"author\":{\"@id\":\"https:\/\/www.ull.es\/portal\/noticias\/#\/schema\/person\/c3b2aa857797592927a03740d6664376\"},\"breadcrumb\":{\"@id\":\"https:\/\/www.ull.es\/portal\/noticias\/2009\/alexis-dionis-repite-como-director-de-la-escuela-tecnica-superior-de-nautica-maquinas-y-radioelectronica-naval\/#breadcrumb\"},\"inLanguage\":\"es\",\"potentialAction\":[{\"@type\":\"ReadAction\",\"target\":[\"https:\/\/www.ull.es\/portal\/noticias\/2009\/alexis-dionis-repite-como-director-de-la-escuela-tecnica-superior-de-nautica-maquinas-y-radioelectronica-naval\/\"]}]},{\"@type\":\"BreadcrumbList\",\"@id\":\"https:\/\/www.ull.es\/portal\/noticias\/2009\/alexis-dionis-repite-como-director-de-la-escuela-tecnica-superior-de-nautica-maquinas-y-radioelectronica-naval\/#breadcrumb\",\"itemListElement\":[{\"@type\":\"ListItem\",\"position\":1,\"name\":\"Portada\",\"item\":\"https:\/\/www.ull.es\/portal\/noticias\/\"},{\"@type\":\"ListItem\",\"position\":2,\"name\":\"Alexis Dionis repite como director de la Escuela T\u00e9cnica Superior de N\u00e1utica, M\u00e1quinas y Radioelectr\u00f3nica Naval\"}]},{\"@type\":\"WebSite\",\"@id\":\"https:\/\/www.ull.es\/portal\/noticias\/#website\",\"url\":\"https:\/\/www.ull.es\/portal\/noticias\/\",\"name\":\"ULL - Noticias\",\"description\":\"\",\"potentialAction\":[{\"@type\":\"SearchAction\",\"target\":{\"@type\":\"EntryPoint\",\"urlTemplate\":\"https:\/\/www.ull.es\/portal\/noticias\/?s={search_term_string}\"},\"query-input\":\"required name=search_term_string\"}],\"inLanguage\":\"es\"},{\"@type\":\"Person\",\"@id\":\"https:\/\/www.ull.es\/portal\/noticias\/#\/schema\/person\/c3b2aa857797592927a03740d6664376\",\"name\":\"prensa2\",\"image\":{\"@type\":\"ImageObject\",\"inLanguage\":\"es\",\"@id\":\"https:\/\/www.ull.es\/portal\/noticias\/#\/schema\/person\/image\/\",\"url\":\"https:\/\/secure.gravatar.com\/avatar\/b58f310a5de5feb33d1e026d2493f23c?s=96&d=mm&r=g\",\"contentUrl\":\"https:\/\/secure.gravatar.com\/avatar\/b58f310a5de5feb33d1e026d2493f23c?s=96&d=mm&r=g\",\"caption\":\"prensa2\"},\"url\":\"https:\/\/www.ull.es\/portal\/noticias\/author\/prensa2\/\"}]}<\/script>\n<!-- \/ Yoast SEO plugin. -->","yoast_head_json":{"title":"Alexis Dionis repite como director de la Escuela T\u00e9cnica Superior de N\u00e1utica, M\u00e1quinas y Radioelectr\u00f3nica Naval - ULL - Noticias","robots":{"index":"index","follow":"follow","max-snippet":"max-snippet:-1","max-image-preview":"max-image-preview:large","max-video-preview":"max-video-preview:-1"},"canonical":"https:\/\/www.ull.es\/portal\/noticias\/2009\/alexis-dionis-repite-como-director-de-la-escuela-tecnica-superior-de-nautica-maquinas-y-radioelectronica-naval\/","og_locale":"es_ES","og_type":"article","og_title":"Alexis Dionis repite como director de la Escuela T\u00e9cnica Superior de N\u00e1utica, M\u00e1quinas y Radioelectr\u00f3nica Naval - ULL - Noticias","og_description":"La sala de juntas del Rectorado de la Universidad de La Laguna acogi&oacute; hoy&nbsp; lunes 21 de diciembre el acto...","og_url":"https:\/\/www.ull.es\/portal\/noticias\/2009\/alexis-dionis-repite-como-director-de-la-escuela-tecnica-superior-de-nautica-maquinas-y-radioelectronica-naval\/","og_site_name":"ULL - Noticias","article_publisher":"https:\/\/www.facebook.com\/universidaddelalaguna\/","article_published_time":"2009-12-21T00:00:00+00:00","og_image":[{"width":1200,"height":630,"url":"https:\/\/www.ull.es\/portal\/noticias\/wp-content\/uploads\/sites\/13\/2023\/06\/logo-redimensionado.png","type":"image\/png"}],"author":"prensa2","twitter_card":"summary_large_image","twitter_creator":"@CanalULL","twitter_site":"@CanalULL","twitter_misc":{"Escrito por":"prensa2","Tiempo de lectura":"2 minutos"},"schema":{"@context":"https:\/\/schema.org","@graph":[{"@type":"WebPage","@id":"https:\/\/www.ull.es\/portal\/noticias\/2009\/alexis-dionis-repite-como-director-de-la-escuela-tecnica-superior-de-nautica-maquinas-y-radioelectronica-naval\/","url":"https:\/\/www.ull.es\/portal\/noticias\/2009\/alexis-dionis-repite-como-director-de-la-escuela-tecnica-superior-de-nautica-maquinas-y-radioelectronica-naval\/","name":"Alexis Dionis repite como director de la Escuela T\u00e9cnica Superior de N\u00e1utica, M\u00e1quinas y Radioelectr\u00f3nica Naval - ULL - Noticias","isPartOf":{"@id":"https:\/\/www.ull.es\/portal\/noticias\/#website"},"datePublished":"2009-12-21T00:00:00+00:00","dateModified":"2009-12-21T00:00:00+00:00","author":{"@id":"https:\/\/www.ull.es\/portal\/noticias\/#\/schema\/person\/c3b2aa857797592927a03740d6664376"},"breadcrumb":{"@id":"https:\/\/www.ull.es\/portal\/noticias\/2009\/alexis-dionis-repite-como-director-de-la-escuela-tecnica-superior-de-nautica-maquinas-y-radioelectronica-naval\/#breadcrumb"},"inLanguage":"es","potentialAction":[{"@type":"ReadAction","target":["https:\/\/www.ull.es\/portal\/noticias\/2009\/alexis-dionis-repite-como-director-de-la-escuela-tecnica-superior-de-nautica-maquinas-y-radioelectronica-naval\/"]}]},{"@type":"BreadcrumbList","@id":"https:\/\/www.ull.es\/portal\/noticias\/2009\/alexis-dionis-repite-como-director-de-la-escuela-tecnica-superior-de-nautica-maquinas-y-radioelectronica-naval\/#breadcrumb","itemListElement":[{"@type":"ListItem","position":1,"name":"Portada","item":"https:\/\/www.ull.es\/portal\/noticias\/"},{"@type":"ListItem","position":2,"name":"Alexis Dionis repite como director de la Escuela T\u00e9cnica Superior de N\u00e1utica, M\u00e1quinas y Radioelectr\u00f3nica Naval"}]},{"@type":"WebSite","@id":"https:\/\/www.ull.es\/portal\/noticias\/#website","url":"https:\/\/www.ull.es\/portal\/noticias\/","name":"ULL - Noticias","description":"","potentialAction":[{"@type":"SearchAction","target":{"@type":"EntryPoint","urlTemplate":"https:\/\/www.ull.es\/portal\/noticias\/?s={search_term_string}"},"query-input":"required name=search_term_string"}],"inLanguage":"es"},{"@type":"Person","@id":"https:\/\/www.ull.es\/portal\/noticias\/#\/schema\/person\/c3b2aa857797592927a03740d6664376","name":"prensa2","image":{"@type":"ImageObject","inLanguage":"es","@id":"https:\/\/www.ull.es\/portal\/noticias\/#\/schema\/person\/image\/","url":"https:\/\/secure.gravatar.com\/avatar\/b58f310a5de5feb33d1e026d2493f23c?s=96&d=mm&r=g","contentUrl":"https:\/\/secure.gravatar.com\/avatar\/b58f310a5de5feb33d1e026d2493f23c?s=96&d=mm&r=g","caption":"prensa2"},"url":"https:\/\/www.ull.es\/portal\/noticias\/author\/prensa2\/"}]}},"primary_category":null,"featured_image_thumbnail_url":null,"_links":{"self":[{"href":"https:\/\/www.ull.es\/portal\/noticias\/wp-json\/wp\/v2\/posts\/16577"}],"collection":[{"href":"https:\/\/www.ull.es\/portal\/noticias\/wp-json\/wp\/v2\/posts"}],"about":[{"href":"https:\/\/www.ull.es\/portal\/noticias\/wp-json\/wp\/v2\/types\/post"}],"author":[{"embeddable":true,"href":"https:\/\/www.ull.es\/portal\/noticias\/wp-json\/wp\/v2\/users\/21"}],"replies":[{"embeddable":true,"href":"https:\/\/www.ull.es\/portal\/noticias\/wp-json\/wp\/v2\/comments?post=16577"}],"version-history":[{"count":0,"href":"https:\/\/www.ull.es\/portal\/noticias\/wp-json\/wp\/v2\/posts\/16577\/revisions"}],"wp:attachment":[{"href":"https:\/\/www.ull.es\/portal\/noticias\/wp-json\/wp\/v2\/media?parent=16577"}],"wp:term":[{"taxonomy":"category","embeddable":true,"href":"https:\/\/www.ull.es\/portal\/noticias\/wp-json\/wp\/v2\/categories?post=16577"},{"taxonomy":"post_tag","embeddable":true,"href":"https:\/\/www.ull.es\/portal\/noticias\/wp-json\/wp\/v2\/tags?post=16577"}],"curies":[{"name":"wp","href":"https:\/\/api.w.org\/{rel}","templated":true}]}}