{"id":16597,"date":"2010-02-25T00:00:00","date_gmt":"2010-02-25T00:00:00","guid":{"rendered":"http:\/\/ddigital.webs.ull.es\/invitacion-a-la-comunidad-universitaria-a-participar-ii-encuentro-internacional-de-rectores-universia\/"},"modified":"2019-02-15T08:39:22","modified_gmt":"2019-02-15T08:39:22","slug":"invitacion-a-la-comunidad-universitaria-a-participar-ii-encuentro-internacional-de-rectores-universia","status":"publish","type":"post","link":"https:\/\/www.ull.es\/portal\/noticias\/2010\/invitacion-a-la-comunidad-universitaria-a-participar-ii-encuentro-internacional-de-rectores-universia\/","title":{"rendered":"Invitaci\u00f3n a la comunidad universitaria a participar II Encuentro Internacional de Rectores Universia"},"content":{"rendered":"<p>Nace un nuevo espacio en internet, \u201c<a href=\"http:\/\/estudiantes2010.ideas4all.com\" target=\"_blank\" rel=\"noopener\">Ideas para Guadalajara<\/a>\u201d, para abrir a toda la comunidad universitaria el debate sobre la Universidad, sus retos y su futuro, que culminar\u00e1 los d\u00edas 31 de mayo y 1 de junio en Guadalajara (M\u00e9xico), en el II Encuentro Internacional de Rectores Universia.\u00a0 Federico Guti\u00e9rrez-Solana, presidente del Comit\u00e9 Acad\u00e9mico del Encuentro \u2013dedicado, entre otras misiones, a definir los contenidos a debatir y organizar la participaci\u00f3n-, quien es asimismo presidente de la Conferencia de Rectores de las Universidades Espa\u00f1olas (CRUE), y rector de la Universidad de Cantabria (Espa\u00f1a), ha dirigido una carta a los rectores de las instituciones acad\u00e9micas convocadas para que animen a sus respectivas comunidades universitarias a contribuir con sus aportaciones.<br \/>\nEl objetivo es \u201cdar oportunidad a que nuestros universitarios puedan hacernos llegar sus comentarios sobre los asuntos a debate\u201d, se\u00f1ala. A mayor participaci\u00f3n, explica, \u201cmayor ser\u00e1 la fuerza de las conclusiones y proyectos que se alcancen en el Encuentro de Guadalajara. Ello s\u00f3lo ser\u00e1 posible con el esfuerzo y la colaboraci\u00f3n de todos\u201d.<\/p>\n<p>Las once mesas del encuentro, cuyo lema es \u201cPor un espacio iberoamericano del conocimiento socialmente responsable\u201d, tratar\u00e1n asuntos como las necesidades y demandas de la sociedad, valores sociales, proyecci\u00f3n internacional de la universidad iberoamericana, innovaci\u00f3n en la docencia, reconocimiento social de la investigaci\u00f3n, transferencia de tecnolog\u00eda para el desarrollo en condiciones de sostenibilidad, competitividad, y espacios universitarios transnacionales.<\/p>\n<p>La p\u00e1gina \u201cIdeas para Guadalajara\u201d, que ofrece una nueva v\u00eda para recoger las ideas de los universitarios, nace como \u201cun espacio abierto con las herramientas propias de la web 2.0 en <a href=\"http:\/\/ideasparaguadalajara2010.ideas4all.com\" target=\"_blank\" rel=\"noopener\">la url<\/a>, diferenciando un \u00e1mbito espec\u00edfico para los <a href=\"http:\/\/estudiantes2010.ideas4all.com\" target=\"_blank\" rel=\"noopener\">estudiantes y egresados<\/a>, y otro para <a href=\"http:\/\/profesores2010.ideas4all.com\" target=\"_blank\" rel=\"noopener\">profesores y administradores<\/a>, seg\u00fan Guti\u00e9rrez-Solana.<\/p>\n<p>Organizado por Universia, la mayor red de universidades de habla hispana y portuguesa, el II Encuentro Internacional de Rectores Universia cuenta con el mecenazgo de Banco Santander, a trav\u00e9s de su Divisi\u00f3n Global Santander Universidades.<\/p>\n<p>Est\u00e1n invitadas a participar en el encuentro las 1.169 universidades socias de Universia, presentes en 23 pa\u00edses, as\u00ed como instituciones acad\u00e9micas de Reino Unido, Estados Unidos, Rusia o China que no forman parte de esta red universitaria, pero que cuentan con la colaboraci\u00f3n de Santander Universidades para el desarrollo de sus proyectos.<\/p>\n<p>La informaci\u00f3n completa sobre el encuentro se puede consultar <a href=\"http:\/\/www.encuentroguadalajara2010.universia.net\/\" target=\"_blank\" rel=\"noopener\">en este enlace<\/a>.<\/p>\n<p><strong>Universia<\/strong><\/p>\n<p>Universia, la mayor red de universidades de habla hispana y portuguesa, trabaja para ofrecer a la comunidad universitaria un espacio com\u00fan de intercambio de conocimiento y cooperaci\u00f3n a trav\u00e9s de la formaci\u00f3n, la cultura, la investigaci\u00f3n y la colaboraci\u00f3n con la empresa, contribuyendo de esta forma al desarrollo sostenible de la sociedad.<\/p>\n<p>Para ello, impulsa proyectos con universidades, empresas y estudiantes, para atender a las necesidades de preuniversitarios, universitarios, estudiantes de postgrado y profesorado. Universia desarrolla su actividad impulsando acciones fuera y dentro del espacio virtual y\u00a0 trabaja sobre cuatro l\u00edneas estrat\u00e9gicas: Empleo, Formaci\u00f3n, Observatorio y Redes Sociales. En el marco de esta misi\u00f3n, Universia ha desarrollado <a href=\"http:\/\/www.universia.net\" target=\"_blank\" rel=\"noopener\">un portal\u00a0<\/a>que ofrece contenidos y servicios espec\u00edficos para la comunidad universitaria.<\/p>\n<p>En la actualidad, forman parte de Universia 1.169 instituciones educativas\u00a0 presentes en 23 pa\u00edses y que representan a 13,5 millones de estudiantes y profesores.<\/p>\n<p>El apoyo a Universia es un \u00e1rea destacada de actuaci\u00f3n de la Divisi\u00f3n Global Santander Universidades de Banco Santander, cuyas actividades vertebran la acci\u00f3n social de la entidad bancaria y le permiten mantener una relaci\u00f3n estable con el mundo universitario en Am\u00e9rica, China, Espa\u00f1a, Portugal, Reino Unido y Rusia.<\/p>\n<p><strong>Divisi\u00f3n Global Santander Universidades<\/strong><\/p>\n<p>La relaci\u00f3n que Banco Santander mantiene con el mundo universitario desde 1996 se ha consolidado como una de sus se\u00f1as de identidad. Ya son m\u00e1s de 800 las instituciones acad\u00e9micas que reciben el apoyo del banco para la puesta en marcha de programas de ayudas al estudio, proyectos docentes, de investigaci\u00f3n, y actividades para fomentar el uso de las nuevas tecnolog\u00edas en los campus, o promover la relaci\u00f3n entre Universidad y Empresa, entre otras acciones.<\/p>\n<p>Banco Santander es el banco que m\u00e1s apoya a la comunidad universitaria en todo el mundo, con iniciativas como la concesi\u00f3n de m\u00e1s de 14.000 becas y ayudas cada a\u00f1o para promover el estudio, la investigaci\u00f3n, la inclusi\u00f3n social y la entrada de los estudiantes en el mercado laboral. La entidad bancaria colabora en el desarrollo de m\u00e1s de 2.500 proyectos universitarios.<\/p>\n<p>(Nota de prensa facilitada por Universia).<\/p>\n<p>&nbsp;<\/p>\n","protected":false},"excerpt":{"rendered":"<p>Nace un nuevo espacio en internet, \u201cIdeas para Guadalajara\u201d, para abrir a toda la comunidad universitaria el debate sobre la&#8230;<\/p>\n","protected":false},"author":21,"featured_media":0,"comment_status":"open","ping_status":"open","sticky":false,"template":"","format":"standard","meta":{"inline_featured_image":false,"footnotes":""},"categories":[348],"tags":[],"acf":[],"yoast_head":"<!-- This site is optimized with the Yoast SEO plugin v21.3 - https:\/\/yoast.com\/wordpress\/plugins\/seo\/ -->\n<title>Invitaci\u00f3n a la comunidad universitaria a participar II Encuentro Internacional de Rectores Universia - ULL - Noticias<\/title>\n<meta name=\"robots\" content=\"index, follow, max-snippet:-1, max-image-preview:large, max-video-preview:-1\" \/>\n<link rel=\"canonical\" href=\"https:\/\/www.ull.es\/portal\/noticias\/2010\/invitacion-a-la-comunidad-universitaria-a-participar-ii-encuentro-internacional-de-rectores-universia\/\" \/>\n<meta property=\"og:locale\" content=\"es_ES\" \/>\n<meta property=\"og:type\" content=\"article\" \/>\n<meta property=\"og:title\" content=\"Invitaci\u00f3n a la comunidad universitaria a participar II Encuentro Internacional de Rectores Universia - ULL - Noticias\" \/>\n<meta property=\"og:description\" content=\"Nace un nuevo espacio en internet, \u201cIdeas para Guadalajara\u201d, para abrir a toda la comunidad universitaria el debate sobre la...\" \/>\n<meta property=\"og:url\" content=\"https:\/\/www.ull.es\/portal\/noticias\/2010\/invitacion-a-la-comunidad-universitaria-a-participar-ii-encuentro-internacional-de-rectores-universia\/\" \/>\n<meta property=\"og:site_name\" content=\"ULL - Noticias\" \/>\n<meta property=\"article:publisher\" content=\"https:\/\/www.facebook.com\/universidaddelalaguna\/\" \/>\n<meta property=\"article:published_time\" content=\"2010-02-25T00:00:00+00:00\" \/>\n<meta property=\"article:modified_time\" content=\"2019-02-15T08:39:22+00:00\" \/>\n<meta property=\"og:image\" content=\"https:\/\/www.ull.es\/portal\/noticias\/wp-content\/uploads\/sites\/13\/2023\/06\/logo-redimensionado.png\" \/>\n\t<meta property=\"og:image:width\" content=\"1200\" \/>\n\t<meta property=\"og:image:height\" content=\"630\" \/>\n\t<meta property=\"og:image:type\" content=\"image\/png\" \/>\n<meta name=\"author\" content=\"prensa2\" \/>\n<meta name=\"twitter:card\" content=\"summary_large_image\" \/>\n<meta name=\"twitter:creator\" content=\"@CanalULL\" \/>\n<meta name=\"twitter:site\" content=\"@CanalULL\" \/>\n<meta name=\"twitter:label1\" content=\"Escrito por\" \/>\n\t<meta name=\"twitter:data1\" content=\"prensa2\" \/>\n\t<meta name=\"twitter:label2\" content=\"Tiempo de lectura\" \/>\n\t<meta name=\"twitter:data2\" content=\"4 minutos\" \/>\n<script type=\"application\/ld+json\" class=\"yoast-schema-graph\">{\"@context\":\"https:\/\/schema.org\",\"@graph\":[{\"@type\":\"WebPage\",\"@id\":\"https:\/\/www.ull.es\/portal\/noticias\/2010\/invitacion-a-la-comunidad-universitaria-a-participar-ii-encuentro-internacional-de-rectores-universia\/\",\"url\":\"https:\/\/www.ull.es\/portal\/noticias\/2010\/invitacion-a-la-comunidad-universitaria-a-participar-ii-encuentro-internacional-de-rectores-universia\/\",\"name\":\"Invitaci\u00f3n a la comunidad universitaria a participar II Encuentro Internacional de Rectores Universia - ULL - Noticias\",\"isPartOf\":{\"@id\":\"https:\/\/www.ull.es\/portal\/noticias\/#website\"},\"datePublished\":\"2010-02-25T00:00:00+00:00\",\"dateModified\":\"2019-02-15T08:39:22+00:00\",\"author\":{\"@id\":\"https:\/\/www.ull.es\/portal\/noticias\/#\/schema\/person\/c3b2aa857797592927a03740d6664376\"},\"breadcrumb\":{\"@id\":\"https:\/\/www.ull.es\/portal\/noticias\/2010\/invitacion-a-la-comunidad-universitaria-a-participar-ii-encuentro-internacional-de-rectores-universia\/#breadcrumb\"},\"inLanguage\":\"es\",\"potentialAction\":[{\"@type\":\"ReadAction\",\"target\":[\"https:\/\/www.ull.es\/portal\/noticias\/2010\/invitacion-a-la-comunidad-universitaria-a-participar-ii-encuentro-internacional-de-rectores-universia\/\"]}]},{\"@type\":\"BreadcrumbList\",\"@id\":\"https:\/\/www.ull.es\/portal\/noticias\/2010\/invitacion-a-la-comunidad-universitaria-a-participar-ii-encuentro-internacional-de-rectores-universia\/#breadcrumb\",\"itemListElement\":[{\"@type\":\"ListItem\",\"position\":1,\"name\":\"Portada\",\"item\":\"https:\/\/www.ull.es\/portal\/noticias\/\"},{\"@type\":\"ListItem\",\"position\":2,\"name\":\"Invitaci\u00f3n a la comunidad universitaria a participar II Encuentro Internacional de Rectores Universia\"}]},{\"@type\":\"WebSite\",\"@id\":\"https:\/\/www.ull.es\/portal\/noticias\/#website\",\"url\":\"https:\/\/www.ull.es\/portal\/noticias\/\",\"name\":\"ULL - Noticias\",\"description\":\"\",\"potentialAction\":[{\"@type\":\"SearchAction\",\"target\":{\"@type\":\"EntryPoint\",\"urlTemplate\":\"https:\/\/www.ull.es\/portal\/noticias\/?s={search_term_string}\"},\"query-input\":\"required name=search_term_string\"}],\"inLanguage\":\"es\"},{\"@type\":\"Person\",\"@id\":\"https:\/\/www.ull.es\/portal\/noticias\/#\/schema\/person\/c3b2aa857797592927a03740d6664376\",\"name\":\"prensa2\",\"image\":{\"@type\":\"ImageObject\",\"inLanguage\":\"es\",\"@id\":\"https:\/\/www.ull.es\/portal\/noticias\/#\/schema\/person\/image\/\",\"url\":\"https:\/\/secure.gravatar.com\/avatar\/b58f310a5de5feb33d1e026d2493f23c?s=96&d=mm&r=g\",\"contentUrl\":\"https:\/\/secure.gravatar.com\/avatar\/b58f310a5de5feb33d1e026d2493f23c?s=96&d=mm&r=g\",\"caption\":\"prensa2\"},\"url\":\"https:\/\/www.ull.es\/portal\/noticias\/author\/prensa2\/\"}]}<\/script>\n<!-- \/ Yoast SEO plugin. -->","yoast_head_json":{"title":"Invitaci\u00f3n a la comunidad universitaria a participar II Encuentro Internacional de Rectores Universia - ULL - Noticias","robots":{"index":"index","follow":"follow","max-snippet":"max-snippet:-1","max-image-preview":"max-image-preview:large","max-video-preview":"max-video-preview:-1"},"canonical":"https:\/\/www.ull.es\/portal\/noticias\/2010\/invitacion-a-la-comunidad-universitaria-a-participar-ii-encuentro-internacional-de-rectores-universia\/","og_locale":"es_ES","og_type":"article","og_title":"Invitaci\u00f3n a la comunidad universitaria a participar II Encuentro Internacional de Rectores Universia - ULL - Noticias","og_description":"Nace un nuevo espacio en internet, \u201cIdeas para Guadalajara\u201d, para abrir a toda la comunidad universitaria el debate sobre la...","og_url":"https:\/\/www.ull.es\/portal\/noticias\/2010\/invitacion-a-la-comunidad-universitaria-a-participar-ii-encuentro-internacional-de-rectores-universia\/","og_site_name":"ULL - Noticias","article_publisher":"https:\/\/www.facebook.com\/universidaddelalaguna\/","article_published_time":"2010-02-25T00:00:00+00:00","article_modified_time":"2019-02-15T08:39:22+00:00","og_image":[{"width":1200,"height":630,"url":"https:\/\/www.ull.es\/portal\/noticias\/wp-content\/uploads\/sites\/13\/2023\/06\/logo-redimensionado.png","type":"image\/png"}],"author":"prensa2","twitter_card":"summary_large_image","twitter_creator":"@CanalULL","twitter_site":"@CanalULL","twitter_misc":{"Escrito por":"prensa2","Tiempo de lectura":"4 minutos"},"schema":{"@context":"https:\/\/schema.org","@graph":[{"@type":"WebPage","@id":"https:\/\/www.ull.es\/portal\/noticias\/2010\/invitacion-a-la-comunidad-universitaria-a-participar-ii-encuentro-internacional-de-rectores-universia\/","url":"https:\/\/www.ull.es\/portal\/noticias\/2010\/invitacion-a-la-comunidad-universitaria-a-participar-ii-encuentro-internacional-de-rectores-universia\/","name":"Invitaci\u00f3n a la comunidad universitaria a participar II Encuentro Internacional de Rectores Universia - ULL - Noticias","isPartOf":{"@id":"https:\/\/www.ull.es\/portal\/noticias\/#website"},"datePublished":"2010-02-25T00:00:00+00:00","dateModified":"2019-02-15T08:39:22+00:00","author":{"@id":"https:\/\/www.ull.es\/portal\/noticias\/#\/schema\/person\/c3b2aa857797592927a03740d6664376"},"breadcrumb":{"@id":"https:\/\/www.ull.es\/portal\/noticias\/2010\/invitacion-a-la-comunidad-universitaria-a-participar-ii-encuentro-internacional-de-rectores-universia\/#breadcrumb"},"inLanguage":"es","potentialAction":[{"@type":"ReadAction","target":["https:\/\/www.ull.es\/portal\/noticias\/2010\/invitacion-a-la-comunidad-universitaria-a-participar-ii-encuentro-internacional-de-rectores-universia\/"]}]},{"@type":"BreadcrumbList","@id":"https:\/\/www.ull.es\/portal\/noticias\/2010\/invitacion-a-la-comunidad-universitaria-a-participar-ii-encuentro-internacional-de-rectores-universia\/#breadcrumb","itemListElement":[{"@type":"ListItem","position":1,"name":"Portada","item":"https:\/\/www.ull.es\/portal\/noticias\/"},{"@type":"ListItem","position":2,"name":"Invitaci\u00f3n a la comunidad universitaria a participar II Encuentro Internacional de Rectores Universia"}]},{"@type":"WebSite","@id":"https:\/\/www.ull.es\/portal\/noticias\/#website","url":"https:\/\/www.ull.es\/portal\/noticias\/","name":"ULL - Noticias","description":"","potentialAction":[{"@type":"SearchAction","target":{"@type":"EntryPoint","urlTemplate":"https:\/\/www.ull.es\/portal\/noticias\/?s={search_term_string}"},"query-input":"required name=search_term_string"}],"inLanguage":"es"},{"@type":"Person","@id":"https:\/\/www.ull.es\/portal\/noticias\/#\/schema\/person\/c3b2aa857797592927a03740d6664376","name":"prensa2","image":{"@type":"ImageObject","inLanguage":"es","@id":"https:\/\/www.ull.es\/portal\/noticias\/#\/schema\/person\/image\/","url":"https:\/\/secure.gravatar.com\/avatar\/b58f310a5de5feb33d1e026d2493f23c?s=96&d=mm&r=g","contentUrl":"https:\/\/secure.gravatar.com\/avatar\/b58f310a5de5feb33d1e026d2493f23c?s=96&d=mm&r=g","caption":"prensa2"},"url":"https:\/\/www.ull.es\/portal\/noticias\/author\/prensa2\/"}]}},"primary_category":null,"featured_image_thumbnail_url":null,"_links":{"self":[{"href":"https:\/\/www.ull.es\/portal\/noticias\/wp-json\/wp\/v2\/posts\/16597"}],"collection":[{"href":"https:\/\/www.ull.es\/portal\/noticias\/wp-json\/wp\/v2\/posts"}],"about":[{"href":"https:\/\/www.ull.es\/portal\/noticias\/wp-json\/wp\/v2\/types\/post"}],"author":[{"embeddable":true,"href":"https:\/\/www.ull.es\/portal\/noticias\/wp-json\/wp\/v2\/users\/21"}],"replies":[{"embeddable":true,"href":"https:\/\/www.ull.es\/portal\/noticias\/wp-json\/wp\/v2\/comments?post=16597"}],"version-history":[{"count":2,"href":"https:\/\/www.ull.es\/portal\/noticias\/wp-json\/wp\/v2\/posts\/16597\/revisions"}],"predecessor-version":[{"id":42368,"href":"https:\/\/www.ull.es\/portal\/noticias\/wp-json\/wp\/v2\/posts\/16597\/revisions\/42368"}],"wp:attachment":[{"href":"https:\/\/www.ull.es\/portal\/noticias\/wp-json\/wp\/v2\/media?parent=16597"}],"wp:term":[{"taxonomy":"category","embeddable":true,"href":"https:\/\/www.ull.es\/portal\/noticias\/wp-json\/wp\/v2\/categories?post=16597"},{"taxonomy":"post_tag","embeddable":true,"href":"https:\/\/www.ull.es\/portal\/noticias\/wp-json\/wp\/v2\/tags?post=16597"}],"curies":[{"name":"wp","href":"https:\/\/api.w.org\/{rel}","templated":true}]}}