{"id":16600,"date":"2010-03-04T00:00:00","date_gmt":"2010-03-04T00:00:00","guid":{"rendered":"http:\/\/ddigital.webs.ull.es\/los-psicologos-abogan-por-un-master-obligatorio-para-acceder-al-ejercicio-de-la-especialidad-clinica\/"},"modified":"2010-03-04T00:00:00","modified_gmt":"2010-03-04T00:00:00","slug":"los-psicologos-abogan-por-un-master-obligatorio-para-acceder-al-ejercicio-de-la-especialidad-clinica","status":"publish","type":"post","link":"https:\/\/www.ull.es\/portal\/noticias\/2010\/los-psicologos-abogan-por-un-master-obligatorio-para-acceder-al-ejercicio-de-la-especialidad-clinica\/","title":{"rendered":"Los psic\u00f3logos abogan por un m\u00e1ster obligatorio para acceder al ejercicio de la especialidad cl\u00ednica"},"content":{"rendered":"<p>La psicolog&iacute;a lleva varios a&ntilde;os reclamando la consideraci&oacute;n de su disciplina como una especialidad sanitaria, tal y como est&aacute; sucediendo en varios estados europeos. Una de las claves de este proceso es determinar qu&eacute; tipo de formaci&oacute;n va a ser necesaria para poder acceder al ejercicio profesional en la modalidad cl&iacute;nica, que para los decanos de las facultades y colegios profesionales de Psicolog&iacute;a pasa por la impartici&oacute;n de un m&aacute;ster de 120 cr&eacute;ditos que ser&aacute; obligatorio.<\/p>\n<p>As&iacute; lo afirmaron los participantes en la mesa redonda &quot;Claves para el reconocimiento de la Psicolog&iacute;a como profesi&oacute;n sanitaria regulada: &iquest;al final del camino?&quot;, celebrada hoy, jueves 4 de marzo en la Facultad de Psicolog&iacute;a, dentro del programa de actos organizados con motivo de la festividad de su patr&oacute;n. En ella participaron el decano del centro organizador, Hip&oacute;lito Marrero; los decanos de los colegios oficiales de Psic&oacute;logos deSanta Cruz de Tenerife y Las Palmas, Lorenzo Gil y Francisco S&aacute;nchez.; la t&eacute;cnico de la Direcci&oacute;n General de Recursos Humanos de la Consejer&iacute;a de Sanidad del Gobierno de Canarias, Carmen Luisa Ramos; la componente del Grupo de apoyo de la comisi&oacute;n nacional de psicolog&iacute;a cl&iacute;nica, Carmen Pitti; y el vicedecano del centro, Pedro Avero, que actu&oacute; como moderador.<\/p>\n<p>Como relat&oacute; Avero, la lucha que ha emprendido el sector de los psic&oacute;logos arranca en 2003, cuando la Ley de Ordenaci&oacute;n de Profesiones Sanitarias dej&oacute; sin atribuciones profesionales a un gran n&uacute;mero de especialistas que hasta la fecha ejerc&iacute;an en centros de salud sin poseer la formaci&oacute;n de Psic&oacute;logo Interno Residente (PIR) del Ministerio de Sanidad. Para subsanar la situaci&oacute;n, se abrieron convocatorias para que estos profesionales se homologaran como psic&oacute;logos cl&iacute;nicos, pero muchos quedaron fuera de este proceso<\/p>\n<p>Aunque se ha solicitado un aumento de plazas PIR para favorecer la incorporaci&oacute;n de psic&oacute;logos generalistas a la profesi&oacute;n sanitaria, seg&uacute;n revela Avero, desde hace dos a&ntilde;os se viene trabajando en lo que se considera la &quot;gran esperanza&quot;, que es la creaci&oacute;n de un m&aacute;ster de 120 cr&eacute;ditos que habilite para la profesi&oacute;n sanitaria y d&eacute; acceso al PIR. Actualmente est&aacute; en negociaci&oacute;n y a punto de ser aprobado, si bien existen ciertas discrepancias entre el Ministerio de Educaci&oacute;n y el de Sanidad que est&aacute;n retrasando su tramitaci&oacute;n.<\/p>\n<p>El decano del Colegio Oficial de Psic&oacute;logos de Las Palmas resalt&oacute; la importancia de que los psic&oacute;logos sean reconocidos como unos profesionales con competencias muy claras y precisas que no puedan ser ocupadas por otros. Por ello defendi&oacute; la pertinencia del m&aacute;ster, y avanz&oacute; que el siguiente paso ser&iacute;a crear un diploma que acredite unas determinadas competencias y permita trabajar en el resto de Europa.<\/p>\n<p>El decano de la organizaci&oacute;n profesional tinerfe&ntilde;a denunci&oacute; que muchos profesionales con a&ntilde;os de ejercicio como psic&oacute;logos cl&iacute;nicos han visto rechazada su solicitud de homologaci&oacute;n. Adem&aacute;s, indic&oacute; que en el seno de la profesi&oacute;n se han creado &quot;castas&quot;, porque algunos opinan que obtener la titulaci&oacute;n v&iacute;a PIR los cualifica mejor que quienes la lograron tras homologar su experiencia profesional.<\/p>\n<p>La representante de la Direcci&oacute;n General de Recursos Humanos de la Consejer&iacute;a de Sanidad explic&oacute; el papel que su administraci&oacute;n ha tenido en la tramitaci&oacute;n del m&aacute;ster en Psicolog&iacute;a Cl&iacute;nica, que no es otro que el de emitir informes t&eacute;cnicos &quot;vinculantes&quot; ante el Minsterio de Sanidad, quien ser&iacute;a la instituci&oacute;n con capacidad para decidir su aprobaci&oacute;n. Lo que s&iacute; aclar&oacute; es que el m&aacute;ster habilitar&aacute; solamente para el ejercicio en el &aacute;mbito privado, pues para ejercer la profesi&oacute;n en la administraci&oacute;n p&uacute;blica ser&aacute; requisito indispensable el PIR.<\/p>\n<p>Por su parte, la psic&oacute;loga Carmen Pitti explic&oacute; c&oacute;mo se desarroll&oacute; el proceso de homologaci&oacute;n de las titulaciones de psicolog&iacute;a cl&iacute;nica, ya que ella, como miembro del grupo de apoyo de la comisi&oacute;n nacional de psicolog&iacute;a cl&iacute;nica, fue una de las cuarenta personas que analizaron los 15.000 expedientes de profesionales remitidos. Revel&oacute; que los evaluadores m&aacute;s severos fueron, precisamente, aquellos provenientes del sector de titulados PIR, aunque con el paso del tiempo fueron flexibilizando sus juicios.<\/p>\n<p>Como cierre, el decano de la Facultad de Psicolog&iacute;a de la ULL, Hip&oacute;lito Marrero, defendi&oacute; la necesidad de crear el m&aacute;ster en Psicolog&iacute;a Cl&iacute;nica obligatorio como medio de asegurar la calidad formativa de los profesionales, pues entiende que, al diagnosticar y tratar problemas de salud mental, requiere una preparaci&oacute;n equiparable a la m&eacute;dica. Valor&oacute; adem&aacute;s el papel de la investigaci&oacute;n como medio de refrendar la rigurosidad de las decisiones que adoptan los profesionales que forma en su centro.<\/p>\n","protected":false},"excerpt":{"rendered":"<p>La psicolog&iacute;a lleva varios a&ntilde;os reclamando la consideraci&oacute;n de su disciplina como una especialidad sanitaria, tal y como est&aacute; sucediendo&#8230;<\/p>\n","protected":false},"author":21,"featured_media":0,"comment_status":"open","ping_status":"open","sticky":false,"template":"","format":"standard","meta":{"inline_featured_image":false,"footnotes":""},"categories":[348],"tags":[],"acf":[],"yoast_head":"<!-- This site is optimized with the Yoast SEO plugin v21.3 - https:\/\/yoast.com\/wordpress\/plugins\/seo\/ -->\n<title>Los psic\u00f3logos abogan por un m\u00e1ster obligatorio para acceder al ejercicio de la especialidad cl\u00ednica - ULL - Noticias<\/title>\n<meta name=\"robots\" content=\"index, follow, max-snippet:-1, max-image-preview:large, max-video-preview:-1\" \/>\n<link rel=\"canonical\" href=\"https:\/\/www.ull.es\/portal\/noticias\/2010\/los-psicologos-abogan-por-un-master-obligatorio-para-acceder-al-ejercicio-de-la-especialidad-clinica\/\" \/>\n<meta property=\"og:locale\" content=\"es_ES\" \/>\n<meta property=\"og:type\" content=\"article\" \/>\n<meta property=\"og:title\" content=\"Los psic\u00f3logos abogan por un m\u00e1ster obligatorio para acceder al ejercicio de la especialidad cl\u00ednica - ULL - Noticias\" \/>\n<meta property=\"og:description\" content=\"La psicolog&iacute;a lleva varios a&ntilde;os reclamando la consideraci&oacute;n de su disciplina como una especialidad sanitaria, tal y como est&aacute; sucediendo...\" \/>\n<meta property=\"og:url\" content=\"https:\/\/www.ull.es\/portal\/noticias\/2010\/los-psicologos-abogan-por-un-master-obligatorio-para-acceder-al-ejercicio-de-la-especialidad-clinica\/\" \/>\n<meta property=\"og:site_name\" content=\"ULL - Noticias\" \/>\n<meta property=\"article:publisher\" content=\"https:\/\/www.facebook.com\/universidaddelalaguna\/\" \/>\n<meta property=\"article:published_time\" content=\"2010-03-04T00:00:00+00:00\" \/>\n<meta property=\"og:image\" content=\"https:\/\/www.ull.es\/portal\/noticias\/wp-content\/uploads\/sites\/13\/2023\/06\/logo-redimensionado.png\" \/>\n\t<meta property=\"og:image:width\" content=\"1200\" \/>\n\t<meta property=\"og:image:height\" content=\"630\" \/>\n\t<meta property=\"og:image:type\" content=\"image\/png\" \/>\n<meta name=\"author\" content=\"prensa2\" \/>\n<meta name=\"twitter:card\" content=\"summary_large_image\" \/>\n<meta name=\"twitter:creator\" content=\"@CanalULL\" \/>\n<meta name=\"twitter:site\" content=\"@CanalULL\" \/>\n<meta name=\"twitter:label1\" content=\"Escrito por\" \/>\n\t<meta name=\"twitter:data1\" content=\"prensa2\" \/>\n\t<meta name=\"twitter:label2\" content=\"Tiempo de lectura\" \/>\n\t<meta name=\"twitter:data2\" content=\"5 minutos\" \/>\n<script type=\"application\/ld+json\" class=\"yoast-schema-graph\">{\"@context\":\"https:\/\/schema.org\",\"@graph\":[{\"@type\":\"WebPage\",\"@id\":\"https:\/\/www.ull.es\/portal\/noticias\/2010\/los-psicologos-abogan-por-un-master-obligatorio-para-acceder-al-ejercicio-de-la-especialidad-clinica\/\",\"url\":\"https:\/\/www.ull.es\/portal\/noticias\/2010\/los-psicologos-abogan-por-un-master-obligatorio-para-acceder-al-ejercicio-de-la-especialidad-clinica\/\",\"name\":\"Los psic\u00f3logos abogan por un m\u00e1ster obligatorio para acceder al ejercicio de la especialidad cl\u00ednica - ULL - Noticias\",\"isPartOf\":{\"@id\":\"https:\/\/www.ull.es\/portal\/noticias\/#website\"},\"datePublished\":\"2010-03-04T00:00:00+00:00\",\"dateModified\":\"2010-03-04T00:00:00+00:00\",\"author\":{\"@id\":\"https:\/\/www.ull.es\/portal\/noticias\/#\/schema\/person\/c3b2aa857797592927a03740d6664376\"},\"breadcrumb\":{\"@id\":\"https:\/\/www.ull.es\/portal\/noticias\/2010\/los-psicologos-abogan-por-un-master-obligatorio-para-acceder-al-ejercicio-de-la-especialidad-clinica\/#breadcrumb\"},\"inLanguage\":\"es\",\"potentialAction\":[{\"@type\":\"ReadAction\",\"target\":[\"https:\/\/www.ull.es\/portal\/noticias\/2010\/los-psicologos-abogan-por-un-master-obligatorio-para-acceder-al-ejercicio-de-la-especialidad-clinica\/\"]}]},{\"@type\":\"BreadcrumbList\",\"@id\":\"https:\/\/www.ull.es\/portal\/noticias\/2010\/los-psicologos-abogan-por-un-master-obligatorio-para-acceder-al-ejercicio-de-la-especialidad-clinica\/#breadcrumb\",\"itemListElement\":[{\"@type\":\"ListItem\",\"position\":1,\"name\":\"Portada\",\"item\":\"https:\/\/www.ull.es\/portal\/noticias\/\"},{\"@type\":\"ListItem\",\"position\":2,\"name\":\"Los psic\u00f3logos abogan por un m\u00e1ster obligatorio para acceder al ejercicio de la especialidad cl\u00ednica\"}]},{\"@type\":\"WebSite\",\"@id\":\"https:\/\/www.ull.es\/portal\/noticias\/#website\",\"url\":\"https:\/\/www.ull.es\/portal\/noticias\/\",\"name\":\"ULL - Noticias\",\"description\":\"\",\"potentialAction\":[{\"@type\":\"SearchAction\",\"target\":{\"@type\":\"EntryPoint\",\"urlTemplate\":\"https:\/\/www.ull.es\/portal\/noticias\/?s={search_term_string}\"},\"query-input\":\"required name=search_term_string\"}],\"inLanguage\":\"es\"},{\"@type\":\"Person\",\"@id\":\"https:\/\/www.ull.es\/portal\/noticias\/#\/schema\/person\/c3b2aa857797592927a03740d6664376\",\"name\":\"prensa2\",\"image\":{\"@type\":\"ImageObject\",\"inLanguage\":\"es\",\"@id\":\"https:\/\/www.ull.es\/portal\/noticias\/#\/schema\/person\/image\/\",\"url\":\"https:\/\/secure.gravatar.com\/avatar\/b58f310a5de5feb33d1e026d2493f23c?s=96&d=mm&r=g\",\"contentUrl\":\"https:\/\/secure.gravatar.com\/avatar\/b58f310a5de5feb33d1e026d2493f23c?s=96&d=mm&r=g\",\"caption\":\"prensa2\"},\"url\":\"https:\/\/www.ull.es\/portal\/noticias\/author\/prensa2\/\"}]}<\/script>\n<!-- \/ Yoast SEO plugin. -->","yoast_head_json":{"title":"Los psic\u00f3logos abogan por un m\u00e1ster obligatorio para acceder al ejercicio de la especialidad cl\u00ednica - ULL - Noticias","robots":{"index":"index","follow":"follow","max-snippet":"max-snippet:-1","max-image-preview":"max-image-preview:large","max-video-preview":"max-video-preview:-1"},"canonical":"https:\/\/www.ull.es\/portal\/noticias\/2010\/los-psicologos-abogan-por-un-master-obligatorio-para-acceder-al-ejercicio-de-la-especialidad-clinica\/","og_locale":"es_ES","og_type":"article","og_title":"Los psic\u00f3logos abogan por un m\u00e1ster obligatorio para acceder al ejercicio de la especialidad cl\u00ednica - ULL - Noticias","og_description":"La psicolog&iacute;a lleva varios a&ntilde;os reclamando la consideraci&oacute;n de su disciplina como una especialidad sanitaria, tal y como est&aacute; sucediendo...","og_url":"https:\/\/www.ull.es\/portal\/noticias\/2010\/los-psicologos-abogan-por-un-master-obligatorio-para-acceder-al-ejercicio-de-la-especialidad-clinica\/","og_site_name":"ULL - Noticias","article_publisher":"https:\/\/www.facebook.com\/universidaddelalaguna\/","article_published_time":"2010-03-04T00:00:00+00:00","og_image":[{"width":1200,"height":630,"url":"https:\/\/www.ull.es\/portal\/noticias\/wp-content\/uploads\/sites\/13\/2023\/06\/logo-redimensionado.png","type":"image\/png"}],"author":"prensa2","twitter_card":"summary_large_image","twitter_creator":"@CanalULL","twitter_site":"@CanalULL","twitter_misc":{"Escrito por":"prensa2","Tiempo de lectura":"5 minutos"},"schema":{"@context":"https:\/\/schema.org","@graph":[{"@type":"WebPage","@id":"https:\/\/www.ull.es\/portal\/noticias\/2010\/los-psicologos-abogan-por-un-master-obligatorio-para-acceder-al-ejercicio-de-la-especialidad-clinica\/","url":"https:\/\/www.ull.es\/portal\/noticias\/2010\/los-psicologos-abogan-por-un-master-obligatorio-para-acceder-al-ejercicio-de-la-especialidad-clinica\/","name":"Los psic\u00f3logos abogan por un m\u00e1ster obligatorio para acceder al ejercicio de la especialidad cl\u00ednica - ULL - Noticias","isPartOf":{"@id":"https:\/\/www.ull.es\/portal\/noticias\/#website"},"datePublished":"2010-03-04T00:00:00+00:00","dateModified":"2010-03-04T00:00:00+00:00","author":{"@id":"https:\/\/www.ull.es\/portal\/noticias\/#\/schema\/person\/c3b2aa857797592927a03740d6664376"},"breadcrumb":{"@id":"https:\/\/www.ull.es\/portal\/noticias\/2010\/los-psicologos-abogan-por-un-master-obligatorio-para-acceder-al-ejercicio-de-la-especialidad-clinica\/#breadcrumb"},"inLanguage":"es","potentialAction":[{"@type":"ReadAction","target":["https:\/\/www.ull.es\/portal\/noticias\/2010\/los-psicologos-abogan-por-un-master-obligatorio-para-acceder-al-ejercicio-de-la-especialidad-clinica\/"]}]},{"@type":"BreadcrumbList","@id":"https:\/\/www.ull.es\/portal\/noticias\/2010\/los-psicologos-abogan-por-un-master-obligatorio-para-acceder-al-ejercicio-de-la-especialidad-clinica\/#breadcrumb","itemListElement":[{"@type":"ListItem","position":1,"name":"Portada","item":"https:\/\/www.ull.es\/portal\/noticias\/"},{"@type":"ListItem","position":2,"name":"Los psic\u00f3logos abogan por un m\u00e1ster obligatorio para acceder al ejercicio de la especialidad cl\u00ednica"}]},{"@type":"WebSite","@id":"https:\/\/www.ull.es\/portal\/noticias\/#website","url":"https:\/\/www.ull.es\/portal\/noticias\/","name":"ULL - Noticias","description":"","potentialAction":[{"@type":"SearchAction","target":{"@type":"EntryPoint","urlTemplate":"https:\/\/www.ull.es\/portal\/noticias\/?s={search_term_string}"},"query-input":"required name=search_term_string"}],"inLanguage":"es"},{"@type":"Person","@id":"https:\/\/www.ull.es\/portal\/noticias\/#\/schema\/person\/c3b2aa857797592927a03740d6664376","name":"prensa2","image":{"@type":"ImageObject","inLanguage":"es","@id":"https:\/\/www.ull.es\/portal\/noticias\/#\/schema\/person\/image\/","url":"https:\/\/secure.gravatar.com\/avatar\/b58f310a5de5feb33d1e026d2493f23c?s=96&d=mm&r=g","contentUrl":"https:\/\/secure.gravatar.com\/avatar\/b58f310a5de5feb33d1e026d2493f23c?s=96&d=mm&r=g","caption":"prensa2"},"url":"https:\/\/www.ull.es\/portal\/noticias\/author\/prensa2\/"}]}},"primary_category":null,"featured_image_thumbnail_url":null,"_links":{"self":[{"href":"https:\/\/www.ull.es\/portal\/noticias\/wp-json\/wp\/v2\/posts\/16600"}],"collection":[{"href":"https:\/\/www.ull.es\/portal\/noticias\/wp-json\/wp\/v2\/posts"}],"about":[{"href":"https:\/\/www.ull.es\/portal\/noticias\/wp-json\/wp\/v2\/types\/post"}],"author":[{"embeddable":true,"href":"https:\/\/www.ull.es\/portal\/noticias\/wp-json\/wp\/v2\/users\/21"}],"replies":[{"embeddable":true,"href":"https:\/\/www.ull.es\/portal\/noticias\/wp-json\/wp\/v2\/comments?post=16600"}],"version-history":[{"count":0,"href":"https:\/\/www.ull.es\/portal\/noticias\/wp-json\/wp\/v2\/posts\/16600\/revisions"}],"wp:attachment":[{"href":"https:\/\/www.ull.es\/portal\/noticias\/wp-json\/wp\/v2\/media?parent=16600"}],"wp:term":[{"taxonomy":"category","embeddable":true,"href":"https:\/\/www.ull.es\/portal\/noticias\/wp-json\/wp\/v2\/categories?post=16600"},{"taxonomy":"post_tag","embeddable":true,"href":"https:\/\/www.ull.es\/portal\/noticias\/wp-json\/wp\/v2\/tags?post=16600"}],"curies":[{"name":"wp","href":"https:\/\/api.w.org\/{rel}","templated":true}]}}