{"id":16602,"date":"2010-03-08T00:00:00","date_gmt":"2010-03-08T00:00:00","guid":{"rendered":"http:\/\/ddigital.webs.ull.es\/la-ull-celebrara-el-11-de-marzo-su-dia-institucional-coincidiendo-con-el-218-aniversario-de-su-fundacion\/"},"modified":"2010-03-08T00:00:00","modified_gmt":"2010-03-08T00:00:00","slug":"la-ull-celebrara-el-11-de-marzo-su-dia-institucional-coincidiendo-con-el-218-aniversario-de-su-fundacion","status":"publish","type":"post","link":"https:\/\/www.ull.es\/portal\/noticias\/2010\/la-ull-celebrara-el-11-de-marzo-su-dia-institucional-coincidiendo-con-el-218-aniversario-de-su-fundacion\/","title":{"rendered":"La ULL celebrar\u00e1 el 11 de marzo su D\u00eda Institucional coincidiendo con el 218 aniversario de su fundaci\u00f3n"},"content":{"rendered":"<p>Como viene siendo habitual desde hace unos a&ntilde;os, la Universidad de La Laguna celebrar&aacute; el pr&oacute;ximo jueves 11 de marzo su D&iacute;a Institucional, con motivo del 218 aniversario de su fundaci&oacute;n. Como novedad en esta edici&oacute;n, adem&aacute;s del acto acad&eacute;mico que se desarrollar&aacute; en el Paraninfo, la jornada, declarada festiva en el centro docente, incluye competiciones deportivas destinadas al alumnado y que tendr&aacute;n lugar en horario de ma&ntilde;ana. Tambi&eacute;n forma parte de esta conmemoraci&oacute;n la I Regata Universidad de La laguna celebrada este fin de semana en Santa Cruz de Tenerife.<\/p>\n<p>Esta celebraci&oacute;n institucional se realiza con la colaboraci&oacute;n de la Asociaci&oacute;n de Antiguos Alumnos y Amigos de la Universidad de La Laguna (AAAA) quien har&aacute; entrega de su Premio a los Valores Humanos del Alumnado.<\/p>\n<p>As&iacute;, la jornada comenzar&aacute; el d&iacute;a 11 a las 9 horas con la celebraci&oacute;n de tres competiciones deportivas: triangular de f&uacute;tbol 11 masculino en el Campo de Hierba, triangular de f&uacute;tbol sala femenino en el Pabell&oacute;n Verde y triangular de lucha canaria en el tatami del Polideportivo Central. Se prev&eacute; que estos partidos est&eacute;n finalizados a las 14 horas. Tambi&eacute;n en horario de ma&ntilde;ana se inaugurar&aacute; en la Sala de Arte Paraninfo la exposici&oacute;n fotogr&aacute;fica organizada por la AAAA sobre el personal de administraci&oacute;n y servicios de la instituci&oacute;n acad&eacute;mica.<\/p>\n<p>Ya en horario de tarde, a las 17.30 horas la Asociaci&oacute;n de Antiguos Alumnos y Amigos pondr&aacute; en marcha una mesa redonda de debate, como suele hacer cada a&ntilde;o, en la sala de juntas del Edificio Central. En esta edici&oacute;n el tema escogido es &lsquo;La econom&iacute;a en Canarias: presente y futuro&rsquo;, moderada por el catedr&aacute;tico de Econom&iacute;a Aplicada Jos&eacute; &Aacute;ngel Rodr&iacute;guez. El vicepresidente del Gobierno de Canarias y consejero de Econom&iacute;a y Hacienda, Jos&eacute; Manuel Soria, ha confirmado su participaci&oacute;n en este coloquio.<\/p>\n<p><strong>Sesi&oacute;n acad&eacute;mica<\/strong><\/p>\n<p>La sesi&oacute;n acad&eacute;mica dar&aacute; comienzo a las 19:30 en el Paraninfo, con una breve intervenci&oacute;n, en primer lugar, del presidente de la AAAA, Zenaido Hern&aacute;ndez. Acto seguido, ser&aacute; el catedr&aacute;tico de la Universidad de Venecia Carlo Magnani<\/p>\n<p>quien imparta la lecci&oacute;n acad&eacute;mica, titulada &lsquo;Venecia y la modernidad&rsquo;. Tras su intervenci&oacute;n, prevista en media hora, se proceder&aacute; al reconocimiento de los homenajeados, tanto a los profesores como al personal de administraci&oacute;n y servicios jubilado, al tiempo que habr&aacute; un reconocimiento a la excelencia acad&eacute;mica, a trav&eacute;s de la entrega de diplomas a los mejores expedientes de fin de carrera y a las tesis doctorales como premio extraordinario.<\/p>\n<p>El rector tambi&eacute;n har&aacute; entrega de los trofeos de las competiciones deportivas celebradas ese mismo d&iacute;a, es decir, de los tres triangulares, y de la regata universitaria que tuvo lugar este pasado fin de semana, en sus cinco modalidades (l&aacute;ser radial, l&aacute;ser 4.7, snipe, 29er y raquero).<\/p>\n<p>La sesi&oacute;n se cerrar&aacute; con el acto de entrega del VII Premio Valores Humanos del Alumnado de la Universidad de La Laguna y con una proyecci&oacute;n audiovisual producida por la AAAA, tras la cual habr&aacute; unas breves palabras del rector, Eduardo Dom&eacute;nech. La Camerata Lacunensis y el Gaudeamus ser&aacute;n el punto final de esta celebraci&oacute;n.<\/p>\n","protected":false},"excerpt":{"rendered":"<p>Como viene siendo habitual desde hace unos a&ntilde;os, la Universidad de La Laguna celebrar&aacute; el pr&oacute;ximo jueves 11 de marzo&#8230;<\/p>\n","protected":false},"author":21,"featured_media":0,"comment_status":"open","ping_status":"open","sticky":false,"template":"","format":"standard","meta":{"inline_featured_image":false,"footnotes":""},"categories":[348],"tags":[],"acf":[],"yoast_head":"<!-- This site is optimized with the Yoast SEO plugin v21.3 - https:\/\/yoast.com\/wordpress\/plugins\/seo\/ -->\n<title>La ULL celebrar\u00e1 el 11 de marzo su D\u00eda Institucional coincidiendo con el 218 aniversario de su fundaci\u00f3n - ULL - Noticias<\/title>\n<meta name=\"robots\" content=\"index, follow, max-snippet:-1, max-image-preview:large, max-video-preview:-1\" \/>\n<link rel=\"canonical\" href=\"https:\/\/www.ull.es\/portal\/noticias\/2010\/la-ull-celebrara-el-11-de-marzo-su-dia-institucional-coincidiendo-con-el-218-aniversario-de-su-fundacion\/\" \/>\n<meta property=\"og:locale\" content=\"es_ES\" \/>\n<meta property=\"og:type\" content=\"article\" \/>\n<meta property=\"og:title\" content=\"La ULL celebrar\u00e1 el 11 de marzo su D\u00eda Institucional coincidiendo con el 218 aniversario de su fundaci\u00f3n - ULL - Noticias\" \/>\n<meta property=\"og:description\" content=\"Como viene siendo habitual desde hace unos a&ntilde;os, la Universidad de La Laguna celebrar&aacute; el pr&oacute;ximo jueves 11 de marzo...\" \/>\n<meta property=\"og:url\" content=\"https:\/\/www.ull.es\/portal\/noticias\/2010\/la-ull-celebrara-el-11-de-marzo-su-dia-institucional-coincidiendo-con-el-218-aniversario-de-su-fundacion\/\" \/>\n<meta property=\"og:site_name\" content=\"ULL - Noticias\" \/>\n<meta property=\"article:publisher\" content=\"https:\/\/www.facebook.com\/universidaddelalaguna\/\" \/>\n<meta property=\"article:published_time\" content=\"2010-03-08T00:00:00+00:00\" \/>\n<meta property=\"og:image\" content=\"https:\/\/www.ull.es\/portal\/noticias\/wp-content\/uploads\/sites\/13\/2023\/06\/logo-redimensionado.png\" \/>\n\t<meta property=\"og:image:width\" content=\"1200\" \/>\n\t<meta property=\"og:image:height\" content=\"630\" \/>\n\t<meta property=\"og:image:type\" content=\"image\/png\" \/>\n<meta name=\"author\" content=\"prensa2\" \/>\n<meta name=\"twitter:card\" content=\"summary_large_image\" \/>\n<meta name=\"twitter:creator\" content=\"@CanalULL\" \/>\n<meta name=\"twitter:site\" content=\"@CanalULL\" \/>\n<meta name=\"twitter:label1\" content=\"Escrito por\" \/>\n\t<meta name=\"twitter:data1\" content=\"prensa2\" \/>\n\t<meta name=\"twitter:label2\" content=\"Tiempo de lectura\" \/>\n\t<meta name=\"twitter:data2\" content=\"3 minutos\" \/>\n<script type=\"application\/ld+json\" class=\"yoast-schema-graph\">{\"@context\":\"https:\/\/schema.org\",\"@graph\":[{\"@type\":\"WebPage\",\"@id\":\"https:\/\/www.ull.es\/portal\/noticias\/2010\/la-ull-celebrara-el-11-de-marzo-su-dia-institucional-coincidiendo-con-el-218-aniversario-de-su-fundacion\/\",\"url\":\"https:\/\/www.ull.es\/portal\/noticias\/2010\/la-ull-celebrara-el-11-de-marzo-su-dia-institucional-coincidiendo-con-el-218-aniversario-de-su-fundacion\/\",\"name\":\"La ULL celebrar\u00e1 el 11 de marzo su D\u00eda Institucional coincidiendo con el 218 aniversario de su fundaci\u00f3n - ULL - Noticias\",\"isPartOf\":{\"@id\":\"https:\/\/www.ull.es\/portal\/noticias\/#website\"},\"datePublished\":\"2010-03-08T00:00:00+00:00\",\"dateModified\":\"2010-03-08T00:00:00+00:00\",\"author\":{\"@id\":\"https:\/\/www.ull.es\/portal\/noticias\/#\/schema\/person\/c3b2aa857797592927a03740d6664376\"},\"breadcrumb\":{\"@id\":\"https:\/\/www.ull.es\/portal\/noticias\/2010\/la-ull-celebrara-el-11-de-marzo-su-dia-institucional-coincidiendo-con-el-218-aniversario-de-su-fundacion\/#breadcrumb\"},\"inLanguage\":\"es\",\"potentialAction\":[{\"@type\":\"ReadAction\",\"target\":[\"https:\/\/www.ull.es\/portal\/noticias\/2010\/la-ull-celebrara-el-11-de-marzo-su-dia-institucional-coincidiendo-con-el-218-aniversario-de-su-fundacion\/\"]}]},{\"@type\":\"BreadcrumbList\",\"@id\":\"https:\/\/www.ull.es\/portal\/noticias\/2010\/la-ull-celebrara-el-11-de-marzo-su-dia-institucional-coincidiendo-con-el-218-aniversario-de-su-fundacion\/#breadcrumb\",\"itemListElement\":[{\"@type\":\"ListItem\",\"position\":1,\"name\":\"Portada\",\"item\":\"https:\/\/www.ull.es\/portal\/noticias\/\"},{\"@type\":\"ListItem\",\"position\":2,\"name\":\"La ULL celebrar\u00e1 el 11 de marzo su D\u00eda Institucional coincidiendo con el 218 aniversario de su fundaci\u00f3n\"}]},{\"@type\":\"WebSite\",\"@id\":\"https:\/\/www.ull.es\/portal\/noticias\/#website\",\"url\":\"https:\/\/www.ull.es\/portal\/noticias\/\",\"name\":\"ULL - Noticias\",\"description\":\"\",\"potentialAction\":[{\"@type\":\"SearchAction\",\"target\":{\"@type\":\"EntryPoint\",\"urlTemplate\":\"https:\/\/www.ull.es\/portal\/noticias\/?s={search_term_string}\"},\"query-input\":\"required name=search_term_string\"}],\"inLanguage\":\"es\"},{\"@type\":\"Person\",\"@id\":\"https:\/\/www.ull.es\/portal\/noticias\/#\/schema\/person\/c3b2aa857797592927a03740d6664376\",\"name\":\"prensa2\",\"image\":{\"@type\":\"ImageObject\",\"inLanguage\":\"es\",\"@id\":\"https:\/\/www.ull.es\/portal\/noticias\/#\/schema\/person\/image\/\",\"url\":\"https:\/\/secure.gravatar.com\/avatar\/b58f310a5de5feb33d1e026d2493f23c?s=96&d=mm&r=g\",\"contentUrl\":\"https:\/\/secure.gravatar.com\/avatar\/b58f310a5de5feb33d1e026d2493f23c?s=96&d=mm&r=g\",\"caption\":\"prensa2\"},\"url\":\"https:\/\/www.ull.es\/portal\/noticias\/author\/prensa2\/\"}]}<\/script>\n<!-- \/ Yoast SEO plugin. -->","yoast_head_json":{"title":"La ULL celebrar\u00e1 el 11 de marzo su D\u00eda Institucional coincidiendo con el 218 aniversario de su fundaci\u00f3n - ULL - Noticias","robots":{"index":"index","follow":"follow","max-snippet":"max-snippet:-1","max-image-preview":"max-image-preview:large","max-video-preview":"max-video-preview:-1"},"canonical":"https:\/\/www.ull.es\/portal\/noticias\/2010\/la-ull-celebrara-el-11-de-marzo-su-dia-institucional-coincidiendo-con-el-218-aniversario-de-su-fundacion\/","og_locale":"es_ES","og_type":"article","og_title":"La ULL celebrar\u00e1 el 11 de marzo su D\u00eda Institucional coincidiendo con el 218 aniversario de su fundaci\u00f3n - ULL - Noticias","og_description":"Como viene siendo habitual desde hace unos a&ntilde;os, la Universidad de La Laguna celebrar&aacute; el pr&oacute;ximo jueves 11 de marzo...","og_url":"https:\/\/www.ull.es\/portal\/noticias\/2010\/la-ull-celebrara-el-11-de-marzo-su-dia-institucional-coincidiendo-con-el-218-aniversario-de-su-fundacion\/","og_site_name":"ULL - Noticias","article_publisher":"https:\/\/www.facebook.com\/universidaddelalaguna\/","article_published_time":"2010-03-08T00:00:00+00:00","og_image":[{"width":1200,"height":630,"url":"https:\/\/www.ull.es\/portal\/noticias\/wp-content\/uploads\/sites\/13\/2023\/06\/logo-redimensionado.png","type":"image\/png"}],"author":"prensa2","twitter_card":"summary_large_image","twitter_creator":"@CanalULL","twitter_site":"@CanalULL","twitter_misc":{"Escrito por":"prensa2","Tiempo de lectura":"3 minutos"},"schema":{"@context":"https:\/\/schema.org","@graph":[{"@type":"WebPage","@id":"https:\/\/www.ull.es\/portal\/noticias\/2010\/la-ull-celebrara-el-11-de-marzo-su-dia-institucional-coincidiendo-con-el-218-aniversario-de-su-fundacion\/","url":"https:\/\/www.ull.es\/portal\/noticias\/2010\/la-ull-celebrara-el-11-de-marzo-su-dia-institucional-coincidiendo-con-el-218-aniversario-de-su-fundacion\/","name":"La ULL celebrar\u00e1 el 11 de marzo su D\u00eda Institucional coincidiendo con el 218 aniversario de su fundaci\u00f3n - ULL - Noticias","isPartOf":{"@id":"https:\/\/www.ull.es\/portal\/noticias\/#website"},"datePublished":"2010-03-08T00:00:00+00:00","dateModified":"2010-03-08T00:00:00+00:00","author":{"@id":"https:\/\/www.ull.es\/portal\/noticias\/#\/schema\/person\/c3b2aa857797592927a03740d6664376"},"breadcrumb":{"@id":"https:\/\/www.ull.es\/portal\/noticias\/2010\/la-ull-celebrara-el-11-de-marzo-su-dia-institucional-coincidiendo-con-el-218-aniversario-de-su-fundacion\/#breadcrumb"},"inLanguage":"es","potentialAction":[{"@type":"ReadAction","target":["https:\/\/www.ull.es\/portal\/noticias\/2010\/la-ull-celebrara-el-11-de-marzo-su-dia-institucional-coincidiendo-con-el-218-aniversario-de-su-fundacion\/"]}]},{"@type":"BreadcrumbList","@id":"https:\/\/www.ull.es\/portal\/noticias\/2010\/la-ull-celebrara-el-11-de-marzo-su-dia-institucional-coincidiendo-con-el-218-aniversario-de-su-fundacion\/#breadcrumb","itemListElement":[{"@type":"ListItem","position":1,"name":"Portada","item":"https:\/\/www.ull.es\/portal\/noticias\/"},{"@type":"ListItem","position":2,"name":"La ULL celebrar\u00e1 el 11 de marzo su D\u00eda Institucional coincidiendo con el 218 aniversario de su fundaci\u00f3n"}]},{"@type":"WebSite","@id":"https:\/\/www.ull.es\/portal\/noticias\/#website","url":"https:\/\/www.ull.es\/portal\/noticias\/","name":"ULL - Noticias","description":"","potentialAction":[{"@type":"SearchAction","target":{"@type":"EntryPoint","urlTemplate":"https:\/\/www.ull.es\/portal\/noticias\/?s={search_term_string}"},"query-input":"required name=search_term_string"}],"inLanguage":"es"},{"@type":"Person","@id":"https:\/\/www.ull.es\/portal\/noticias\/#\/schema\/person\/c3b2aa857797592927a03740d6664376","name":"prensa2","image":{"@type":"ImageObject","inLanguage":"es","@id":"https:\/\/www.ull.es\/portal\/noticias\/#\/schema\/person\/image\/","url":"https:\/\/secure.gravatar.com\/avatar\/b58f310a5de5feb33d1e026d2493f23c?s=96&d=mm&r=g","contentUrl":"https:\/\/secure.gravatar.com\/avatar\/b58f310a5de5feb33d1e026d2493f23c?s=96&d=mm&r=g","caption":"prensa2"},"url":"https:\/\/www.ull.es\/portal\/noticias\/author\/prensa2\/"}]}},"primary_category":null,"featured_image_thumbnail_url":null,"_links":{"self":[{"href":"https:\/\/www.ull.es\/portal\/noticias\/wp-json\/wp\/v2\/posts\/16602"}],"collection":[{"href":"https:\/\/www.ull.es\/portal\/noticias\/wp-json\/wp\/v2\/posts"}],"about":[{"href":"https:\/\/www.ull.es\/portal\/noticias\/wp-json\/wp\/v2\/types\/post"}],"author":[{"embeddable":true,"href":"https:\/\/www.ull.es\/portal\/noticias\/wp-json\/wp\/v2\/users\/21"}],"replies":[{"embeddable":true,"href":"https:\/\/www.ull.es\/portal\/noticias\/wp-json\/wp\/v2\/comments?post=16602"}],"version-history":[{"count":0,"href":"https:\/\/www.ull.es\/portal\/noticias\/wp-json\/wp\/v2\/posts\/16602\/revisions"}],"wp:attachment":[{"href":"https:\/\/www.ull.es\/portal\/noticias\/wp-json\/wp\/v2\/media?parent=16602"}],"wp:term":[{"taxonomy":"category","embeddable":true,"href":"https:\/\/www.ull.es\/portal\/noticias\/wp-json\/wp\/v2\/categories?post=16602"},{"taxonomy":"post_tag","embeddable":true,"href":"https:\/\/www.ull.es\/portal\/noticias\/wp-json\/wp\/v2\/tags?post=16602"}],"curies":[{"name":"wp","href":"https:\/\/api.w.org\/{rel}","templated":true}]}}