{"id":16607,"date":"2010-03-11T00:00:00","date_gmt":"2010-03-11T00:00:00","guid":{"rendered":"http:\/\/ddigital.webs.ull.es\/el-consejo-social-de-la-ull-y-red-electrica-de-espana-organizan-una-jornada-sobre-eficiencia-energetica\/"},"modified":"2010-03-11T00:00:00","modified_gmt":"2010-03-11T00:00:00","slug":"el-consejo-social-de-la-ull-y-red-electrica-de-espana-organizan-una-jornada-sobre-eficiencia-energetica","status":"publish","type":"post","link":"https:\/\/www.ull.es\/portal\/noticias\/2010\/el-consejo-social-de-la-ull-y-red-electrica-de-espana-organizan-una-jornada-sobre-eficiencia-energetica\/","title":{"rendered":"El Consejo Social de la ULL y Red El\u00e9ctrica de Espa\u00f1a organizan una jornada sobre eficiencia energ\u00e9tica"},"content":{"rendered":"<p>El Consejo Social de la Universidad de La Laguna y Red El&eacute;ctrica de Espa&ntilde;a (REE) han organizado la jornada &quot;La eficiencia energ&eacute;tica del sistema el&eacute;ctrico: un reto para la sociedad canaria actual&quot;, que se inscribe en el ciclo de jornadas sobre los sistemas el&eacute;ctricos de Canarias titulado &quot;Desaf&iacute;os presentes y futuros para un desarrollo sostenible&quot; promovido por Red El&eacute;ctrica.<\/p>\n<p>Esta iniciativa ser&aacute; inaugurada el 18 de marzo por el presidente del Gobierno de Canarias, Paulino Rivero Baute, en la sede de Cajacanarias de Santa Cruz de Tenerife y contar&aacute; con la presencia de expertos de la Uni&oacute;n Europea, del Ministerio de Industria (Instituto para la Diversificaci&oacute;n y el Ahorro de Energ&iacute;a), del Gobierno de Canarias, del sector el&eacute;ctrico (Endesa, Iberdrola, Uni&oacute;n Fenosa y REE), del Instituto Tecnol&oacute;gico de Canarias, representantes de organizaciones de consumidores (CECU, ACE), organizaciones locales (Agencias Locales de la Energ&iacute;a) as&iacute; como de la Consejer&iacute;a de Educaci&oacute;n.<\/p>\n<p>Este ciclo, iniciado en 2008, en colaboraci&oacute;n con el Consejo Social de la Universidad de Las Palmas de Gran Canaria, persigue mejorar el conocimiento por parte de la sociedad canaria de las principales l&iacute;neas de acci&oacute;n de la pol&iacute;tica energ&eacute;tica y fue inaugurado con una primera jornada sobre la integraci&oacute;n de energ&iacute;as renovables en los sistemas el&eacute;ctricos de Canarias. En esta ocasi&oacute;n, se tratar&aacute; la eficiencia energ&eacute;tica y el uso responsable de la energ&iacute;a como pilares clave en una senda de desarrollo sostenible.<\/p>\n<p>Ambos conceptos se configuran como la alternativa m&aacute;s inmediata, efectiva y clara para un desarrollo eficiente y sostenible de nuestros sistemas de suministro el&eacute;ctrico. Se trata de una l&iacute;nea de acci&oacute;n incipiente, que requiere, junto a una respuesta tecnol&oacute;gica, una toma de conciencia por parte de la sociedad y de los usuarios de energ&iacute;a de que un uso inteligente de &eacute;sta es la decisi&oacute;n m&aacute;s acertada para producir un ahorro econ&oacute;mico y una mayor protecci&oacute;n del medio ambiente.<\/p>\n<p>Las ponencias programadas para esta jornada se han estructurado en seis paneles: &quot;La eficiencia energ&eacute;tica en las pol&iacute;ticas energ&eacute;ticas&quot;; &quot;Visi&oacute;n del sector el&eacute;ctrico&quot;; &quot;Visi&oacute;n de los consumidores&quot;; &quot;La oferta de eficiencia energ&eacute;tica&quot;, &quot;La innovaci&oacute;n&quot; y &quot;Social y medioambiental&quot;.<\/p>\n<p>En un futuro pr&oacute;ximo, el ciclo se completar&aacute; con una jornada sobre la seguridad de suministro, centrada en la planificaci&oacute;n el&eacute;ctrica. El objetivo final de esta iniciativa es acercar las cuestiones que constituyen los ejes de la pol&iacute;tica energ&eacute;tica al m&aacute;s amplio espectro posible de la sociedad canaria y, de modo particular, a universidades e institutos de investigaci&oacute;n, agencias locales de la energ&iacute;a, &oacute;rganos de la Administraci&oacute;n, corporaciones profesionales y otros colectivos sociales, analizando las posibilidades, las particularidades y los retos que afectan de modo espec&iacute;fico a Canarias, as&iacute; como las oportunidades que tambi&eacute;n se abren para &eacute;sta.<\/p>\n<p>El programa completo de esta iniciativa se encuent6ra disponible en el enlace <a target=\"_blank\" href=\"http:\/\/www.ull.es\/Private\/folder\/institucional\/ull\/wull\/agenda\/2010\/marzo\/eficiencia_energetica.pdf\" target=\"_blank\" rel=\"noopener\">http:\/\/www.ull.es\/Private\/folder\/institucional\/ull\/wull\/agenda\/2010\/marzo\/eficiencia_energetica.pdf<\/a><\/p>\n<p>(Nota de prensa cedida por REE).<\/p>\n<p>&nbsp;<\/p>\n","protected":false},"excerpt":{"rendered":"<p>El Consejo Social de la Universidad de La Laguna y Red El&eacute;ctrica de Espa&ntilde;a (REE) han organizado la jornada &quot;La&#8230;<\/p>\n","protected":false},"author":21,"featured_media":0,"comment_status":"open","ping_status":"open","sticky":false,"template":"","format":"standard","meta":{"inline_featured_image":false,"footnotes":""},"categories":[348],"tags":[],"acf":[],"yoast_head":"<!-- This site is optimized with the Yoast SEO plugin v21.3 - https:\/\/yoast.com\/wordpress\/plugins\/seo\/ -->\n<title>El Consejo Social de la ULL y Red El\u00e9ctrica de Espa\u00f1a organizan una jornada sobre eficiencia energ\u00e9tica - ULL - Noticias<\/title>\n<meta name=\"robots\" content=\"index, follow, max-snippet:-1, max-image-preview:large, max-video-preview:-1\" \/>\n<link rel=\"canonical\" href=\"https:\/\/www.ull.es\/portal\/noticias\/2010\/el-consejo-social-de-la-ull-y-red-electrica-de-espana-organizan-una-jornada-sobre-eficiencia-energetica\/\" \/>\n<meta property=\"og:locale\" content=\"es_ES\" \/>\n<meta property=\"og:type\" content=\"article\" \/>\n<meta property=\"og:title\" content=\"El Consejo Social de la ULL y Red El\u00e9ctrica de Espa\u00f1a organizan una jornada sobre eficiencia energ\u00e9tica - ULL - Noticias\" \/>\n<meta property=\"og:description\" content=\"El Consejo Social de la Universidad de La Laguna y Red El&eacute;ctrica de Espa&ntilde;a (REE) han organizado la jornada &quot;La...\" \/>\n<meta property=\"og:url\" content=\"https:\/\/www.ull.es\/portal\/noticias\/2010\/el-consejo-social-de-la-ull-y-red-electrica-de-espana-organizan-una-jornada-sobre-eficiencia-energetica\/\" \/>\n<meta property=\"og:site_name\" content=\"ULL - Noticias\" \/>\n<meta property=\"article:publisher\" content=\"https:\/\/www.facebook.com\/universidaddelalaguna\/\" \/>\n<meta property=\"article:published_time\" content=\"2010-03-11T00:00:00+00:00\" \/>\n<meta property=\"og:image\" content=\"https:\/\/www.ull.es\/portal\/noticias\/wp-content\/uploads\/sites\/13\/2023\/06\/logo-redimensionado.png\" \/>\n\t<meta property=\"og:image:width\" content=\"1200\" \/>\n\t<meta property=\"og:image:height\" content=\"630\" \/>\n\t<meta property=\"og:image:type\" content=\"image\/png\" \/>\n<meta name=\"author\" content=\"prensa2\" \/>\n<meta name=\"twitter:card\" content=\"summary_large_image\" \/>\n<meta name=\"twitter:creator\" content=\"@CanalULL\" \/>\n<meta name=\"twitter:site\" content=\"@CanalULL\" \/>\n<meta name=\"twitter:label1\" content=\"Escrito por\" \/>\n\t<meta name=\"twitter:data1\" content=\"prensa2\" \/>\n\t<meta name=\"twitter:label2\" content=\"Tiempo de lectura\" \/>\n\t<meta name=\"twitter:data2\" content=\"3 minutos\" \/>\n<script type=\"application\/ld+json\" class=\"yoast-schema-graph\">{\"@context\":\"https:\/\/schema.org\",\"@graph\":[{\"@type\":\"WebPage\",\"@id\":\"https:\/\/www.ull.es\/portal\/noticias\/2010\/el-consejo-social-de-la-ull-y-red-electrica-de-espana-organizan-una-jornada-sobre-eficiencia-energetica\/\",\"url\":\"https:\/\/www.ull.es\/portal\/noticias\/2010\/el-consejo-social-de-la-ull-y-red-electrica-de-espana-organizan-una-jornada-sobre-eficiencia-energetica\/\",\"name\":\"El Consejo Social de la ULL y Red El\u00e9ctrica de Espa\u00f1a organizan una jornada sobre eficiencia energ\u00e9tica - ULL - Noticias\",\"isPartOf\":{\"@id\":\"https:\/\/www.ull.es\/portal\/noticias\/#website\"},\"datePublished\":\"2010-03-11T00:00:00+00:00\",\"dateModified\":\"2010-03-11T00:00:00+00:00\",\"author\":{\"@id\":\"https:\/\/www.ull.es\/portal\/noticias\/#\/schema\/person\/c3b2aa857797592927a03740d6664376\"},\"breadcrumb\":{\"@id\":\"https:\/\/www.ull.es\/portal\/noticias\/2010\/el-consejo-social-de-la-ull-y-red-electrica-de-espana-organizan-una-jornada-sobre-eficiencia-energetica\/#breadcrumb\"},\"inLanguage\":\"es\",\"potentialAction\":[{\"@type\":\"ReadAction\",\"target\":[\"https:\/\/www.ull.es\/portal\/noticias\/2010\/el-consejo-social-de-la-ull-y-red-electrica-de-espana-organizan-una-jornada-sobre-eficiencia-energetica\/\"]}]},{\"@type\":\"BreadcrumbList\",\"@id\":\"https:\/\/www.ull.es\/portal\/noticias\/2010\/el-consejo-social-de-la-ull-y-red-electrica-de-espana-organizan-una-jornada-sobre-eficiencia-energetica\/#breadcrumb\",\"itemListElement\":[{\"@type\":\"ListItem\",\"position\":1,\"name\":\"Portada\",\"item\":\"https:\/\/www.ull.es\/portal\/noticias\/\"},{\"@type\":\"ListItem\",\"position\":2,\"name\":\"El Consejo Social de la ULL y Red El\u00e9ctrica de Espa\u00f1a organizan una jornada sobre eficiencia energ\u00e9tica\"}]},{\"@type\":\"WebSite\",\"@id\":\"https:\/\/www.ull.es\/portal\/noticias\/#website\",\"url\":\"https:\/\/www.ull.es\/portal\/noticias\/\",\"name\":\"ULL - Noticias\",\"description\":\"\",\"potentialAction\":[{\"@type\":\"SearchAction\",\"target\":{\"@type\":\"EntryPoint\",\"urlTemplate\":\"https:\/\/www.ull.es\/portal\/noticias\/?s={search_term_string}\"},\"query-input\":\"required name=search_term_string\"}],\"inLanguage\":\"es\"},{\"@type\":\"Person\",\"@id\":\"https:\/\/www.ull.es\/portal\/noticias\/#\/schema\/person\/c3b2aa857797592927a03740d6664376\",\"name\":\"prensa2\",\"image\":{\"@type\":\"ImageObject\",\"inLanguage\":\"es\",\"@id\":\"https:\/\/www.ull.es\/portal\/noticias\/#\/schema\/person\/image\/\",\"url\":\"https:\/\/secure.gravatar.com\/avatar\/b58f310a5de5feb33d1e026d2493f23c?s=96&d=mm&r=g\",\"contentUrl\":\"https:\/\/secure.gravatar.com\/avatar\/b58f310a5de5feb33d1e026d2493f23c?s=96&d=mm&r=g\",\"caption\":\"prensa2\"},\"url\":\"https:\/\/www.ull.es\/portal\/noticias\/author\/prensa2\/\"}]}<\/script>\n<!-- \/ Yoast SEO plugin. -->","yoast_head_json":{"title":"El Consejo Social de la ULL y Red El\u00e9ctrica de Espa\u00f1a organizan una jornada sobre eficiencia energ\u00e9tica - ULL - Noticias","robots":{"index":"index","follow":"follow","max-snippet":"max-snippet:-1","max-image-preview":"max-image-preview:large","max-video-preview":"max-video-preview:-1"},"canonical":"https:\/\/www.ull.es\/portal\/noticias\/2010\/el-consejo-social-de-la-ull-y-red-electrica-de-espana-organizan-una-jornada-sobre-eficiencia-energetica\/","og_locale":"es_ES","og_type":"article","og_title":"El Consejo Social de la ULL y Red El\u00e9ctrica de Espa\u00f1a organizan una jornada sobre eficiencia energ\u00e9tica - ULL - Noticias","og_description":"El Consejo Social de la Universidad de La Laguna y Red El&eacute;ctrica de Espa&ntilde;a (REE) han organizado la jornada &quot;La...","og_url":"https:\/\/www.ull.es\/portal\/noticias\/2010\/el-consejo-social-de-la-ull-y-red-electrica-de-espana-organizan-una-jornada-sobre-eficiencia-energetica\/","og_site_name":"ULL - Noticias","article_publisher":"https:\/\/www.facebook.com\/universidaddelalaguna\/","article_published_time":"2010-03-11T00:00:00+00:00","og_image":[{"width":1200,"height":630,"url":"https:\/\/www.ull.es\/portal\/noticias\/wp-content\/uploads\/sites\/13\/2023\/06\/logo-redimensionado.png","type":"image\/png"}],"author":"prensa2","twitter_card":"summary_large_image","twitter_creator":"@CanalULL","twitter_site":"@CanalULL","twitter_misc":{"Escrito por":"prensa2","Tiempo de lectura":"3 minutos"},"schema":{"@context":"https:\/\/schema.org","@graph":[{"@type":"WebPage","@id":"https:\/\/www.ull.es\/portal\/noticias\/2010\/el-consejo-social-de-la-ull-y-red-electrica-de-espana-organizan-una-jornada-sobre-eficiencia-energetica\/","url":"https:\/\/www.ull.es\/portal\/noticias\/2010\/el-consejo-social-de-la-ull-y-red-electrica-de-espana-organizan-una-jornada-sobre-eficiencia-energetica\/","name":"El Consejo Social de la ULL y Red El\u00e9ctrica de Espa\u00f1a organizan una jornada sobre eficiencia energ\u00e9tica - ULL - Noticias","isPartOf":{"@id":"https:\/\/www.ull.es\/portal\/noticias\/#website"},"datePublished":"2010-03-11T00:00:00+00:00","dateModified":"2010-03-11T00:00:00+00:00","author":{"@id":"https:\/\/www.ull.es\/portal\/noticias\/#\/schema\/person\/c3b2aa857797592927a03740d6664376"},"breadcrumb":{"@id":"https:\/\/www.ull.es\/portal\/noticias\/2010\/el-consejo-social-de-la-ull-y-red-electrica-de-espana-organizan-una-jornada-sobre-eficiencia-energetica\/#breadcrumb"},"inLanguage":"es","potentialAction":[{"@type":"ReadAction","target":["https:\/\/www.ull.es\/portal\/noticias\/2010\/el-consejo-social-de-la-ull-y-red-electrica-de-espana-organizan-una-jornada-sobre-eficiencia-energetica\/"]}]},{"@type":"BreadcrumbList","@id":"https:\/\/www.ull.es\/portal\/noticias\/2010\/el-consejo-social-de-la-ull-y-red-electrica-de-espana-organizan-una-jornada-sobre-eficiencia-energetica\/#breadcrumb","itemListElement":[{"@type":"ListItem","position":1,"name":"Portada","item":"https:\/\/www.ull.es\/portal\/noticias\/"},{"@type":"ListItem","position":2,"name":"El Consejo Social de la ULL y Red El\u00e9ctrica de Espa\u00f1a organizan una jornada sobre eficiencia energ\u00e9tica"}]},{"@type":"WebSite","@id":"https:\/\/www.ull.es\/portal\/noticias\/#website","url":"https:\/\/www.ull.es\/portal\/noticias\/","name":"ULL - Noticias","description":"","potentialAction":[{"@type":"SearchAction","target":{"@type":"EntryPoint","urlTemplate":"https:\/\/www.ull.es\/portal\/noticias\/?s={search_term_string}"},"query-input":"required name=search_term_string"}],"inLanguage":"es"},{"@type":"Person","@id":"https:\/\/www.ull.es\/portal\/noticias\/#\/schema\/person\/c3b2aa857797592927a03740d6664376","name":"prensa2","image":{"@type":"ImageObject","inLanguage":"es","@id":"https:\/\/www.ull.es\/portal\/noticias\/#\/schema\/person\/image\/","url":"https:\/\/secure.gravatar.com\/avatar\/b58f310a5de5feb33d1e026d2493f23c?s=96&d=mm&r=g","contentUrl":"https:\/\/secure.gravatar.com\/avatar\/b58f310a5de5feb33d1e026d2493f23c?s=96&d=mm&r=g","caption":"prensa2"},"url":"https:\/\/www.ull.es\/portal\/noticias\/author\/prensa2\/"}]}},"primary_category":null,"featured_image_thumbnail_url":null,"_links":{"self":[{"href":"https:\/\/www.ull.es\/portal\/noticias\/wp-json\/wp\/v2\/posts\/16607"}],"collection":[{"href":"https:\/\/www.ull.es\/portal\/noticias\/wp-json\/wp\/v2\/posts"}],"about":[{"href":"https:\/\/www.ull.es\/portal\/noticias\/wp-json\/wp\/v2\/types\/post"}],"author":[{"embeddable":true,"href":"https:\/\/www.ull.es\/portal\/noticias\/wp-json\/wp\/v2\/users\/21"}],"replies":[{"embeddable":true,"href":"https:\/\/www.ull.es\/portal\/noticias\/wp-json\/wp\/v2\/comments?post=16607"}],"version-history":[{"count":0,"href":"https:\/\/www.ull.es\/portal\/noticias\/wp-json\/wp\/v2\/posts\/16607\/revisions"}],"wp:attachment":[{"href":"https:\/\/www.ull.es\/portal\/noticias\/wp-json\/wp\/v2\/media?parent=16607"}],"wp:term":[{"taxonomy":"category","embeddable":true,"href":"https:\/\/www.ull.es\/portal\/noticias\/wp-json\/wp\/v2\/categories?post=16607"},{"taxonomy":"post_tag","embeddable":true,"href":"https:\/\/www.ull.es\/portal\/noticias\/wp-json\/wp\/v2\/tags?post=16607"}],"curies":[{"name":"wp","href":"https:\/\/api.w.org\/{rel}","templated":true}]}}