{"id":16609,"date":"2010-03-12T00:00:00","date_gmt":"2010-03-12T00:00:00","guid":{"rendered":"http:\/\/ddigital.webs.ull.es\/la-ull-celebra-su-dia-institucional-con-un-alegato-en-defensa-de-la-educacion-publica\/"},"modified":"2010-03-12T00:00:00","modified_gmt":"2010-03-12T00:00:00","slug":"la-ull-celebra-su-dia-institucional-con-un-alegato-en-defensa-de-la-educacion-publica","status":"publish","type":"post","link":"https:\/\/www.ull.es\/portal\/noticias\/2010\/la-ull-celebra-su-dia-institucional-con-un-alegato-en-defensa-de-la-educacion-publica\/","title":{"rendered":"La ULL celebra su D\u00eda Institucional con un alegato en defensa de la educaci\u00f3n p\u00fablica"},"content":{"rendered":"<p align=\"justify\">El Paraninfo de la Universidad de la Universidad de La Laguna acogi&oacute; ayer jueves 11 de marzo la celebraci&oacute;n de su D&iacute;a Institucional, coincidiendo con la conmemoraci&oacute;n del 218 aniversario de su fundaci&oacute;n. Este escenario sirvi&oacute; para que el rector de la instituci&oacute;n docente, Eduardo Dom&eacute;nech, realizara un encendido pronunciamiento en favor de la universidad p&uacute;blica, al tiempo de que expres&oacute; su asombro de c&oacute;mo los representantes pol&iacute;ticos han salido mayoritariamente en defensa de la posible creaci&oacute;n de una universidad privada en Tenerife, sin entrar a valorar las consecuencias que ello tendr&iacute;a para el sistema universitario canario.<\/p>\n<p align=\"justify\">El acto, que cont&oacute; con la presencia del vicepresidente del Gobierno y consejero de Econom&iacute;a y Hacienda, Jos&eacute; Manuel Soria, sirvi&oacute; tambi&eacute;n de reconocimiento para el presonal recientemente jubilado, tanto profesores como miembros del personal de administraci&oacute;n y servicios, as&iacute; como de los alumnos que obtuvieron premio fin de carrera y premio extraordinario de doctorado. Por su parte, la Asociaci&oacute;n de Antiguos Alumnos y Amigos de la Universidad de La Laguna hizo entrega del VII Premio a los Valores Humanos en el Alumnado, que recay&oacute; en la asociaci&oacute;n de estudiantes de la Facultad de Medicina, involucrada en varios proyectos de cooperaci&oacute;n al desarrollo desde el punto de vista sanitario.<\/p>\n<p align=\"justify\">En la ceremonia tambi&eacute;n particip&oacute; el arquitecto italiano Carlo Magnani, que fuera rector de la Universidad IUAV de Venecia, y actual profesor titular de Composici&oacute;n Arquitect&oacute;nica del mismo centro de estudios. Magnani pronunci&oacute; la conferencia &#8216;Venecia y la modernidad&#8217;, en la que repas&oacute; los principales cambios arquitect&oacute;nicos de la ciudad italiana desde el Medievo hasta la actualidad.<\/p>\n<p align=\"justify\">En la posterior intervenci&oacute;n del rector, que puede consultarse en <a target=\"_blank\" href=\"http:\/\/www.ull.es\/view\/institucional\/ull\/Dia_Institucional\/es\" target=\"_blank\" rel=\"noopener\">http:\/\/www.ull.es\/view\/institucional\/ull\/Dia_Institucional\/es<\/a>&nbsp;afirm&oacute; que durante su mandato se ha demostrado que &quot;la ULL ya no se mira el ombligo, sino que ha establecido un di&aacute;logo sincero con su entorno social, pol&iacute;tico, econ&oacute;mico y cultural. Muestra de ello es la aportaci&oacute;n directa que ha realizado la Universidad de La Laguna al desarrollo de nuestra isla y de nuestra regi&oacute;n&quot;. Tras ofrecer algunos datos que avalan su tesis, con m&aacute;s de tres millones de euros facturados en 2009 por contratos y convenios de investigaci&oacute;n, asever&oacute; que &quot;la Universidad de La Laguna no es la misma, ha cambiado y reclama que cambie la actitud de quienes est&aacute;n de su parte, si realmente lo est&aacute;n. Porque tras las evidencias mencionadas, lo expresado p&uacute;blicamente por algunos sobre el aislamiento de esta universidad no son m&aacute;s que pretextos para no asumir, de forma rec&iacute;proca, el compromiso con ella&quot;.<\/p>\n<p><strong>Sin miedo a competir<\/strong><\/p>\n<p>En opini&oacute;n de Dom&eacute;nech, el debate en &aacute;mbitos period&iacute;sticos y pol&iacute;ticos acerca de la posible implantaci&oacute;n de una universidad privada en La Orotava &quot;ha traspasado los l&iacute;mites de la discrepancia. Lo digo alto y claro: la Universidad de La Laguna, por todo lo que he argumentado anteriormente, no tiene ning&uacute;n miedo a competir con otras universidades, como as&iacute; se le ha acusado maliciosamente&quot;.<\/p>\n<p align=\"justify\">&nbsp;Y no lo tiene porque ya lo est&aacute; haciendo a diario, precis&oacute;, no s&oacute;lo con su universidad hermana, la Universidad de Las Palmas de Gran Canaria, &quot;con quien mantiene unas relaciones institucionales inmejorables&quot;, sino tambi&eacute;n con el resto de las universidades del Estado, asegur&oacute; el rector. Dom&eacute;nech explic&oacute; que el mundo universitario se caracteriza por la b&uacute;squeda de la excelencia acad&eacute;mica, que se consigue a base de sana competencia entre los mejores. &quot;Est&aacute; en nuestra propia esencia la cultura competitiva, no tanto como actitud comparativa y de rivalidad con el otro, como por af&aacute;n por alcanzar mayores cotas de competencia. Y en la carrera por intentar cada d&iacute;a ser mejor terminamos posicion&aacute;ndonos respecto a los dem&aacute;s en un determinado nivel de excelencia&quot;.<\/p>\n<p align=\"justify\">&nbsp;&quot;As&iacute;, competimos por sexenios de investigaci&oacute;n, en convocatorias de proyectos nacionales e internacionales, para que nos acepten art&iacute;culos cient&iacute;ficos en revistas de impacto, o, por obtener financiaci&oacute;n para proyectos de transferencia de resultados, entre otros ejemplos. Y cr&eacute;anme si les digo que no lo hacemos tan mal como algunos quieren hacer ver. Sin ir m&aacute;s lejos, tenemos el ejemplo reciente de la obtenci&oacute;n de una Menci&oacute;n de Calidad en la convocatoria de Campus de Excelencia Internacional 2009, quedando igualados con otras universidades de mayor tama&ntilde;o que la nuestra, como por ejemplo las del Pa&iacute;s Vasco, Zaragoza o Salamanca, entre otras&quot;.<\/p>\n<p align=\"justify\">&nbsp;El rector fue tajante en este punto: &quot;Ya nos gustar&iacute;a que algunos de los pol&iacute;ticos que tan f&aacute;cilmente enuncian las bondades del discurso de la competitividad, se sometieran a las convocatorias en r&eacute;gimen competitivo y a la dura carrera acad&eacute;mica a la que nos vemos sometidos los universitarios en nuestro quehacer diario&quot;.<\/p>\n<p align=\"justify\">&nbsp;Para el m&aacute;ximo representante de la instituci&oacute;n acad&eacute;mica, es preciso &quot;que no se utilice el falso discurso de la competitividad universitaria de forma demag&oacute;gica e irresponsable para desacreditar el pronunciamiento institucional que hemos hecho respetuosamente respecto a la posible implantaci&oacute;n de una universidad privada en la isla de Tenerife. Porque insisto: este rector no est&aacute; en contra de la libre competencia, ni le preocupa competir con otras universidades, como ya hemos justificado. Lo &uacute;nico que hemos querido manifestar es que una decisi&oacute;n de ese alcance requiere un estudio de las repercusiones que puede tener en un sistema universitario como el canario&quot;.<\/p>\n<p align=\"justify\"><strong>&iquest;Universidad privada para todos?<\/strong><\/p>\n<p align=\"justify\">Dom&eacute;nech apunt&oacute; que si algo&nbsp;ha demostrado la sangrante actualidad es que el mercado no se autorregula solo. &quot;Ese darwinismo social y econ&oacute;mico nos confronta con sus propias contradicciones cuando analizamos la realidad desde la perspectiva de sus perjudicados. Por lo que con nuestro pronunciamiento, antes que nada, le hemos recordado a los poderes p&uacute;blicos, competentes en la autorizaci&oacute;n de dicha implantaci&oacute;n, su responsabilidad a la hora de velar por la sostenibilidad de una oferta p&uacute;blica de ense&ntilde;anza superior de calidad, es decir, para todos los canarios&quot;. El rector dijo no comprender que se pueda justificar period&iacute;sticamente la entrada de una universidad privada con el lema &quot;m&aacute;s universidades para todos&quot;, por lo que se pregunt&oacute; &quot;&iquest;Universidad privada para todos? Creo que el interrogante es suficientemente expl&iacute;cito&quot;.<\/p>\n<p align=\"justify\">&nbsp;Tambi&eacute;n a&ntilde;adi&oacute; que cuando se argumenta sobre la base de otras realidades universitarias continentales como Madrid o Barcelona, &quot;resulta del todo inadecuado compararlas con una realidad territorial y demogr&aacute;fica como la nuestra&quot;. De hecho, sostuvo que tanto que se utilizan, desde determinadas opciones pol&iacute;ticas, nuestras condiciones peculiares (ultraperificidad, fragilidad, discontinuidad territorial) para otras reclamaciones mucho m&aacute;s discutibles, &quot;resulta extra&ntilde;o que no se apliquen a la hora de anticipar las consecuencias distorsionantes que pueda tener la alteraci&oacute;n del actual sistema universitario canario. La altura de miras que se le pide a la ULL deber&iacute;a corresponderse con el rigor y la responsabilidad de quienes tienen que velar por el inter&eacute;s general&quot;.<\/p>\n<p align=\"justify\">&nbsp;Dom&eacute;nech aprovech&oacute; en este punto para explicar una vez m&aacute;s la postura de la universidad sobre este asunto: &quot;Nosotros, responsablemente, lo &uacute;nico que hemos solicitado desde el Consejo de Gobierno de nuestra universidad es que se nos informe de la solicitud de implantaci&oacute;n de la universidad privada y que, previamente a su autorizaci&oacute;n, se realicen los estudios independientes necesarios que eval&uacute;en el impacto sobre la sostenibilidad econ&oacute;mica y la oferta de nuevas titulaciones en las universidades p&uacute;blicas. Porque ser&iacute;a del todo inaceptable que una titulaci&oacute;n se oferte desde la privada y que por ello se imposibilite su implantaci&oacute;n en una p&uacute;blica&quot;.<\/p>\n<p align=\"justify\">&nbsp;As&iacute;, insisti&oacute; en &quot;la necesaria vertebraci&oacute;n del sistema universitario canario a trav&eacute;s de un nuevo marco legal, en el que se aporte una visi&oacute;n anticipatoria y planificada de lo que debe ser el modelo de ense&ntilde;anza superior de nuestra comunidad aut&oacute;noma, tanto desde el punto de vista de la configuraci&oacute;n de la oferta docente e investigadora, como de la financiaci&oacute;n. S&oacute;lo as&iacute; ser&aacute; posible que las universidades p&uacute;blicas canarias puedan cumplir la misi&oacute;n de ser motor del cambio y el progreso social y econ&oacute;mico de nuestra tierra&quot;.<\/p>\n<p align=\"justify\">&nbsp;Eduardo Dom&eacute;nech dijo estar sorprendido de la falta de apego a lo p&uacute;blico de muchos responsables pol&iacute;ticos &quot;que se han manifestado de forma casi iracunda contra nuestras opiniones como universitarios&quot;. El rector a&ntilde;adi&oacute; que es en este seno universitario en el que se ha solicitado un debate responsable y meditado acerca del futuro mapa universitario de Canarias, &quot;mientras que se nos ha respondido con argumentos siempre tendentes hacia las bonanzas de lo que es privado y que s&oacute;lo podr&aacute;n pagar unos pocos. &iquest;Es que ya nadie defiende lo p&uacute;blico? Curioso&quot;, agreg&oacute;.<\/p>\n<p align=\"justify\">&nbsp;Cerr&oacute; su intervenci&oacute;n alegando que la Universidad de La Laguna continuar&aacute; trabajando para seguir ampliando su vocaci&oacute;n social y de excelencia. Como muestra de ello cit&oacute; la intenci&oacute;n de empezar el pr&oacute;ximo curso con la implantaci&oacute;n en la isla de La Palma de los estudios de Enfermer&iacute;a, o la apuesta decidida por presentarse, conjuntamente con la ULPGC, a la convocatoria de Campus de Excelencia Internacional del 2010. &quot;Estoy convencido que la ULL estar&aacute; a la altura de los tiempos. Esperemos que los representantes de nuestra sociedad tambi&eacute;n lo est&eacute;n&quot;, concluy&oacute;.<\/p>\n<p align=\"justify\">&nbsp;<\/p>\n","protected":false},"excerpt":{"rendered":"<p>El Paraninfo de la Universidad de la Universidad de La Laguna acogi&oacute; ayer jueves 11 de marzo la celebraci&oacute;n de&#8230;<\/p>\n","protected":false},"author":21,"featured_media":0,"comment_status":"open","ping_status":"open","sticky":false,"template":"","format":"standard","meta":{"inline_featured_image":false,"footnotes":""},"categories":[348],"tags":[],"acf":[],"yoast_head":"<!-- This site is optimized with the Yoast SEO plugin v21.3 - https:\/\/yoast.com\/wordpress\/plugins\/seo\/ -->\n<title>La ULL celebra su D\u00eda Institucional con un alegato en defensa de la educaci\u00f3n p\u00fablica - ULL - Noticias<\/title>\n<meta name=\"robots\" content=\"index, follow, max-snippet:-1, max-image-preview:large, max-video-preview:-1\" \/>\n<link rel=\"canonical\" href=\"https:\/\/www.ull.es\/portal\/noticias\/2010\/la-ull-celebra-su-dia-institucional-con-un-alegato-en-defensa-de-la-educacion-publica\/\" \/>\n<meta property=\"og:locale\" content=\"es_ES\" \/>\n<meta property=\"og:type\" content=\"article\" \/>\n<meta property=\"og:title\" content=\"La ULL celebra su D\u00eda Institucional con un alegato en defensa de la educaci\u00f3n p\u00fablica - ULL - Noticias\" \/>\n<meta property=\"og:description\" content=\"El Paraninfo de la Universidad de la Universidad de La Laguna acogi&oacute; ayer jueves 11 de marzo la celebraci&oacute;n de...\" \/>\n<meta property=\"og:url\" content=\"https:\/\/www.ull.es\/portal\/noticias\/2010\/la-ull-celebra-su-dia-institucional-con-un-alegato-en-defensa-de-la-educacion-publica\/\" \/>\n<meta property=\"og:site_name\" content=\"ULL - Noticias\" \/>\n<meta property=\"article:publisher\" content=\"https:\/\/www.facebook.com\/universidaddelalaguna\/\" \/>\n<meta property=\"article:published_time\" content=\"2010-03-12T00:00:00+00:00\" \/>\n<meta property=\"og:image\" content=\"https:\/\/www.ull.es\/portal\/noticias\/wp-content\/uploads\/sites\/13\/2023\/06\/logo-redimensionado.png\" \/>\n\t<meta property=\"og:image:width\" content=\"1200\" \/>\n\t<meta property=\"og:image:height\" content=\"630\" \/>\n\t<meta property=\"og:image:type\" content=\"image\/png\" \/>\n<meta name=\"author\" content=\"prensa2\" \/>\n<meta name=\"twitter:card\" content=\"summary_large_image\" \/>\n<meta name=\"twitter:creator\" content=\"@CanalULL\" \/>\n<meta name=\"twitter:site\" content=\"@CanalULL\" \/>\n<meta name=\"twitter:label1\" content=\"Escrito por\" \/>\n\t<meta name=\"twitter:data1\" content=\"prensa2\" \/>\n\t<meta name=\"twitter:label2\" content=\"Tiempo de lectura\" \/>\n\t<meta name=\"twitter:data2\" content=\"9 minutos\" \/>\n<script type=\"application\/ld+json\" class=\"yoast-schema-graph\">{\"@context\":\"https:\/\/schema.org\",\"@graph\":[{\"@type\":\"WebPage\",\"@id\":\"https:\/\/www.ull.es\/portal\/noticias\/2010\/la-ull-celebra-su-dia-institucional-con-un-alegato-en-defensa-de-la-educacion-publica\/\",\"url\":\"https:\/\/www.ull.es\/portal\/noticias\/2010\/la-ull-celebra-su-dia-institucional-con-un-alegato-en-defensa-de-la-educacion-publica\/\",\"name\":\"La ULL celebra su D\u00eda Institucional con un alegato en defensa de la educaci\u00f3n p\u00fablica - ULL - Noticias\",\"isPartOf\":{\"@id\":\"https:\/\/www.ull.es\/portal\/noticias\/#website\"},\"datePublished\":\"2010-03-12T00:00:00+00:00\",\"dateModified\":\"2010-03-12T00:00:00+00:00\",\"author\":{\"@id\":\"https:\/\/www.ull.es\/portal\/noticias\/#\/schema\/person\/c3b2aa857797592927a03740d6664376\"},\"breadcrumb\":{\"@id\":\"https:\/\/www.ull.es\/portal\/noticias\/2010\/la-ull-celebra-su-dia-institucional-con-un-alegato-en-defensa-de-la-educacion-publica\/#breadcrumb\"},\"inLanguage\":\"es\",\"potentialAction\":[{\"@type\":\"ReadAction\",\"target\":[\"https:\/\/www.ull.es\/portal\/noticias\/2010\/la-ull-celebra-su-dia-institucional-con-un-alegato-en-defensa-de-la-educacion-publica\/\"]}]},{\"@type\":\"BreadcrumbList\",\"@id\":\"https:\/\/www.ull.es\/portal\/noticias\/2010\/la-ull-celebra-su-dia-institucional-con-un-alegato-en-defensa-de-la-educacion-publica\/#breadcrumb\",\"itemListElement\":[{\"@type\":\"ListItem\",\"position\":1,\"name\":\"Portada\",\"item\":\"https:\/\/www.ull.es\/portal\/noticias\/\"},{\"@type\":\"ListItem\",\"position\":2,\"name\":\"La ULL celebra su D\u00eda Institucional con un alegato en defensa de la educaci\u00f3n p\u00fablica\"}]},{\"@type\":\"WebSite\",\"@id\":\"https:\/\/www.ull.es\/portal\/noticias\/#website\",\"url\":\"https:\/\/www.ull.es\/portal\/noticias\/\",\"name\":\"ULL - Noticias\",\"description\":\"\",\"potentialAction\":[{\"@type\":\"SearchAction\",\"target\":{\"@type\":\"EntryPoint\",\"urlTemplate\":\"https:\/\/www.ull.es\/portal\/noticias\/?s={search_term_string}\"},\"query-input\":\"required name=search_term_string\"}],\"inLanguage\":\"es\"},{\"@type\":\"Person\",\"@id\":\"https:\/\/www.ull.es\/portal\/noticias\/#\/schema\/person\/c3b2aa857797592927a03740d6664376\",\"name\":\"prensa2\",\"image\":{\"@type\":\"ImageObject\",\"inLanguage\":\"es\",\"@id\":\"https:\/\/www.ull.es\/portal\/noticias\/#\/schema\/person\/image\/\",\"url\":\"https:\/\/secure.gravatar.com\/avatar\/b58f310a5de5feb33d1e026d2493f23c?s=96&d=mm&r=g\",\"contentUrl\":\"https:\/\/secure.gravatar.com\/avatar\/b58f310a5de5feb33d1e026d2493f23c?s=96&d=mm&r=g\",\"caption\":\"prensa2\"},\"url\":\"https:\/\/www.ull.es\/portal\/noticias\/author\/prensa2\/\"}]}<\/script>\n<!-- \/ Yoast SEO plugin. -->","yoast_head_json":{"title":"La ULL celebra su D\u00eda Institucional con un alegato en defensa de la educaci\u00f3n p\u00fablica - ULL - Noticias","robots":{"index":"index","follow":"follow","max-snippet":"max-snippet:-1","max-image-preview":"max-image-preview:large","max-video-preview":"max-video-preview:-1"},"canonical":"https:\/\/www.ull.es\/portal\/noticias\/2010\/la-ull-celebra-su-dia-institucional-con-un-alegato-en-defensa-de-la-educacion-publica\/","og_locale":"es_ES","og_type":"article","og_title":"La ULL celebra su D\u00eda Institucional con un alegato en defensa de la educaci\u00f3n p\u00fablica - ULL - Noticias","og_description":"El Paraninfo de la Universidad de la Universidad de La Laguna acogi&oacute; ayer jueves 11 de marzo la celebraci&oacute;n de...","og_url":"https:\/\/www.ull.es\/portal\/noticias\/2010\/la-ull-celebra-su-dia-institucional-con-un-alegato-en-defensa-de-la-educacion-publica\/","og_site_name":"ULL - Noticias","article_publisher":"https:\/\/www.facebook.com\/universidaddelalaguna\/","article_published_time":"2010-03-12T00:00:00+00:00","og_image":[{"width":1200,"height":630,"url":"https:\/\/www.ull.es\/portal\/noticias\/wp-content\/uploads\/sites\/13\/2023\/06\/logo-redimensionado.png","type":"image\/png"}],"author":"prensa2","twitter_card":"summary_large_image","twitter_creator":"@CanalULL","twitter_site":"@CanalULL","twitter_misc":{"Escrito por":"prensa2","Tiempo de lectura":"9 minutos"},"schema":{"@context":"https:\/\/schema.org","@graph":[{"@type":"WebPage","@id":"https:\/\/www.ull.es\/portal\/noticias\/2010\/la-ull-celebra-su-dia-institucional-con-un-alegato-en-defensa-de-la-educacion-publica\/","url":"https:\/\/www.ull.es\/portal\/noticias\/2010\/la-ull-celebra-su-dia-institucional-con-un-alegato-en-defensa-de-la-educacion-publica\/","name":"La ULL celebra su D\u00eda Institucional con un alegato en defensa de la educaci\u00f3n p\u00fablica - ULL - Noticias","isPartOf":{"@id":"https:\/\/www.ull.es\/portal\/noticias\/#website"},"datePublished":"2010-03-12T00:00:00+00:00","dateModified":"2010-03-12T00:00:00+00:00","author":{"@id":"https:\/\/www.ull.es\/portal\/noticias\/#\/schema\/person\/c3b2aa857797592927a03740d6664376"},"breadcrumb":{"@id":"https:\/\/www.ull.es\/portal\/noticias\/2010\/la-ull-celebra-su-dia-institucional-con-un-alegato-en-defensa-de-la-educacion-publica\/#breadcrumb"},"inLanguage":"es","potentialAction":[{"@type":"ReadAction","target":["https:\/\/www.ull.es\/portal\/noticias\/2010\/la-ull-celebra-su-dia-institucional-con-un-alegato-en-defensa-de-la-educacion-publica\/"]}]},{"@type":"BreadcrumbList","@id":"https:\/\/www.ull.es\/portal\/noticias\/2010\/la-ull-celebra-su-dia-institucional-con-un-alegato-en-defensa-de-la-educacion-publica\/#breadcrumb","itemListElement":[{"@type":"ListItem","position":1,"name":"Portada","item":"https:\/\/www.ull.es\/portal\/noticias\/"},{"@type":"ListItem","position":2,"name":"La ULL celebra su D\u00eda Institucional con un alegato en defensa de la educaci\u00f3n p\u00fablica"}]},{"@type":"WebSite","@id":"https:\/\/www.ull.es\/portal\/noticias\/#website","url":"https:\/\/www.ull.es\/portal\/noticias\/","name":"ULL - Noticias","description":"","potentialAction":[{"@type":"SearchAction","target":{"@type":"EntryPoint","urlTemplate":"https:\/\/www.ull.es\/portal\/noticias\/?s={search_term_string}"},"query-input":"required name=search_term_string"}],"inLanguage":"es"},{"@type":"Person","@id":"https:\/\/www.ull.es\/portal\/noticias\/#\/schema\/person\/c3b2aa857797592927a03740d6664376","name":"prensa2","image":{"@type":"ImageObject","inLanguage":"es","@id":"https:\/\/www.ull.es\/portal\/noticias\/#\/schema\/person\/image\/","url":"https:\/\/secure.gravatar.com\/avatar\/b58f310a5de5feb33d1e026d2493f23c?s=96&d=mm&r=g","contentUrl":"https:\/\/secure.gravatar.com\/avatar\/b58f310a5de5feb33d1e026d2493f23c?s=96&d=mm&r=g","caption":"prensa2"},"url":"https:\/\/www.ull.es\/portal\/noticias\/author\/prensa2\/"}]}},"primary_category":null,"featured_image_thumbnail_url":null,"_links":{"self":[{"href":"https:\/\/www.ull.es\/portal\/noticias\/wp-json\/wp\/v2\/posts\/16609"}],"collection":[{"href":"https:\/\/www.ull.es\/portal\/noticias\/wp-json\/wp\/v2\/posts"}],"about":[{"href":"https:\/\/www.ull.es\/portal\/noticias\/wp-json\/wp\/v2\/types\/post"}],"author":[{"embeddable":true,"href":"https:\/\/www.ull.es\/portal\/noticias\/wp-json\/wp\/v2\/users\/21"}],"replies":[{"embeddable":true,"href":"https:\/\/www.ull.es\/portal\/noticias\/wp-json\/wp\/v2\/comments?post=16609"}],"version-history":[{"count":0,"href":"https:\/\/www.ull.es\/portal\/noticias\/wp-json\/wp\/v2\/posts\/16609\/revisions"}],"wp:attachment":[{"href":"https:\/\/www.ull.es\/portal\/noticias\/wp-json\/wp\/v2\/media?parent=16609"}],"wp:term":[{"taxonomy":"category","embeddable":true,"href":"https:\/\/www.ull.es\/portal\/noticias\/wp-json\/wp\/v2\/categories?post=16609"},{"taxonomy":"post_tag","embeddable":true,"href":"https:\/\/www.ull.es\/portal\/noticias\/wp-json\/wp\/v2\/tags?post=16609"}],"curies":[{"name":"wp","href":"https:\/\/api.w.org\/{rel}","templated":true}]}}