{"id":16612,"date":"2010-03-15T00:00:00","date_gmt":"2010-03-15T00:00:00","guid":{"rendered":"http:\/\/ddigital.webs.ull.es\/juan-alberto-rodriguez-nuevo-director-de-la-escuela-tecnica-superior-de-ingenieria-agraria\/"},"modified":"2010-03-15T00:00:00","modified_gmt":"2010-03-15T00:00:00","slug":"juan-alberto-rodriguez-nuevo-director-de-la-escuela-tecnica-superior-de-ingenieria-agraria","status":"publish","type":"post","link":"https:\/\/www.ull.es\/portal\/noticias\/2010\/juan-alberto-rodriguez-nuevo-director-de-la-escuela-tecnica-superior-de-ingenieria-agraria\/","title":{"rendered":"Juan Alberto Rodr\u00edguez, nuevo director de la Escuela T\u00e9cnica Superior de Ingenier\u00eda Agraria"},"content":{"rendered":"<p>Juan Alberto Rodr&iacute;guez P&eacute;rez tom&oacute; posesi&oacute;n hoy lunes 15 de marzo como director de la Escuela T&eacute;cnica Superior de Ingenier&iacute;a Agraria de la Universidad de La Laguna, en un acto celebrado en la sala de juntas del Rectorado y presidido por el rector, Eduardo Dom&eacute;nech.<\/p>\n<p>Le acompa&ntilde;ar&aacute;n en el cargo Blanca Bonilla como subdirectora de Ordenaci&oacute;n Acad&eacute;mica, Florencio Real a cargo de Gesti&oacute;n Econ&oacute;mica e Isidro Rodr&iacute;guez como secretario.<\/p>\n<p>El principal reto del nuevo equipo de direcci&oacute;n es la implantaci&oacute;n del nuevo grado en Ingenier&iacute;a Agraria y del Medio Rural, cuya propuesta ya ha sido enviada a la ANECA para su estudio y que espera ponerse en marcha en el curso 2010\/11. Este t&iacute;tulo sustituir&iacute;a a la actual Ingenier&iacute;a T&eacute;cnico Agr&iacute;cola, especialidad en Hortofruticultura y Jardiner&iacute;a.<\/p>\n<p>Este centro imparte adem&aacute;s el t&iacute;tulo superior de Ingeniero Agr&oacute;nomo, que habr&aacute; de ser sustituido en un futuro por un M&aacute;ster en Agronom&iacute;a. Sin embargo, el nuevo director se&ntilde;ala que el centro no abordar&aacute; la reforma de este t&iacute;tulo hasta que no est&eacute; implantado el grado.<\/p>\n<p>Otro de los objetivos de su equipo es la elaboraci&oacute;n de un plan director para el desarrollo de las infraestructuras del centro, que acucia cierta antig&uuml;edad con cerca de treinta a&ntilde;os de existencia, y se observa por tanto algunos problemas en su mantenimiento. Adem&aacute;s, habr&aacute; que adaptar las aulas de mayor tama&ntilde;o a espacios m&aacute;s reducidos para grupos peque&ntilde;os de alumnos, tal y como propugna el Espacio Europeo de Educaci&oacute;n Superior en pro de una ense&ntilde;anza m&aacute;s personalizada.<\/p>\n<p>Juan Alberto Rodr&iacute;guez y su equipo est&aacute;n estudiando tambi&eacute;n la posibilidad de incentivar especialidades que puedan resultar atractivas para el alumnado universitario procedente de &Aacute;frica o Am&eacute;rica, entre las que podr&iacute;a figurar agricultura tropical, agricultura de zonas &aacute;ridas o floricultura.<\/p>\n<p>&nbsp;<\/p>\n<p>&nbsp;<\/p>\n","protected":false},"excerpt":{"rendered":"<p>Juan Alberto Rodr&iacute;guez P&eacute;rez tom&oacute; posesi&oacute;n hoy lunes 15 de marzo como director de la Escuela T&eacute;cnica Superior de Ingenier&iacute;a&#8230;<\/p>\n","protected":false},"author":21,"featured_media":0,"comment_status":"open","ping_status":"open","sticky":false,"template":"","format":"standard","meta":{"inline_featured_image":false,"footnotes":""},"categories":[348],"tags":[],"acf":[],"yoast_head":"<!-- This site is optimized with the Yoast SEO plugin v21.3 - https:\/\/yoast.com\/wordpress\/plugins\/seo\/ -->\n<title>Juan Alberto Rodr\u00edguez, nuevo director de la Escuela T\u00e9cnica Superior de Ingenier\u00eda Agraria - ULL - Noticias<\/title>\n<meta name=\"robots\" content=\"index, follow, max-snippet:-1, max-image-preview:large, max-video-preview:-1\" \/>\n<link rel=\"canonical\" href=\"https:\/\/www.ull.es\/portal\/noticias\/2010\/juan-alberto-rodriguez-nuevo-director-de-la-escuela-tecnica-superior-de-ingenieria-agraria\/\" \/>\n<meta property=\"og:locale\" content=\"es_ES\" \/>\n<meta property=\"og:type\" content=\"article\" \/>\n<meta property=\"og:title\" content=\"Juan Alberto Rodr\u00edguez, nuevo director de la Escuela T\u00e9cnica Superior de Ingenier\u00eda Agraria - ULL - Noticias\" \/>\n<meta property=\"og:description\" content=\"Juan Alberto Rodr&iacute;guez P&eacute;rez tom&oacute; posesi&oacute;n hoy lunes 15 de marzo como director de la Escuela T&eacute;cnica Superior de Ingenier&iacute;a...\" \/>\n<meta property=\"og:url\" content=\"https:\/\/www.ull.es\/portal\/noticias\/2010\/juan-alberto-rodriguez-nuevo-director-de-la-escuela-tecnica-superior-de-ingenieria-agraria\/\" \/>\n<meta property=\"og:site_name\" content=\"ULL - Noticias\" \/>\n<meta property=\"article:publisher\" content=\"https:\/\/www.facebook.com\/universidaddelalaguna\/\" \/>\n<meta property=\"article:published_time\" content=\"2010-03-15T00:00:00+00:00\" \/>\n<meta property=\"og:image\" content=\"https:\/\/www.ull.es\/portal\/noticias\/wp-content\/uploads\/sites\/13\/2023\/06\/logo-redimensionado.png\" \/>\n\t<meta property=\"og:image:width\" content=\"1200\" \/>\n\t<meta property=\"og:image:height\" content=\"630\" \/>\n\t<meta property=\"og:image:type\" content=\"image\/png\" \/>\n<meta name=\"author\" content=\"prensa2\" \/>\n<meta name=\"twitter:card\" content=\"summary_large_image\" \/>\n<meta name=\"twitter:creator\" content=\"@CanalULL\" \/>\n<meta name=\"twitter:site\" content=\"@CanalULL\" \/>\n<meta name=\"twitter:label1\" content=\"Escrito por\" \/>\n\t<meta name=\"twitter:data1\" content=\"prensa2\" \/>\n\t<meta name=\"twitter:label2\" content=\"Tiempo de lectura\" \/>\n\t<meta name=\"twitter:data2\" content=\"2 minutos\" \/>\n<script type=\"application\/ld+json\" class=\"yoast-schema-graph\">{\"@context\":\"https:\/\/schema.org\",\"@graph\":[{\"@type\":\"WebPage\",\"@id\":\"https:\/\/www.ull.es\/portal\/noticias\/2010\/juan-alberto-rodriguez-nuevo-director-de-la-escuela-tecnica-superior-de-ingenieria-agraria\/\",\"url\":\"https:\/\/www.ull.es\/portal\/noticias\/2010\/juan-alberto-rodriguez-nuevo-director-de-la-escuela-tecnica-superior-de-ingenieria-agraria\/\",\"name\":\"Juan Alberto Rodr\u00edguez, nuevo director de la Escuela T\u00e9cnica Superior de Ingenier\u00eda Agraria - ULL - Noticias\",\"isPartOf\":{\"@id\":\"https:\/\/www.ull.es\/portal\/noticias\/#website\"},\"datePublished\":\"2010-03-15T00:00:00+00:00\",\"dateModified\":\"2010-03-15T00:00:00+00:00\",\"author\":{\"@id\":\"https:\/\/www.ull.es\/portal\/noticias\/#\/schema\/person\/c3b2aa857797592927a03740d6664376\"},\"breadcrumb\":{\"@id\":\"https:\/\/www.ull.es\/portal\/noticias\/2010\/juan-alberto-rodriguez-nuevo-director-de-la-escuela-tecnica-superior-de-ingenieria-agraria\/#breadcrumb\"},\"inLanguage\":\"es\",\"potentialAction\":[{\"@type\":\"ReadAction\",\"target\":[\"https:\/\/www.ull.es\/portal\/noticias\/2010\/juan-alberto-rodriguez-nuevo-director-de-la-escuela-tecnica-superior-de-ingenieria-agraria\/\"]}]},{\"@type\":\"BreadcrumbList\",\"@id\":\"https:\/\/www.ull.es\/portal\/noticias\/2010\/juan-alberto-rodriguez-nuevo-director-de-la-escuela-tecnica-superior-de-ingenieria-agraria\/#breadcrumb\",\"itemListElement\":[{\"@type\":\"ListItem\",\"position\":1,\"name\":\"Portada\",\"item\":\"https:\/\/www.ull.es\/portal\/noticias\/\"},{\"@type\":\"ListItem\",\"position\":2,\"name\":\"Juan Alberto Rodr\u00edguez, nuevo director de la Escuela T\u00e9cnica Superior de Ingenier\u00eda Agraria\"}]},{\"@type\":\"WebSite\",\"@id\":\"https:\/\/www.ull.es\/portal\/noticias\/#website\",\"url\":\"https:\/\/www.ull.es\/portal\/noticias\/\",\"name\":\"ULL - Noticias\",\"description\":\"\",\"potentialAction\":[{\"@type\":\"SearchAction\",\"target\":{\"@type\":\"EntryPoint\",\"urlTemplate\":\"https:\/\/www.ull.es\/portal\/noticias\/?s={search_term_string}\"},\"query-input\":\"required name=search_term_string\"}],\"inLanguage\":\"es\"},{\"@type\":\"Person\",\"@id\":\"https:\/\/www.ull.es\/portal\/noticias\/#\/schema\/person\/c3b2aa857797592927a03740d6664376\",\"name\":\"prensa2\",\"image\":{\"@type\":\"ImageObject\",\"inLanguage\":\"es\",\"@id\":\"https:\/\/www.ull.es\/portal\/noticias\/#\/schema\/person\/image\/\",\"url\":\"https:\/\/secure.gravatar.com\/avatar\/b58f310a5de5feb33d1e026d2493f23c?s=96&d=mm&r=g\",\"contentUrl\":\"https:\/\/secure.gravatar.com\/avatar\/b58f310a5de5feb33d1e026d2493f23c?s=96&d=mm&r=g\",\"caption\":\"prensa2\"},\"url\":\"https:\/\/www.ull.es\/portal\/noticias\/author\/prensa2\/\"}]}<\/script>\n<!-- \/ Yoast SEO plugin. -->","yoast_head_json":{"title":"Juan Alberto Rodr\u00edguez, nuevo director de la Escuela T\u00e9cnica Superior de Ingenier\u00eda Agraria - ULL - Noticias","robots":{"index":"index","follow":"follow","max-snippet":"max-snippet:-1","max-image-preview":"max-image-preview:large","max-video-preview":"max-video-preview:-1"},"canonical":"https:\/\/www.ull.es\/portal\/noticias\/2010\/juan-alberto-rodriguez-nuevo-director-de-la-escuela-tecnica-superior-de-ingenieria-agraria\/","og_locale":"es_ES","og_type":"article","og_title":"Juan Alberto Rodr\u00edguez, nuevo director de la Escuela T\u00e9cnica Superior de Ingenier\u00eda Agraria - ULL - Noticias","og_description":"Juan Alberto Rodr&iacute;guez P&eacute;rez tom&oacute; posesi&oacute;n hoy lunes 15 de marzo como director de la Escuela T&eacute;cnica Superior de Ingenier&iacute;a...","og_url":"https:\/\/www.ull.es\/portal\/noticias\/2010\/juan-alberto-rodriguez-nuevo-director-de-la-escuela-tecnica-superior-de-ingenieria-agraria\/","og_site_name":"ULL - Noticias","article_publisher":"https:\/\/www.facebook.com\/universidaddelalaguna\/","article_published_time":"2010-03-15T00:00:00+00:00","og_image":[{"width":1200,"height":630,"url":"https:\/\/www.ull.es\/portal\/noticias\/wp-content\/uploads\/sites\/13\/2023\/06\/logo-redimensionado.png","type":"image\/png"}],"author":"prensa2","twitter_card":"summary_large_image","twitter_creator":"@CanalULL","twitter_site":"@CanalULL","twitter_misc":{"Escrito por":"prensa2","Tiempo de lectura":"2 minutos"},"schema":{"@context":"https:\/\/schema.org","@graph":[{"@type":"WebPage","@id":"https:\/\/www.ull.es\/portal\/noticias\/2010\/juan-alberto-rodriguez-nuevo-director-de-la-escuela-tecnica-superior-de-ingenieria-agraria\/","url":"https:\/\/www.ull.es\/portal\/noticias\/2010\/juan-alberto-rodriguez-nuevo-director-de-la-escuela-tecnica-superior-de-ingenieria-agraria\/","name":"Juan Alberto Rodr\u00edguez, nuevo director de la Escuela T\u00e9cnica Superior de Ingenier\u00eda Agraria - ULL - Noticias","isPartOf":{"@id":"https:\/\/www.ull.es\/portal\/noticias\/#website"},"datePublished":"2010-03-15T00:00:00+00:00","dateModified":"2010-03-15T00:00:00+00:00","author":{"@id":"https:\/\/www.ull.es\/portal\/noticias\/#\/schema\/person\/c3b2aa857797592927a03740d6664376"},"breadcrumb":{"@id":"https:\/\/www.ull.es\/portal\/noticias\/2010\/juan-alberto-rodriguez-nuevo-director-de-la-escuela-tecnica-superior-de-ingenieria-agraria\/#breadcrumb"},"inLanguage":"es","potentialAction":[{"@type":"ReadAction","target":["https:\/\/www.ull.es\/portal\/noticias\/2010\/juan-alberto-rodriguez-nuevo-director-de-la-escuela-tecnica-superior-de-ingenieria-agraria\/"]}]},{"@type":"BreadcrumbList","@id":"https:\/\/www.ull.es\/portal\/noticias\/2010\/juan-alberto-rodriguez-nuevo-director-de-la-escuela-tecnica-superior-de-ingenieria-agraria\/#breadcrumb","itemListElement":[{"@type":"ListItem","position":1,"name":"Portada","item":"https:\/\/www.ull.es\/portal\/noticias\/"},{"@type":"ListItem","position":2,"name":"Juan Alberto Rodr\u00edguez, nuevo director de la Escuela T\u00e9cnica Superior de Ingenier\u00eda Agraria"}]},{"@type":"WebSite","@id":"https:\/\/www.ull.es\/portal\/noticias\/#website","url":"https:\/\/www.ull.es\/portal\/noticias\/","name":"ULL - Noticias","description":"","potentialAction":[{"@type":"SearchAction","target":{"@type":"EntryPoint","urlTemplate":"https:\/\/www.ull.es\/portal\/noticias\/?s={search_term_string}"},"query-input":"required name=search_term_string"}],"inLanguage":"es"},{"@type":"Person","@id":"https:\/\/www.ull.es\/portal\/noticias\/#\/schema\/person\/c3b2aa857797592927a03740d6664376","name":"prensa2","image":{"@type":"ImageObject","inLanguage":"es","@id":"https:\/\/www.ull.es\/portal\/noticias\/#\/schema\/person\/image\/","url":"https:\/\/secure.gravatar.com\/avatar\/b58f310a5de5feb33d1e026d2493f23c?s=96&d=mm&r=g","contentUrl":"https:\/\/secure.gravatar.com\/avatar\/b58f310a5de5feb33d1e026d2493f23c?s=96&d=mm&r=g","caption":"prensa2"},"url":"https:\/\/www.ull.es\/portal\/noticias\/author\/prensa2\/"}]}},"primary_category":null,"featured_image_thumbnail_url":null,"_links":{"self":[{"href":"https:\/\/www.ull.es\/portal\/noticias\/wp-json\/wp\/v2\/posts\/16612"}],"collection":[{"href":"https:\/\/www.ull.es\/portal\/noticias\/wp-json\/wp\/v2\/posts"}],"about":[{"href":"https:\/\/www.ull.es\/portal\/noticias\/wp-json\/wp\/v2\/types\/post"}],"author":[{"embeddable":true,"href":"https:\/\/www.ull.es\/portal\/noticias\/wp-json\/wp\/v2\/users\/21"}],"replies":[{"embeddable":true,"href":"https:\/\/www.ull.es\/portal\/noticias\/wp-json\/wp\/v2\/comments?post=16612"}],"version-history":[{"count":0,"href":"https:\/\/www.ull.es\/portal\/noticias\/wp-json\/wp\/v2\/posts\/16612\/revisions"}],"wp:attachment":[{"href":"https:\/\/www.ull.es\/portal\/noticias\/wp-json\/wp\/v2\/media?parent=16612"}],"wp:term":[{"taxonomy":"category","embeddable":true,"href":"https:\/\/www.ull.es\/portal\/noticias\/wp-json\/wp\/v2\/categories?post=16612"},{"taxonomy":"post_tag","embeddable":true,"href":"https:\/\/www.ull.es\/portal\/noticias\/wp-json\/wp\/v2\/tags?post=16612"}],"curies":[{"name":"wp","href":"https:\/\/api.w.org\/{rel}","templated":true}]}}