{"id":16620,"date":"2010-04-07T00:00:00","date_gmt":"2010-04-07T00:00:00","guid":{"rendered":"http:\/\/ddigital.webs.ull.es\/la-fundacion-ico-cofinanciara-la-catedra-de-investigacion-de-economia-y-finanzas-internacionales-de-la-ull\/"},"modified":"2010-04-07T00:00:00","modified_gmt":"2010-04-07T00:00:00","slug":"la-fundacion-ico-cofinanciara-la-catedra-de-investigacion-de-economia-y-finanzas-internacionales-de-la-ull","status":"publish","type":"post","link":"https:\/\/www.ull.es\/portal\/noticias\/2010\/la-fundacion-ico-cofinanciara-la-catedra-de-investigacion-de-economia-y-finanzas-internacionales-de-la-ull\/","title":{"rendered":"La Fundaci\u00f3n ICO cofinanciar\u00e1 la C\u00e1tedra de Investigaci\u00f3n de Econom\u00eda y Finanzas Internacionales de la ULL"},"content":{"rendered":"<p>La Fundaci&oacute;n del Instituto de Cr&eacute;dito Oficial (Fundaci&oacute;n ICO), Fundaci&oacute;n\u3000 dependiente del\u3000 Ministerio de Econom&iacute;a y Hacienda, ha aprobado la cofinanciaci&oacute;n de la C&aacute;tedra de Investigaci&oacute;n de Econom&iacute;a y Finanzas Internacionales en la Universidad de La Laguna, que cuenta con el patrocinio de la consejer&iacute;a del Gobierno de Canarias con el mismo nombre.<\/p>\n<p>La Fundaci&oacute;n ICO, en cumplimiento de sus fines fundacionales, colabora con diversas universidades espa&ntilde;olas financiando c&aacute;tedras de investigaci&oacute;n sobre temas de inter&eacute;s general. El objetivo es desarrollar, fomentar y apoyar sus actividades docentes e investigadoras en &aacute;reas relacionadas, principalmente, con la econom&iacute;a y las finanzas.<\/p>\n<p>En particular, la C&aacute;tedra de Investigaci&oacute;n en Econom&iacute;a y Finanzas Internacionales de la Universidad de La Laguna centrar&aacute; su actividad en la organizaci&oacute;n y desarrollo de actividades formativas, programas de investigaci&oacute;n relacionados con la econom&iacute;a y las finanzas internacionales, apoyo a la publicaci&oacute;n de art&iacute;culos, monograf&iacute;as, cap&iacute;tulos de libro y libros sobre los temas objeto de estudio por la c&aacute;tedra, desarrollo de actividades culturales y de difusi&oacute;n de la actividad docente e investigadora e impulso a la movilidad de estudiantes de postgrado en actividades relacionadas con la c&aacute;tedra.<\/p>\n<p>La oportunidad de creaci&oacute;n de una C&aacute;tedra de Investigaci&oacute;n de Econom&iacute;a y Finanzas Internacionales en la ULL queda plenamente justificada por la conjunci&oacute;n de dos caracter&iacute;sticas de la econom&iacute;a de Canarias. Por un lado, la elevada dependencia de la econom&iacute;a internacional, y en concreto de los flujos comerciales, del turismo, de las inversiones del exterior, de la evoluci&oacute;n del tipo de cambio y de los costes de transporte de mercanc&iacute;as y personas, entre otras variables relevantes.<\/p>\n<p>Por otro lado, por la singularidad de las instituciones p&uacute;blicas y del R&eacute;gimen Econ&oacute;mico y Fiscal con las que est&aacute; dotada esta comunidad aut&oacute;noma, muy orientadas y dependientes de las condiciones de la econom&iacute;a internacional (El consorcio de la Zona Especial Canaria (ZEC), El R&eacute;gimen Econ&oacute;mico y Fiscal (REF) y la Zona Franca del Puerto del Estado de Santa Cruz de Tenerife (Zona Franca Tipo II).<\/p>\n<p>Esta c&aacute;tedra est&aacute; dirigida por Vicente Esteve Garc&iacute;a, catedr&aacute;tico de universidad e investigador asociado del Instituto Universitario de Desarrollo Regional (IUDR) de la ULL. El profesor Esteve destaca por experiencia docente e investigadora en temas de econom&iacute;a y finanzas internacionales, reflejados en m&uacute;ltiples art&iacute;culos y publicaciones cient&iacute;ficas, y avalados por su experiencia de colaboraci&oacute;n con distintas instituciones.<\/p>\n","protected":false},"excerpt":{"rendered":"<p>La Fundaci&oacute;n del Instituto de Cr&eacute;dito Oficial (Fundaci&oacute;n ICO), Fundaci&oacute;n\u3000 dependiente del\u3000 Ministerio de Econom&iacute;a y Hacienda, ha aprobado la&#8230;<\/p>\n","protected":false},"author":21,"featured_media":0,"comment_status":"open","ping_status":"open","sticky":false,"template":"","format":"standard","meta":{"inline_featured_image":false,"footnotes":""},"categories":[348],"tags":[],"acf":[],"yoast_head":"<!-- This site is optimized with the Yoast SEO plugin v21.3 - https:\/\/yoast.com\/wordpress\/plugins\/seo\/ -->\n<title>La Fundaci\u00f3n ICO cofinanciar\u00e1 la C\u00e1tedra de Investigaci\u00f3n de Econom\u00eda y Finanzas Internacionales de la ULL - ULL - Noticias<\/title>\n<meta name=\"robots\" content=\"index, follow, max-snippet:-1, max-image-preview:large, max-video-preview:-1\" \/>\n<link rel=\"canonical\" href=\"https:\/\/www.ull.es\/portal\/noticias\/2010\/la-fundacion-ico-cofinanciara-la-catedra-de-investigacion-de-economia-y-finanzas-internacionales-de-la-ull\/\" \/>\n<meta property=\"og:locale\" content=\"es_ES\" \/>\n<meta property=\"og:type\" content=\"article\" \/>\n<meta property=\"og:title\" content=\"La Fundaci\u00f3n ICO cofinanciar\u00e1 la C\u00e1tedra de Investigaci\u00f3n de Econom\u00eda y Finanzas Internacionales de la ULL - ULL - Noticias\" \/>\n<meta property=\"og:description\" content=\"La Fundaci&oacute;n del Instituto de Cr&eacute;dito Oficial (Fundaci&oacute;n ICO), Fundaci&oacute;n\u3000 dependiente del\u3000 Ministerio de Econom&iacute;a y Hacienda, ha aprobado la...\" \/>\n<meta property=\"og:url\" content=\"https:\/\/www.ull.es\/portal\/noticias\/2010\/la-fundacion-ico-cofinanciara-la-catedra-de-investigacion-de-economia-y-finanzas-internacionales-de-la-ull\/\" \/>\n<meta property=\"og:site_name\" content=\"ULL - Noticias\" \/>\n<meta property=\"article:publisher\" content=\"https:\/\/www.facebook.com\/universidaddelalaguna\/\" \/>\n<meta property=\"article:published_time\" content=\"2010-04-07T00:00:00+00:00\" \/>\n<meta property=\"og:image\" content=\"https:\/\/www.ull.es\/portal\/noticias\/wp-content\/uploads\/sites\/13\/2023\/06\/logo-redimensionado.png\" \/>\n\t<meta property=\"og:image:width\" content=\"1200\" \/>\n\t<meta property=\"og:image:height\" content=\"630\" \/>\n\t<meta property=\"og:image:type\" content=\"image\/png\" \/>\n<meta name=\"author\" content=\"prensa2\" \/>\n<meta name=\"twitter:card\" content=\"summary_large_image\" \/>\n<meta name=\"twitter:creator\" content=\"@CanalULL\" \/>\n<meta name=\"twitter:site\" content=\"@CanalULL\" \/>\n<meta name=\"twitter:label1\" content=\"Escrito por\" \/>\n\t<meta name=\"twitter:data1\" content=\"prensa2\" \/>\n\t<meta name=\"twitter:label2\" content=\"Tiempo de lectura\" \/>\n\t<meta name=\"twitter:data2\" content=\"2 minutos\" \/>\n<script type=\"application\/ld+json\" class=\"yoast-schema-graph\">{\"@context\":\"https:\/\/schema.org\",\"@graph\":[{\"@type\":\"WebPage\",\"@id\":\"https:\/\/www.ull.es\/portal\/noticias\/2010\/la-fundacion-ico-cofinanciara-la-catedra-de-investigacion-de-economia-y-finanzas-internacionales-de-la-ull\/\",\"url\":\"https:\/\/www.ull.es\/portal\/noticias\/2010\/la-fundacion-ico-cofinanciara-la-catedra-de-investigacion-de-economia-y-finanzas-internacionales-de-la-ull\/\",\"name\":\"La Fundaci\u00f3n ICO cofinanciar\u00e1 la C\u00e1tedra de Investigaci\u00f3n de Econom\u00eda y Finanzas Internacionales de la ULL - ULL - Noticias\",\"isPartOf\":{\"@id\":\"https:\/\/www.ull.es\/portal\/noticias\/#website\"},\"datePublished\":\"2010-04-07T00:00:00+00:00\",\"dateModified\":\"2010-04-07T00:00:00+00:00\",\"author\":{\"@id\":\"https:\/\/www.ull.es\/portal\/noticias\/#\/schema\/person\/c3b2aa857797592927a03740d6664376\"},\"breadcrumb\":{\"@id\":\"https:\/\/www.ull.es\/portal\/noticias\/2010\/la-fundacion-ico-cofinanciara-la-catedra-de-investigacion-de-economia-y-finanzas-internacionales-de-la-ull\/#breadcrumb\"},\"inLanguage\":\"es\",\"potentialAction\":[{\"@type\":\"ReadAction\",\"target\":[\"https:\/\/www.ull.es\/portal\/noticias\/2010\/la-fundacion-ico-cofinanciara-la-catedra-de-investigacion-de-economia-y-finanzas-internacionales-de-la-ull\/\"]}]},{\"@type\":\"BreadcrumbList\",\"@id\":\"https:\/\/www.ull.es\/portal\/noticias\/2010\/la-fundacion-ico-cofinanciara-la-catedra-de-investigacion-de-economia-y-finanzas-internacionales-de-la-ull\/#breadcrumb\",\"itemListElement\":[{\"@type\":\"ListItem\",\"position\":1,\"name\":\"Portada\",\"item\":\"https:\/\/www.ull.es\/portal\/noticias\/\"},{\"@type\":\"ListItem\",\"position\":2,\"name\":\"La Fundaci\u00f3n ICO cofinanciar\u00e1 la C\u00e1tedra de Investigaci\u00f3n de Econom\u00eda y Finanzas Internacionales de la ULL\"}]},{\"@type\":\"WebSite\",\"@id\":\"https:\/\/www.ull.es\/portal\/noticias\/#website\",\"url\":\"https:\/\/www.ull.es\/portal\/noticias\/\",\"name\":\"ULL - Noticias\",\"description\":\"\",\"potentialAction\":[{\"@type\":\"SearchAction\",\"target\":{\"@type\":\"EntryPoint\",\"urlTemplate\":\"https:\/\/www.ull.es\/portal\/noticias\/?s={search_term_string}\"},\"query-input\":\"required name=search_term_string\"}],\"inLanguage\":\"es\"},{\"@type\":\"Person\",\"@id\":\"https:\/\/www.ull.es\/portal\/noticias\/#\/schema\/person\/c3b2aa857797592927a03740d6664376\",\"name\":\"prensa2\",\"image\":{\"@type\":\"ImageObject\",\"inLanguage\":\"es\",\"@id\":\"https:\/\/www.ull.es\/portal\/noticias\/#\/schema\/person\/image\/\",\"url\":\"https:\/\/secure.gravatar.com\/avatar\/b58f310a5de5feb33d1e026d2493f23c?s=96&d=mm&r=g\",\"contentUrl\":\"https:\/\/secure.gravatar.com\/avatar\/b58f310a5de5feb33d1e026d2493f23c?s=96&d=mm&r=g\",\"caption\":\"prensa2\"},\"url\":\"https:\/\/www.ull.es\/portal\/noticias\/author\/prensa2\/\"}]}<\/script>\n<!-- \/ Yoast SEO plugin. -->","yoast_head_json":{"title":"La Fundaci\u00f3n ICO cofinanciar\u00e1 la C\u00e1tedra de Investigaci\u00f3n de Econom\u00eda y Finanzas Internacionales de la ULL - ULL - Noticias","robots":{"index":"index","follow":"follow","max-snippet":"max-snippet:-1","max-image-preview":"max-image-preview:large","max-video-preview":"max-video-preview:-1"},"canonical":"https:\/\/www.ull.es\/portal\/noticias\/2010\/la-fundacion-ico-cofinanciara-la-catedra-de-investigacion-de-economia-y-finanzas-internacionales-de-la-ull\/","og_locale":"es_ES","og_type":"article","og_title":"La Fundaci\u00f3n ICO cofinanciar\u00e1 la C\u00e1tedra de Investigaci\u00f3n de Econom\u00eda y Finanzas Internacionales de la ULL - ULL - Noticias","og_description":"La Fundaci&oacute;n del Instituto de Cr&eacute;dito Oficial (Fundaci&oacute;n ICO), Fundaci&oacute;n\u3000 dependiente del\u3000 Ministerio de Econom&iacute;a y Hacienda, ha aprobado la...","og_url":"https:\/\/www.ull.es\/portal\/noticias\/2010\/la-fundacion-ico-cofinanciara-la-catedra-de-investigacion-de-economia-y-finanzas-internacionales-de-la-ull\/","og_site_name":"ULL - Noticias","article_publisher":"https:\/\/www.facebook.com\/universidaddelalaguna\/","article_published_time":"2010-04-07T00:00:00+00:00","og_image":[{"width":1200,"height":630,"url":"https:\/\/www.ull.es\/portal\/noticias\/wp-content\/uploads\/sites\/13\/2023\/06\/logo-redimensionado.png","type":"image\/png"}],"author":"prensa2","twitter_card":"summary_large_image","twitter_creator":"@CanalULL","twitter_site":"@CanalULL","twitter_misc":{"Escrito por":"prensa2","Tiempo de lectura":"2 minutos"},"schema":{"@context":"https:\/\/schema.org","@graph":[{"@type":"WebPage","@id":"https:\/\/www.ull.es\/portal\/noticias\/2010\/la-fundacion-ico-cofinanciara-la-catedra-de-investigacion-de-economia-y-finanzas-internacionales-de-la-ull\/","url":"https:\/\/www.ull.es\/portal\/noticias\/2010\/la-fundacion-ico-cofinanciara-la-catedra-de-investigacion-de-economia-y-finanzas-internacionales-de-la-ull\/","name":"La Fundaci\u00f3n ICO cofinanciar\u00e1 la C\u00e1tedra de Investigaci\u00f3n de Econom\u00eda y Finanzas Internacionales de la ULL - ULL - Noticias","isPartOf":{"@id":"https:\/\/www.ull.es\/portal\/noticias\/#website"},"datePublished":"2010-04-07T00:00:00+00:00","dateModified":"2010-04-07T00:00:00+00:00","author":{"@id":"https:\/\/www.ull.es\/portal\/noticias\/#\/schema\/person\/c3b2aa857797592927a03740d6664376"},"breadcrumb":{"@id":"https:\/\/www.ull.es\/portal\/noticias\/2010\/la-fundacion-ico-cofinanciara-la-catedra-de-investigacion-de-economia-y-finanzas-internacionales-de-la-ull\/#breadcrumb"},"inLanguage":"es","potentialAction":[{"@type":"ReadAction","target":["https:\/\/www.ull.es\/portal\/noticias\/2010\/la-fundacion-ico-cofinanciara-la-catedra-de-investigacion-de-economia-y-finanzas-internacionales-de-la-ull\/"]}]},{"@type":"BreadcrumbList","@id":"https:\/\/www.ull.es\/portal\/noticias\/2010\/la-fundacion-ico-cofinanciara-la-catedra-de-investigacion-de-economia-y-finanzas-internacionales-de-la-ull\/#breadcrumb","itemListElement":[{"@type":"ListItem","position":1,"name":"Portada","item":"https:\/\/www.ull.es\/portal\/noticias\/"},{"@type":"ListItem","position":2,"name":"La Fundaci\u00f3n ICO cofinanciar\u00e1 la C\u00e1tedra de Investigaci\u00f3n de Econom\u00eda y Finanzas Internacionales de la ULL"}]},{"@type":"WebSite","@id":"https:\/\/www.ull.es\/portal\/noticias\/#website","url":"https:\/\/www.ull.es\/portal\/noticias\/","name":"ULL - Noticias","description":"","potentialAction":[{"@type":"SearchAction","target":{"@type":"EntryPoint","urlTemplate":"https:\/\/www.ull.es\/portal\/noticias\/?s={search_term_string}"},"query-input":"required name=search_term_string"}],"inLanguage":"es"},{"@type":"Person","@id":"https:\/\/www.ull.es\/portal\/noticias\/#\/schema\/person\/c3b2aa857797592927a03740d6664376","name":"prensa2","image":{"@type":"ImageObject","inLanguage":"es","@id":"https:\/\/www.ull.es\/portal\/noticias\/#\/schema\/person\/image\/","url":"https:\/\/secure.gravatar.com\/avatar\/b58f310a5de5feb33d1e026d2493f23c?s=96&d=mm&r=g","contentUrl":"https:\/\/secure.gravatar.com\/avatar\/b58f310a5de5feb33d1e026d2493f23c?s=96&d=mm&r=g","caption":"prensa2"},"url":"https:\/\/www.ull.es\/portal\/noticias\/author\/prensa2\/"}]}},"primary_category":null,"featured_image_thumbnail_url":null,"_links":{"self":[{"href":"https:\/\/www.ull.es\/portal\/noticias\/wp-json\/wp\/v2\/posts\/16620"}],"collection":[{"href":"https:\/\/www.ull.es\/portal\/noticias\/wp-json\/wp\/v2\/posts"}],"about":[{"href":"https:\/\/www.ull.es\/portal\/noticias\/wp-json\/wp\/v2\/types\/post"}],"author":[{"embeddable":true,"href":"https:\/\/www.ull.es\/portal\/noticias\/wp-json\/wp\/v2\/users\/21"}],"replies":[{"embeddable":true,"href":"https:\/\/www.ull.es\/portal\/noticias\/wp-json\/wp\/v2\/comments?post=16620"}],"version-history":[{"count":0,"href":"https:\/\/www.ull.es\/portal\/noticias\/wp-json\/wp\/v2\/posts\/16620\/revisions"}],"wp:attachment":[{"href":"https:\/\/www.ull.es\/portal\/noticias\/wp-json\/wp\/v2\/media?parent=16620"}],"wp:term":[{"taxonomy":"category","embeddable":true,"href":"https:\/\/www.ull.es\/portal\/noticias\/wp-json\/wp\/v2\/categories?post=16620"},{"taxonomy":"post_tag","embeddable":true,"href":"https:\/\/www.ull.es\/portal\/noticias\/wp-json\/wp\/v2\/tags?post=16620"}],"curies":[{"name":"wp","href":"https:\/\/api.w.org\/{rel}","templated":true}]}}