{"id":16853,"date":"2009-03-05T00:00:00","date_gmt":"2009-03-05T00:00:00","guid":{"rendered":"http:\/\/ddigital.webs.ull.es\/el-rector-defiende-su-gestion-del-ultimo-ano-en-el-claustro-de-la-universidad-de-la-laguna\/"},"modified":"2009-03-05T00:00:00","modified_gmt":"2009-03-05T00:00:00","slug":"el-rector-defiende-su-gestion-del-ultimo-ano-en-el-claustro-de-la-universidad-de-la-laguna","status":"publish","type":"post","link":"https:\/\/www.ull.es\/portal\/noticias\/2009\/el-rector-defiende-su-gestion-del-ultimo-ano-en-el-claustro-de-la-universidad-de-la-laguna\/","title":{"rendered":"El Rector defiende su gesti\u00f3n del \u00faltimo a\u00f1o en el Claustro de la Universidad de La Laguna"},"content":{"rendered":"<p>El Claustro de la Universidad de La Laguna celebr&oacute; ayer, mi&eacute;rcoles 4 de marzo, una sesi&oacute;n extraordinario de su Claustro, en la cual se debati&oacute; el estado de la instituci&oacute;n acad&eacute;mica. El rector, Eduardo Dom&eacute;nech. Present&oacute; ante el &oacute;rgano colegiado un informe detallado en el que present&oacute; las principales acciones acometidas por su equipo de gobierno durante el pasado a&ntilde;o. Asimismo, puso a disposici&oacute;n de los claustrales a trav&eacute;s de la p&aacute;gina web su plan de gobierno para el resto de su mandato, en el cual se recogen los principales objetivos que pretende lograr.<\/p>\n<p>El discurso del rector se articul&oacute; a partir de los cinco grandes valores estrat&eacute;gicos en torno a los cuales su equipo de direcci&oacute;n ha planificado su acci&oacute;n de gobierno: cohesi&oacute;n, gesti&oacute;n, financiaci&oacute;n, innovaci&oacute;n y proyecci&oacute;n. El rector afirm&oacute; haber trabajado para poner en marcha aspectos esenciales del funcionamiento institucional. &ldquo;Asumo la parte de responsabilidad que haya podido tener en la puesta en pr&aacute;ctica de estas medidas; pero como ya he dicho, prefiero ser criticado por cometer errores en el actuar, que por quedarme parado dudando en el pensar&rdquo;. <\/p>\n<p> De este modo, Dom&eacute;nech relat&oacute; acciones como la reforma de la Relaci&oacute;n de Puestos de Trabajo del PAS, de la cual destac&oacute; el esfuerzo negociador llevado a cabo para lograr un documento razonablemente satisfactorio, teniendo en cuenta que hubo de elaborarse bajo una estricta restricci&oacute;n presupuestaria. <\/p>\n<p> Tambi&eacute;n mencion&oacute; la necesidad de abordar una reforma de los estatutos de la ULL que corrija la &ldquo;sobrenormativizaci&oacute;n&rdquo; de los actuales. &ldquo;Pondr&eacute; en acci&oacute;n toda la voluntad de negociaci&oacute;n necesaria para garantizar una norma b&aacute;sica que garantice los derechos fundamentales de los universitarios, pero que a la vez posibilite a la instituci&oacute;n las mayores cotas posibles de gobernabilidad, participaci&oacute;n y eficacia&rdquo;, anunci&oacute;.<\/p>\n<p> Otro hecho fundamental que quiso recordar fue la firma del Contrato-Programa tras una dilatada negociaci&oacute;n. Reconoci&oacute; que &eacute;ste no colma las expectativas y necesidades, de la instituci&oacute;n, aunque reconoci&oacute; que &ldquo;pero comparativamente, respecto al resto de la administraci&oacute;n p&uacute;blica canaria, aumentamos de forma significativa&rdquo;. Indic&oacute;, adem&aacute;s, que hubiera sido irresponsable no firmarlo, pues la ULL ya ha sufrido un per&iacute;odo anterior de financiaci&oacute;n inestable.<\/p>\n<p> El rector tambi&eacute;n se refiri&oacute; largamente al proceso de entrada en el Espacio Europeo de Educaci&oacute;n superior, criticando a aquellos que quieren difundir miedos y falsas ideas sobre este cambio. Dom&eacute;nech reafirm&oacute; su convicci&oacute;n de que se trata de una reforma que redundar&aacute; en una universidad de m&aacute;s calidad, y manifest&oacute; su compromiso de mantener todas sus titulaciones actuales, el car&aacute;cter p&uacute;blico de la ULL, la pol&iacute;tica de becas y ayudas asistenciales, y el equilibrio de titulaciones de &aacute;mbito human&iacute;stico-social y t&eacute;cnico-experimental.<\/p>\n<p> Otros asuntos que centraron su discurso fueron las acciones para mejorar la actividad investigadora en el seno de la instituci&oacute;n, la apuesta por la calidad docente a trav&eacute;s de programas de evaluaci&oacute;n como Docentia y Audit.; la proyecci&oacute;n social de la ULL a trav&eacute;s de cursos, convenios, colaboraciones con instituciones y actividades culturales; <\/p>\n<p> <strong>Respuestas de los&nbsp; grupos<\/strong><\/p>\n<p> <strong>PAS en ACCION<\/strong> calific&oacute; el informe del rector como triunfalista, y critic&oacute; su ausencia de datos estad&iacute;sticos e indicadores objetivos. Enunci&oacute; su preocupaci&oacute;n por la creaci&oacute;n de un servicio de gestores de la innovaci&oacute;n para asesorar a los investigadores que depender&aacute; de la Fundaci&oacute;n Empresa-Universidad de La Laguna, por comprender que se trata de una plantilla de PAS paralela. Se&ntilde;al&oacute;, adem&aacute;s, que si se desea potenciar la Unidad de Docencia Virtual, &eacute;sta deber&iacute;a ser gestionada por personal administrativo, y no por becarios.<\/p>\n<p> En sus respuestas, tanto el vicerrector de Investigaci&oacute;n, Lorenzo Moreno, como el propio rector, aseguraron que ese nuevo grupo de gestores de la innovaci&oacute;n pretende, en ning&uacute;n caso, usurpar puestos del PAS.<\/p>\n<p> La representante de <strong>Estudiantes Dem&oacute;cratas (ED)<\/strong> fue la siguiente en participar, haciendo menci&oacute;n a una serie de servicios que el alumnado lleva tiempo demandando, como secretar&iacute;as de los centros que abran al menos una tarde a la semana para facilitar los tr&aacute;mites al estudiantado vespertino; reprograf&iacute;as de autoservicio, ceniceros en las puertas de los centros para evitar que se tiren colillas al suelo, y una mejora en instalaciones como la torre de Qu&iacute;micas, la Escuela T&eacute;cnica Superior de Ingenier&iacute;a Agraria, o las canchas deportivas.<\/p>\n<p> El vicerrector de Planificaci&oacute;n e Infraestructuras, Pablo Gonz&aacute;lez Vera, contest&oacute; a esta y otras intervenciones referidas al estado de los inmuebles, pidi&oacute; disculpas por todas las posibles inconveniencias que pudieran haber causado las reformas y reparaciones acometidas a lo largo del a&ntilde;o, y pidi&oacute; comprensi&oacute;n, ya que resulta complejo mantener m&aacute;s de veinte edificaciones de diferentes clases y edades, Torre de qu&iacute;micas y agrarias, lamentable.<br \/> <strong><br \/> Iniciativa Estudiantil Canaria IEC <\/strong>calific&oacute; el discurso del rector como poco realista y alejado de los problemas y situaciones reales que afectan a la comunidad universitaria. Critic&oacute; la capacidad y cantidad de salas de estudios, as&iacute; como la ausencia de informaci&oacute;n fiable sobre sus horarios y ubicaci&oacute;n. Tambi&eacute;n critic&oacute; los errores que se habr&aacute;n producido durante le periodo de automatr&iacute;cula por Internet.<\/p>\n<p> Al problema de las salas de estudio respondi&oacute; la vicerrectora de Servicios Universitarios, Rosa M&ordf; Aguilar, que reconoci&oacute; que la informaci&oacute;n sobre este servicio pod&iacute;a mejorarse, pero que no compart&iacute;a el dictamen de los alumnos sobre los &iacute;ndices de ocupaci&oacute;n. Seg&uacute;n sus datos, las hay que llegan al 90% de ocupaci&oacute;n, pero otras no alcanzan el 50%. En todo caso, asegur&oacute; que si se comprobara la necesidad de abrir m&aacute;s espacios para le estudio, se obrar&iacute;a en consecuencia.<\/p>\n<p> <strong>Liga del Profesorado Universitario (LPU) <\/strong>advirti&oacute; a los dem&aacute;s grupos claustrales de que no se deb&iacute;a caer en la tentaci&oacute;n de convertir el debate sobre el estado de la universidad en el debate sobre le discurso del rector o sobre su equipo de gobierno. Coincidi&oacute; en que el estatus econ&oacute;mico de la ULL, en comparaci&oacute;n a otras corporaciones p&uacute;blicas, era bueno, lo cual deber&iacute;a ser una llamada a la responsabilidad para lograr sin excusas los objetivos. Tambi&eacute;n hizo una llamada de atenci&oacute;n acerca de la tramitaci&oacute;n de la ley de Consejos Sociales por parte del gobierno auton&oacute;mico, pues &ldquo;las tentaciones de control de las instancias pol&iacute;ticas de la universidad son peligrosas&rdquo;.<\/p>\n<p> Ante ese temor, el Rector de la ULL inform&oacute; a los claustrales de que esta modificaci&oacute;n legal ha sido una iniciativa del Gobierno de Canarias en la que las universidades no tuvieron ni papel consultivo ni proponente. A posteriri se ha negociado en los puntos m&aacute;s pol&eacute;micos, y se han establecido contactos con todos los partidos pol&iacute;ticos para que tengan en cuenta le parecer de la ULL cuando la ley se debata en el parlamento. Y, si al final la ley fuera lesiva para la instituci&oacute;n, el Rector no dud&oacute; en afirmar que se pondr&iacute;a al frente de los &oacute;rganos colegiados para, en su caso, realizar las acciones legales e institucionales que se requiriesen.<\/p>\n<p> El representante de <strong>Espacio para la Unidad del PAS (Eupas)<\/strong> lament&oacute; que tras la implantaci&oacute;n de la Ley Org&aacute;nica de universidades (LOU), el Claustro &ldquo;ya ni dirime ni eval&uacute;a, solo es espectador.&rdquo; Critic&oacute; que no se hab&iacute;a discutido en el &oacute;rgano ni el contrato progama ni la ley de Consejos Sociales. Tampoco coincidi&oacute; en que hubiera consenso en la negociaci&oacute;n de la RPT del PAS, y lament&oacute; que en la preparaci&oacute;n de los periodos de matr&iacute;cula y automatr&iacute;cula no se consulte a los centros y que se est&eacute; a merced de una empresa que, a su juicio, lleva a&ntilde;os sin corregir la utilidad inform&aacute;tica que ha vendido a la ULL para estas labores.<\/p>\n<p> Sobre la RPT, el gerente de la ULL, Francisco Calero, reiter&oacute; que se llev&oacute; a cabo con todo el talante negociador posible, y sugiri&oacute; que las reclamaciones presentadas compet&iacute;an, en todo caso, a una representaci&oacute;n sindical m&aacute;s que a un grupo claustral. <\/p>\n<p> El <strong>Sindicato de Estudiantes de la ULL(SEULL)<\/strong> alab&oacute; las obras emprendidas en cetros como la torre de Qu&iacute;micas, el Paraninfo o el Aulario de Guajara, pero record que quedan pendientes las de Sociolog&iacute;a, Educaci&oacute;n y Derecho, y calific&oacute; de excesiva la obra prevista para Bellas Artes. Critic&oacute; la actitud de una minor&iacute;a de profesores que no cumplen los horarios ni programas, no corrigen los ex&aacute;menes y tienen actitudes displicentes hacia el alumnado. <\/p>\n<p> En respuesta a esta cr&iacute;tica, la vicerrectora de&nbsp; Profesorado y Calidad Docente, Carmen Dolores Sosa, asegur&oacute; que cuando se reciben noticias sobre el incumplimiento de las labores docentes, se obra de oficio por el cauce reglamentario. Record&oacute;, adem&aacute;s, que gracias a la nueva RPT la ULL contar&aacute; en el futruo con un servicio de inspecci&oacute;n de la calidad de la actividad del profesorado. <\/p>\n<p> Uno de los momentos m&aacute;s tensos del debate lleg&oacute; con la intervenci&oacute;n de la <strong>Asamblea del Movimiento Estudiantil Canario (AMEC)<\/strong>, que present&oacute; una intervenci&oacute;n e la que comparaba la universidad con un tablero de ajedrez y al rector como un rey de ademanes d&eacute;spotas y represivas hacia el alumnado. Con esta met&aacute;fora tambi&eacute;n critic&oacute; la, a su juicio, excesiva sumisi&oacute;n a los poderes empresariales del rector.<\/p>\n<p> La respuesta de Dom&eacute;nech fue muy contundente. Se&ntilde;al&oacute; que acepta cualquier cr&iacute;tica constructiva y discrepancia, pero que AMEC hab&iacute;a traspasado la frontera llegando al insulto personal y la burla, y que no era la primera vez que lo hacia. Por ello, anunci&oacute; que no volver&iacute;a a contestar ninguna intervenci&oacute;n de este grupo estudiantil en ning&uacute;n &oacute;rgano p&uacute;blico hasta que variara su actitud y sus formas.<br \/> <strong><br \/> Programa para una Universidad Canaria (PPUC)<\/strong> critic&oacute; que en la instituci&oacute;n no hab&iacute;a suficiente debate y que las decisiones se impon&iacute;an, por lo que calific&oacute; al rectorado de &ldquo;autocracia benevolente&rdquo;. Tambi&eacute;n lament&oacute; que, en esa l&iacute;nea, en su opini&oacute;n se faltara al respeto a las decisiones del Claustro, como por ejemplo cuando entr&oacute; en vigor un calendario acad&eacute;mico que hab&iacute;a rechazado el &oacute;rgano colegiado. Fue igualmente cr&iacute;tico con la gesti&oacute;n de las ayudas para la investigaci&oacute;n y, en general, reclam&oacute; una mejora en este aspecto.<\/p>\n<p>Sobre ese asunto, el vicerrector Lorenzo Moreno respondi&oacute; que en estos momentos se est&aacute; trabajando en la elaboraci&oacute;n de un plan estrat&eacute;gico de investigaci&oacute;n mejorar le posicionamiento y la calidad cient&iacute;fica de la ULL.<\/p>\n<p> Por su parte,<strong> Renovaci&oacute;n Convergente (RC)<\/strong> apoy&oacute; la labor del equipo de gobierno y felicit&oacute; al rector por un informe que calific&oacute; como &ldquo;preciso&rdquo;. Sobre la convergencia europea, lament&oacute; que las decisiones del gobierno regional y nacional dificulten la tramitaci&oacute;n de grados y posgrados. Apost&oacute; por un impulso de las nuevas tecnolog&iacute;as, la eliminaci&oacute;n de burocracia en la investigaci&oacute;n y por modificar los estatutos para quitarles &ldquo;rigidez normativa&rdquo;.<\/p>\n","protected":false},"excerpt":{"rendered":"<p>El Claustro de la Universidad de La Laguna celebr&oacute; ayer, mi&eacute;rcoles 4 de marzo, una sesi&oacute;n extraordinario de su Claustro,&#8230;<\/p>\n","protected":false},"author":21,"featured_media":0,"comment_status":"open","ping_status":"open","sticky":false,"template":"","format":"standard","meta":{"inline_featured_image":false,"footnotes":""},"categories":[347,1],"tags":[],"acf":[],"yoast_head":"<!-- This site is optimized with the Yoast SEO plugin v21.3 - https:\/\/yoast.com\/wordpress\/plugins\/seo\/ -->\n<title>El Rector defiende su gesti\u00f3n del \u00faltimo a\u00f1o en el Claustro de la Universidad de La Laguna - ULL - Noticias<\/title>\n<meta name=\"robots\" content=\"index, follow, max-snippet:-1, max-image-preview:large, max-video-preview:-1\" \/>\n<link rel=\"canonical\" href=\"https:\/\/www.ull.es\/portal\/noticias\/2009\/el-rector-defiende-su-gestion-del-ultimo-ano-en-el-claustro-de-la-universidad-de-la-laguna\/\" \/>\n<meta property=\"og:locale\" content=\"es_ES\" \/>\n<meta property=\"og:type\" content=\"article\" \/>\n<meta property=\"og:title\" content=\"El Rector defiende su gesti\u00f3n del \u00faltimo a\u00f1o en el Claustro de la Universidad de La Laguna - ULL - Noticias\" \/>\n<meta property=\"og:description\" content=\"El Claustro de la Universidad de La Laguna celebr&oacute; ayer, mi&eacute;rcoles 4 de marzo, una sesi&oacute;n extraordinario de su Claustro,...\" \/>\n<meta property=\"og:url\" content=\"https:\/\/www.ull.es\/portal\/noticias\/2009\/el-rector-defiende-su-gestion-del-ultimo-ano-en-el-claustro-de-la-universidad-de-la-laguna\/\" \/>\n<meta property=\"og:site_name\" content=\"ULL - Noticias\" \/>\n<meta property=\"article:publisher\" content=\"https:\/\/www.facebook.com\/universidaddelalaguna\/\" \/>\n<meta property=\"article:published_time\" content=\"2009-03-05T00:00:00+00:00\" \/>\n<meta property=\"og:image\" content=\"https:\/\/www.ull.es\/portal\/noticias\/wp-content\/uploads\/sites\/13\/2023\/06\/logo-redimensionado.png\" \/>\n\t<meta property=\"og:image:width\" content=\"1200\" \/>\n\t<meta property=\"og:image:height\" content=\"630\" \/>\n\t<meta property=\"og:image:type\" content=\"image\/png\" \/>\n<meta name=\"author\" content=\"prensa2\" \/>\n<meta name=\"twitter:card\" content=\"summary_large_image\" \/>\n<meta name=\"twitter:creator\" content=\"@CanalULL\" \/>\n<meta name=\"twitter:site\" content=\"@CanalULL\" \/>\n<meta name=\"twitter:label1\" content=\"Escrito por\" \/>\n\t<meta name=\"twitter:data1\" content=\"prensa2\" \/>\n\t<meta name=\"twitter:label2\" content=\"Tiempo de lectura\" \/>\n\t<meta name=\"twitter:data2\" content=\"11 minutos\" \/>\n<script type=\"application\/ld+json\" class=\"yoast-schema-graph\">{\"@context\":\"https:\/\/schema.org\",\"@graph\":[{\"@type\":\"WebPage\",\"@id\":\"https:\/\/www.ull.es\/portal\/noticias\/2009\/el-rector-defiende-su-gestion-del-ultimo-ano-en-el-claustro-de-la-universidad-de-la-laguna\/\",\"url\":\"https:\/\/www.ull.es\/portal\/noticias\/2009\/el-rector-defiende-su-gestion-del-ultimo-ano-en-el-claustro-de-la-universidad-de-la-laguna\/\",\"name\":\"El Rector defiende su gesti\u00f3n del \u00faltimo a\u00f1o en el Claustro de la Universidad de La Laguna - ULL - Noticias\",\"isPartOf\":{\"@id\":\"https:\/\/www.ull.es\/portal\/noticias\/#website\"},\"datePublished\":\"2009-03-05T00:00:00+00:00\",\"dateModified\":\"2009-03-05T00:00:00+00:00\",\"author\":{\"@id\":\"https:\/\/www.ull.es\/portal\/noticias\/#\/schema\/person\/c3b2aa857797592927a03740d6664376\"},\"breadcrumb\":{\"@id\":\"https:\/\/www.ull.es\/portal\/noticias\/2009\/el-rector-defiende-su-gestion-del-ultimo-ano-en-el-claustro-de-la-universidad-de-la-laguna\/#breadcrumb\"},\"inLanguage\":\"es\",\"potentialAction\":[{\"@type\":\"ReadAction\",\"target\":[\"https:\/\/www.ull.es\/portal\/noticias\/2009\/el-rector-defiende-su-gestion-del-ultimo-ano-en-el-claustro-de-la-universidad-de-la-laguna\/\"]}]},{\"@type\":\"BreadcrumbList\",\"@id\":\"https:\/\/www.ull.es\/portal\/noticias\/2009\/el-rector-defiende-su-gestion-del-ultimo-ano-en-el-claustro-de-la-universidad-de-la-laguna\/#breadcrumb\",\"itemListElement\":[{\"@type\":\"ListItem\",\"position\":1,\"name\":\"Portada\",\"item\":\"https:\/\/www.ull.es\/portal\/noticias\/\"},{\"@type\":\"ListItem\",\"position\":2,\"name\":\"El Rector defiende su gesti\u00f3n del \u00faltimo a\u00f1o en el Claustro de la Universidad de La Laguna\"}]},{\"@type\":\"WebSite\",\"@id\":\"https:\/\/www.ull.es\/portal\/noticias\/#website\",\"url\":\"https:\/\/www.ull.es\/portal\/noticias\/\",\"name\":\"ULL - Noticias\",\"description\":\"\",\"potentialAction\":[{\"@type\":\"SearchAction\",\"target\":{\"@type\":\"EntryPoint\",\"urlTemplate\":\"https:\/\/www.ull.es\/portal\/noticias\/?s={search_term_string}\"},\"query-input\":\"required name=search_term_string\"}],\"inLanguage\":\"es\"},{\"@type\":\"Person\",\"@id\":\"https:\/\/www.ull.es\/portal\/noticias\/#\/schema\/person\/c3b2aa857797592927a03740d6664376\",\"name\":\"prensa2\",\"image\":{\"@type\":\"ImageObject\",\"inLanguage\":\"es\",\"@id\":\"https:\/\/www.ull.es\/portal\/noticias\/#\/schema\/person\/image\/\",\"url\":\"https:\/\/secure.gravatar.com\/avatar\/b58f310a5de5feb33d1e026d2493f23c?s=96&d=mm&r=g\",\"contentUrl\":\"https:\/\/secure.gravatar.com\/avatar\/b58f310a5de5feb33d1e026d2493f23c?s=96&d=mm&r=g\",\"caption\":\"prensa2\"},\"url\":\"https:\/\/www.ull.es\/portal\/noticias\/author\/prensa2\/\"}]}<\/script>\n<!-- \/ Yoast SEO plugin. -->","yoast_head_json":{"title":"El Rector defiende su gesti\u00f3n del \u00faltimo a\u00f1o en el Claustro de la Universidad de La Laguna - ULL - Noticias","robots":{"index":"index","follow":"follow","max-snippet":"max-snippet:-1","max-image-preview":"max-image-preview:large","max-video-preview":"max-video-preview:-1"},"canonical":"https:\/\/www.ull.es\/portal\/noticias\/2009\/el-rector-defiende-su-gestion-del-ultimo-ano-en-el-claustro-de-la-universidad-de-la-laguna\/","og_locale":"es_ES","og_type":"article","og_title":"El Rector defiende su gesti\u00f3n del \u00faltimo a\u00f1o en el Claustro de la Universidad de La Laguna - ULL - Noticias","og_description":"El Claustro de la Universidad de La Laguna celebr&oacute; ayer, mi&eacute;rcoles 4 de marzo, una sesi&oacute;n extraordinario de su Claustro,...","og_url":"https:\/\/www.ull.es\/portal\/noticias\/2009\/el-rector-defiende-su-gestion-del-ultimo-ano-en-el-claustro-de-la-universidad-de-la-laguna\/","og_site_name":"ULL - Noticias","article_publisher":"https:\/\/www.facebook.com\/universidaddelalaguna\/","article_published_time":"2009-03-05T00:00:00+00:00","og_image":[{"width":1200,"height":630,"url":"https:\/\/www.ull.es\/portal\/noticias\/wp-content\/uploads\/sites\/13\/2023\/06\/logo-redimensionado.png","type":"image\/png"}],"author":"prensa2","twitter_card":"summary_large_image","twitter_creator":"@CanalULL","twitter_site":"@CanalULL","twitter_misc":{"Escrito por":"prensa2","Tiempo de lectura":"11 minutos"},"schema":{"@context":"https:\/\/schema.org","@graph":[{"@type":"WebPage","@id":"https:\/\/www.ull.es\/portal\/noticias\/2009\/el-rector-defiende-su-gestion-del-ultimo-ano-en-el-claustro-de-la-universidad-de-la-laguna\/","url":"https:\/\/www.ull.es\/portal\/noticias\/2009\/el-rector-defiende-su-gestion-del-ultimo-ano-en-el-claustro-de-la-universidad-de-la-laguna\/","name":"El Rector defiende su gesti\u00f3n del \u00faltimo a\u00f1o en el Claustro de la Universidad de La Laguna - ULL - Noticias","isPartOf":{"@id":"https:\/\/www.ull.es\/portal\/noticias\/#website"},"datePublished":"2009-03-05T00:00:00+00:00","dateModified":"2009-03-05T00:00:00+00:00","author":{"@id":"https:\/\/www.ull.es\/portal\/noticias\/#\/schema\/person\/c3b2aa857797592927a03740d6664376"},"breadcrumb":{"@id":"https:\/\/www.ull.es\/portal\/noticias\/2009\/el-rector-defiende-su-gestion-del-ultimo-ano-en-el-claustro-de-la-universidad-de-la-laguna\/#breadcrumb"},"inLanguage":"es","potentialAction":[{"@type":"ReadAction","target":["https:\/\/www.ull.es\/portal\/noticias\/2009\/el-rector-defiende-su-gestion-del-ultimo-ano-en-el-claustro-de-la-universidad-de-la-laguna\/"]}]},{"@type":"BreadcrumbList","@id":"https:\/\/www.ull.es\/portal\/noticias\/2009\/el-rector-defiende-su-gestion-del-ultimo-ano-en-el-claustro-de-la-universidad-de-la-laguna\/#breadcrumb","itemListElement":[{"@type":"ListItem","position":1,"name":"Portada","item":"https:\/\/www.ull.es\/portal\/noticias\/"},{"@type":"ListItem","position":2,"name":"El Rector defiende su gesti\u00f3n del \u00faltimo a\u00f1o en el Claustro de la Universidad de La Laguna"}]},{"@type":"WebSite","@id":"https:\/\/www.ull.es\/portal\/noticias\/#website","url":"https:\/\/www.ull.es\/portal\/noticias\/","name":"ULL - Noticias","description":"","potentialAction":[{"@type":"SearchAction","target":{"@type":"EntryPoint","urlTemplate":"https:\/\/www.ull.es\/portal\/noticias\/?s={search_term_string}"},"query-input":"required name=search_term_string"}],"inLanguage":"es"},{"@type":"Person","@id":"https:\/\/www.ull.es\/portal\/noticias\/#\/schema\/person\/c3b2aa857797592927a03740d6664376","name":"prensa2","image":{"@type":"ImageObject","inLanguage":"es","@id":"https:\/\/www.ull.es\/portal\/noticias\/#\/schema\/person\/image\/","url":"https:\/\/secure.gravatar.com\/avatar\/b58f310a5de5feb33d1e026d2493f23c?s=96&d=mm&r=g","contentUrl":"https:\/\/secure.gravatar.com\/avatar\/b58f310a5de5feb33d1e026d2493f23c?s=96&d=mm&r=g","caption":"prensa2"},"url":"https:\/\/www.ull.es\/portal\/noticias\/author\/prensa2\/"}]}},"primary_category":null,"featured_image_thumbnail_url":null,"_links":{"self":[{"href":"https:\/\/www.ull.es\/portal\/noticias\/wp-json\/wp\/v2\/posts\/16853"}],"collection":[{"href":"https:\/\/www.ull.es\/portal\/noticias\/wp-json\/wp\/v2\/posts"}],"about":[{"href":"https:\/\/www.ull.es\/portal\/noticias\/wp-json\/wp\/v2\/types\/post"}],"author":[{"embeddable":true,"href":"https:\/\/www.ull.es\/portal\/noticias\/wp-json\/wp\/v2\/users\/21"}],"replies":[{"embeddable":true,"href":"https:\/\/www.ull.es\/portal\/noticias\/wp-json\/wp\/v2\/comments?post=16853"}],"version-history":[{"count":0,"href":"https:\/\/www.ull.es\/portal\/noticias\/wp-json\/wp\/v2\/posts\/16853\/revisions"}],"wp:attachment":[{"href":"https:\/\/www.ull.es\/portal\/noticias\/wp-json\/wp\/v2\/media?parent=16853"}],"wp:term":[{"taxonomy":"category","embeddable":true,"href":"https:\/\/www.ull.es\/portal\/noticias\/wp-json\/wp\/v2\/categories?post=16853"},{"taxonomy":"post_tag","embeddable":true,"href":"https:\/\/www.ull.es\/portal\/noticias\/wp-json\/wp\/v2\/tags?post=16853"}],"curies":[{"name":"wp","href":"https:\/\/api.w.org\/{rel}","templated":true}]}}