{"id":16869,"date":"2009-10-01T00:00:00","date_gmt":"2009-10-01T00:00:00","guid":{"rendered":"http:\/\/ddigital.webs.ull.es\/el-consejo-social-de-la-ull-da-su-visto-bueno-al-master-oficial-en-formacion-y-habilitacion-del-profesorado\/"},"modified":"2009-10-01T00:00:00","modified_gmt":"2009-10-01T00:00:00","slug":"el-consejo-social-de-la-ull-da-su-visto-bueno-al-master-oficial-en-formacion-y-habilitacion-del-profesorado","status":"publish","type":"post","link":"https:\/\/www.ull.es\/portal\/noticias\/2009\/el-consejo-social-de-la-ull-da-su-visto-bueno-al-master-oficial-en-formacion-y-habilitacion-del-profesorado\/","title":{"rendered":"El Consejo Social de la ULL da su visto bueno al M\u00e1ster Oficial en Formaci\u00f3n y Habilitaci\u00f3n del Profesorado"},"content":{"rendered":"<p>El Consejo Social de la Universidad de La Laguna celebr&oacute; ayer 30 de septiembre una sesi&oacute;n ordinaria en la sala de profesores del Aulario de Guajara. En esta reuni&oacute;n dio su visto bueno a la implantaci&oacute;n al M&aacute;ster Universitario&nbsp; Oficial en Formaci&oacute;n y Habilitaci&oacute;n del Profesorado, de car&aacute;cter interuniversitario y que consta de 60 cr&eacute;ditos.<\/p>\n<p>A los alumnos que se inscriban en &eacute;l se les exigir&aacute; un dominio del ingl&eacute;s acreditado a trav&eacute;s del nivel B1, seg&uacute;n el Marco Europeo de Referencia de las Lenguas o, que al menos se obtenga durante el transcurso de dicho t&iacute;tulo.&nbsp; Este t&iacute;tulo de posgrado cuenta con 15 cr&eacute;ditos de formaci&oacute;n gen&eacute;rica, otros 15 de formaci&oacute;n pr&aacute;ctica y el resto se dedicar&aacute; a la ense&ntilde;anza de did&aacute;cticas espec&iacute;ficas. Seg&uacute;n coment&oacute; el vicerrector de Ordenaci&oacute;n Acad&eacute;mica, Jos&eacute; Mar&iacute;a Palaz&oacute;n, se ofertar&aacute; un total de 350 plazas.<\/p>\n<p>El vicerrector tambi&eacute;n aclar&oacute; que se est&aacute; en fase de redacci&oacute;n de un convenio con la Consejer&iacute;a de Educaci&oacute;n del Gobierno de Canarias para regular las pr&aacute;cticas. Dada la trascendencia de este t&iacute;tulo, se ha permitido que se pueda impartir a partir del pr&oacute;ximo mes de enero. Adem&aacute;s, se enviar&aacute; ahora a la ANECA para su verificaci&oacute;n.<\/p>\n<p>El Consejo Social tambi&eacute;n ha dado su conformidad al M&aacute;ster Oficial en T&eacute;cnicas para la Investigaci&oacute;n, Desarrollo e Innovaci&oacute;n en Ciencias e Ingenier&iacute;a, que a&uacute;na titulados de la rama de ciencias e ingenier&iacute;a para que obtengan la formaci&oacute;n completa en la iniciaci&oacute;n a las t&eacute;cnicas de investigaci&oacute;n. Aprobado tambi&eacute;n por unanimidad, este m&aacute;ster permitir&aacute; el acceso al doctorado.<\/p>\n<p>El &oacute;rgano de representaci&oacute;n de la sociedad en la universidad expres&oacute; asimismo su conformidad con el cambio de denominaci&oacute;n de la hasta el momento Escuela Universitaria de Arquitectura T&eacute;cnica que, a partir de ahora, debido a la reforma europea de titulaciones y tras la publicaci&oacute;n en el Bolet&iacute;n Oficial de Canarias, pasar&aacute; a llamarse Escuela Universitaria de Ingenier&iacute;a de Edificaci&oacute;n.<\/p>\n<p>Por otro lado, el Consejo Social decidi&oacute; dejar pendiente la petici&oacute;n de adscripci&oacute;n de la Escuela Superior de Turismo de Santa Cruz de Tenerife al centro acad&eacute;mico, al detectarse errores materiales en el expediente presentado por la citada escuela. Una vez subsanados estos defectos, se llevar&aacute; de nuevo al pleno de este &oacute;rgano para su estudio definitivo.<\/p>\n<p><strong>Explicaciones al Gobierno<\/strong><\/p>\n<p>El rector de la Universidad de La Laguna, Eduardo Dom&eacute;nech, coment&oacute; al final de la sesi&oacute;n los hechos acaecidos ante la asignaci&oacute;n de recursos econ&oacute;micos&nbsp; provenientes del Ministerio de Educaci&oacute;n para dotaci&oacute;n de ayudas en forma de becas a los alumnos que se matriculasen en los t&iacute;tulos propios universitarios. Este reparto monetario lo realiz&oacute; la Consejer&iacute;a de Educaci&oacute;n del Gobierno regional, quien decidi&oacute; otorgar casi 100.000 euros m&aacute;s&nbsp;a la Universidad de Las Palmas de Gran Canaria que a La Laguna, al entender que los t&iacute;tulos que ofertaba la primera universidad se ajustaban m&aacute;s a las l&iacute;neas estrat&eacute;gicas marcadas por el ejecutivo.<\/p>\n<p>En opini&oacute;n del rector, esta asignaci&oacute;n de recursos debi&oacute; hacerse aplicando criterios objetivos y equitativos, y no de forma arbitraria. Adem&aacute;s, insiste en que La Laguna tambi&eacute;n cuenta con t&iacute;tulos que se ajustan convenientemente a esta estrategia y que no han sido contemplados.<\/p>\n<p>El presidente del Consejo Social, Jos&eacute; Miguel Gonz&aacute;lez, solicitar&aacute; al Gobierno conocer dichos criterios y c&oacute;mo se realiz&oacute; este reparto econ&oacute;mico.<\/p>\n","protected":false},"excerpt":{"rendered":"<p>El Consejo Social de la Universidad de La Laguna celebr&oacute; ayer 30 de septiembre una sesi&oacute;n ordinaria en la sala&#8230;<\/p>\n","protected":false},"author":21,"featured_media":0,"comment_status":"open","ping_status":"open","sticky":false,"template":"","format":"standard","meta":{"inline_featured_image":false,"footnotes":""},"categories":[347,1],"tags":[],"acf":[],"yoast_head":"<!-- This site is optimized with the Yoast SEO plugin v21.3 - https:\/\/yoast.com\/wordpress\/plugins\/seo\/ -->\n<title>El Consejo Social de la ULL da su visto bueno al M\u00e1ster Oficial en Formaci\u00f3n y Habilitaci\u00f3n del Profesorado - ULL - Noticias<\/title>\n<meta name=\"robots\" content=\"index, follow, max-snippet:-1, max-image-preview:large, max-video-preview:-1\" \/>\n<link rel=\"canonical\" href=\"https:\/\/www.ull.es\/portal\/noticias\/2009\/el-consejo-social-de-la-ull-da-su-visto-bueno-al-master-oficial-en-formacion-y-habilitacion-del-profesorado\/\" \/>\n<meta property=\"og:locale\" content=\"es_ES\" \/>\n<meta property=\"og:type\" content=\"article\" \/>\n<meta property=\"og:title\" content=\"El Consejo Social de la ULL da su visto bueno al M\u00e1ster Oficial en Formaci\u00f3n y Habilitaci\u00f3n del Profesorado - ULL - Noticias\" \/>\n<meta property=\"og:description\" content=\"El Consejo Social de la Universidad de La Laguna celebr&oacute; ayer 30 de septiembre una sesi&oacute;n ordinaria en la sala...\" \/>\n<meta property=\"og:url\" content=\"https:\/\/www.ull.es\/portal\/noticias\/2009\/el-consejo-social-de-la-ull-da-su-visto-bueno-al-master-oficial-en-formacion-y-habilitacion-del-profesorado\/\" \/>\n<meta property=\"og:site_name\" content=\"ULL - Noticias\" \/>\n<meta property=\"article:publisher\" content=\"https:\/\/www.facebook.com\/universidaddelalaguna\/\" \/>\n<meta property=\"article:published_time\" content=\"2009-10-01T00:00:00+00:00\" \/>\n<meta property=\"og:image\" content=\"https:\/\/www.ull.es\/portal\/noticias\/wp-content\/uploads\/sites\/13\/2023\/06\/logo-redimensionado.png\" \/>\n\t<meta property=\"og:image:width\" content=\"1200\" \/>\n\t<meta property=\"og:image:height\" content=\"630\" \/>\n\t<meta property=\"og:image:type\" content=\"image\/png\" \/>\n<meta name=\"author\" content=\"prensa2\" \/>\n<meta name=\"twitter:card\" content=\"summary_large_image\" \/>\n<meta name=\"twitter:creator\" content=\"@CanalULL\" \/>\n<meta name=\"twitter:site\" content=\"@CanalULL\" \/>\n<meta name=\"twitter:label1\" content=\"Escrito por\" \/>\n\t<meta name=\"twitter:data1\" content=\"prensa2\" \/>\n\t<meta name=\"twitter:label2\" content=\"Tiempo de lectura\" \/>\n\t<meta name=\"twitter:data2\" content=\"4 minutos\" \/>\n<script type=\"application\/ld+json\" class=\"yoast-schema-graph\">{\"@context\":\"https:\/\/schema.org\",\"@graph\":[{\"@type\":\"WebPage\",\"@id\":\"https:\/\/www.ull.es\/portal\/noticias\/2009\/el-consejo-social-de-la-ull-da-su-visto-bueno-al-master-oficial-en-formacion-y-habilitacion-del-profesorado\/\",\"url\":\"https:\/\/www.ull.es\/portal\/noticias\/2009\/el-consejo-social-de-la-ull-da-su-visto-bueno-al-master-oficial-en-formacion-y-habilitacion-del-profesorado\/\",\"name\":\"El Consejo Social de la ULL da su visto bueno al M\u00e1ster Oficial en Formaci\u00f3n y Habilitaci\u00f3n del Profesorado - ULL - Noticias\",\"isPartOf\":{\"@id\":\"https:\/\/www.ull.es\/portal\/noticias\/#website\"},\"datePublished\":\"2009-10-01T00:00:00+00:00\",\"dateModified\":\"2009-10-01T00:00:00+00:00\",\"author\":{\"@id\":\"https:\/\/www.ull.es\/portal\/noticias\/#\/schema\/person\/c3b2aa857797592927a03740d6664376\"},\"breadcrumb\":{\"@id\":\"https:\/\/www.ull.es\/portal\/noticias\/2009\/el-consejo-social-de-la-ull-da-su-visto-bueno-al-master-oficial-en-formacion-y-habilitacion-del-profesorado\/#breadcrumb\"},\"inLanguage\":\"es\",\"potentialAction\":[{\"@type\":\"ReadAction\",\"target\":[\"https:\/\/www.ull.es\/portal\/noticias\/2009\/el-consejo-social-de-la-ull-da-su-visto-bueno-al-master-oficial-en-formacion-y-habilitacion-del-profesorado\/\"]}]},{\"@type\":\"BreadcrumbList\",\"@id\":\"https:\/\/www.ull.es\/portal\/noticias\/2009\/el-consejo-social-de-la-ull-da-su-visto-bueno-al-master-oficial-en-formacion-y-habilitacion-del-profesorado\/#breadcrumb\",\"itemListElement\":[{\"@type\":\"ListItem\",\"position\":1,\"name\":\"Portada\",\"item\":\"https:\/\/www.ull.es\/portal\/noticias\/\"},{\"@type\":\"ListItem\",\"position\":2,\"name\":\"El Consejo Social de la ULL da su visto bueno al M\u00e1ster Oficial en Formaci\u00f3n y Habilitaci\u00f3n del Profesorado\"}]},{\"@type\":\"WebSite\",\"@id\":\"https:\/\/www.ull.es\/portal\/noticias\/#website\",\"url\":\"https:\/\/www.ull.es\/portal\/noticias\/\",\"name\":\"ULL - Noticias\",\"description\":\"\",\"potentialAction\":[{\"@type\":\"SearchAction\",\"target\":{\"@type\":\"EntryPoint\",\"urlTemplate\":\"https:\/\/www.ull.es\/portal\/noticias\/?s={search_term_string}\"},\"query-input\":\"required name=search_term_string\"}],\"inLanguage\":\"es\"},{\"@type\":\"Person\",\"@id\":\"https:\/\/www.ull.es\/portal\/noticias\/#\/schema\/person\/c3b2aa857797592927a03740d6664376\",\"name\":\"prensa2\",\"image\":{\"@type\":\"ImageObject\",\"inLanguage\":\"es\",\"@id\":\"https:\/\/www.ull.es\/portal\/noticias\/#\/schema\/person\/image\/\",\"url\":\"https:\/\/secure.gravatar.com\/avatar\/b58f310a5de5feb33d1e026d2493f23c?s=96&d=mm&r=g\",\"contentUrl\":\"https:\/\/secure.gravatar.com\/avatar\/b58f310a5de5feb33d1e026d2493f23c?s=96&d=mm&r=g\",\"caption\":\"prensa2\"},\"url\":\"https:\/\/www.ull.es\/portal\/noticias\/author\/prensa2\/\"}]}<\/script>\n<!-- \/ Yoast SEO plugin. -->","yoast_head_json":{"title":"El Consejo Social de la ULL da su visto bueno al M\u00e1ster Oficial en Formaci\u00f3n y Habilitaci\u00f3n del Profesorado - ULL - Noticias","robots":{"index":"index","follow":"follow","max-snippet":"max-snippet:-1","max-image-preview":"max-image-preview:large","max-video-preview":"max-video-preview:-1"},"canonical":"https:\/\/www.ull.es\/portal\/noticias\/2009\/el-consejo-social-de-la-ull-da-su-visto-bueno-al-master-oficial-en-formacion-y-habilitacion-del-profesorado\/","og_locale":"es_ES","og_type":"article","og_title":"El Consejo Social de la ULL da su visto bueno al M\u00e1ster Oficial en Formaci\u00f3n y Habilitaci\u00f3n del Profesorado - ULL - Noticias","og_description":"El Consejo Social de la Universidad de La Laguna celebr&oacute; ayer 30 de septiembre una sesi&oacute;n ordinaria en la sala...","og_url":"https:\/\/www.ull.es\/portal\/noticias\/2009\/el-consejo-social-de-la-ull-da-su-visto-bueno-al-master-oficial-en-formacion-y-habilitacion-del-profesorado\/","og_site_name":"ULL - Noticias","article_publisher":"https:\/\/www.facebook.com\/universidaddelalaguna\/","article_published_time":"2009-10-01T00:00:00+00:00","og_image":[{"width":1200,"height":630,"url":"https:\/\/www.ull.es\/portal\/noticias\/wp-content\/uploads\/sites\/13\/2023\/06\/logo-redimensionado.png","type":"image\/png"}],"author":"prensa2","twitter_card":"summary_large_image","twitter_creator":"@CanalULL","twitter_site":"@CanalULL","twitter_misc":{"Escrito por":"prensa2","Tiempo de lectura":"4 minutos"},"schema":{"@context":"https:\/\/schema.org","@graph":[{"@type":"WebPage","@id":"https:\/\/www.ull.es\/portal\/noticias\/2009\/el-consejo-social-de-la-ull-da-su-visto-bueno-al-master-oficial-en-formacion-y-habilitacion-del-profesorado\/","url":"https:\/\/www.ull.es\/portal\/noticias\/2009\/el-consejo-social-de-la-ull-da-su-visto-bueno-al-master-oficial-en-formacion-y-habilitacion-del-profesorado\/","name":"El Consejo Social de la ULL da su visto bueno al M\u00e1ster Oficial en Formaci\u00f3n y Habilitaci\u00f3n del Profesorado - ULL - Noticias","isPartOf":{"@id":"https:\/\/www.ull.es\/portal\/noticias\/#website"},"datePublished":"2009-10-01T00:00:00+00:00","dateModified":"2009-10-01T00:00:00+00:00","author":{"@id":"https:\/\/www.ull.es\/portal\/noticias\/#\/schema\/person\/c3b2aa857797592927a03740d6664376"},"breadcrumb":{"@id":"https:\/\/www.ull.es\/portal\/noticias\/2009\/el-consejo-social-de-la-ull-da-su-visto-bueno-al-master-oficial-en-formacion-y-habilitacion-del-profesorado\/#breadcrumb"},"inLanguage":"es","potentialAction":[{"@type":"ReadAction","target":["https:\/\/www.ull.es\/portal\/noticias\/2009\/el-consejo-social-de-la-ull-da-su-visto-bueno-al-master-oficial-en-formacion-y-habilitacion-del-profesorado\/"]}]},{"@type":"BreadcrumbList","@id":"https:\/\/www.ull.es\/portal\/noticias\/2009\/el-consejo-social-de-la-ull-da-su-visto-bueno-al-master-oficial-en-formacion-y-habilitacion-del-profesorado\/#breadcrumb","itemListElement":[{"@type":"ListItem","position":1,"name":"Portada","item":"https:\/\/www.ull.es\/portal\/noticias\/"},{"@type":"ListItem","position":2,"name":"El Consejo Social de la ULL da su visto bueno al M\u00e1ster Oficial en Formaci\u00f3n y Habilitaci\u00f3n del Profesorado"}]},{"@type":"WebSite","@id":"https:\/\/www.ull.es\/portal\/noticias\/#website","url":"https:\/\/www.ull.es\/portal\/noticias\/","name":"ULL - Noticias","description":"","potentialAction":[{"@type":"SearchAction","target":{"@type":"EntryPoint","urlTemplate":"https:\/\/www.ull.es\/portal\/noticias\/?s={search_term_string}"},"query-input":"required name=search_term_string"}],"inLanguage":"es"},{"@type":"Person","@id":"https:\/\/www.ull.es\/portal\/noticias\/#\/schema\/person\/c3b2aa857797592927a03740d6664376","name":"prensa2","image":{"@type":"ImageObject","inLanguage":"es","@id":"https:\/\/www.ull.es\/portal\/noticias\/#\/schema\/person\/image\/","url":"https:\/\/secure.gravatar.com\/avatar\/b58f310a5de5feb33d1e026d2493f23c?s=96&d=mm&r=g","contentUrl":"https:\/\/secure.gravatar.com\/avatar\/b58f310a5de5feb33d1e026d2493f23c?s=96&d=mm&r=g","caption":"prensa2"},"url":"https:\/\/www.ull.es\/portal\/noticias\/author\/prensa2\/"}]}},"primary_category":null,"featured_image_thumbnail_url":null,"_links":{"self":[{"href":"https:\/\/www.ull.es\/portal\/noticias\/wp-json\/wp\/v2\/posts\/16869"}],"collection":[{"href":"https:\/\/www.ull.es\/portal\/noticias\/wp-json\/wp\/v2\/posts"}],"about":[{"href":"https:\/\/www.ull.es\/portal\/noticias\/wp-json\/wp\/v2\/types\/post"}],"author":[{"embeddable":true,"href":"https:\/\/www.ull.es\/portal\/noticias\/wp-json\/wp\/v2\/users\/21"}],"replies":[{"embeddable":true,"href":"https:\/\/www.ull.es\/portal\/noticias\/wp-json\/wp\/v2\/comments?post=16869"}],"version-history":[{"count":0,"href":"https:\/\/www.ull.es\/portal\/noticias\/wp-json\/wp\/v2\/posts\/16869\/revisions"}],"wp:attachment":[{"href":"https:\/\/www.ull.es\/portal\/noticias\/wp-json\/wp\/v2\/media?parent=16869"}],"wp:term":[{"taxonomy":"category","embeddable":true,"href":"https:\/\/www.ull.es\/portal\/noticias\/wp-json\/wp\/v2\/categories?post=16869"},{"taxonomy":"post_tag","embeddable":true,"href":"https:\/\/www.ull.es\/portal\/noticias\/wp-json\/wp\/v2\/tags?post=16869"}],"curies":[{"name":"wp","href":"https:\/\/api.w.org\/{rel}","templated":true}]}}