{"id":16885,"date":"2010-02-24T00:00:00","date_gmt":"2010-02-24T00:00:00","guid":{"rendered":"http:\/\/ddigital.webs.ull.es\/el-consejo-de-gobierno-de-la-ull-aprueba-los-criterios-de-promocion-a-catedra-de-este-ano\/"},"modified":"2010-02-24T00:00:00","modified_gmt":"2010-02-24T00:00:00","slug":"el-consejo-de-gobierno-de-la-ull-aprueba-los-criterios-de-promocion-a-catedra-de-este-ano","status":"publish","type":"post","link":"https:\/\/www.ull.es\/portal\/noticias\/2010\/el-consejo-de-gobierno-de-la-ull-aprueba-los-criterios-de-promocion-a-catedra-de-este-ano\/","title":{"rendered":"El Consejo de Gobierno de la ULL aprueba los criterios de promoci\u00f3n a c\u00e1tedra de este a\u00f1o"},"content":{"rendered":"<p><p>&nbsp;<\/p>\n<\/p>\n<p>El Consejo de Gobierno de la Universidad de La Laguna acord&oacute; hoy mi&eacute;rcoles 24 de febrero el establecimiento del n&uacute;mero de plazas de promoci&oacute;n al cuerpo de catedr&aacute;ticos de universidad del centro acad&eacute;mico. As&iacute;, la vicerrectora de Profesorado, Dolores Sosa, present&oacute; ante el &oacute;rgano colegiado esta propuesta, que qued&oacute; fijada en una docena de plazas.<\/p>\n<p><p>&nbsp;<\/p>\n<\/p>\n<p>Esta cantidad se ha estipulado atendiendo a la disponibilidad presupuestaria, y en funci&oacute;n del n&uacute;mero de profesores acreditados y de las necesidades de la plantilla docente. La responsable coment&oacute; que la convocatoria se abrir&aacute; en mayo y ser&aacute; en ese momento cuando se sepa el n&uacute;mero de solicitudes por &aacute;reas y se presente ante este &oacute;rgano la oferta que se ha generado dentro de la instituci&oacute;n para estas plazas.<\/p>\n<p>La propuesta fue aprobada por un total de 25 votos a favor y 11 abstenciones, frente a otra proposici&oacute;n alternativa que solicitaba la inclusi&oacute;n de un total de 20 plazas, y que obtuvo 4 votos a favor, por lo que se opt&oacute; por la primera.<\/p>\n<p>El Consejo de Gobierno tambi&eacute;n abord&oacute; en la sesi&oacute;n de esta ma&ntilde;ana, celebrada en la sala de juntas de la Facultad de Derecho, la solicitud de inclusi&oacute;n de la Universidad de La Laguna en el Cluster del Turismo de Canarias. Esta iniciativa ha sido promovida por un grupo de empresarios y con la participaci&oacute;n de las universidades, a trav&eacute;s de una fundaci&oacute;n con la que se pretende impulsar un nuevo modelo de actividad tur&iacute;stica, y en el que la esta universidad actuar&aacute; como patrono fundador. La propuesta, aprobada por 41 votos a favor y uno en contra, pasar&aacute; ahora al Consejo Social para su ratificaci&oacute;n definitiva.<\/p>\n<p>Por otro lado, el &oacute;rgano de gobierno conoci&oacute; el nombramiento de Olivier Bello Garc&iacute;a como nuevo representante del personal de administraci&oacute;n y servicios del Consejo de Gobierno en el Consejo Social.<\/p>\n<p>Asimismo, qued&oacute; pendiente para una pr&oacute;xima reuni&oacute;n el informe del vicerrector de Ordenaci&oacute;n Acad&eacute;mica, Jos&eacute; Mar&iacute;a Palaz&oacute;n, acerca de los criterios de priorizaci&oacute;n de nuevos estudios de grado, ya que se consider&oacute; m&aacute;s pertinente dejar un margen de tiempo a los miembros de este &oacute;rgano para su estudio y consideraci&oacute;n.<\/p>\n<p>&nbsp;<\/p>\n","protected":false},"excerpt":{"rendered":"<p>&nbsp; El Consejo de Gobierno de la Universidad de La Laguna acord&oacute; hoy mi&eacute;rcoles 24 de febrero el establecimiento del&#8230;<\/p>\n","protected":false},"author":21,"featured_media":0,"comment_status":"open","ping_status":"open","sticky":false,"template":"","format":"standard","meta":{"inline_featured_image":false,"footnotes":""},"categories":[347],"tags":[],"acf":[],"yoast_head":"<!-- This site is optimized with the Yoast SEO plugin v21.3 - https:\/\/yoast.com\/wordpress\/plugins\/seo\/ -->\n<title>El Consejo de Gobierno de la ULL aprueba los criterios de promoci\u00f3n a c\u00e1tedra de este a\u00f1o - ULL - Noticias<\/title>\n<meta name=\"robots\" content=\"index, follow, max-snippet:-1, max-image-preview:large, max-video-preview:-1\" \/>\n<link rel=\"canonical\" href=\"https:\/\/www.ull.es\/portal\/noticias\/2010\/el-consejo-de-gobierno-de-la-ull-aprueba-los-criterios-de-promocion-a-catedra-de-este-ano\/\" \/>\n<meta property=\"og:locale\" content=\"es_ES\" \/>\n<meta property=\"og:type\" content=\"article\" \/>\n<meta property=\"og:title\" content=\"El Consejo de Gobierno de la ULL aprueba los criterios de promoci\u00f3n a c\u00e1tedra de este a\u00f1o - ULL - Noticias\" \/>\n<meta property=\"og:description\" content=\"&nbsp; El Consejo de Gobierno de la Universidad de La Laguna acord&oacute; hoy mi&eacute;rcoles 24 de febrero el establecimiento del...\" \/>\n<meta property=\"og:url\" content=\"https:\/\/www.ull.es\/portal\/noticias\/2010\/el-consejo-de-gobierno-de-la-ull-aprueba-los-criterios-de-promocion-a-catedra-de-este-ano\/\" \/>\n<meta property=\"og:site_name\" content=\"ULL - Noticias\" \/>\n<meta property=\"article:publisher\" content=\"https:\/\/www.facebook.com\/universidaddelalaguna\/\" \/>\n<meta property=\"article:published_time\" content=\"2010-02-24T00:00:00+00:00\" \/>\n<meta property=\"og:image\" content=\"https:\/\/www.ull.es\/portal\/noticias\/wp-content\/uploads\/sites\/13\/2023\/06\/logo-redimensionado.png\" \/>\n\t<meta property=\"og:image:width\" content=\"1200\" \/>\n\t<meta property=\"og:image:height\" content=\"630\" \/>\n\t<meta property=\"og:image:type\" content=\"image\/png\" \/>\n<meta name=\"author\" content=\"prensa2\" \/>\n<meta name=\"twitter:card\" content=\"summary_large_image\" \/>\n<meta name=\"twitter:creator\" content=\"@CanalULL\" \/>\n<meta name=\"twitter:site\" content=\"@CanalULL\" \/>\n<meta name=\"twitter:label1\" content=\"Escrito por\" \/>\n\t<meta name=\"twitter:data1\" content=\"prensa2\" \/>\n\t<meta name=\"twitter:label2\" content=\"Tiempo de lectura\" \/>\n\t<meta name=\"twitter:data2\" content=\"2 minutos\" \/>\n<script type=\"application\/ld+json\" class=\"yoast-schema-graph\">{\"@context\":\"https:\/\/schema.org\",\"@graph\":[{\"@type\":\"WebPage\",\"@id\":\"https:\/\/www.ull.es\/portal\/noticias\/2010\/el-consejo-de-gobierno-de-la-ull-aprueba-los-criterios-de-promocion-a-catedra-de-este-ano\/\",\"url\":\"https:\/\/www.ull.es\/portal\/noticias\/2010\/el-consejo-de-gobierno-de-la-ull-aprueba-los-criterios-de-promocion-a-catedra-de-este-ano\/\",\"name\":\"El Consejo de Gobierno de la ULL aprueba los criterios de promoci\u00f3n a c\u00e1tedra de este a\u00f1o - ULL - Noticias\",\"isPartOf\":{\"@id\":\"https:\/\/www.ull.es\/portal\/noticias\/#website\"},\"datePublished\":\"2010-02-24T00:00:00+00:00\",\"dateModified\":\"2010-02-24T00:00:00+00:00\",\"author\":{\"@id\":\"https:\/\/www.ull.es\/portal\/noticias\/#\/schema\/person\/c3b2aa857797592927a03740d6664376\"},\"breadcrumb\":{\"@id\":\"https:\/\/www.ull.es\/portal\/noticias\/2010\/el-consejo-de-gobierno-de-la-ull-aprueba-los-criterios-de-promocion-a-catedra-de-este-ano\/#breadcrumb\"},\"inLanguage\":\"es\",\"potentialAction\":[{\"@type\":\"ReadAction\",\"target\":[\"https:\/\/www.ull.es\/portal\/noticias\/2010\/el-consejo-de-gobierno-de-la-ull-aprueba-los-criterios-de-promocion-a-catedra-de-este-ano\/\"]}]},{\"@type\":\"BreadcrumbList\",\"@id\":\"https:\/\/www.ull.es\/portal\/noticias\/2010\/el-consejo-de-gobierno-de-la-ull-aprueba-los-criterios-de-promocion-a-catedra-de-este-ano\/#breadcrumb\",\"itemListElement\":[{\"@type\":\"ListItem\",\"position\":1,\"name\":\"Portada\",\"item\":\"https:\/\/www.ull.es\/portal\/noticias\/\"},{\"@type\":\"ListItem\",\"position\":2,\"name\":\"El Consejo de Gobierno de la ULL aprueba los criterios de promoci\u00f3n a c\u00e1tedra de este a\u00f1o\"}]},{\"@type\":\"WebSite\",\"@id\":\"https:\/\/www.ull.es\/portal\/noticias\/#website\",\"url\":\"https:\/\/www.ull.es\/portal\/noticias\/\",\"name\":\"ULL - Noticias\",\"description\":\"\",\"potentialAction\":[{\"@type\":\"SearchAction\",\"target\":{\"@type\":\"EntryPoint\",\"urlTemplate\":\"https:\/\/www.ull.es\/portal\/noticias\/?s={search_term_string}\"},\"query-input\":\"required name=search_term_string\"}],\"inLanguage\":\"es\"},{\"@type\":\"Person\",\"@id\":\"https:\/\/www.ull.es\/portal\/noticias\/#\/schema\/person\/c3b2aa857797592927a03740d6664376\",\"name\":\"prensa2\",\"image\":{\"@type\":\"ImageObject\",\"inLanguage\":\"es\",\"@id\":\"https:\/\/www.ull.es\/portal\/noticias\/#\/schema\/person\/image\/\",\"url\":\"https:\/\/secure.gravatar.com\/avatar\/b58f310a5de5feb33d1e026d2493f23c?s=96&d=mm&r=g\",\"contentUrl\":\"https:\/\/secure.gravatar.com\/avatar\/b58f310a5de5feb33d1e026d2493f23c?s=96&d=mm&r=g\",\"caption\":\"prensa2\"},\"url\":\"https:\/\/www.ull.es\/portal\/noticias\/author\/prensa2\/\"}]}<\/script>\n<!-- \/ Yoast SEO plugin. -->","yoast_head_json":{"title":"El Consejo de Gobierno de la ULL aprueba los criterios de promoci\u00f3n a c\u00e1tedra de este a\u00f1o - ULL - Noticias","robots":{"index":"index","follow":"follow","max-snippet":"max-snippet:-1","max-image-preview":"max-image-preview:large","max-video-preview":"max-video-preview:-1"},"canonical":"https:\/\/www.ull.es\/portal\/noticias\/2010\/el-consejo-de-gobierno-de-la-ull-aprueba-los-criterios-de-promocion-a-catedra-de-este-ano\/","og_locale":"es_ES","og_type":"article","og_title":"El Consejo de Gobierno de la ULL aprueba los criterios de promoci\u00f3n a c\u00e1tedra de este a\u00f1o - ULL - Noticias","og_description":"&nbsp; El Consejo de Gobierno de la Universidad de La Laguna acord&oacute; hoy mi&eacute;rcoles 24 de febrero el establecimiento del...","og_url":"https:\/\/www.ull.es\/portal\/noticias\/2010\/el-consejo-de-gobierno-de-la-ull-aprueba-los-criterios-de-promocion-a-catedra-de-este-ano\/","og_site_name":"ULL - Noticias","article_publisher":"https:\/\/www.facebook.com\/universidaddelalaguna\/","article_published_time":"2010-02-24T00:00:00+00:00","og_image":[{"width":1200,"height":630,"url":"https:\/\/www.ull.es\/portal\/noticias\/wp-content\/uploads\/sites\/13\/2023\/06\/logo-redimensionado.png","type":"image\/png"}],"author":"prensa2","twitter_card":"summary_large_image","twitter_creator":"@CanalULL","twitter_site":"@CanalULL","twitter_misc":{"Escrito por":"prensa2","Tiempo de lectura":"2 minutos"},"schema":{"@context":"https:\/\/schema.org","@graph":[{"@type":"WebPage","@id":"https:\/\/www.ull.es\/portal\/noticias\/2010\/el-consejo-de-gobierno-de-la-ull-aprueba-los-criterios-de-promocion-a-catedra-de-este-ano\/","url":"https:\/\/www.ull.es\/portal\/noticias\/2010\/el-consejo-de-gobierno-de-la-ull-aprueba-los-criterios-de-promocion-a-catedra-de-este-ano\/","name":"El Consejo de Gobierno de la ULL aprueba los criterios de promoci\u00f3n a c\u00e1tedra de este a\u00f1o - ULL - Noticias","isPartOf":{"@id":"https:\/\/www.ull.es\/portal\/noticias\/#website"},"datePublished":"2010-02-24T00:00:00+00:00","dateModified":"2010-02-24T00:00:00+00:00","author":{"@id":"https:\/\/www.ull.es\/portal\/noticias\/#\/schema\/person\/c3b2aa857797592927a03740d6664376"},"breadcrumb":{"@id":"https:\/\/www.ull.es\/portal\/noticias\/2010\/el-consejo-de-gobierno-de-la-ull-aprueba-los-criterios-de-promocion-a-catedra-de-este-ano\/#breadcrumb"},"inLanguage":"es","potentialAction":[{"@type":"ReadAction","target":["https:\/\/www.ull.es\/portal\/noticias\/2010\/el-consejo-de-gobierno-de-la-ull-aprueba-los-criterios-de-promocion-a-catedra-de-este-ano\/"]}]},{"@type":"BreadcrumbList","@id":"https:\/\/www.ull.es\/portal\/noticias\/2010\/el-consejo-de-gobierno-de-la-ull-aprueba-los-criterios-de-promocion-a-catedra-de-este-ano\/#breadcrumb","itemListElement":[{"@type":"ListItem","position":1,"name":"Portada","item":"https:\/\/www.ull.es\/portal\/noticias\/"},{"@type":"ListItem","position":2,"name":"El Consejo de Gobierno de la ULL aprueba los criterios de promoci\u00f3n a c\u00e1tedra de este a\u00f1o"}]},{"@type":"WebSite","@id":"https:\/\/www.ull.es\/portal\/noticias\/#website","url":"https:\/\/www.ull.es\/portal\/noticias\/","name":"ULL - Noticias","description":"","potentialAction":[{"@type":"SearchAction","target":{"@type":"EntryPoint","urlTemplate":"https:\/\/www.ull.es\/portal\/noticias\/?s={search_term_string}"},"query-input":"required name=search_term_string"}],"inLanguage":"es"},{"@type":"Person","@id":"https:\/\/www.ull.es\/portal\/noticias\/#\/schema\/person\/c3b2aa857797592927a03740d6664376","name":"prensa2","image":{"@type":"ImageObject","inLanguage":"es","@id":"https:\/\/www.ull.es\/portal\/noticias\/#\/schema\/person\/image\/","url":"https:\/\/secure.gravatar.com\/avatar\/b58f310a5de5feb33d1e026d2493f23c?s=96&d=mm&r=g","contentUrl":"https:\/\/secure.gravatar.com\/avatar\/b58f310a5de5feb33d1e026d2493f23c?s=96&d=mm&r=g","caption":"prensa2"},"url":"https:\/\/www.ull.es\/portal\/noticias\/author\/prensa2\/"}]}},"primary_category":null,"featured_image_thumbnail_url":null,"_links":{"self":[{"href":"https:\/\/www.ull.es\/portal\/noticias\/wp-json\/wp\/v2\/posts\/16885"}],"collection":[{"href":"https:\/\/www.ull.es\/portal\/noticias\/wp-json\/wp\/v2\/posts"}],"about":[{"href":"https:\/\/www.ull.es\/portal\/noticias\/wp-json\/wp\/v2\/types\/post"}],"author":[{"embeddable":true,"href":"https:\/\/www.ull.es\/portal\/noticias\/wp-json\/wp\/v2\/users\/21"}],"replies":[{"embeddable":true,"href":"https:\/\/www.ull.es\/portal\/noticias\/wp-json\/wp\/v2\/comments?post=16885"}],"version-history":[{"count":0,"href":"https:\/\/www.ull.es\/portal\/noticias\/wp-json\/wp\/v2\/posts\/16885\/revisions"}],"wp:attachment":[{"href":"https:\/\/www.ull.es\/portal\/noticias\/wp-json\/wp\/v2\/media?parent=16885"}],"wp:term":[{"taxonomy":"category","embeddable":true,"href":"https:\/\/www.ull.es\/portal\/noticias\/wp-json\/wp\/v2\/categories?post=16885"},{"taxonomy":"post_tag","embeddable":true,"href":"https:\/\/www.ull.es\/portal\/noticias\/wp-json\/wp\/v2\/tags?post=16885"}],"curies":[{"name":"wp","href":"https:\/\/api.w.org\/{rel}","templated":true}]}}