{"id":16887,"date":"2010-03-25T00:00:00","date_gmt":"2010-03-25T00:00:00","guid":{"rendered":"http:\/\/ddigital.webs.ull.es\/la-ull-aprueba-su-reglamento-sobre-reconocimiento-adaptacion-y-transferencia-de-creditos-academicos\/"},"modified":"2010-03-25T00:00:00","modified_gmt":"2010-03-25T00:00:00","slug":"la-ull-aprueba-su-reglamento-sobre-reconocimiento-adaptacion-y-transferencia-de-creditos-academicos","status":"publish","type":"post","link":"https:\/\/www.ull.es\/portal\/noticias\/2010\/la-ull-aprueba-su-reglamento-sobre-reconocimiento-adaptacion-y-transferencia-de-creditos-academicos\/","title":{"rendered":"La ULL aprueba su reglamento sobre reconocimiento, adaptaci\u00f3n y transferencia de cr\u00e9ditos acad\u00e9micos"},"content":{"rendered":"<p>El Consejo de Gobierno de la Universidad de La Laguna aprob&oacute; en su &uacute;ltima sesi&oacute;n, celebrada ayer, por 32 votos a favor, ninguno en contra y una abstenci&oacute;n, su reglamento para el reconocimiento, adaptaci&oacute;n y transferencia de cr&eacute;ditos. Con este documento se da respuesta a un punto del Real Decreto 1393\/2007 que regula la nueva estructura de los estudios superiores para adaptarlos a la Convergencia Europea, en el cual se estipulaba que las universidades deb&iacute;an elaborar una normativa para determinar de qu&eacute; manera se reconocer&aacute; el trabajo realizado por los alumnos en otros centros docentes.<\/p>\n<p>Uno de los objetivos del Espacio Europeo de Educaci&oacute;n Superior es promover la movilidad de los estudiantes entre las diferentes universidades europeas, de modo que sea factible comenzar una titulaci&oacute;n en un centro determinado y finalizarla en otro pa&iacute;s de la UE diferente. Para ello, es imprescindible que los cr&eacute;ditos cursados por cada persona puedan ser reconocidos f&aacute;cilmente por la nueva instituci&oacute;n de destino, raz&oacute;n por la cual se ha elaborado esta normativa.<\/p>\n<p> Existen tres posibilidades para que la ULL tenga en cuenta los cr&eacute;ditos cursados por un alumno en otras instituciones europeas: el reconocimiento, la transferencia y la adaptaci&oacute;n. Cada una de ellas posee sus plazos, documentaci&oacute;n y reglas espec&iacute;ficas de solicitud y tramitaci&oacute;n, que est&aacute;n perfectamente detalladas en el reglamento.<\/p>\n<p> De este modo, el reconocimiento supone la aceptaci&oacute;n de los cr&eacute;ditos obtenidos en unas ense&ntilde;anzas oficiales de la propia ULL, otra universidad, ciclos formativos de grado superior, actividades acad&eacute;micas o la experiencia laboral, para que engrosen en el c&oacute;mputo necesario para obtener un t&iacute;tulo oficial de la instituci&oacute;n acad&eacute;mica tinerfe&ntilde;a.<\/p>\n<p> La transferencia de cr&eacute;ditos se define como la anotaci&oacute;n de los documentos acad&eacute;micos oficiales de la ULL que acrediten las ense&ntilde;anzas seguidas por cada estudiante de todos los cr&eacute;ditos obtenidos en ense&ntilde;anzas oficiales cursadas con anterioridad, que no hayan sido objeto de reconocimiento ni hayan conducido a la obtenci&oacute;n de un t&iacute;tulo oficial.<\/p>\n<p> Finalmente, la adaptaci&oacute;n es un proceso mediante el cual las asignaturas cursadas y superadas en el plan antiguo de un estudio de la ULL se hacen corresponder con las que conforman el nuevo plan, siguiendo la regulaci&oacute;n del Real Decreto 1393\/2007.<\/p>\n<p> El reglamento establece que en cada facultad y escuela de la ULL existir&aacute;n dos &oacute;rganos competentes para tramitar los tres procesos recogidos en el reglamento: la Comisi&oacute;n T&eacute;cnica de Reconocimiento de Cr&eacute;ditos de Grado, y otra similar para el reconocimiento de los cr&eacute;ditos de M&aacute;ster. Cada una de ellas estar&aacute; conformada por el decano o director correspondiente, el secretario, y cuatro vocales.<\/p>\n","protected":false},"excerpt":{"rendered":"<p>El Consejo de Gobierno de la Universidad de La Laguna aprob&oacute; en su &uacute;ltima sesi&oacute;n, celebrada ayer, por 32 votos&#8230;<\/p>\n","protected":false},"author":21,"featured_media":0,"comment_status":"open","ping_status":"open","sticky":false,"template":"","format":"standard","meta":{"inline_featured_image":false,"footnotes":""},"categories":[347],"tags":[],"acf":[],"yoast_head":"<!-- This site is optimized with the Yoast SEO plugin v21.3 - https:\/\/yoast.com\/wordpress\/plugins\/seo\/ -->\n<title>La ULL aprueba su reglamento sobre reconocimiento, adaptaci\u00f3n y transferencia de cr\u00e9ditos acad\u00e9micos - ULL - Noticias<\/title>\n<meta name=\"robots\" content=\"index, follow, max-snippet:-1, max-image-preview:large, max-video-preview:-1\" \/>\n<link rel=\"canonical\" href=\"https:\/\/www.ull.es\/portal\/noticias\/2010\/la-ull-aprueba-su-reglamento-sobre-reconocimiento-adaptacion-y-transferencia-de-creditos-academicos\/\" \/>\n<meta property=\"og:locale\" content=\"es_ES\" \/>\n<meta property=\"og:type\" content=\"article\" \/>\n<meta property=\"og:title\" content=\"La ULL aprueba su reglamento sobre reconocimiento, adaptaci\u00f3n y transferencia de cr\u00e9ditos acad\u00e9micos - ULL - Noticias\" \/>\n<meta property=\"og:description\" content=\"El Consejo de Gobierno de la Universidad de La Laguna aprob&oacute; en su &uacute;ltima sesi&oacute;n, celebrada ayer, por 32 votos...\" \/>\n<meta property=\"og:url\" content=\"https:\/\/www.ull.es\/portal\/noticias\/2010\/la-ull-aprueba-su-reglamento-sobre-reconocimiento-adaptacion-y-transferencia-de-creditos-academicos\/\" \/>\n<meta property=\"og:site_name\" content=\"ULL - Noticias\" \/>\n<meta property=\"article:publisher\" content=\"https:\/\/www.facebook.com\/universidaddelalaguna\/\" \/>\n<meta property=\"article:published_time\" content=\"2010-03-25T00:00:00+00:00\" \/>\n<meta property=\"og:image\" content=\"https:\/\/www.ull.es\/portal\/noticias\/wp-content\/uploads\/sites\/13\/2023\/06\/logo-redimensionado.png\" \/>\n\t<meta property=\"og:image:width\" content=\"1200\" \/>\n\t<meta property=\"og:image:height\" content=\"630\" \/>\n\t<meta property=\"og:image:type\" content=\"image\/png\" \/>\n<meta name=\"author\" content=\"prensa2\" \/>\n<meta name=\"twitter:card\" content=\"summary_large_image\" \/>\n<meta name=\"twitter:creator\" content=\"@CanalULL\" \/>\n<meta name=\"twitter:site\" content=\"@CanalULL\" \/>\n<meta name=\"twitter:label1\" content=\"Escrito por\" \/>\n\t<meta name=\"twitter:data1\" content=\"prensa2\" \/>\n\t<meta name=\"twitter:label2\" content=\"Tiempo de lectura\" \/>\n\t<meta name=\"twitter:data2\" content=\"3 minutos\" \/>\n<script type=\"application\/ld+json\" class=\"yoast-schema-graph\">{\"@context\":\"https:\/\/schema.org\",\"@graph\":[{\"@type\":\"WebPage\",\"@id\":\"https:\/\/www.ull.es\/portal\/noticias\/2010\/la-ull-aprueba-su-reglamento-sobre-reconocimiento-adaptacion-y-transferencia-de-creditos-academicos\/\",\"url\":\"https:\/\/www.ull.es\/portal\/noticias\/2010\/la-ull-aprueba-su-reglamento-sobre-reconocimiento-adaptacion-y-transferencia-de-creditos-academicos\/\",\"name\":\"La ULL aprueba su reglamento sobre reconocimiento, adaptaci\u00f3n y transferencia de cr\u00e9ditos acad\u00e9micos - ULL - Noticias\",\"isPartOf\":{\"@id\":\"https:\/\/www.ull.es\/portal\/noticias\/#website\"},\"datePublished\":\"2010-03-25T00:00:00+00:00\",\"dateModified\":\"2010-03-25T00:00:00+00:00\",\"author\":{\"@id\":\"https:\/\/www.ull.es\/portal\/noticias\/#\/schema\/person\/c3b2aa857797592927a03740d6664376\"},\"breadcrumb\":{\"@id\":\"https:\/\/www.ull.es\/portal\/noticias\/2010\/la-ull-aprueba-su-reglamento-sobre-reconocimiento-adaptacion-y-transferencia-de-creditos-academicos\/#breadcrumb\"},\"inLanguage\":\"es\",\"potentialAction\":[{\"@type\":\"ReadAction\",\"target\":[\"https:\/\/www.ull.es\/portal\/noticias\/2010\/la-ull-aprueba-su-reglamento-sobre-reconocimiento-adaptacion-y-transferencia-de-creditos-academicos\/\"]}]},{\"@type\":\"BreadcrumbList\",\"@id\":\"https:\/\/www.ull.es\/portal\/noticias\/2010\/la-ull-aprueba-su-reglamento-sobre-reconocimiento-adaptacion-y-transferencia-de-creditos-academicos\/#breadcrumb\",\"itemListElement\":[{\"@type\":\"ListItem\",\"position\":1,\"name\":\"Portada\",\"item\":\"https:\/\/www.ull.es\/portal\/noticias\/\"},{\"@type\":\"ListItem\",\"position\":2,\"name\":\"La ULL aprueba su reglamento sobre reconocimiento, adaptaci\u00f3n y transferencia de cr\u00e9ditos acad\u00e9micos\"}]},{\"@type\":\"WebSite\",\"@id\":\"https:\/\/www.ull.es\/portal\/noticias\/#website\",\"url\":\"https:\/\/www.ull.es\/portal\/noticias\/\",\"name\":\"ULL - Noticias\",\"description\":\"\",\"potentialAction\":[{\"@type\":\"SearchAction\",\"target\":{\"@type\":\"EntryPoint\",\"urlTemplate\":\"https:\/\/www.ull.es\/portal\/noticias\/?s={search_term_string}\"},\"query-input\":\"required name=search_term_string\"}],\"inLanguage\":\"es\"},{\"@type\":\"Person\",\"@id\":\"https:\/\/www.ull.es\/portal\/noticias\/#\/schema\/person\/c3b2aa857797592927a03740d6664376\",\"name\":\"prensa2\",\"image\":{\"@type\":\"ImageObject\",\"inLanguage\":\"es\",\"@id\":\"https:\/\/www.ull.es\/portal\/noticias\/#\/schema\/person\/image\/\",\"url\":\"https:\/\/secure.gravatar.com\/avatar\/b58f310a5de5feb33d1e026d2493f23c?s=96&d=mm&r=g\",\"contentUrl\":\"https:\/\/secure.gravatar.com\/avatar\/b58f310a5de5feb33d1e026d2493f23c?s=96&d=mm&r=g\",\"caption\":\"prensa2\"},\"url\":\"https:\/\/www.ull.es\/portal\/noticias\/author\/prensa2\/\"}]}<\/script>\n<!-- \/ Yoast SEO plugin. -->","yoast_head_json":{"title":"La ULL aprueba su reglamento sobre reconocimiento, adaptaci\u00f3n y transferencia de cr\u00e9ditos acad\u00e9micos - ULL - Noticias","robots":{"index":"index","follow":"follow","max-snippet":"max-snippet:-1","max-image-preview":"max-image-preview:large","max-video-preview":"max-video-preview:-1"},"canonical":"https:\/\/www.ull.es\/portal\/noticias\/2010\/la-ull-aprueba-su-reglamento-sobre-reconocimiento-adaptacion-y-transferencia-de-creditos-academicos\/","og_locale":"es_ES","og_type":"article","og_title":"La ULL aprueba su reglamento sobre reconocimiento, adaptaci\u00f3n y transferencia de cr\u00e9ditos acad\u00e9micos - ULL - Noticias","og_description":"El Consejo de Gobierno de la Universidad de La Laguna aprob&oacute; en su &uacute;ltima sesi&oacute;n, celebrada ayer, por 32 votos...","og_url":"https:\/\/www.ull.es\/portal\/noticias\/2010\/la-ull-aprueba-su-reglamento-sobre-reconocimiento-adaptacion-y-transferencia-de-creditos-academicos\/","og_site_name":"ULL - Noticias","article_publisher":"https:\/\/www.facebook.com\/universidaddelalaguna\/","article_published_time":"2010-03-25T00:00:00+00:00","og_image":[{"width":1200,"height":630,"url":"https:\/\/www.ull.es\/portal\/noticias\/wp-content\/uploads\/sites\/13\/2023\/06\/logo-redimensionado.png","type":"image\/png"}],"author":"prensa2","twitter_card":"summary_large_image","twitter_creator":"@CanalULL","twitter_site":"@CanalULL","twitter_misc":{"Escrito por":"prensa2","Tiempo de lectura":"3 minutos"},"schema":{"@context":"https:\/\/schema.org","@graph":[{"@type":"WebPage","@id":"https:\/\/www.ull.es\/portal\/noticias\/2010\/la-ull-aprueba-su-reglamento-sobre-reconocimiento-adaptacion-y-transferencia-de-creditos-academicos\/","url":"https:\/\/www.ull.es\/portal\/noticias\/2010\/la-ull-aprueba-su-reglamento-sobre-reconocimiento-adaptacion-y-transferencia-de-creditos-academicos\/","name":"La ULL aprueba su reglamento sobre reconocimiento, adaptaci\u00f3n y transferencia de cr\u00e9ditos acad\u00e9micos - ULL - Noticias","isPartOf":{"@id":"https:\/\/www.ull.es\/portal\/noticias\/#website"},"datePublished":"2010-03-25T00:00:00+00:00","dateModified":"2010-03-25T00:00:00+00:00","author":{"@id":"https:\/\/www.ull.es\/portal\/noticias\/#\/schema\/person\/c3b2aa857797592927a03740d6664376"},"breadcrumb":{"@id":"https:\/\/www.ull.es\/portal\/noticias\/2010\/la-ull-aprueba-su-reglamento-sobre-reconocimiento-adaptacion-y-transferencia-de-creditos-academicos\/#breadcrumb"},"inLanguage":"es","potentialAction":[{"@type":"ReadAction","target":["https:\/\/www.ull.es\/portal\/noticias\/2010\/la-ull-aprueba-su-reglamento-sobre-reconocimiento-adaptacion-y-transferencia-de-creditos-academicos\/"]}]},{"@type":"BreadcrumbList","@id":"https:\/\/www.ull.es\/portal\/noticias\/2010\/la-ull-aprueba-su-reglamento-sobre-reconocimiento-adaptacion-y-transferencia-de-creditos-academicos\/#breadcrumb","itemListElement":[{"@type":"ListItem","position":1,"name":"Portada","item":"https:\/\/www.ull.es\/portal\/noticias\/"},{"@type":"ListItem","position":2,"name":"La ULL aprueba su reglamento sobre reconocimiento, adaptaci\u00f3n y transferencia de cr\u00e9ditos acad\u00e9micos"}]},{"@type":"WebSite","@id":"https:\/\/www.ull.es\/portal\/noticias\/#website","url":"https:\/\/www.ull.es\/portal\/noticias\/","name":"ULL - Noticias","description":"","potentialAction":[{"@type":"SearchAction","target":{"@type":"EntryPoint","urlTemplate":"https:\/\/www.ull.es\/portal\/noticias\/?s={search_term_string}"},"query-input":"required name=search_term_string"}],"inLanguage":"es"},{"@type":"Person","@id":"https:\/\/www.ull.es\/portal\/noticias\/#\/schema\/person\/c3b2aa857797592927a03740d6664376","name":"prensa2","image":{"@type":"ImageObject","inLanguage":"es","@id":"https:\/\/www.ull.es\/portal\/noticias\/#\/schema\/person\/image\/","url":"https:\/\/secure.gravatar.com\/avatar\/b58f310a5de5feb33d1e026d2493f23c?s=96&d=mm&r=g","contentUrl":"https:\/\/secure.gravatar.com\/avatar\/b58f310a5de5feb33d1e026d2493f23c?s=96&d=mm&r=g","caption":"prensa2"},"url":"https:\/\/www.ull.es\/portal\/noticias\/author\/prensa2\/"}]}},"primary_category":null,"featured_image_thumbnail_url":null,"_links":{"self":[{"href":"https:\/\/www.ull.es\/portal\/noticias\/wp-json\/wp\/v2\/posts\/16887"}],"collection":[{"href":"https:\/\/www.ull.es\/portal\/noticias\/wp-json\/wp\/v2\/posts"}],"about":[{"href":"https:\/\/www.ull.es\/portal\/noticias\/wp-json\/wp\/v2\/types\/post"}],"author":[{"embeddable":true,"href":"https:\/\/www.ull.es\/portal\/noticias\/wp-json\/wp\/v2\/users\/21"}],"replies":[{"embeddable":true,"href":"https:\/\/www.ull.es\/portal\/noticias\/wp-json\/wp\/v2\/comments?post=16887"}],"version-history":[{"count":0,"href":"https:\/\/www.ull.es\/portal\/noticias\/wp-json\/wp\/v2\/posts\/16887\/revisions"}],"wp:attachment":[{"href":"https:\/\/www.ull.es\/portal\/noticias\/wp-json\/wp\/v2\/media?parent=16887"}],"wp:term":[{"taxonomy":"category","embeddable":true,"href":"https:\/\/www.ull.es\/portal\/noticias\/wp-json\/wp\/v2\/categories?post=16887"},{"taxonomy":"post_tag","embeddable":true,"href":"https:\/\/www.ull.es\/portal\/noticias\/wp-json\/wp\/v2\/tags?post=16887"}],"curies":[{"name":"wp","href":"https:\/\/api.w.org\/{rel}","templated":true}]}}