{"id":16910,"date":"2010-04-29T13:58:27","date_gmt":"2010-04-29T13:58:27","guid":{"rendered":"http:\/\/ddigital.webs.ull.es\/la-segunda-sesion-de-proyecciones-cerrara-la-edicion-2010-de-la-muestra-de-cortos-de-la-ull\/"},"modified":"2010-04-29T13:58:27","modified_gmt":"2010-04-29T13:58:27","slug":"la-segunda-sesion-de-proyecciones-cerrara-la-edicion-2010-de-la-muestra-de-cortos-de-la-ull","status":"publish","type":"post","link":"https:\/\/www.ull.es\/portal\/noticias\/2010\/la-segunda-sesion-de-proyecciones-cerrara-la-edicion-2010-de-la-muestra-de-cortos-de-la-ull\/","title":{"rendered":"La segunda sesi\u00f3n de proyecciones cerrar\u00e1 la edici\u00f3n 2010 de la muestra de cortos de la ULL"},"content":{"rendered":"<p> \tLa Muestra Internacional de Cortometrajes de la Universidad de La Laguna (MIDEC 2010) finaliza ma&ntilde;ana, 30 de abril su edici&oacute;n 2010 con dos nuevas sesiones de cortos, a las 18.00 y a las 20.30 horas, en el Paraninfo de la instituci&oacute;n acad&eacute;mica, ubicado en el Edificio Central. La entrada es gratuita, previa recogida de invitaci&oacute;n en la taquilla del propio Paraninfo. El evento est&aacute; organizado por el Vicerrectorado de Relaciones Universidad y Sociedad de la ULL y cuenta con el apoyo organizativo de la productora Digital 104.<\/p>\n<p> \tLos dos bloques de esta segunda jornada seguir&aacute;n estando marcados por la variedad de los trabajos seleccionados. Podr&aacute; verse cine de animaci&oacute;n (Cabaret K&auml;dne), comedia (No se preocupe), thriller (Tras los visillos), cine hist&oacute;rico (La patrulla perdida), documental (Poeta en Nueva York) o cine con mensaje social (Metropolis Ferry).<\/p>\n<p> \tHabr&aacute; presencia canaria de la mano de Ar&oacute;n Bentrechtrit, director de Mellizas; de Alberto Rodr&iacute;guez, director de Las gafas equivocadas; del actor Aar&oacute;n G&oacute;mez Rosales, protagonista de 5 d&iacute;as de septiembre; y del director Mateo Gil, responsable de Di me que yo, m&aacute;ximo galard&oacute;n del certamen-<\/p>\n<p> \tDurante el transcurso de estas dos &uacute;ltimas sesiones de la MIDEC, se seguir&aacute;n dando a conocer las menciones concedidas a las distintas especialidades cinematogr&aacute;ficas &ndash;interpretaci&oacute;n, direcci&oacute;n, gui&oacute;n, fotograf&iacute;a y direcci&oacute;n art&iacute;stica-. Adem&aacute;s, el p&uacute;blico asistente a las proyecciones podr&aacute; votar por su cortometraje favorito participando en el Premio del P&uacute;blico, que se proclamar&aacute; al finalizar las proyecciones.<\/p>\n<p> \t&nbsp;<\/p>\n","protected":false},"excerpt":{"rendered":"<p>La Muestra Internacional de Cortometrajes de la Universidad de La Laguna (MIDEC 2010) finaliza ma&ntilde;ana, 30 de abril su edici&oacute;n&#8230;<\/p>\n","protected":false},"author":21,"featured_media":0,"comment_status":"open","ping_status":"open","sticky":false,"template":"","format":"standard","meta":{"inline_featured_image":false,"footnotes":""},"categories":[344],"tags":[],"acf":[],"yoast_head":"<!-- This site is optimized with the Yoast SEO plugin v21.3 - https:\/\/yoast.com\/wordpress\/plugins\/seo\/ -->\n<title>La segunda sesi\u00f3n de proyecciones cerrar\u00e1 la edici\u00f3n 2010 de la muestra de cortos de la ULL - ULL - Noticias<\/title>\n<meta name=\"robots\" content=\"index, follow, max-snippet:-1, max-image-preview:large, max-video-preview:-1\" \/>\n<link rel=\"canonical\" href=\"https:\/\/www.ull.es\/portal\/noticias\/2010\/la-segunda-sesion-de-proyecciones-cerrara-la-edicion-2010-de-la-muestra-de-cortos-de-la-ull\/\" \/>\n<meta property=\"og:locale\" content=\"es_ES\" \/>\n<meta property=\"og:type\" content=\"article\" \/>\n<meta property=\"og:title\" content=\"La segunda sesi\u00f3n de proyecciones cerrar\u00e1 la edici\u00f3n 2010 de la muestra de cortos de la ULL - ULL - Noticias\" \/>\n<meta property=\"og:description\" content=\"La Muestra Internacional de Cortometrajes de la Universidad de La Laguna (MIDEC 2010) finaliza ma&ntilde;ana, 30 de abril su edici&oacute;n...\" \/>\n<meta property=\"og:url\" content=\"https:\/\/www.ull.es\/portal\/noticias\/2010\/la-segunda-sesion-de-proyecciones-cerrara-la-edicion-2010-de-la-muestra-de-cortos-de-la-ull\/\" \/>\n<meta property=\"og:site_name\" content=\"ULL - Noticias\" \/>\n<meta property=\"article:publisher\" content=\"https:\/\/www.facebook.com\/universidaddelalaguna\/\" \/>\n<meta property=\"article:published_time\" content=\"2010-04-29T13:58:27+00:00\" \/>\n<meta property=\"og:image\" content=\"https:\/\/www.ull.es\/portal\/noticias\/wp-content\/uploads\/sites\/13\/2023\/06\/logo-redimensionado.png\" \/>\n\t<meta property=\"og:image:width\" content=\"1200\" \/>\n\t<meta property=\"og:image:height\" content=\"630\" \/>\n\t<meta property=\"og:image:type\" content=\"image\/png\" \/>\n<meta name=\"author\" content=\"prensa2\" \/>\n<meta name=\"twitter:card\" content=\"summary_large_image\" \/>\n<meta name=\"twitter:creator\" content=\"@CanalULL\" \/>\n<meta name=\"twitter:site\" content=\"@CanalULL\" \/>\n<meta name=\"twitter:label1\" content=\"Escrito por\" \/>\n\t<meta name=\"twitter:data1\" content=\"prensa2\" \/>\n\t<meta name=\"twitter:label2\" content=\"Tiempo de lectura\" \/>\n\t<meta name=\"twitter:data2\" content=\"1 minuto\" \/>\n<script type=\"application\/ld+json\" class=\"yoast-schema-graph\">{\"@context\":\"https:\/\/schema.org\",\"@graph\":[{\"@type\":\"WebPage\",\"@id\":\"https:\/\/www.ull.es\/portal\/noticias\/2010\/la-segunda-sesion-de-proyecciones-cerrara-la-edicion-2010-de-la-muestra-de-cortos-de-la-ull\/\",\"url\":\"https:\/\/www.ull.es\/portal\/noticias\/2010\/la-segunda-sesion-de-proyecciones-cerrara-la-edicion-2010-de-la-muestra-de-cortos-de-la-ull\/\",\"name\":\"La segunda sesi\u00f3n de proyecciones cerrar\u00e1 la edici\u00f3n 2010 de la muestra de cortos de la ULL - ULL - Noticias\",\"isPartOf\":{\"@id\":\"https:\/\/www.ull.es\/portal\/noticias\/#website\"},\"datePublished\":\"2010-04-29T13:58:27+00:00\",\"dateModified\":\"2010-04-29T13:58:27+00:00\",\"author\":{\"@id\":\"https:\/\/www.ull.es\/portal\/noticias\/#\/schema\/person\/c3b2aa857797592927a03740d6664376\"},\"breadcrumb\":{\"@id\":\"https:\/\/www.ull.es\/portal\/noticias\/2010\/la-segunda-sesion-de-proyecciones-cerrara-la-edicion-2010-de-la-muestra-de-cortos-de-la-ull\/#breadcrumb\"},\"inLanguage\":\"es\",\"potentialAction\":[{\"@type\":\"ReadAction\",\"target\":[\"https:\/\/www.ull.es\/portal\/noticias\/2010\/la-segunda-sesion-de-proyecciones-cerrara-la-edicion-2010-de-la-muestra-de-cortos-de-la-ull\/\"]}]},{\"@type\":\"BreadcrumbList\",\"@id\":\"https:\/\/www.ull.es\/portal\/noticias\/2010\/la-segunda-sesion-de-proyecciones-cerrara-la-edicion-2010-de-la-muestra-de-cortos-de-la-ull\/#breadcrumb\",\"itemListElement\":[{\"@type\":\"ListItem\",\"position\":1,\"name\":\"Portada\",\"item\":\"https:\/\/www.ull.es\/portal\/noticias\/\"},{\"@type\":\"ListItem\",\"position\":2,\"name\":\"La segunda sesi\u00f3n de proyecciones cerrar\u00e1 la edici\u00f3n 2010 de la muestra de cortos de la ULL\"}]},{\"@type\":\"WebSite\",\"@id\":\"https:\/\/www.ull.es\/portal\/noticias\/#website\",\"url\":\"https:\/\/www.ull.es\/portal\/noticias\/\",\"name\":\"ULL - Noticias\",\"description\":\"\",\"potentialAction\":[{\"@type\":\"SearchAction\",\"target\":{\"@type\":\"EntryPoint\",\"urlTemplate\":\"https:\/\/www.ull.es\/portal\/noticias\/?s={search_term_string}\"},\"query-input\":\"required name=search_term_string\"}],\"inLanguage\":\"es\"},{\"@type\":\"Person\",\"@id\":\"https:\/\/www.ull.es\/portal\/noticias\/#\/schema\/person\/c3b2aa857797592927a03740d6664376\",\"name\":\"prensa2\",\"image\":{\"@type\":\"ImageObject\",\"inLanguage\":\"es\",\"@id\":\"https:\/\/www.ull.es\/portal\/noticias\/#\/schema\/person\/image\/\",\"url\":\"https:\/\/secure.gravatar.com\/avatar\/b58f310a5de5feb33d1e026d2493f23c?s=96&d=mm&r=g\",\"contentUrl\":\"https:\/\/secure.gravatar.com\/avatar\/b58f310a5de5feb33d1e026d2493f23c?s=96&d=mm&r=g\",\"caption\":\"prensa2\"},\"url\":\"https:\/\/www.ull.es\/portal\/noticias\/author\/prensa2\/\"}]}<\/script>\n<!-- \/ Yoast SEO plugin. -->","yoast_head_json":{"title":"La segunda sesi\u00f3n de proyecciones cerrar\u00e1 la edici\u00f3n 2010 de la muestra de cortos de la ULL - ULL - Noticias","robots":{"index":"index","follow":"follow","max-snippet":"max-snippet:-1","max-image-preview":"max-image-preview:large","max-video-preview":"max-video-preview:-1"},"canonical":"https:\/\/www.ull.es\/portal\/noticias\/2010\/la-segunda-sesion-de-proyecciones-cerrara-la-edicion-2010-de-la-muestra-de-cortos-de-la-ull\/","og_locale":"es_ES","og_type":"article","og_title":"La segunda sesi\u00f3n de proyecciones cerrar\u00e1 la edici\u00f3n 2010 de la muestra de cortos de la ULL - ULL - Noticias","og_description":"La Muestra Internacional de Cortometrajes de la Universidad de La Laguna (MIDEC 2010) finaliza ma&ntilde;ana, 30 de abril su edici&oacute;n...","og_url":"https:\/\/www.ull.es\/portal\/noticias\/2010\/la-segunda-sesion-de-proyecciones-cerrara-la-edicion-2010-de-la-muestra-de-cortos-de-la-ull\/","og_site_name":"ULL - Noticias","article_publisher":"https:\/\/www.facebook.com\/universidaddelalaguna\/","article_published_time":"2010-04-29T13:58:27+00:00","og_image":[{"width":1200,"height":630,"url":"https:\/\/www.ull.es\/portal\/noticias\/wp-content\/uploads\/sites\/13\/2023\/06\/logo-redimensionado.png","type":"image\/png"}],"author":"prensa2","twitter_card":"summary_large_image","twitter_creator":"@CanalULL","twitter_site":"@CanalULL","twitter_misc":{"Escrito por":"prensa2","Tiempo de lectura":"1 minuto"},"schema":{"@context":"https:\/\/schema.org","@graph":[{"@type":"WebPage","@id":"https:\/\/www.ull.es\/portal\/noticias\/2010\/la-segunda-sesion-de-proyecciones-cerrara-la-edicion-2010-de-la-muestra-de-cortos-de-la-ull\/","url":"https:\/\/www.ull.es\/portal\/noticias\/2010\/la-segunda-sesion-de-proyecciones-cerrara-la-edicion-2010-de-la-muestra-de-cortos-de-la-ull\/","name":"La segunda sesi\u00f3n de proyecciones cerrar\u00e1 la edici\u00f3n 2010 de la muestra de cortos de la ULL - ULL - Noticias","isPartOf":{"@id":"https:\/\/www.ull.es\/portal\/noticias\/#website"},"datePublished":"2010-04-29T13:58:27+00:00","dateModified":"2010-04-29T13:58:27+00:00","author":{"@id":"https:\/\/www.ull.es\/portal\/noticias\/#\/schema\/person\/c3b2aa857797592927a03740d6664376"},"breadcrumb":{"@id":"https:\/\/www.ull.es\/portal\/noticias\/2010\/la-segunda-sesion-de-proyecciones-cerrara-la-edicion-2010-de-la-muestra-de-cortos-de-la-ull\/#breadcrumb"},"inLanguage":"es","potentialAction":[{"@type":"ReadAction","target":["https:\/\/www.ull.es\/portal\/noticias\/2010\/la-segunda-sesion-de-proyecciones-cerrara-la-edicion-2010-de-la-muestra-de-cortos-de-la-ull\/"]}]},{"@type":"BreadcrumbList","@id":"https:\/\/www.ull.es\/portal\/noticias\/2010\/la-segunda-sesion-de-proyecciones-cerrara-la-edicion-2010-de-la-muestra-de-cortos-de-la-ull\/#breadcrumb","itemListElement":[{"@type":"ListItem","position":1,"name":"Portada","item":"https:\/\/www.ull.es\/portal\/noticias\/"},{"@type":"ListItem","position":2,"name":"La segunda sesi\u00f3n de proyecciones cerrar\u00e1 la edici\u00f3n 2010 de la muestra de cortos de la ULL"}]},{"@type":"WebSite","@id":"https:\/\/www.ull.es\/portal\/noticias\/#website","url":"https:\/\/www.ull.es\/portal\/noticias\/","name":"ULL - Noticias","description":"","potentialAction":[{"@type":"SearchAction","target":{"@type":"EntryPoint","urlTemplate":"https:\/\/www.ull.es\/portal\/noticias\/?s={search_term_string}"},"query-input":"required name=search_term_string"}],"inLanguage":"es"},{"@type":"Person","@id":"https:\/\/www.ull.es\/portal\/noticias\/#\/schema\/person\/c3b2aa857797592927a03740d6664376","name":"prensa2","image":{"@type":"ImageObject","inLanguage":"es","@id":"https:\/\/www.ull.es\/portal\/noticias\/#\/schema\/person\/image\/","url":"https:\/\/secure.gravatar.com\/avatar\/b58f310a5de5feb33d1e026d2493f23c?s=96&d=mm&r=g","contentUrl":"https:\/\/secure.gravatar.com\/avatar\/b58f310a5de5feb33d1e026d2493f23c?s=96&d=mm&r=g","caption":"prensa2"},"url":"https:\/\/www.ull.es\/portal\/noticias\/author\/prensa2\/"}]}},"primary_category":null,"featured_image_thumbnail_url":null,"_links":{"self":[{"href":"https:\/\/www.ull.es\/portal\/noticias\/wp-json\/wp\/v2\/posts\/16910"}],"collection":[{"href":"https:\/\/www.ull.es\/portal\/noticias\/wp-json\/wp\/v2\/posts"}],"about":[{"href":"https:\/\/www.ull.es\/portal\/noticias\/wp-json\/wp\/v2\/types\/post"}],"author":[{"embeddable":true,"href":"https:\/\/www.ull.es\/portal\/noticias\/wp-json\/wp\/v2\/users\/21"}],"replies":[{"embeddable":true,"href":"https:\/\/www.ull.es\/portal\/noticias\/wp-json\/wp\/v2\/comments?post=16910"}],"version-history":[{"count":0,"href":"https:\/\/www.ull.es\/portal\/noticias\/wp-json\/wp\/v2\/posts\/16910\/revisions"}],"wp:attachment":[{"href":"https:\/\/www.ull.es\/portal\/noticias\/wp-json\/wp\/v2\/media?parent=16910"}],"wp:term":[{"taxonomy":"category","embeddable":true,"href":"https:\/\/www.ull.es\/portal\/noticias\/wp-json\/wp\/v2\/categories?post=16910"},{"taxonomy":"post_tag","embeddable":true,"href":"https:\/\/www.ull.es\/portal\/noticias\/wp-json\/wp\/v2\/tags?post=16910"}],"curies":[{"name":"wp","href":"https:\/\/api.w.org\/{rel}","templated":true}]}}