{"id":16920,"date":"2010-05-06T10:11:23","date_gmt":"2010-05-06T10:11:23","guid":{"rendered":"http:\/\/ddigital.webs.ull.es\/el-profesor-de-medicina-jose-nicolas-boada-impartira-el-viernes-su-ultima-leccion-tras-casi-50-anos-de-actividad\/"},"modified":"2010-05-06T10:11:23","modified_gmt":"2010-05-06T10:11:23","slug":"el-profesor-de-medicina-jose-nicolas-boada-impartira-el-viernes-su-ultima-leccion-tras-casi-50-anos-de-actividad","status":"publish","type":"post","link":"https:\/\/www.ull.es\/portal\/noticias\/2010\/el-profesor-de-medicina-jose-nicolas-boada-impartira-el-viernes-su-ultima-leccion-tras-casi-50-anos-de-actividad\/","title":{"rendered":"El profesor de Medicina Jos\u00e9 Nicol\u00e1s Boada impartir\u00e1 el viernes su \u00faltima lecci\u00f3n tras casi 50 a\u00f1os de actividad"},"content":{"rendered":"<p> \tEl pr&oacute;ximo viernes 7 de mayo a las 10 horas en el Aula 3 de la Facultad de Medicina de la Universidad de La Laguna, el doctor Jos&eacute; Nicol&aacute;s Boada Ju&aacute;rez impartir&aacute; su &uacute;ltima lecci&oacute;n magistral a los alumnos de tercer curso. Con esta aparici&oacute;n como docente, el profesor e investigador pondr&aacute; colof&oacute;n a casi cincuenta a&ntilde;os de labor universitaria.<\/p>\n<p> \tJos&eacute; Nicol&aacute;s Boada Ju&aacute;rez naci&oacute; en Ingenio (Gran Canaria) en el seno de una familia y un ambiente muy marcados por la medicina y la literatura, ya que su padre, Vicente Boada, cultiv&oacute; ambas con pasi&oacute;n. La familia se rode&oacute; de la intelectualidad canaria de la &eacute;poca, con Tom&aacute;s Morales a la cabeza, Fernando Gonz&aacute;lez, Saulo Tor&oacute;n, Federico Sarmiento, Juan Jim&eacute;nez o Manuel Sosa.<\/p>\n<p> \tTras concluir sus estudios de bachillerato en Las Palmas se traslad&oacute; a La Laguna a realizar el curso Selectivo de Ciencias. De all&iacute; pas&oacute; a Salamanca (1958) donde estudiar&iacute;a Medicina y tambi&eacute;n form&oacute; parte de la pe&ntilde;a literaria del Ateneo, que publicaba la revista &quot;&Aacute;lamo&quot;, que a&uacute;n contin&uacute;a viva. Tal revista fue un referente cultural de la &eacute;poca, con colaboraciones de Goytisolo, Garciasol, Aleixandre, etc. En esa y en la revista universitaria &ldquo;Mas&rdquo; publicar&iacute;a algunos de sus poemas, y particip&oacute; de manera reiterada en recitales celebrados en los m&aacute;s variados foros.<br \/> \tEn Salamanca fue alumno interno con el profesor Gandarias y comenz&oacute; su tesis doctoral de la mano del profesor Bayo. All&iacute; tambi&eacute;n se iniciar&iacute;a como profesor adjunto de Farmacolog&iacute;a y obtuvo su especialidad en Dermatolog&iacute;a en 1969. En esa ciudad tambi&eacute;n conocer&iacute;a a Carmina Fern&aacute;ndez del Campo, su esposa de todos estos a&ntilde;os.<\/p>\n<p> \tPoco despu&eacute;s acept&oacute; una plaza de director m&eacute;dico en los laboratorios Almirall y se traslad&oacute; a Barcelona. Dos a&ntilde;os m&aacute;s tarde retorn&oacute; a la universidad como profesor adjunto de Farmacolog&iacute;a en Bilbao para poner en marcha las ense&ntilde;anzas de esta disciplina. Finalmente, en 1974 fue llamado a la Universidad de La Laguna por el Profesor Fl&oacute;rez.<\/p>\n<p> \tEn la ULL ha sido catedr&aacute;tico desde 1983, y ha desempe&ntilde;ado los cargos de director de Departamento, secretario y vicedecano de la Facultad de Medicina. Desde su llegada a La Laguna compatibiliz&oacute; su labor acad&eacute;mica con la asistencial siendo Jefe del Servicio de Farmacolog&iacute;a Cl&iacute;nica, Presidente del Comit&eacute; de Ensayos Cl&iacute;nicos y Subdirector M&eacute;dico del HUC. Igualmente, ha sido vocal y Vicepresidente de la Real Academia de Medicina de Tenerife. En 1990 puso en marcha el Centro de Farmacovigilancia e Informaci&oacute;n Terap&eacute;utica de Canarias que contin&uacute;a en funcionamiento.<\/p>\n<p> \tFuera del &aacute;mbito canario, ha sido asesor externo de los Laboratorios FAES de Bilbao (1976-2000), presidente de la Sociedad Espa&ntilde;ola de Farmacolog&iacute;a Cl&iacute;nica y vicepresidente de la Sociedad Espa&ntilde;ola de Farmacolog&iacute;a, miembro del Comit&eacute; Ejecutivo de la Sociedad Europea de Farmacolog&iacute;a Cl&iacute;nica.<\/p>\n<p> \tComo investigador sus &aacute;reas de inter&eacute;s han sido la caracterizaci&oacute;n farmacol&oacute;gica de los metabolitos de las catecolaminas, los productos naturales y la farmacolog&iacute;a del etanol. Como farmac&oacute;logo cl&iacute;nico se ha interesado por la farmacoepidemiolog&iacute;a.<br \/> \tBoada ha sido un profesor muy querido. Su buen hacer acad&eacute;mico y su talante personal con los alumnos le hizo acreedor del m&aacute;s preciado de los premios: el que te dan los propios estudiantes. Nadie le ha arrebatado el record de premios &ldquo;Naranja&rdquo; de la Facultad de Medicina. La IX Promoci&oacute;n (1976-82) y la tuna de Medicina lo hicieron padrino, quiz&aacute;s sus m&aacute;s entra&ntilde;ables galardones.<\/p>\n<p> \tDe su amor por la m&uacute;sica y por la cultura del vino han brotado varias conferencias de divulgaci&oacute;n: &ldquo;La m&uacute;sica y el vino&rdquo;, &ldquo;La pintura y el vino&rdquo; que ha impartido en c&iacute;rculos culturales dentro y fuera de Canarias. Tiene en imprenta su libro &ldquo;La m&uacute;sica y el vino&rdquo; en donde saca a relucir otra de sus facetas la de dibujante.<\/p>\n","protected":false},"excerpt":{"rendered":"<p>El pr&oacute;ximo viernes 7 de mayo a las 10 horas en el Aula 3 de la Facultad de Medicina de&#8230;<\/p>\n","protected":false},"author":21,"featured_media":0,"comment_status":"open","ping_status":"open","sticky":false,"template":"","format":"standard","meta":{"inline_featured_image":false,"footnotes":""},"categories":[346],"tags":[],"acf":[],"yoast_head":"<!-- This site is optimized with the Yoast SEO plugin v21.3 - https:\/\/yoast.com\/wordpress\/plugins\/seo\/ -->\n<title>El profesor de Medicina Jos\u00e9 Nicol\u00e1s Boada impartir\u00e1 el viernes su \u00faltima lecci\u00f3n tras casi 50 a\u00f1os de actividad - ULL - Noticias<\/title>\n<meta name=\"robots\" content=\"index, follow, max-snippet:-1, max-image-preview:large, max-video-preview:-1\" \/>\n<link rel=\"canonical\" href=\"https:\/\/www.ull.es\/portal\/noticias\/2010\/el-profesor-de-medicina-jose-nicolas-boada-impartira-el-viernes-su-ultima-leccion-tras-casi-50-anos-de-actividad\/\" \/>\n<meta property=\"og:locale\" content=\"es_ES\" \/>\n<meta property=\"og:type\" content=\"article\" \/>\n<meta property=\"og:title\" content=\"El profesor de Medicina Jos\u00e9 Nicol\u00e1s Boada impartir\u00e1 el viernes su \u00faltima lecci\u00f3n tras casi 50 a\u00f1os de actividad - ULL - Noticias\" \/>\n<meta property=\"og:description\" content=\"El pr&oacute;ximo viernes 7 de mayo a las 10 horas en el Aula 3 de la Facultad de Medicina de...\" \/>\n<meta property=\"og:url\" content=\"https:\/\/www.ull.es\/portal\/noticias\/2010\/el-profesor-de-medicina-jose-nicolas-boada-impartira-el-viernes-su-ultima-leccion-tras-casi-50-anos-de-actividad\/\" \/>\n<meta property=\"og:site_name\" content=\"ULL - Noticias\" \/>\n<meta property=\"article:publisher\" content=\"https:\/\/www.facebook.com\/universidaddelalaguna\/\" \/>\n<meta property=\"article:published_time\" content=\"2010-05-06T10:11:23+00:00\" \/>\n<meta property=\"og:image\" content=\"https:\/\/www.ull.es\/portal\/noticias\/wp-content\/uploads\/sites\/13\/2023\/06\/logo-redimensionado.png\" \/>\n\t<meta property=\"og:image:width\" content=\"1200\" \/>\n\t<meta property=\"og:image:height\" content=\"630\" \/>\n\t<meta property=\"og:image:type\" content=\"image\/png\" \/>\n<meta name=\"author\" content=\"prensa2\" \/>\n<meta name=\"twitter:card\" content=\"summary_large_image\" \/>\n<meta name=\"twitter:creator\" content=\"@CanalULL\" \/>\n<meta name=\"twitter:site\" content=\"@CanalULL\" \/>\n<meta name=\"twitter:label1\" content=\"Escrito por\" \/>\n\t<meta name=\"twitter:data1\" content=\"prensa2\" \/>\n\t<meta name=\"twitter:label2\" content=\"Tiempo de lectura\" \/>\n\t<meta name=\"twitter:data2\" content=\"4 minutos\" \/>\n<script type=\"application\/ld+json\" class=\"yoast-schema-graph\">{\"@context\":\"https:\/\/schema.org\",\"@graph\":[{\"@type\":\"WebPage\",\"@id\":\"https:\/\/www.ull.es\/portal\/noticias\/2010\/el-profesor-de-medicina-jose-nicolas-boada-impartira-el-viernes-su-ultima-leccion-tras-casi-50-anos-de-actividad\/\",\"url\":\"https:\/\/www.ull.es\/portal\/noticias\/2010\/el-profesor-de-medicina-jose-nicolas-boada-impartira-el-viernes-su-ultima-leccion-tras-casi-50-anos-de-actividad\/\",\"name\":\"El profesor de Medicina Jos\u00e9 Nicol\u00e1s Boada impartir\u00e1 el viernes su \u00faltima lecci\u00f3n tras casi 50 a\u00f1os de actividad - ULL - Noticias\",\"isPartOf\":{\"@id\":\"https:\/\/www.ull.es\/portal\/noticias\/#website\"},\"datePublished\":\"2010-05-06T10:11:23+00:00\",\"dateModified\":\"2010-05-06T10:11:23+00:00\",\"author\":{\"@id\":\"https:\/\/www.ull.es\/portal\/noticias\/#\/schema\/person\/c3b2aa857797592927a03740d6664376\"},\"breadcrumb\":{\"@id\":\"https:\/\/www.ull.es\/portal\/noticias\/2010\/el-profesor-de-medicina-jose-nicolas-boada-impartira-el-viernes-su-ultima-leccion-tras-casi-50-anos-de-actividad\/#breadcrumb\"},\"inLanguage\":\"es\",\"potentialAction\":[{\"@type\":\"ReadAction\",\"target\":[\"https:\/\/www.ull.es\/portal\/noticias\/2010\/el-profesor-de-medicina-jose-nicolas-boada-impartira-el-viernes-su-ultima-leccion-tras-casi-50-anos-de-actividad\/\"]}]},{\"@type\":\"BreadcrumbList\",\"@id\":\"https:\/\/www.ull.es\/portal\/noticias\/2010\/el-profesor-de-medicina-jose-nicolas-boada-impartira-el-viernes-su-ultima-leccion-tras-casi-50-anos-de-actividad\/#breadcrumb\",\"itemListElement\":[{\"@type\":\"ListItem\",\"position\":1,\"name\":\"Portada\",\"item\":\"https:\/\/www.ull.es\/portal\/noticias\/\"},{\"@type\":\"ListItem\",\"position\":2,\"name\":\"El profesor de Medicina Jos\u00e9 Nicol\u00e1s Boada impartir\u00e1 el viernes su \u00faltima lecci\u00f3n tras casi 50 a\u00f1os de actividad\"}]},{\"@type\":\"WebSite\",\"@id\":\"https:\/\/www.ull.es\/portal\/noticias\/#website\",\"url\":\"https:\/\/www.ull.es\/portal\/noticias\/\",\"name\":\"ULL - Noticias\",\"description\":\"\",\"potentialAction\":[{\"@type\":\"SearchAction\",\"target\":{\"@type\":\"EntryPoint\",\"urlTemplate\":\"https:\/\/www.ull.es\/portal\/noticias\/?s={search_term_string}\"},\"query-input\":\"required name=search_term_string\"}],\"inLanguage\":\"es\"},{\"@type\":\"Person\",\"@id\":\"https:\/\/www.ull.es\/portal\/noticias\/#\/schema\/person\/c3b2aa857797592927a03740d6664376\",\"name\":\"prensa2\",\"image\":{\"@type\":\"ImageObject\",\"inLanguage\":\"es\",\"@id\":\"https:\/\/www.ull.es\/portal\/noticias\/#\/schema\/person\/image\/\",\"url\":\"https:\/\/secure.gravatar.com\/avatar\/b58f310a5de5feb33d1e026d2493f23c?s=96&d=mm&r=g\",\"contentUrl\":\"https:\/\/secure.gravatar.com\/avatar\/b58f310a5de5feb33d1e026d2493f23c?s=96&d=mm&r=g\",\"caption\":\"prensa2\"},\"url\":\"https:\/\/www.ull.es\/portal\/noticias\/author\/prensa2\/\"}]}<\/script>\n<!-- \/ Yoast SEO plugin. -->","yoast_head_json":{"title":"El profesor de Medicina Jos\u00e9 Nicol\u00e1s Boada impartir\u00e1 el viernes su \u00faltima lecci\u00f3n tras casi 50 a\u00f1os de actividad - ULL - Noticias","robots":{"index":"index","follow":"follow","max-snippet":"max-snippet:-1","max-image-preview":"max-image-preview:large","max-video-preview":"max-video-preview:-1"},"canonical":"https:\/\/www.ull.es\/portal\/noticias\/2010\/el-profesor-de-medicina-jose-nicolas-boada-impartira-el-viernes-su-ultima-leccion-tras-casi-50-anos-de-actividad\/","og_locale":"es_ES","og_type":"article","og_title":"El profesor de Medicina Jos\u00e9 Nicol\u00e1s Boada impartir\u00e1 el viernes su \u00faltima lecci\u00f3n tras casi 50 a\u00f1os de actividad - ULL - Noticias","og_description":"El pr&oacute;ximo viernes 7 de mayo a las 10 horas en el Aula 3 de la Facultad de Medicina de...","og_url":"https:\/\/www.ull.es\/portal\/noticias\/2010\/el-profesor-de-medicina-jose-nicolas-boada-impartira-el-viernes-su-ultima-leccion-tras-casi-50-anos-de-actividad\/","og_site_name":"ULL - Noticias","article_publisher":"https:\/\/www.facebook.com\/universidaddelalaguna\/","article_published_time":"2010-05-06T10:11:23+00:00","og_image":[{"width":1200,"height":630,"url":"https:\/\/www.ull.es\/portal\/noticias\/wp-content\/uploads\/sites\/13\/2023\/06\/logo-redimensionado.png","type":"image\/png"}],"author":"prensa2","twitter_card":"summary_large_image","twitter_creator":"@CanalULL","twitter_site":"@CanalULL","twitter_misc":{"Escrito por":"prensa2","Tiempo de lectura":"4 minutos"},"schema":{"@context":"https:\/\/schema.org","@graph":[{"@type":"WebPage","@id":"https:\/\/www.ull.es\/portal\/noticias\/2010\/el-profesor-de-medicina-jose-nicolas-boada-impartira-el-viernes-su-ultima-leccion-tras-casi-50-anos-de-actividad\/","url":"https:\/\/www.ull.es\/portal\/noticias\/2010\/el-profesor-de-medicina-jose-nicolas-boada-impartira-el-viernes-su-ultima-leccion-tras-casi-50-anos-de-actividad\/","name":"El profesor de Medicina Jos\u00e9 Nicol\u00e1s Boada impartir\u00e1 el viernes su \u00faltima lecci\u00f3n tras casi 50 a\u00f1os de actividad - ULL - Noticias","isPartOf":{"@id":"https:\/\/www.ull.es\/portal\/noticias\/#website"},"datePublished":"2010-05-06T10:11:23+00:00","dateModified":"2010-05-06T10:11:23+00:00","author":{"@id":"https:\/\/www.ull.es\/portal\/noticias\/#\/schema\/person\/c3b2aa857797592927a03740d6664376"},"breadcrumb":{"@id":"https:\/\/www.ull.es\/portal\/noticias\/2010\/el-profesor-de-medicina-jose-nicolas-boada-impartira-el-viernes-su-ultima-leccion-tras-casi-50-anos-de-actividad\/#breadcrumb"},"inLanguage":"es","potentialAction":[{"@type":"ReadAction","target":["https:\/\/www.ull.es\/portal\/noticias\/2010\/el-profesor-de-medicina-jose-nicolas-boada-impartira-el-viernes-su-ultima-leccion-tras-casi-50-anos-de-actividad\/"]}]},{"@type":"BreadcrumbList","@id":"https:\/\/www.ull.es\/portal\/noticias\/2010\/el-profesor-de-medicina-jose-nicolas-boada-impartira-el-viernes-su-ultima-leccion-tras-casi-50-anos-de-actividad\/#breadcrumb","itemListElement":[{"@type":"ListItem","position":1,"name":"Portada","item":"https:\/\/www.ull.es\/portal\/noticias\/"},{"@type":"ListItem","position":2,"name":"El profesor de Medicina Jos\u00e9 Nicol\u00e1s Boada impartir\u00e1 el viernes su \u00faltima lecci\u00f3n tras casi 50 a\u00f1os de actividad"}]},{"@type":"WebSite","@id":"https:\/\/www.ull.es\/portal\/noticias\/#website","url":"https:\/\/www.ull.es\/portal\/noticias\/","name":"ULL - Noticias","description":"","potentialAction":[{"@type":"SearchAction","target":{"@type":"EntryPoint","urlTemplate":"https:\/\/www.ull.es\/portal\/noticias\/?s={search_term_string}"},"query-input":"required name=search_term_string"}],"inLanguage":"es"},{"@type":"Person","@id":"https:\/\/www.ull.es\/portal\/noticias\/#\/schema\/person\/c3b2aa857797592927a03740d6664376","name":"prensa2","image":{"@type":"ImageObject","inLanguage":"es","@id":"https:\/\/www.ull.es\/portal\/noticias\/#\/schema\/person\/image\/","url":"https:\/\/secure.gravatar.com\/avatar\/b58f310a5de5feb33d1e026d2493f23c?s=96&d=mm&r=g","contentUrl":"https:\/\/secure.gravatar.com\/avatar\/b58f310a5de5feb33d1e026d2493f23c?s=96&d=mm&r=g","caption":"prensa2"},"url":"https:\/\/www.ull.es\/portal\/noticias\/author\/prensa2\/"}]}},"primary_category":null,"featured_image_thumbnail_url":null,"_links":{"self":[{"href":"https:\/\/www.ull.es\/portal\/noticias\/wp-json\/wp\/v2\/posts\/16920"}],"collection":[{"href":"https:\/\/www.ull.es\/portal\/noticias\/wp-json\/wp\/v2\/posts"}],"about":[{"href":"https:\/\/www.ull.es\/portal\/noticias\/wp-json\/wp\/v2\/types\/post"}],"author":[{"embeddable":true,"href":"https:\/\/www.ull.es\/portal\/noticias\/wp-json\/wp\/v2\/users\/21"}],"replies":[{"embeddable":true,"href":"https:\/\/www.ull.es\/portal\/noticias\/wp-json\/wp\/v2\/comments?post=16920"}],"version-history":[{"count":0,"href":"https:\/\/www.ull.es\/portal\/noticias\/wp-json\/wp\/v2\/posts\/16920\/revisions"}],"wp:attachment":[{"href":"https:\/\/www.ull.es\/portal\/noticias\/wp-json\/wp\/v2\/media?parent=16920"}],"wp:term":[{"taxonomy":"category","embeddable":true,"href":"https:\/\/www.ull.es\/portal\/noticias\/wp-json\/wp\/v2\/categories?post=16920"},{"taxonomy":"post_tag","embeddable":true,"href":"https:\/\/www.ull.es\/portal\/noticias\/wp-json\/wp\/v2\/tags?post=16920"}],"curies":[{"name":"wp","href":"https:\/\/api.w.org\/{rel}","templated":true}]}}