{"id":16930,"date":"2010-05-11T14:52:15","date_gmt":"2010-05-11T14:52:15","guid":{"rendered":"http:\/\/ddigital.webs.ull.es\/el-consejo-social-aprueba-un-nuevo-tramite-que-acerca-la-imparticion-de-enfermeria-en-la-palma-el-proximo-curso\/"},"modified":"2010-05-11T14:52:15","modified_gmt":"2010-05-11T14:52:15","slug":"el-consejo-social-aprueba-un-nuevo-tramite-que-acerca-la-imparticion-de-enfermeria-en-la-palma-el-proximo-curso","status":"publish","type":"post","link":"https:\/\/www.ull.es\/portal\/noticias\/2010\/el-consejo-social-aprueba-un-nuevo-tramite-que-acerca-la-imparticion-de-enfermeria-en-la-palma-el-proximo-curso\/","title":{"rendered":"El Consejo Social aprueba un nuevo tr\u00e1mite que acerca la impartici\u00f3n de Enfermer\u00eda en La Palma el pr\u00f3ximo curso"},"content":{"rendered":"<p> \tLa Universidad de La Laguna tiene previsto abrir en La Palma una unidad docente de su Escuela de Enfermer&iacute;a y Fisioterapia, con vistas a poder impartir estas disciplinas el pr&oacute;ximo curso 2010-2011. Para ello, es necesario a&ntilde;adir una adenda al concierto suscrito en 1998 entre la instituci&oacute;n acad&eacute;mica, el Cabildo de Tenerife y el Servicio Canario de Salud, decisi&oacute;n que ya hab&iacute;a aprobado el Consejo de Gobierno y hoy, martes 11 de mayo, ha refrendado el consejo Social.<br \/> \t&nbsp;<\/p>\n<p> \tEl concierto original se firm&oacute; para permitir que los centros hospitalarios de Tenerife pudieran acoger pr&aacute;cticas cl&iacute;nicas de las titulaciones relacionadas con ciencias de la salud de la ULL. La adenda aprobada permitir&aacute; ampliar el &aacute;mbito geogr&aacute;fico del acuerdo, por lo que ya s&oacute;lo resta la r&uacute;brica de las tres partes implicadas para que sea posible impartir la titulaci&oacute;n en La Palma. Ya se ha estudiado la viabilidad de las instalaciones propuestas, y se ha estipulado que, una vez aprobada la impartici&oacute;n, en la nueva unidad docente se ofertar&aacute;n 50 plazas<\/p>\n<p> \tOtro de los acuerdos adoptados por el &oacute;rgano colegiado ha sido aprobar la participaci&oacute;n de la Universidad de La Laguna en el &ldquo;Cluster del Turismo de Canarias&rdquo;, gracias al cual el centro podr&aacute; establecer acuerdos y sinergias con otras empresas e instituciones relacionadas con este sector productivo. <\/p>\n<p> \tTambi&eacute;n se acord&oacute; dar el visto bueno al cambio de denominaci&oacute;n de la Escuela Universitaria de Estudios Empresariales. Tras este acuerdo y el que previamente dio el consejo de Gobierno, ya s&oacute;lo queda la autorizaci&oacute;n del ejecutivo regional para que a partir del pr&oacute;ximo curso entre en vigor el nuevo nombre: Escuela Universitaria de Empresa y Turismo.<\/p>\n","protected":false},"excerpt":{"rendered":"<p>La Universidad de La Laguna tiene previsto abrir en La Palma una unidad docente de su Escuela de Enfermer&iacute;a y&#8230;<\/p>\n","protected":false},"author":21,"featured_media":16931,"comment_status":"open","ping_status":"open","sticky":false,"template":"","format":"standard","meta":{"inline_featured_image":false,"footnotes":""},"categories":[347],"tags":[],"acf":[],"yoast_head":"<!-- This site is optimized with the Yoast SEO plugin v21.3 - https:\/\/yoast.com\/wordpress\/plugins\/seo\/ -->\n<title>El Consejo Social aprueba un nuevo tr\u00e1mite que acerca la impartici\u00f3n de Enfermer\u00eda en La Palma el pr\u00f3ximo curso - ULL - Noticias<\/title>\n<meta name=\"robots\" content=\"index, follow, max-snippet:-1, max-image-preview:large, max-video-preview:-1\" \/>\n<link rel=\"canonical\" href=\"https:\/\/www.ull.es\/portal\/noticias\/2010\/el-consejo-social-aprueba-un-nuevo-tramite-que-acerca-la-imparticion-de-enfermeria-en-la-palma-el-proximo-curso\/\" \/>\n<meta property=\"og:locale\" content=\"es_ES\" \/>\n<meta property=\"og:type\" content=\"article\" \/>\n<meta property=\"og:title\" content=\"El Consejo Social aprueba un nuevo tr\u00e1mite que acerca la impartici\u00f3n de Enfermer\u00eda en La Palma el pr\u00f3ximo curso - ULL - Noticias\" \/>\n<meta property=\"og:description\" content=\"La Universidad de La Laguna tiene previsto abrir en La Palma una unidad docente de su Escuela de Enfermer&iacute;a y...\" \/>\n<meta property=\"og:url\" content=\"https:\/\/www.ull.es\/portal\/noticias\/2010\/el-consejo-social-aprueba-un-nuevo-tramite-que-acerca-la-imparticion-de-enfermeria-en-la-palma-el-proximo-curso\/\" \/>\n<meta property=\"og:site_name\" content=\"ULL - Noticias\" \/>\n<meta property=\"article:publisher\" content=\"https:\/\/www.facebook.com\/universidaddelalaguna\/\" \/>\n<meta property=\"article:published_time\" content=\"2010-05-11T14:52:15+00:00\" \/>\n<meta property=\"og:image\" content=\"https:\/\/www.ull.es\/portal\/noticias\/wp-content\/uploads\/sites\/13\/2015\/07\/consejo_social.jpg\" \/>\n\t<meta property=\"og:image:width\" content=\"800\" \/>\n\t<meta property=\"og:image:height\" content=\"534\" \/>\n\t<meta property=\"og:image:type\" content=\"image\/jpeg\" \/>\n<meta name=\"author\" content=\"prensa2\" \/>\n<meta name=\"twitter:card\" content=\"summary_large_image\" \/>\n<meta name=\"twitter:creator\" content=\"@CanalULL\" \/>\n<meta name=\"twitter:site\" content=\"@CanalULL\" \/>\n<meta name=\"twitter:label1\" content=\"Escrito por\" \/>\n\t<meta name=\"twitter:data1\" content=\"prensa2\" \/>\n\t<meta name=\"twitter:label2\" content=\"Tiempo de lectura\" \/>\n\t<meta name=\"twitter:data2\" content=\"2 minutos\" \/>\n<script type=\"application\/ld+json\" class=\"yoast-schema-graph\">{\"@context\":\"https:\/\/schema.org\",\"@graph\":[{\"@type\":\"WebPage\",\"@id\":\"https:\/\/www.ull.es\/portal\/noticias\/2010\/el-consejo-social-aprueba-un-nuevo-tramite-que-acerca-la-imparticion-de-enfermeria-en-la-palma-el-proximo-curso\/\",\"url\":\"https:\/\/www.ull.es\/portal\/noticias\/2010\/el-consejo-social-aprueba-un-nuevo-tramite-que-acerca-la-imparticion-de-enfermeria-en-la-palma-el-proximo-curso\/\",\"name\":\"El Consejo Social aprueba un nuevo tr\u00e1mite que acerca la impartici\u00f3n de Enfermer\u00eda en La Palma el pr\u00f3ximo curso - ULL - Noticias\",\"isPartOf\":{\"@id\":\"https:\/\/www.ull.es\/portal\/noticias\/#website\"},\"datePublished\":\"2010-05-11T14:52:15+00:00\",\"dateModified\":\"2010-05-11T14:52:15+00:00\",\"author\":{\"@id\":\"https:\/\/www.ull.es\/portal\/noticias\/#\/schema\/person\/c3b2aa857797592927a03740d6664376\"},\"breadcrumb\":{\"@id\":\"https:\/\/www.ull.es\/portal\/noticias\/2010\/el-consejo-social-aprueba-un-nuevo-tramite-que-acerca-la-imparticion-de-enfermeria-en-la-palma-el-proximo-curso\/#breadcrumb\"},\"inLanguage\":\"es\",\"potentialAction\":[{\"@type\":\"ReadAction\",\"target\":[\"https:\/\/www.ull.es\/portal\/noticias\/2010\/el-consejo-social-aprueba-un-nuevo-tramite-que-acerca-la-imparticion-de-enfermeria-en-la-palma-el-proximo-curso\/\"]}]},{\"@type\":\"BreadcrumbList\",\"@id\":\"https:\/\/www.ull.es\/portal\/noticias\/2010\/el-consejo-social-aprueba-un-nuevo-tramite-que-acerca-la-imparticion-de-enfermeria-en-la-palma-el-proximo-curso\/#breadcrumb\",\"itemListElement\":[{\"@type\":\"ListItem\",\"position\":1,\"name\":\"Portada\",\"item\":\"https:\/\/www.ull.es\/portal\/noticias\/\"},{\"@type\":\"ListItem\",\"position\":2,\"name\":\"El Consejo Social aprueba un nuevo tr\u00e1mite que acerca la impartici\u00f3n de Enfermer\u00eda en La Palma el pr\u00f3ximo curso\"}]},{\"@type\":\"WebSite\",\"@id\":\"https:\/\/www.ull.es\/portal\/noticias\/#website\",\"url\":\"https:\/\/www.ull.es\/portal\/noticias\/\",\"name\":\"ULL - Noticias\",\"description\":\"\",\"potentialAction\":[{\"@type\":\"SearchAction\",\"target\":{\"@type\":\"EntryPoint\",\"urlTemplate\":\"https:\/\/www.ull.es\/portal\/noticias\/?s={search_term_string}\"},\"query-input\":\"required name=search_term_string\"}],\"inLanguage\":\"es\"},{\"@type\":\"Person\",\"@id\":\"https:\/\/www.ull.es\/portal\/noticias\/#\/schema\/person\/c3b2aa857797592927a03740d6664376\",\"name\":\"prensa2\",\"image\":{\"@type\":\"ImageObject\",\"inLanguage\":\"es\",\"@id\":\"https:\/\/www.ull.es\/portal\/noticias\/#\/schema\/person\/image\/\",\"url\":\"https:\/\/secure.gravatar.com\/avatar\/b58f310a5de5feb33d1e026d2493f23c?s=96&d=mm&r=g\",\"contentUrl\":\"https:\/\/secure.gravatar.com\/avatar\/b58f310a5de5feb33d1e026d2493f23c?s=96&d=mm&r=g\",\"caption\":\"prensa2\"},\"url\":\"https:\/\/www.ull.es\/portal\/noticias\/author\/prensa2\/\"}]}<\/script>\n<!-- \/ Yoast SEO plugin. -->","yoast_head_json":{"title":"El Consejo Social aprueba un nuevo tr\u00e1mite que acerca la impartici\u00f3n de Enfermer\u00eda en La Palma el pr\u00f3ximo curso - ULL - Noticias","robots":{"index":"index","follow":"follow","max-snippet":"max-snippet:-1","max-image-preview":"max-image-preview:large","max-video-preview":"max-video-preview:-1"},"canonical":"https:\/\/www.ull.es\/portal\/noticias\/2010\/el-consejo-social-aprueba-un-nuevo-tramite-que-acerca-la-imparticion-de-enfermeria-en-la-palma-el-proximo-curso\/","og_locale":"es_ES","og_type":"article","og_title":"El Consejo Social aprueba un nuevo tr\u00e1mite que acerca la impartici\u00f3n de Enfermer\u00eda en La Palma el pr\u00f3ximo curso - ULL - Noticias","og_description":"La Universidad de La Laguna tiene previsto abrir en La Palma una unidad docente de su Escuela de Enfermer&iacute;a y...","og_url":"https:\/\/www.ull.es\/portal\/noticias\/2010\/el-consejo-social-aprueba-un-nuevo-tramite-que-acerca-la-imparticion-de-enfermeria-en-la-palma-el-proximo-curso\/","og_site_name":"ULL - Noticias","article_publisher":"https:\/\/www.facebook.com\/universidaddelalaguna\/","article_published_time":"2010-05-11T14:52:15+00:00","og_image":[{"width":800,"height":534,"url":"https:\/\/www.ull.es\/portal\/noticias\/wp-content\/uploads\/sites\/13\/2015\/07\/consejo_social.jpg","type":"image\/jpeg"}],"author":"prensa2","twitter_card":"summary_large_image","twitter_creator":"@CanalULL","twitter_site":"@CanalULL","twitter_misc":{"Escrito por":"prensa2","Tiempo de lectura":"2 minutos"},"schema":{"@context":"https:\/\/schema.org","@graph":[{"@type":"WebPage","@id":"https:\/\/www.ull.es\/portal\/noticias\/2010\/el-consejo-social-aprueba-un-nuevo-tramite-que-acerca-la-imparticion-de-enfermeria-en-la-palma-el-proximo-curso\/","url":"https:\/\/www.ull.es\/portal\/noticias\/2010\/el-consejo-social-aprueba-un-nuevo-tramite-que-acerca-la-imparticion-de-enfermeria-en-la-palma-el-proximo-curso\/","name":"El Consejo Social aprueba un nuevo tr\u00e1mite que acerca la impartici\u00f3n de Enfermer\u00eda en La Palma el pr\u00f3ximo curso - ULL - Noticias","isPartOf":{"@id":"https:\/\/www.ull.es\/portal\/noticias\/#website"},"datePublished":"2010-05-11T14:52:15+00:00","dateModified":"2010-05-11T14:52:15+00:00","author":{"@id":"https:\/\/www.ull.es\/portal\/noticias\/#\/schema\/person\/c3b2aa857797592927a03740d6664376"},"breadcrumb":{"@id":"https:\/\/www.ull.es\/portal\/noticias\/2010\/el-consejo-social-aprueba-un-nuevo-tramite-que-acerca-la-imparticion-de-enfermeria-en-la-palma-el-proximo-curso\/#breadcrumb"},"inLanguage":"es","potentialAction":[{"@type":"ReadAction","target":["https:\/\/www.ull.es\/portal\/noticias\/2010\/el-consejo-social-aprueba-un-nuevo-tramite-que-acerca-la-imparticion-de-enfermeria-en-la-palma-el-proximo-curso\/"]}]},{"@type":"BreadcrumbList","@id":"https:\/\/www.ull.es\/portal\/noticias\/2010\/el-consejo-social-aprueba-un-nuevo-tramite-que-acerca-la-imparticion-de-enfermeria-en-la-palma-el-proximo-curso\/#breadcrumb","itemListElement":[{"@type":"ListItem","position":1,"name":"Portada","item":"https:\/\/www.ull.es\/portal\/noticias\/"},{"@type":"ListItem","position":2,"name":"El Consejo Social aprueba un nuevo tr\u00e1mite que acerca la impartici\u00f3n de Enfermer\u00eda en La Palma el pr\u00f3ximo curso"}]},{"@type":"WebSite","@id":"https:\/\/www.ull.es\/portal\/noticias\/#website","url":"https:\/\/www.ull.es\/portal\/noticias\/","name":"ULL - Noticias","description":"","potentialAction":[{"@type":"SearchAction","target":{"@type":"EntryPoint","urlTemplate":"https:\/\/www.ull.es\/portal\/noticias\/?s={search_term_string}"},"query-input":"required name=search_term_string"}],"inLanguage":"es"},{"@type":"Person","@id":"https:\/\/www.ull.es\/portal\/noticias\/#\/schema\/person\/c3b2aa857797592927a03740d6664376","name":"prensa2","image":{"@type":"ImageObject","inLanguage":"es","@id":"https:\/\/www.ull.es\/portal\/noticias\/#\/schema\/person\/image\/","url":"https:\/\/secure.gravatar.com\/avatar\/b58f310a5de5feb33d1e026d2493f23c?s=96&d=mm&r=g","contentUrl":"https:\/\/secure.gravatar.com\/avatar\/b58f310a5de5feb33d1e026d2493f23c?s=96&d=mm&r=g","caption":"prensa2"},"url":"https:\/\/www.ull.es\/portal\/noticias\/author\/prensa2\/"}]}},"primary_category":null,"featured_image_thumbnail_url":"https:\/\/www.ull.es\/portal\/noticias\/wp-content\/uploads\/sites\/13\/2015\/07\/consejo_social-300x200.jpg","_links":{"self":[{"href":"https:\/\/www.ull.es\/portal\/noticias\/wp-json\/wp\/v2\/posts\/16930"}],"collection":[{"href":"https:\/\/www.ull.es\/portal\/noticias\/wp-json\/wp\/v2\/posts"}],"about":[{"href":"https:\/\/www.ull.es\/portal\/noticias\/wp-json\/wp\/v2\/types\/post"}],"author":[{"embeddable":true,"href":"https:\/\/www.ull.es\/portal\/noticias\/wp-json\/wp\/v2\/users\/21"}],"replies":[{"embeddable":true,"href":"https:\/\/www.ull.es\/portal\/noticias\/wp-json\/wp\/v2\/comments?post=16930"}],"version-history":[{"count":0,"href":"https:\/\/www.ull.es\/portal\/noticias\/wp-json\/wp\/v2\/posts\/16930\/revisions"}],"wp:featuredmedia":[{"embeddable":true,"href":"https:\/\/www.ull.es\/portal\/noticias\/wp-json\/wp\/v2\/media\/16931"}],"wp:attachment":[{"href":"https:\/\/www.ull.es\/portal\/noticias\/wp-json\/wp\/v2\/media?parent=16930"}],"wp:term":[{"taxonomy":"category","embeddable":true,"href":"https:\/\/www.ull.es\/portal\/noticias\/wp-json\/wp\/v2\/categories?post=16930"},{"taxonomy":"post_tag","embeddable":true,"href":"https:\/\/www.ull.es\/portal\/noticias\/wp-json\/wp\/v2\/tags?post=16930"}],"curies":[{"name":"wp","href":"https:\/\/api.w.org\/{rel}","templated":true}]}}