{"id":18388,"date":"2011-10-13T14:36:40","date_gmt":"2011-10-13T14:36:40","guid":{"rendered":"http:\/\/ddigital.webs.ull.es\/especialistas-en-enoturismo-y-turismo-gastronomico-participaran-en-un-seminario-especifico-sobre-la-materia\/"},"modified":"2011-10-13T14:36:40","modified_gmt":"2011-10-13T14:36:40","slug":"especialistas-en-enoturismo-y-turismo-gastronomico-participaran-en-un-seminario-especifico-sobre-la-materia","status":"publish","type":"post","link":"https:\/\/www.ull.es\/portal\/noticias\/2011\/especialistas-en-enoturismo-y-turismo-gastronomico-participaran-en-un-seminario-especifico-sobre-la-materia\/","title":{"rendered":"Especialistas en enoturismo y turismo gastron\u00f3mico participar\u00e1n en un seminario espec\u00edfico sobre la materia"},"content":{"rendered":"<p> \tEl municipio de El Sauzal acoger&aacute; el pr&oacute;ximo d&iacute;a 20 de octubre la primera edici&oacute;n del Seminario Internacional de Enogastroturismo Tenerife 2011, que se celebrar&aacute; en el Centro Cultural del municipio (trasera del Ayuntamiento). Este congreso, en el que participar&aacute;n destacados expertos, tiene como objetivo comparar experiencias existentes en Canarias sobre enoturismo y turismo gastron&oacute;mico as&iacute; como conocer las principales novedades en la materia aportadas por profesionales cualificados.<\/p>\n<p> \tOrganizado por la Universidad de La Laguna con la colaboraci&oacute;n de Turismo de Tenerife y la Asociaci&oacute;n de Empresarios de El Sauzal, la Asociaci&oacute;n de la Manzana Reineta y la Ruta del Vino de Tenerife, el seminario est&aacute; dirigido a profesionales que desarrollan su actividad en el &aacute;mbito del turismo gastron&oacute;mico as&iacute; como profesores e investigadores de la ULL, empresarios relacionados con el sector, estudiantes y periodistas especializados en temas de enoturismo y turismo gastron&oacute;mico.<\/p>\n<p> \tLa conferencia de apertura del congreso, titulada &quot;Saborea Lanzarote&quot;, correr&aacute; a cargo el jefe del Servicio para la Promoci&oacute;n y Desarrollo de la Econom&iacute;a Insular del Cabildo de Lanzarote, Juan Betancort. Le seguir&aacute; la intervenci&oacute;n de la directora de Marketing de la Comisi&oacute;n de Viticultura de la Regi&oacute;n de los Vinos Verdes de Portugal, Carla Cunha, quien expondr&aacute; las principales caracter&iacute;sticas de este popular vino, uno de los m&aacute;s consumidos en Portugal y el primero que export&oacute; el pa&iacute;s vecino.<\/p>\n<p> \tTambi&eacute;n describir&aacute; su experiencia un alumno de postgrado de Enoturismo de la Escuela de Enolog&iacute;a de San Gabriel de Aranda de Duero (Burgos), la &uacute;nica de Europa que tiene una bodega real para sus alumnos;&nbsp; dos estudiantes de la Universidad de La Laguna, autores de un proyecto para desarrollar una red de rutas de enosenderismo en la zona de Tegueste;&nbsp; y un alumno de la Escuela Taller de Ecodinamizadores de El Sauzal, que participa en este proyecto para la capacitaci&oacute;n de 32 j&oacute;venes del municipio en agricultura ecol&oacute;gica y en la especialidad de dinamizador tur&iacute;stico.<\/p>\n<p> \tPosteriormente le tocar&aacute; el turno a t&eacute;cnicos de la empresa Gesti&oacute;n del Medio Rural de Canarias, que disertar&aacute;n sobre la Red Rural Nacional en Canarias, una iniciativa que pretende fomentar la colaboraci&oacute;n de todos los agentes implicados en el desarrollo sostenible del medio rural. <\/p>\n<p> \tLa manzana reineta ser&aacute; la protagonista de la siguiente intervenci&oacute;n, que correr&aacute; a cargo del t&eacute;cnico agr&iacute;cola Luis Ravina. A continuaci&oacute;n participar&aacute; el en&oacute;logo Gabriel Morales, quien se referir&aacute; a la experiencia de Slow Food en Tenerife, una asociaci&oacute;n fundada en 1989 con el objetivo de impedir la desaparici&oacute;n de las tradiciones gastron&oacute;micas locales y combatir la falta de inter&eacute;s general por la nutrici&oacute;n, los or&iacute;genes, los sabores y las consecuencias de una mala alimentaci&oacute;n.<\/p>\n<p> \tLas ponencias concluir&aacute;n con la participaci&oacute;n del director de Bodegas Monje, Felipe Monje, quien se referir&aacute; a otras actividades utilizadas por su empresa para la promoci&oacute;n y la venta del vino.<\/p>\n<p> \t(Nota cedida por el Cabildo de Tenerife)<\/p>\n","protected":false},"excerpt":{"rendered":"<p>El municipio de El Sauzal acoger&aacute; el pr&oacute;ximo d&iacute;a 20 de octubre la primera edici&oacute;n del Seminario Internacional de Enogastroturismo&#8230;<\/p>\n","protected":false},"author":21,"featured_media":18389,"comment_status":"open","ping_status":"open","sticky":false,"template":"","format":"standard","meta":{"inline_featured_image":false,"footnotes":""},"categories":[346],"tags":[],"acf":[],"yoast_head":"<!-- This site is optimized with the Yoast SEO plugin v21.3 - https:\/\/yoast.com\/wordpress\/plugins\/seo\/ -->\n<title>Especialistas en enoturismo y turismo gastron\u00f3mico participar\u00e1n en un seminario espec\u00edfico sobre la materia - ULL - Noticias<\/title>\n<meta name=\"robots\" content=\"index, follow, max-snippet:-1, max-image-preview:large, max-video-preview:-1\" \/>\n<link rel=\"canonical\" href=\"https:\/\/www.ull.es\/portal\/noticias\/2011\/especialistas-en-enoturismo-y-turismo-gastronomico-participaran-en-un-seminario-especifico-sobre-la-materia\/\" \/>\n<meta property=\"og:locale\" content=\"es_ES\" \/>\n<meta property=\"og:type\" content=\"article\" \/>\n<meta property=\"og:title\" content=\"Especialistas en enoturismo y turismo gastron\u00f3mico participar\u00e1n en un seminario espec\u00edfico sobre la materia - ULL - Noticias\" \/>\n<meta property=\"og:description\" content=\"El municipio de El Sauzal acoger&aacute; el pr&oacute;ximo d&iacute;a 20 de octubre la primera edici&oacute;n del Seminario Internacional de Enogastroturismo...\" \/>\n<meta property=\"og:url\" content=\"https:\/\/www.ull.es\/portal\/noticias\/2011\/especialistas-en-enoturismo-y-turismo-gastronomico-participaran-en-un-seminario-especifico-sobre-la-materia\/\" \/>\n<meta property=\"og:site_name\" content=\"ULL - Noticias\" \/>\n<meta property=\"article:publisher\" content=\"https:\/\/www.facebook.com\/universidaddelalaguna\/\" \/>\n<meta property=\"article:published_time\" content=\"2011-10-13T14:36:40+00:00\" \/>\n<meta property=\"og:image\" content=\"https:\/\/www.ull.es\/portal\/noticias\/wp-content\/uploads\/sites\/13\/2015\/07\/Gastroturismo-01.jpg\" \/>\n\t<meta property=\"og:image:width\" content=\"800\" \/>\n\t<meta property=\"og:image:height\" content=\"530\" \/>\n\t<meta property=\"og:image:type\" content=\"image\/jpeg\" \/>\n<meta name=\"author\" content=\"prensa2\" \/>\n<meta name=\"twitter:card\" content=\"summary_large_image\" \/>\n<meta name=\"twitter:creator\" content=\"@CanalULL\" \/>\n<meta name=\"twitter:site\" content=\"@CanalULL\" \/>\n<meta name=\"twitter:label1\" content=\"Escrito por\" \/>\n\t<meta name=\"twitter:data1\" content=\"prensa2\" \/>\n\t<meta name=\"twitter:label2\" content=\"Tiempo de lectura\" \/>\n\t<meta name=\"twitter:data2\" content=\"3 minutos\" \/>\n<script type=\"application\/ld+json\" class=\"yoast-schema-graph\">{\"@context\":\"https:\/\/schema.org\",\"@graph\":[{\"@type\":\"WebPage\",\"@id\":\"https:\/\/www.ull.es\/portal\/noticias\/2011\/especialistas-en-enoturismo-y-turismo-gastronomico-participaran-en-un-seminario-especifico-sobre-la-materia\/\",\"url\":\"https:\/\/www.ull.es\/portal\/noticias\/2011\/especialistas-en-enoturismo-y-turismo-gastronomico-participaran-en-un-seminario-especifico-sobre-la-materia\/\",\"name\":\"Especialistas en enoturismo y turismo gastron\u00f3mico participar\u00e1n en un seminario espec\u00edfico sobre la materia - ULL - Noticias\",\"isPartOf\":{\"@id\":\"https:\/\/www.ull.es\/portal\/noticias\/#website\"},\"datePublished\":\"2011-10-13T14:36:40+00:00\",\"dateModified\":\"2011-10-13T14:36:40+00:00\",\"author\":{\"@id\":\"https:\/\/www.ull.es\/portal\/noticias\/#\/schema\/person\/c3b2aa857797592927a03740d6664376\"},\"breadcrumb\":{\"@id\":\"https:\/\/www.ull.es\/portal\/noticias\/2011\/especialistas-en-enoturismo-y-turismo-gastronomico-participaran-en-un-seminario-especifico-sobre-la-materia\/#breadcrumb\"},\"inLanguage\":\"es\",\"potentialAction\":[{\"@type\":\"ReadAction\",\"target\":[\"https:\/\/www.ull.es\/portal\/noticias\/2011\/especialistas-en-enoturismo-y-turismo-gastronomico-participaran-en-un-seminario-especifico-sobre-la-materia\/\"]}]},{\"@type\":\"BreadcrumbList\",\"@id\":\"https:\/\/www.ull.es\/portal\/noticias\/2011\/especialistas-en-enoturismo-y-turismo-gastronomico-participaran-en-un-seminario-especifico-sobre-la-materia\/#breadcrumb\",\"itemListElement\":[{\"@type\":\"ListItem\",\"position\":1,\"name\":\"Portada\",\"item\":\"https:\/\/www.ull.es\/portal\/noticias\/\"},{\"@type\":\"ListItem\",\"position\":2,\"name\":\"Especialistas en enoturismo y turismo gastron\u00f3mico participar\u00e1n en un seminario espec\u00edfico sobre la materia\"}]},{\"@type\":\"WebSite\",\"@id\":\"https:\/\/www.ull.es\/portal\/noticias\/#website\",\"url\":\"https:\/\/www.ull.es\/portal\/noticias\/\",\"name\":\"ULL - Noticias\",\"description\":\"\",\"potentialAction\":[{\"@type\":\"SearchAction\",\"target\":{\"@type\":\"EntryPoint\",\"urlTemplate\":\"https:\/\/www.ull.es\/portal\/noticias\/?s={search_term_string}\"},\"query-input\":\"required name=search_term_string\"}],\"inLanguage\":\"es\"},{\"@type\":\"Person\",\"@id\":\"https:\/\/www.ull.es\/portal\/noticias\/#\/schema\/person\/c3b2aa857797592927a03740d6664376\",\"name\":\"prensa2\",\"image\":{\"@type\":\"ImageObject\",\"inLanguage\":\"es\",\"@id\":\"https:\/\/www.ull.es\/portal\/noticias\/#\/schema\/person\/image\/\",\"url\":\"https:\/\/secure.gravatar.com\/avatar\/b58f310a5de5feb33d1e026d2493f23c?s=96&d=mm&r=g\",\"contentUrl\":\"https:\/\/secure.gravatar.com\/avatar\/b58f310a5de5feb33d1e026d2493f23c?s=96&d=mm&r=g\",\"caption\":\"prensa2\"},\"url\":\"https:\/\/www.ull.es\/portal\/noticias\/author\/prensa2\/\"}]}<\/script>\n<!-- \/ Yoast SEO plugin. -->","yoast_head_json":{"title":"Especialistas en enoturismo y turismo gastron\u00f3mico participar\u00e1n en un seminario espec\u00edfico sobre la materia - ULL - Noticias","robots":{"index":"index","follow":"follow","max-snippet":"max-snippet:-1","max-image-preview":"max-image-preview:large","max-video-preview":"max-video-preview:-1"},"canonical":"https:\/\/www.ull.es\/portal\/noticias\/2011\/especialistas-en-enoturismo-y-turismo-gastronomico-participaran-en-un-seminario-especifico-sobre-la-materia\/","og_locale":"es_ES","og_type":"article","og_title":"Especialistas en enoturismo y turismo gastron\u00f3mico participar\u00e1n en un seminario espec\u00edfico sobre la materia - ULL - Noticias","og_description":"El municipio de El Sauzal acoger&aacute; el pr&oacute;ximo d&iacute;a 20 de octubre la primera edici&oacute;n del Seminario Internacional de Enogastroturismo...","og_url":"https:\/\/www.ull.es\/portal\/noticias\/2011\/especialistas-en-enoturismo-y-turismo-gastronomico-participaran-en-un-seminario-especifico-sobre-la-materia\/","og_site_name":"ULL - Noticias","article_publisher":"https:\/\/www.facebook.com\/universidaddelalaguna\/","article_published_time":"2011-10-13T14:36:40+00:00","og_image":[{"width":800,"height":530,"url":"https:\/\/www.ull.es\/portal\/noticias\/wp-content\/uploads\/sites\/13\/2015\/07\/Gastroturismo-01.jpg","type":"image\/jpeg"}],"author":"prensa2","twitter_card":"summary_large_image","twitter_creator":"@CanalULL","twitter_site":"@CanalULL","twitter_misc":{"Escrito por":"prensa2","Tiempo de lectura":"3 minutos"},"schema":{"@context":"https:\/\/schema.org","@graph":[{"@type":"WebPage","@id":"https:\/\/www.ull.es\/portal\/noticias\/2011\/especialistas-en-enoturismo-y-turismo-gastronomico-participaran-en-un-seminario-especifico-sobre-la-materia\/","url":"https:\/\/www.ull.es\/portal\/noticias\/2011\/especialistas-en-enoturismo-y-turismo-gastronomico-participaran-en-un-seminario-especifico-sobre-la-materia\/","name":"Especialistas en enoturismo y turismo gastron\u00f3mico participar\u00e1n en un seminario espec\u00edfico sobre la materia - ULL - Noticias","isPartOf":{"@id":"https:\/\/www.ull.es\/portal\/noticias\/#website"},"datePublished":"2011-10-13T14:36:40+00:00","dateModified":"2011-10-13T14:36:40+00:00","author":{"@id":"https:\/\/www.ull.es\/portal\/noticias\/#\/schema\/person\/c3b2aa857797592927a03740d6664376"},"breadcrumb":{"@id":"https:\/\/www.ull.es\/portal\/noticias\/2011\/especialistas-en-enoturismo-y-turismo-gastronomico-participaran-en-un-seminario-especifico-sobre-la-materia\/#breadcrumb"},"inLanguage":"es","potentialAction":[{"@type":"ReadAction","target":["https:\/\/www.ull.es\/portal\/noticias\/2011\/especialistas-en-enoturismo-y-turismo-gastronomico-participaran-en-un-seminario-especifico-sobre-la-materia\/"]}]},{"@type":"BreadcrumbList","@id":"https:\/\/www.ull.es\/portal\/noticias\/2011\/especialistas-en-enoturismo-y-turismo-gastronomico-participaran-en-un-seminario-especifico-sobre-la-materia\/#breadcrumb","itemListElement":[{"@type":"ListItem","position":1,"name":"Portada","item":"https:\/\/www.ull.es\/portal\/noticias\/"},{"@type":"ListItem","position":2,"name":"Especialistas en enoturismo y turismo gastron\u00f3mico participar\u00e1n en un seminario espec\u00edfico sobre la materia"}]},{"@type":"WebSite","@id":"https:\/\/www.ull.es\/portal\/noticias\/#website","url":"https:\/\/www.ull.es\/portal\/noticias\/","name":"ULL - Noticias","description":"","potentialAction":[{"@type":"SearchAction","target":{"@type":"EntryPoint","urlTemplate":"https:\/\/www.ull.es\/portal\/noticias\/?s={search_term_string}"},"query-input":"required name=search_term_string"}],"inLanguage":"es"},{"@type":"Person","@id":"https:\/\/www.ull.es\/portal\/noticias\/#\/schema\/person\/c3b2aa857797592927a03740d6664376","name":"prensa2","image":{"@type":"ImageObject","inLanguage":"es","@id":"https:\/\/www.ull.es\/portal\/noticias\/#\/schema\/person\/image\/","url":"https:\/\/secure.gravatar.com\/avatar\/b58f310a5de5feb33d1e026d2493f23c?s=96&d=mm&r=g","contentUrl":"https:\/\/secure.gravatar.com\/avatar\/b58f310a5de5feb33d1e026d2493f23c?s=96&d=mm&r=g","caption":"prensa2"},"url":"https:\/\/www.ull.es\/portal\/noticias\/author\/prensa2\/"}]}},"primary_category":null,"featured_image_thumbnail_url":"https:\/\/www.ull.es\/portal\/noticias\/wp-content\/uploads\/sites\/13\/2015\/07\/Gastroturismo-01-300x199.jpg","_links":{"self":[{"href":"https:\/\/www.ull.es\/portal\/noticias\/wp-json\/wp\/v2\/posts\/18388"}],"collection":[{"href":"https:\/\/www.ull.es\/portal\/noticias\/wp-json\/wp\/v2\/posts"}],"about":[{"href":"https:\/\/www.ull.es\/portal\/noticias\/wp-json\/wp\/v2\/types\/post"}],"author":[{"embeddable":true,"href":"https:\/\/www.ull.es\/portal\/noticias\/wp-json\/wp\/v2\/users\/21"}],"replies":[{"embeddable":true,"href":"https:\/\/www.ull.es\/portal\/noticias\/wp-json\/wp\/v2\/comments?post=18388"}],"version-history":[{"count":0,"href":"https:\/\/www.ull.es\/portal\/noticias\/wp-json\/wp\/v2\/posts\/18388\/revisions"}],"wp:featuredmedia":[{"embeddable":true,"href":"https:\/\/www.ull.es\/portal\/noticias\/wp-json\/wp\/v2\/media\/18389"}],"wp:attachment":[{"href":"https:\/\/www.ull.es\/portal\/noticias\/wp-json\/wp\/v2\/media?parent=18388"}],"wp:term":[{"taxonomy":"category","embeddable":true,"href":"https:\/\/www.ull.es\/portal\/noticias\/wp-json\/wp\/v2\/categories?post=18388"},{"taxonomy":"post_tag","embeddable":true,"href":"https:\/\/www.ull.es\/portal\/noticias\/wp-json\/wp\/v2\/tags?post=18388"}],"curies":[{"name":"wp","href":"https:\/\/api.w.org\/{rel}","templated":true}]}}