{"id":18892,"date":"2012-02-28T14:23:26","date_gmt":"2012-02-28T14:23:26","guid":{"rendered":"http:\/\/ddigital.webs.ull.es\/el-consejo-de-gobierno-de-la-ull-aprueba-la-creacion-de-dos-departamentos-de-ingenieria-electronica-y-mecanica\/"},"modified":"2012-02-28T14:23:26","modified_gmt":"2012-02-28T14:23:26","slug":"el-consejo-de-gobierno-de-la-ull-aprueba-la-creacion-de-dos-departamentos-de-ingenieria-electronica-y-mecanica","status":"publish","type":"post","link":"https:\/\/www.ull.es\/portal\/noticias\/2012\/el-consejo-de-gobierno-de-la-ull-aprueba-la-creacion-de-dos-departamentos-de-ingenieria-electronica-y-mecanica\/","title":{"rendered":"El Consejo de Gobierno de la ULL aprueba la creaci\u00f3n de dos departamentos de Ingenier\u00eda Electr\u00f3nica y Mec\u00e1nica"},"content":{"rendered":"<p> \tEl Consejo de Gobierno de la Universidad de La Laguna aprob&oacute; hoy martes 28 de febrero, por 30 votos a favor, cuatro en contra y cinco abstenciones, la creaci&oacute;n de dos nuevos departamentos, a saber: el de Ingenier&iacute;a Electr&oacute;nica, Telem&aacute;tica y Comunicaciones, por un lado, y el de Ingenier&iacute;a Mec&aacute;nica, El&eacute;ctrica, Energ&eacute;tica y de Materiales, por otro.&nbsp; La configuraci&oacute;n de estos dos departamentos supone el fomento de la presencia de las ingenier&iacute;as en el centro acad&eacute;mico, al tiempo que tambi&eacute;n lleva aparejado el cambio de denominaci&oacute;n del departamento matriz del que se segregan, el de F&iacute;sica Fundamental y Experimental, Electr&oacute;nica y Sistemas.<\/p>\n<p> \tAs&iacute;, el vicerrector de Ordenaci&oacute;n Acad&eacute;mica y Profesorado, Juan Felipe P&eacute;rez Franc&eacute;s, explic&oacute; que el primero de los dos nuevos departamentos contar&iacute;a con un total de 19 profesores que impartir&iacute;an un total de 40 asignaturas de los nuevos planes y 43 de aquellas que se encuentran en proceso de extinci&oacute;n, lo que suma 83 materias. Las &aacute;reas que alberga esta nueva unidad son Ingenier&iacute;a Telem&aacute;tica, Teor&iacute;a de la Se&ntilde;al y Comunicaciones y, por &uacute;ltimo, Tecnolog&iacute;a Electr&oacute;nica.<\/p>\n<p> \tPor su parte, el departamento de Ingenier&iacute;a Mec&aacute;nica, El&eacute;ctrica, Energ&eacute;tica y de Materiales dispondr&aacute; de 22 profesores, encargados de la docencia de 43 asignaturas de los nuevos planes y otras 43 de aquellas que se encuentran en proceso de extinci&oacute;n, lo que suma 86 materias. Este departamento contemplar&iacute;a las &aacute;reas de Ingenier&iacute;a Mec&aacute;nica, M&aacute;quinas y Motores T&eacute;rmicos, Ingenier&iacute;a El&eacute;ctrica y Ciencia de los Materiales e Ingenier&iacute;a Metal&uacute;rgica. <\/p>\n<p> \tEl Consejo de Gobierno tambi&eacute;n abord&oacute; en la sesi&oacute;n de esta ma&ntilde;ana el reglamento de gesti&oacute;n de pr&aacute;cticas externas de la Universidad de La Laguna, aprobado hace un a&ntilde;o por este mismo &oacute;rgano y que debe ahora adaptarse a la nueva normativa generada por el ministerio el pasado mes de noviembre. El vicerrector de Posgrado, Nuevos Estudios y Espacio Europeo de Educaci&oacute;n Superior, Jos&eacute; Mar&iacute;a Palaz&oacute;n, se&ntilde;al&oacute; que la normativa pretende dotar al centro docente de un marco actualizado que regule con car&aacute;cter general las pr&aacute;cticas externas, tanto de car&aacute;cter curricular como extracurricular.<\/p>\n<p> \tLos cambios afectan principalmente al contenido de los convenios, as&iacute; como al apartado de derechos y obligaciones del estudiantado, que ahora es m&aacute;s extenso ya que recoge las novedades introducidas por el Estatuto del Estudiante. Tambi&eacute;n se eliminan requisitos para acceder a las pr&aacute;cticas por parte del alumnado, lo que permitir&aacute;, en opini&oacute;n del vicerrector, mayor flexibilidad para que los centros organicen este tipo de ense&ntilde;anza aplicada. La norma fue aprobada por 29 votos a favor, uno en contra y una abstenci&oacute;n.<\/p>\n<p> \tEn la sesi&oacute;n de hoy tambi&eacute;n se debatieron otros asuntos, entre los cuales figura la aprobaci&oacute;n de la carta de servicios de la secretar&iacute;a de la Facultad de Educaci&oacute;n, as&iacute; como el plan para impulsar la elaboraci&oacute;n y difusi&oacute;n de cartas de servicio entre las secretar&iacute;as de los centros. El Consejo de Gobierno tambi&eacute;n aprob&oacute; hoy la C&aacute;tedra Cultural de Estudios Bereberes de la Universidad de La Laguna.<\/p>\n","protected":false},"excerpt":{"rendered":"<p>El Consejo de Gobierno de la Universidad de La Laguna aprob&oacute; hoy martes 28 de febrero, por 30 votos a&#8230;<\/p>\n","protected":false},"author":21,"featured_media":18893,"comment_status":"open","ping_status":"open","sticky":false,"template":"","format":"standard","meta":{"inline_featured_image":false,"footnotes":""},"categories":[347],"tags":[],"acf":[],"yoast_head":"<!-- This site is optimized with the Yoast SEO plugin v21.3 - https:\/\/yoast.com\/wordpress\/plugins\/seo\/ -->\n<title>El Consejo de Gobierno de la ULL aprueba la creaci\u00f3n de dos departamentos de Ingenier\u00eda Electr\u00f3nica y Mec\u00e1nica - ULL - Noticias<\/title>\n<meta name=\"robots\" content=\"index, follow, max-snippet:-1, max-image-preview:large, max-video-preview:-1\" \/>\n<link rel=\"canonical\" href=\"https:\/\/www.ull.es\/portal\/noticias\/2012\/el-consejo-de-gobierno-de-la-ull-aprueba-la-creacion-de-dos-departamentos-de-ingenieria-electronica-y-mecanica\/\" \/>\n<meta property=\"og:locale\" content=\"es_ES\" \/>\n<meta property=\"og:type\" content=\"article\" \/>\n<meta property=\"og:title\" content=\"El Consejo de Gobierno de la ULL aprueba la creaci\u00f3n de dos departamentos de Ingenier\u00eda Electr\u00f3nica y Mec\u00e1nica - ULL - Noticias\" \/>\n<meta property=\"og:description\" content=\"El Consejo de Gobierno de la Universidad de La Laguna aprob&oacute; hoy martes 28 de febrero, por 30 votos a...\" \/>\n<meta property=\"og:url\" content=\"https:\/\/www.ull.es\/portal\/noticias\/2012\/el-consejo-de-gobierno-de-la-ull-aprueba-la-creacion-de-dos-departamentos-de-ingenieria-electronica-y-mecanica\/\" \/>\n<meta property=\"og:site_name\" content=\"ULL - Noticias\" \/>\n<meta property=\"article:publisher\" content=\"https:\/\/www.facebook.com\/universidaddelalaguna\/\" \/>\n<meta property=\"article:published_time\" content=\"2012-02-28T14:23:26+00:00\" \/>\n<meta property=\"og:image\" content=\"https:\/\/www.ull.es\/portal\/noticias\/wp-content\/uploads\/sites\/13\/2015\/07\/Cons-Gobierno-28-2-01.jpg\" \/>\n\t<meta property=\"og:image:width\" content=\"1594\" \/>\n\t<meta property=\"og:image:height\" content=\"1063\" \/>\n\t<meta property=\"og:image:type\" content=\"image\/jpeg\" \/>\n<meta name=\"author\" content=\"prensa2\" \/>\n<meta name=\"twitter:card\" content=\"summary_large_image\" \/>\n<meta name=\"twitter:creator\" content=\"@CanalULL\" \/>\n<meta name=\"twitter:site\" content=\"@CanalULL\" \/>\n<meta name=\"twitter:label1\" content=\"Escrito por\" \/>\n\t<meta name=\"twitter:data1\" content=\"prensa2\" \/>\n\t<meta name=\"twitter:label2\" content=\"Tiempo de lectura\" \/>\n\t<meta name=\"twitter:data2\" content=\"3 minutos\" \/>\n<script type=\"application\/ld+json\" class=\"yoast-schema-graph\">{\"@context\":\"https:\/\/schema.org\",\"@graph\":[{\"@type\":\"WebPage\",\"@id\":\"https:\/\/www.ull.es\/portal\/noticias\/2012\/el-consejo-de-gobierno-de-la-ull-aprueba-la-creacion-de-dos-departamentos-de-ingenieria-electronica-y-mecanica\/\",\"url\":\"https:\/\/www.ull.es\/portal\/noticias\/2012\/el-consejo-de-gobierno-de-la-ull-aprueba-la-creacion-de-dos-departamentos-de-ingenieria-electronica-y-mecanica\/\",\"name\":\"El Consejo de Gobierno de la ULL aprueba la creaci\u00f3n de dos departamentos de Ingenier\u00eda Electr\u00f3nica y Mec\u00e1nica - ULL - Noticias\",\"isPartOf\":{\"@id\":\"https:\/\/www.ull.es\/portal\/noticias\/#website\"},\"datePublished\":\"2012-02-28T14:23:26+00:00\",\"dateModified\":\"2012-02-28T14:23:26+00:00\",\"author\":{\"@id\":\"https:\/\/www.ull.es\/portal\/noticias\/#\/schema\/person\/c3b2aa857797592927a03740d6664376\"},\"breadcrumb\":{\"@id\":\"https:\/\/www.ull.es\/portal\/noticias\/2012\/el-consejo-de-gobierno-de-la-ull-aprueba-la-creacion-de-dos-departamentos-de-ingenieria-electronica-y-mecanica\/#breadcrumb\"},\"inLanguage\":\"es\",\"potentialAction\":[{\"@type\":\"ReadAction\",\"target\":[\"https:\/\/www.ull.es\/portal\/noticias\/2012\/el-consejo-de-gobierno-de-la-ull-aprueba-la-creacion-de-dos-departamentos-de-ingenieria-electronica-y-mecanica\/\"]}]},{\"@type\":\"BreadcrumbList\",\"@id\":\"https:\/\/www.ull.es\/portal\/noticias\/2012\/el-consejo-de-gobierno-de-la-ull-aprueba-la-creacion-de-dos-departamentos-de-ingenieria-electronica-y-mecanica\/#breadcrumb\",\"itemListElement\":[{\"@type\":\"ListItem\",\"position\":1,\"name\":\"Portada\",\"item\":\"https:\/\/www.ull.es\/portal\/noticias\/\"},{\"@type\":\"ListItem\",\"position\":2,\"name\":\"El Consejo de Gobierno de la ULL aprueba la creaci\u00f3n de dos departamentos de Ingenier\u00eda Electr\u00f3nica y Mec\u00e1nica\"}]},{\"@type\":\"WebSite\",\"@id\":\"https:\/\/www.ull.es\/portal\/noticias\/#website\",\"url\":\"https:\/\/www.ull.es\/portal\/noticias\/\",\"name\":\"ULL - Noticias\",\"description\":\"\",\"potentialAction\":[{\"@type\":\"SearchAction\",\"target\":{\"@type\":\"EntryPoint\",\"urlTemplate\":\"https:\/\/www.ull.es\/portal\/noticias\/?s={search_term_string}\"},\"query-input\":\"required name=search_term_string\"}],\"inLanguage\":\"es\"},{\"@type\":\"Person\",\"@id\":\"https:\/\/www.ull.es\/portal\/noticias\/#\/schema\/person\/c3b2aa857797592927a03740d6664376\",\"name\":\"prensa2\",\"image\":{\"@type\":\"ImageObject\",\"inLanguage\":\"es\",\"@id\":\"https:\/\/www.ull.es\/portal\/noticias\/#\/schema\/person\/image\/\",\"url\":\"https:\/\/secure.gravatar.com\/avatar\/b58f310a5de5feb33d1e026d2493f23c?s=96&d=mm&r=g\",\"contentUrl\":\"https:\/\/secure.gravatar.com\/avatar\/b58f310a5de5feb33d1e026d2493f23c?s=96&d=mm&r=g\",\"caption\":\"prensa2\"},\"url\":\"https:\/\/www.ull.es\/portal\/noticias\/author\/prensa2\/\"}]}<\/script>\n<!-- \/ Yoast SEO plugin. -->","yoast_head_json":{"title":"El Consejo de Gobierno de la ULL aprueba la creaci\u00f3n de dos departamentos de Ingenier\u00eda Electr\u00f3nica y Mec\u00e1nica - ULL - Noticias","robots":{"index":"index","follow":"follow","max-snippet":"max-snippet:-1","max-image-preview":"max-image-preview:large","max-video-preview":"max-video-preview:-1"},"canonical":"https:\/\/www.ull.es\/portal\/noticias\/2012\/el-consejo-de-gobierno-de-la-ull-aprueba-la-creacion-de-dos-departamentos-de-ingenieria-electronica-y-mecanica\/","og_locale":"es_ES","og_type":"article","og_title":"El Consejo de Gobierno de la ULL aprueba la creaci\u00f3n de dos departamentos de Ingenier\u00eda Electr\u00f3nica y Mec\u00e1nica - ULL - Noticias","og_description":"El Consejo de Gobierno de la Universidad de La Laguna aprob&oacute; hoy martes 28 de febrero, por 30 votos a...","og_url":"https:\/\/www.ull.es\/portal\/noticias\/2012\/el-consejo-de-gobierno-de-la-ull-aprueba-la-creacion-de-dos-departamentos-de-ingenieria-electronica-y-mecanica\/","og_site_name":"ULL - Noticias","article_publisher":"https:\/\/www.facebook.com\/universidaddelalaguna\/","article_published_time":"2012-02-28T14:23:26+00:00","og_image":[{"width":1594,"height":1063,"url":"https:\/\/www.ull.es\/portal\/noticias\/wp-content\/uploads\/sites\/13\/2015\/07\/Cons-Gobierno-28-2-01.jpg","type":"image\/jpeg"}],"author":"prensa2","twitter_card":"summary_large_image","twitter_creator":"@CanalULL","twitter_site":"@CanalULL","twitter_misc":{"Escrito por":"prensa2","Tiempo de lectura":"3 minutos"},"schema":{"@context":"https:\/\/schema.org","@graph":[{"@type":"WebPage","@id":"https:\/\/www.ull.es\/portal\/noticias\/2012\/el-consejo-de-gobierno-de-la-ull-aprueba-la-creacion-de-dos-departamentos-de-ingenieria-electronica-y-mecanica\/","url":"https:\/\/www.ull.es\/portal\/noticias\/2012\/el-consejo-de-gobierno-de-la-ull-aprueba-la-creacion-de-dos-departamentos-de-ingenieria-electronica-y-mecanica\/","name":"El Consejo de Gobierno de la ULL aprueba la creaci\u00f3n de dos departamentos de Ingenier\u00eda Electr\u00f3nica y Mec\u00e1nica - ULL - Noticias","isPartOf":{"@id":"https:\/\/www.ull.es\/portal\/noticias\/#website"},"datePublished":"2012-02-28T14:23:26+00:00","dateModified":"2012-02-28T14:23:26+00:00","author":{"@id":"https:\/\/www.ull.es\/portal\/noticias\/#\/schema\/person\/c3b2aa857797592927a03740d6664376"},"breadcrumb":{"@id":"https:\/\/www.ull.es\/portal\/noticias\/2012\/el-consejo-de-gobierno-de-la-ull-aprueba-la-creacion-de-dos-departamentos-de-ingenieria-electronica-y-mecanica\/#breadcrumb"},"inLanguage":"es","potentialAction":[{"@type":"ReadAction","target":["https:\/\/www.ull.es\/portal\/noticias\/2012\/el-consejo-de-gobierno-de-la-ull-aprueba-la-creacion-de-dos-departamentos-de-ingenieria-electronica-y-mecanica\/"]}]},{"@type":"BreadcrumbList","@id":"https:\/\/www.ull.es\/portal\/noticias\/2012\/el-consejo-de-gobierno-de-la-ull-aprueba-la-creacion-de-dos-departamentos-de-ingenieria-electronica-y-mecanica\/#breadcrumb","itemListElement":[{"@type":"ListItem","position":1,"name":"Portada","item":"https:\/\/www.ull.es\/portal\/noticias\/"},{"@type":"ListItem","position":2,"name":"El Consejo de Gobierno de la ULL aprueba la creaci\u00f3n de dos departamentos de Ingenier\u00eda Electr\u00f3nica y Mec\u00e1nica"}]},{"@type":"WebSite","@id":"https:\/\/www.ull.es\/portal\/noticias\/#website","url":"https:\/\/www.ull.es\/portal\/noticias\/","name":"ULL - Noticias","description":"","potentialAction":[{"@type":"SearchAction","target":{"@type":"EntryPoint","urlTemplate":"https:\/\/www.ull.es\/portal\/noticias\/?s={search_term_string}"},"query-input":"required name=search_term_string"}],"inLanguage":"es"},{"@type":"Person","@id":"https:\/\/www.ull.es\/portal\/noticias\/#\/schema\/person\/c3b2aa857797592927a03740d6664376","name":"prensa2","image":{"@type":"ImageObject","inLanguage":"es","@id":"https:\/\/www.ull.es\/portal\/noticias\/#\/schema\/person\/image\/","url":"https:\/\/secure.gravatar.com\/avatar\/b58f310a5de5feb33d1e026d2493f23c?s=96&d=mm&r=g","contentUrl":"https:\/\/secure.gravatar.com\/avatar\/b58f310a5de5feb33d1e026d2493f23c?s=96&d=mm&r=g","caption":"prensa2"},"url":"https:\/\/www.ull.es\/portal\/noticias\/author\/prensa2\/"}]}},"primary_category":null,"featured_image_thumbnail_url":"https:\/\/www.ull.es\/portal\/noticias\/wp-content\/uploads\/sites\/13\/2015\/07\/Cons-Gobierno-28-2-01-300x200.jpg","_links":{"self":[{"href":"https:\/\/www.ull.es\/portal\/noticias\/wp-json\/wp\/v2\/posts\/18892"}],"collection":[{"href":"https:\/\/www.ull.es\/portal\/noticias\/wp-json\/wp\/v2\/posts"}],"about":[{"href":"https:\/\/www.ull.es\/portal\/noticias\/wp-json\/wp\/v2\/types\/post"}],"author":[{"embeddable":true,"href":"https:\/\/www.ull.es\/portal\/noticias\/wp-json\/wp\/v2\/users\/21"}],"replies":[{"embeddable":true,"href":"https:\/\/www.ull.es\/portal\/noticias\/wp-json\/wp\/v2\/comments?post=18892"}],"version-history":[{"count":0,"href":"https:\/\/www.ull.es\/portal\/noticias\/wp-json\/wp\/v2\/posts\/18892\/revisions"}],"wp:featuredmedia":[{"embeddable":true,"href":"https:\/\/www.ull.es\/portal\/noticias\/wp-json\/wp\/v2\/media\/18893"}],"wp:attachment":[{"href":"https:\/\/www.ull.es\/portal\/noticias\/wp-json\/wp\/v2\/media?parent=18892"}],"wp:term":[{"taxonomy":"category","embeddable":true,"href":"https:\/\/www.ull.es\/portal\/noticias\/wp-json\/wp\/v2\/categories?post=18892"},{"taxonomy":"post_tag","embeddable":true,"href":"https:\/\/www.ull.es\/portal\/noticias\/wp-json\/wp\/v2\/tags?post=18892"}],"curies":[{"name":"wp","href":"https:\/\/api.w.org\/{rel}","templated":true}]}}