{"id":19443,"date":"2012-06-14T13:16:11","date_gmt":"2012-06-14T13:16:11","guid":{"rendered":"http:\/\/ddigital.webs.ull.es\/educacion-favorece-la-movilidad-de-los-profesores-universitarios-y-estudiantes-de-master-en-universidades-francesas-y-espanolas\/"},"modified":"2012-06-14T13:16:11","modified_gmt":"2012-06-14T13:16:11","slug":"educacion-favorece-la-movilidad-de-los-profesores-universitarios-y-estudiantes-de-master-en-universidades-francesas-y-espanolas","status":"publish","type":"post","link":"https:\/\/www.ull.es\/portal\/noticias\/2012\/educacion-favorece-la-movilidad-de-los-profesores-universitarios-y-estudiantes-de-master-en-universidades-francesas-y-espanolas\/","title":{"rendered":"Educaci\u00f3n favorece la movilidad de los profesores universitarios y estudiantes de m\u00e1ster en universidades francesas y espa\u00f1olas"},"content":{"rendered":"<p> \tEl Ministerio de Educaci&oacute;n, Cultura y Deporte, a trav&eacute;s de la Secretar&iacute;a General de Universidades, ha convocado por cuarto a&ntilde;o consecutivo el programa de ayudas para favorecer la movilidad de profesores visitantes y estudiantes de universidades espa&ntilde;olas. La partida econ&oacute;mica para esta convocatoria, que afectar&aacute; a una veintena de programas de m&aacute;ster, a 50 profesores y a 50 estudiantes, prev&eacute; dotaciones para el curso acad&eacute;mico 2012-2013 por un m&aacute;ximo de 303.720 euros.<br \/> \t&nbsp;<\/p>\n<p> \t&quot;Entre las prioridades del Ministerio se encuentra la potenciaci&oacute;n de la formaci&oacute;n de los agentes del sistema universitario y, en este sentido, facilitar el seguimiento de estudios en el extranjero es un aspecto con el que con toda seguridad contribuiremos a ello&quot;, ha asegurado el ministro de Educaci&oacute;n, Cultura y Deporte, Jos&eacute; Ignacio Wert<\/p>\n<p> \tConcesi&oacute;n de subvenciones en dos fases <\/p>\n<p> \tEl procedimiento para la concesi&oacute;n de subvenciones se desarrollar&aacute; en dos fases: una primera que consistir&aacute; en la selecci&oacute;n de proyectos conjuntos y la segunda, en la que se seleccionar&aacute;n los beneficiarios de las estancias de movilidad para cada uno de los proyectos previamente escogidos.<\/p>\n<p> \tCabe destacar que se seleccionar&aacute;n 6 nuevos m&aacute;steres conjuntos por la Comisi&oacute;n Mixta y se evaluar&aacute; el seguimiento de los m&aacute;steres subvencionados en el a&ntilde;o anterior.<\/p>\n<p> \tBalance del programa: 22 m&aacute;steres conjuntos y m&aacute;s de 370 mil euros<\/p>\n<p> \tLas ayudas de movilidad de profesores visitantes y de estudiantes de universidades en el marco de programas conjuntos hispano-franceses se ha ofertado desde el a&ntilde;o 2009 dentro de la convocatoria de ayudas que anualmente se publicaba en el marco del cumplimiento de los objetivos de la iniciativa adoptada en la XIX Cumbre Bilateral entre Francia y Espa&ntilde;a celebrada en noviembre de 2006.<\/p>\n<p> \tEn las convocatorias ya realizadas, se han subvencionado por un importe de 371.940 euros un total de 22 m&aacute;steres conjuntos, que han obtenido financiaci&oacute;n para tres cursos acad&eacute;micos consecutivos para estancias de movilidad en universidades francesas. En este per&iacute;odo se han financiado estancias de movilidad a 148 profesores y a 52 estudiantes, con una media de duraci&oacute;n de las estancias de movilidad de 1,2 semanas y 14,7 semanas de profesores y de estudiantes respectivamente.<\/p>\n<p> \t(Nota cedida).<\/p>\n","protected":false},"excerpt":{"rendered":"<p>El Ministerio de Educaci&oacute;n, Cultura y Deporte, a trav&eacute;s de la Secretar&iacute;a General de Universidades, ha convocado por cuarto a&ntilde;o&#8230;<\/p>\n","protected":false},"author":21,"featured_media":0,"comment_status":"open","ping_status":"open","sticky":false,"template":"","format":"standard","meta":{"inline_featured_image":false,"footnotes":""},"categories":[348,1],"tags":[],"acf":[],"yoast_head":"<!-- This site is optimized with the Yoast SEO plugin v21.3 - https:\/\/yoast.com\/wordpress\/plugins\/seo\/ -->\n<title>Educaci\u00f3n favorece la movilidad de los profesores universitarios y estudiantes de m\u00e1ster en universidades francesas y espa\u00f1olas - ULL - Noticias<\/title>\n<meta name=\"robots\" content=\"index, follow, max-snippet:-1, max-image-preview:large, max-video-preview:-1\" \/>\n<link rel=\"canonical\" href=\"https:\/\/www.ull.es\/portal\/noticias\/2012\/educacion-favorece-la-movilidad-de-los-profesores-universitarios-y-estudiantes-de-master-en-universidades-francesas-y-espanolas\/\" \/>\n<meta property=\"og:locale\" content=\"es_ES\" \/>\n<meta property=\"og:type\" content=\"article\" \/>\n<meta property=\"og:title\" content=\"Educaci\u00f3n favorece la movilidad de los profesores universitarios y estudiantes de m\u00e1ster en universidades francesas y espa\u00f1olas - ULL - Noticias\" \/>\n<meta property=\"og:description\" content=\"El Ministerio de Educaci&oacute;n, Cultura y Deporte, a trav&eacute;s de la Secretar&iacute;a General de Universidades, ha convocado por cuarto a&ntilde;o...\" \/>\n<meta property=\"og:url\" content=\"https:\/\/www.ull.es\/portal\/noticias\/2012\/educacion-favorece-la-movilidad-de-los-profesores-universitarios-y-estudiantes-de-master-en-universidades-francesas-y-espanolas\/\" \/>\n<meta property=\"og:site_name\" content=\"ULL - Noticias\" \/>\n<meta property=\"article:publisher\" content=\"https:\/\/www.facebook.com\/universidaddelalaguna\/\" \/>\n<meta property=\"article:published_time\" content=\"2012-06-14T13:16:11+00:00\" \/>\n<meta property=\"og:image\" content=\"https:\/\/www.ull.es\/portal\/noticias\/wp-content\/uploads\/sites\/13\/2023\/06\/logo-redimensionado.png\" \/>\n\t<meta property=\"og:image:width\" content=\"1200\" \/>\n\t<meta property=\"og:image:height\" content=\"630\" \/>\n\t<meta property=\"og:image:type\" content=\"image\/png\" \/>\n<meta name=\"author\" content=\"prensa2\" \/>\n<meta name=\"twitter:card\" content=\"summary_large_image\" \/>\n<meta name=\"twitter:creator\" content=\"@CanalULL\" \/>\n<meta name=\"twitter:site\" content=\"@CanalULL\" \/>\n<meta name=\"twitter:label1\" content=\"Escrito por\" \/>\n\t<meta name=\"twitter:data1\" content=\"prensa2\" \/>\n\t<meta name=\"twitter:label2\" content=\"Tiempo de lectura\" \/>\n\t<meta name=\"twitter:data2\" content=\"2 minutos\" \/>\n<script type=\"application\/ld+json\" class=\"yoast-schema-graph\">{\"@context\":\"https:\/\/schema.org\",\"@graph\":[{\"@type\":\"WebPage\",\"@id\":\"https:\/\/www.ull.es\/portal\/noticias\/2012\/educacion-favorece-la-movilidad-de-los-profesores-universitarios-y-estudiantes-de-master-en-universidades-francesas-y-espanolas\/\",\"url\":\"https:\/\/www.ull.es\/portal\/noticias\/2012\/educacion-favorece-la-movilidad-de-los-profesores-universitarios-y-estudiantes-de-master-en-universidades-francesas-y-espanolas\/\",\"name\":\"Educaci\u00f3n favorece la movilidad de los profesores universitarios y estudiantes de m\u00e1ster en universidades francesas y espa\u00f1olas - ULL - Noticias\",\"isPartOf\":{\"@id\":\"https:\/\/www.ull.es\/portal\/noticias\/#website\"},\"datePublished\":\"2012-06-14T13:16:11+00:00\",\"dateModified\":\"2012-06-14T13:16:11+00:00\",\"author\":{\"@id\":\"https:\/\/www.ull.es\/portal\/noticias\/#\/schema\/person\/c3b2aa857797592927a03740d6664376\"},\"breadcrumb\":{\"@id\":\"https:\/\/www.ull.es\/portal\/noticias\/2012\/educacion-favorece-la-movilidad-de-los-profesores-universitarios-y-estudiantes-de-master-en-universidades-francesas-y-espanolas\/#breadcrumb\"},\"inLanguage\":\"es\",\"potentialAction\":[{\"@type\":\"ReadAction\",\"target\":[\"https:\/\/www.ull.es\/portal\/noticias\/2012\/educacion-favorece-la-movilidad-de-los-profesores-universitarios-y-estudiantes-de-master-en-universidades-francesas-y-espanolas\/\"]}]},{\"@type\":\"BreadcrumbList\",\"@id\":\"https:\/\/www.ull.es\/portal\/noticias\/2012\/educacion-favorece-la-movilidad-de-los-profesores-universitarios-y-estudiantes-de-master-en-universidades-francesas-y-espanolas\/#breadcrumb\",\"itemListElement\":[{\"@type\":\"ListItem\",\"position\":1,\"name\":\"Portada\",\"item\":\"https:\/\/www.ull.es\/portal\/noticias\/\"},{\"@type\":\"ListItem\",\"position\":2,\"name\":\"Educaci\u00f3n favorece la movilidad de los profesores universitarios y estudiantes de m\u00e1ster en universidades francesas y espa\u00f1olas\"}]},{\"@type\":\"WebSite\",\"@id\":\"https:\/\/www.ull.es\/portal\/noticias\/#website\",\"url\":\"https:\/\/www.ull.es\/portal\/noticias\/\",\"name\":\"ULL - Noticias\",\"description\":\"\",\"potentialAction\":[{\"@type\":\"SearchAction\",\"target\":{\"@type\":\"EntryPoint\",\"urlTemplate\":\"https:\/\/www.ull.es\/portal\/noticias\/?s={search_term_string}\"},\"query-input\":\"required name=search_term_string\"}],\"inLanguage\":\"es\"},{\"@type\":\"Person\",\"@id\":\"https:\/\/www.ull.es\/portal\/noticias\/#\/schema\/person\/c3b2aa857797592927a03740d6664376\",\"name\":\"prensa2\",\"image\":{\"@type\":\"ImageObject\",\"inLanguage\":\"es\",\"@id\":\"https:\/\/www.ull.es\/portal\/noticias\/#\/schema\/person\/image\/\",\"url\":\"https:\/\/secure.gravatar.com\/avatar\/b58f310a5de5feb33d1e026d2493f23c?s=96&d=mm&r=g\",\"contentUrl\":\"https:\/\/secure.gravatar.com\/avatar\/b58f310a5de5feb33d1e026d2493f23c?s=96&d=mm&r=g\",\"caption\":\"prensa2\"},\"url\":\"https:\/\/www.ull.es\/portal\/noticias\/author\/prensa2\/\"}]}<\/script>\n<!-- \/ Yoast SEO plugin. -->","yoast_head_json":{"title":"Educaci\u00f3n favorece la movilidad de los profesores universitarios y estudiantes de m\u00e1ster en universidades francesas y espa\u00f1olas - ULL - Noticias","robots":{"index":"index","follow":"follow","max-snippet":"max-snippet:-1","max-image-preview":"max-image-preview:large","max-video-preview":"max-video-preview:-1"},"canonical":"https:\/\/www.ull.es\/portal\/noticias\/2012\/educacion-favorece-la-movilidad-de-los-profesores-universitarios-y-estudiantes-de-master-en-universidades-francesas-y-espanolas\/","og_locale":"es_ES","og_type":"article","og_title":"Educaci\u00f3n favorece la movilidad de los profesores universitarios y estudiantes de m\u00e1ster en universidades francesas y espa\u00f1olas - ULL - Noticias","og_description":"El Ministerio de Educaci&oacute;n, Cultura y Deporte, a trav&eacute;s de la Secretar&iacute;a General de Universidades, ha convocado por cuarto a&ntilde;o...","og_url":"https:\/\/www.ull.es\/portal\/noticias\/2012\/educacion-favorece-la-movilidad-de-los-profesores-universitarios-y-estudiantes-de-master-en-universidades-francesas-y-espanolas\/","og_site_name":"ULL - Noticias","article_publisher":"https:\/\/www.facebook.com\/universidaddelalaguna\/","article_published_time":"2012-06-14T13:16:11+00:00","og_image":[{"width":1200,"height":630,"url":"https:\/\/www.ull.es\/portal\/noticias\/wp-content\/uploads\/sites\/13\/2023\/06\/logo-redimensionado.png","type":"image\/png"}],"author":"prensa2","twitter_card":"summary_large_image","twitter_creator":"@CanalULL","twitter_site":"@CanalULL","twitter_misc":{"Escrito por":"prensa2","Tiempo de lectura":"2 minutos"},"schema":{"@context":"https:\/\/schema.org","@graph":[{"@type":"WebPage","@id":"https:\/\/www.ull.es\/portal\/noticias\/2012\/educacion-favorece-la-movilidad-de-los-profesores-universitarios-y-estudiantes-de-master-en-universidades-francesas-y-espanolas\/","url":"https:\/\/www.ull.es\/portal\/noticias\/2012\/educacion-favorece-la-movilidad-de-los-profesores-universitarios-y-estudiantes-de-master-en-universidades-francesas-y-espanolas\/","name":"Educaci\u00f3n favorece la movilidad de los profesores universitarios y estudiantes de m\u00e1ster en universidades francesas y espa\u00f1olas - ULL - Noticias","isPartOf":{"@id":"https:\/\/www.ull.es\/portal\/noticias\/#website"},"datePublished":"2012-06-14T13:16:11+00:00","dateModified":"2012-06-14T13:16:11+00:00","author":{"@id":"https:\/\/www.ull.es\/portal\/noticias\/#\/schema\/person\/c3b2aa857797592927a03740d6664376"},"breadcrumb":{"@id":"https:\/\/www.ull.es\/portal\/noticias\/2012\/educacion-favorece-la-movilidad-de-los-profesores-universitarios-y-estudiantes-de-master-en-universidades-francesas-y-espanolas\/#breadcrumb"},"inLanguage":"es","potentialAction":[{"@type":"ReadAction","target":["https:\/\/www.ull.es\/portal\/noticias\/2012\/educacion-favorece-la-movilidad-de-los-profesores-universitarios-y-estudiantes-de-master-en-universidades-francesas-y-espanolas\/"]}]},{"@type":"BreadcrumbList","@id":"https:\/\/www.ull.es\/portal\/noticias\/2012\/educacion-favorece-la-movilidad-de-los-profesores-universitarios-y-estudiantes-de-master-en-universidades-francesas-y-espanolas\/#breadcrumb","itemListElement":[{"@type":"ListItem","position":1,"name":"Portada","item":"https:\/\/www.ull.es\/portal\/noticias\/"},{"@type":"ListItem","position":2,"name":"Educaci\u00f3n favorece la movilidad de los profesores universitarios y estudiantes de m\u00e1ster en universidades francesas y espa\u00f1olas"}]},{"@type":"WebSite","@id":"https:\/\/www.ull.es\/portal\/noticias\/#website","url":"https:\/\/www.ull.es\/portal\/noticias\/","name":"ULL - Noticias","description":"","potentialAction":[{"@type":"SearchAction","target":{"@type":"EntryPoint","urlTemplate":"https:\/\/www.ull.es\/portal\/noticias\/?s={search_term_string}"},"query-input":"required name=search_term_string"}],"inLanguage":"es"},{"@type":"Person","@id":"https:\/\/www.ull.es\/portal\/noticias\/#\/schema\/person\/c3b2aa857797592927a03740d6664376","name":"prensa2","image":{"@type":"ImageObject","inLanguage":"es","@id":"https:\/\/www.ull.es\/portal\/noticias\/#\/schema\/person\/image\/","url":"https:\/\/secure.gravatar.com\/avatar\/b58f310a5de5feb33d1e026d2493f23c?s=96&d=mm&r=g","contentUrl":"https:\/\/secure.gravatar.com\/avatar\/b58f310a5de5feb33d1e026d2493f23c?s=96&d=mm&r=g","caption":"prensa2"},"url":"https:\/\/www.ull.es\/portal\/noticias\/author\/prensa2\/"}]}},"primary_category":null,"featured_image_thumbnail_url":null,"_links":{"self":[{"href":"https:\/\/www.ull.es\/portal\/noticias\/wp-json\/wp\/v2\/posts\/19443"}],"collection":[{"href":"https:\/\/www.ull.es\/portal\/noticias\/wp-json\/wp\/v2\/posts"}],"about":[{"href":"https:\/\/www.ull.es\/portal\/noticias\/wp-json\/wp\/v2\/types\/post"}],"author":[{"embeddable":true,"href":"https:\/\/www.ull.es\/portal\/noticias\/wp-json\/wp\/v2\/users\/21"}],"replies":[{"embeddable":true,"href":"https:\/\/www.ull.es\/portal\/noticias\/wp-json\/wp\/v2\/comments?post=19443"}],"version-history":[{"count":0,"href":"https:\/\/www.ull.es\/portal\/noticias\/wp-json\/wp\/v2\/posts\/19443\/revisions"}],"wp:attachment":[{"href":"https:\/\/www.ull.es\/portal\/noticias\/wp-json\/wp\/v2\/media?parent=19443"}],"wp:term":[{"taxonomy":"category","embeddable":true,"href":"https:\/\/www.ull.es\/portal\/noticias\/wp-json\/wp\/v2\/categories?post=19443"},{"taxonomy":"post_tag","embeddable":true,"href":"https:\/\/www.ull.es\/portal\/noticias\/wp-json\/wp\/v2\/tags?post=19443"}],"curies":[{"name":"wp","href":"https:\/\/api.w.org\/{rel}","templated":true}]}}