{"id":19704,"date":"2012-10-03T14:17:28","date_gmt":"2012-10-03T14:17:28","guid":{"rendered":"http:\/\/ddigital.webs.ull.es\/la-catedra-cultural-javier-muguerza-de-la-ull-inicia-sus-actividades-con-dos-conferencias-de-filosofia-y-politica\/"},"modified":"2012-10-03T14:17:28","modified_gmt":"2012-10-03T14:17:28","slug":"la-catedra-cultural-javier-muguerza-de-la-ull-inicia-sus-actividades-con-dos-conferencias-de-filosofia-y-politica","status":"publish","type":"post","link":"https:\/\/www.ull.es\/portal\/noticias\/2012\/la-catedra-cultural-javier-muguerza-de-la-ull-inicia-sus-actividades-con-dos-conferencias-de-filosofia-y-politica\/","title":{"rendered":"La C\u00e1tedra Cultural Javier Muguerza de la ULL inicia sus actividades con dos conferencias de filosof\u00eda y pol\u00edtica"},"content":{"rendered":"<p> \t&nbsp;<\/p>\n<p> \tLa C&aacute;tedra Cultural Javier Muguerza es una iniciativa de divulgaci&oacute;n del pensamiento filos&oacute;fico, pol&iacute;tico y sociol&oacute;gico contempor&aacute;neos, promovida desde el Vicerrectorado de Relaciones Universidad y Sociedad de la universidad de La Laguna que inici&oacute; su andadura el pasado mes de marzo bajo la direcci&oacute;n del profesor de la Facultad de Filosof&iacute;a Pablo R&oacute;denas. Sus actividades para el presente curso 2012-2013 comenzar&aacute;n ma&ntilde;ana, jueves 4 de octubre, con dos conferencias que ser&aacute;n impartidas por El&iacute;as D&iacute;az, jurista em&eacute;rito de la Aut&oacute;noma de Madrid, y el propio Javier Muguerza.<\/p>\n<p> \t&nbsp;<\/p>\n<p> \tLa primera intervenci&oacute;n programada ser&aacute; la conferencia de Muguerza, que se celebrar&aacute; a las 12:00 horas en el Sal&oacute;n de Grados de la Facultad de Filosof&iacute;a y llevar&aacute; por t&iacute;tulo &ldquo;Verdad y raz&oacute;n pr&aacute;ctica (Los estragos de un equ&iacute;voco)&rdquo;.&nbsp;<\/p>\n<p> \tYa en horario de tarde, a las 18 horas en la Sala de Juntas de la Facultad de Derecho le tocar&aacute; el turno a El&iacute;as D&iacute;az, con la conferencia titulada &ldquo;Neocons y teocons: fundamentalismo versus democracia&rdquo;.&nbsp;<\/p>\n<p> \t<strong>Javier Muguerza&nbsp;<\/strong><\/p>\n<p> \tEs catedr&aacute;tico em&eacute;rito de Filosof&iacute;a Moral de la Universidad Nacional a Distancia y, previamente, entre 1972 y 1977 fue profesor en la Universidad de La Laguna, instituci&oacute;n que lo invisti&oacute; doctor honoris causa en 2007. Es fundador y director de la revista Isegor&iacute;a, fue el primer director del Instituto de Filosof&iacute;a del CSIC, y coordinador de la Enciclopedia Iberoamericana de Filosof&iacute;a.<\/p>\n<p> \tEn su producci&oacute;n filos&oacute;fica se han distinguido tres etapas. La primera se extiende desde la tesis doctoral sobre Frege (1965) hasta La raz&oacute;n sin esperanza (1977), terminada en la Universidad de La Laguna, con art&iacute;culos tan significativos como &ldquo;Es y debe (En torno a la l&oacute;gica de la falacia naturalista)&rdquo; (1970). La segunda etapa va desde esa obra a Desde la perplejidad (1990), as&iacute; como la tercera se extiende a lo largo de los tres siguientes lustros, hasta llegar al tercer volumen de Una trilog&iacute;a &eacute;tica, que lleva por t&iacute;tulo La &eacute;tica a la intemperie (a&uacute;n pendiente de publicaci&oacute;n).&nbsp;<\/p>\n<p> \t<strong>El&iacute;as D&iacute;az<\/strong><\/p>\n<p> \tEs catedr&aacute;tico em&eacute;rito de Filosof&iacute;a del Derecho de la Universidad Aut&oacute;noma de Madrid y doctor honoris causa por las Universidades Carlos III de Madrid, Mil&aacute;n, Granada y Alicante.<\/p>\n<p> \tAdem&aacute;s de haber fundado y dirigido la revista Sistema, su labor intelectual se ha orientado fundamentalmente hacia dos &aacute;reas tem&aacute;ticas. Por un lado, a la filosof&iacute;a jur&iacute;dica, &eacute;tica y pol&iacute;tica, con libros como Estado de Derecho y sociedad democr&aacute;tica (1966), Sociolog&iacute;a y Filosof&iacute;a del Derecho (1971), &Eacute;tica contra pol&iacute;tica (1992) y Un itinerario intelectual. De la filosof&iacute;a jur&iacute;dica y pol&iacute;tica (2003).&nbsp;<\/p>\n<p> \tPor otro lado, a la historia de las ideas sociales y pol&iacute;ticas en la Espa&ntilde;a del siglo XX, con libros como Revisi&oacute;n de Unamuno (1968), La filosof&iacute;a del krausismo espa&ntilde;ol (1973), Pensamiento espa&ntilde;ol en la era de Franco (1974), Los viejos maestros (1994) y De la Instituci&oacute;n a la Constituci&oacute;n (2009).&nbsp;<\/p>\n<p> \tLa c&aacute;tedra Cultural Javier Muguerza pretende difundir el pensamiento y la investigaci&oacute;n filos&oacute;fica en todos sus &aacute;mbitos, en conexi&oacute;n con las ciencias sociales, naturales y formales y con los distintos saberes pr&aacute;cticos de tipo normativo, expresivo y t&eacute;cnico. Inici&oacute; sus actividades en marzo de 2012 con sendas conferencias de Javier Muguerza y Ernesto Garz&oacute;n Vald&eacute;s sobre la problem&aacute;tica del &ldquo;pensar en espa&ntilde;ol&rdquo;.&nbsp;<\/p>\n<p> \tSu finalidad es difundir la necesidad de reflexi&oacute;n y an&aacute;lisis de las ideas, valores, normas y fines que predominan en las diferentes esferas de la vida individual y social, en los m&aacute;s relevantes problemas y en los diversos saberes disciplinares cl&aacute;sicos y recientes.&nbsp;<\/p>\n","protected":false},"excerpt":{"rendered":"<p>&nbsp; La C&aacute;tedra Cultural Javier Muguerza es una iniciativa de divulgaci&oacute;n del pensamiento filos&oacute;fico, pol&iacute;tico y sociol&oacute;gico contempor&aacute;neos, promovida desde&#8230;<\/p>\n","protected":false},"author":21,"featured_media":19705,"comment_status":"open","ping_status":"open","sticky":false,"template":"","format":"standard","meta":{"inline_featured_image":false,"footnotes":""},"categories":[344,1],"tags":[],"acf":[],"yoast_head":"<!-- This site is optimized with the Yoast SEO plugin v21.3 - https:\/\/yoast.com\/wordpress\/plugins\/seo\/ -->\n<title>La C\u00e1tedra Cultural Javier Muguerza de la ULL inicia sus actividades con dos conferencias de filosof\u00eda y pol\u00edtica - ULL - Noticias<\/title>\n<meta name=\"robots\" content=\"index, follow, max-snippet:-1, max-image-preview:large, max-video-preview:-1\" \/>\n<link rel=\"canonical\" href=\"https:\/\/www.ull.es\/portal\/noticias\/2012\/la-catedra-cultural-javier-muguerza-de-la-ull-inicia-sus-actividades-con-dos-conferencias-de-filosofia-y-politica\/\" \/>\n<meta property=\"og:locale\" content=\"es_ES\" \/>\n<meta property=\"og:type\" content=\"article\" \/>\n<meta property=\"og:title\" content=\"La C\u00e1tedra Cultural Javier Muguerza de la ULL inicia sus actividades con dos conferencias de filosof\u00eda y pol\u00edtica - ULL - Noticias\" \/>\n<meta property=\"og:description\" content=\"&nbsp; La C&aacute;tedra Cultural Javier Muguerza es una iniciativa de divulgaci&oacute;n del pensamiento filos&oacute;fico, pol&iacute;tico y sociol&oacute;gico contempor&aacute;neos, promovida desde...\" \/>\n<meta property=\"og:url\" content=\"https:\/\/www.ull.es\/portal\/noticias\/2012\/la-catedra-cultural-javier-muguerza-de-la-ull-inicia-sus-actividades-con-dos-conferencias-de-filosofia-y-politica\/\" \/>\n<meta property=\"og:site_name\" content=\"ULL - Noticias\" \/>\n<meta property=\"article:publisher\" content=\"https:\/\/www.facebook.com\/universidaddelalaguna\/\" \/>\n<meta property=\"article:published_time\" content=\"2012-10-03T14:17:28+00:00\" \/>\n<meta property=\"og:image\" content=\"https:\/\/www.ull.es\/portal\/noticias\/wp-content\/uploads\/sites\/13\/2015\/07\/Catedra-Muguerza-15.jpg\" \/>\n\t<meta property=\"og:image:width\" content=\"1024\" \/>\n\t<meta property=\"og:image:height\" content=\"683\" \/>\n\t<meta property=\"og:image:type\" content=\"image\/jpeg\" \/>\n<meta name=\"author\" content=\"prensa2\" \/>\n<meta name=\"twitter:card\" content=\"summary_large_image\" \/>\n<meta name=\"twitter:creator\" content=\"@CanalULL\" \/>\n<meta name=\"twitter:site\" content=\"@CanalULL\" \/>\n<meta name=\"twitter:label1\" content=\"Escrito por\" \/>\n\t<meta name=\"twitter:data1\" content=\"prensa2\" \/>\n\t<meta name=\"twitter:label2\" content=\"Tiempo de lectura\" \/>\n\t<meta name=\"twitter:data2\" content=\"4 minutos\" \/>\n<script type=\"application\/ld+json\" class=\"yoast-schema-graph\">{\"@context\":\"https:\/\/schema.org\",\"@graph\":[{\"@type\":\"WebPage\",\"@id\":\"https:\/\/www.ull.es\/portal\/noticias\/2012\/la-catedra-cultural-javier-muguerza-de-la-ull-inicia-sus-actividades-con-dos-conferencias-de-filosofia-y-politica\/\",\"url\":\"https:\/\/www.ull.es\/portal\/noticias\/2012\/la-catedra-cultural-javier-muguerza-de-la-ull-inicia-sus-actividades-con-dos-conferencias-de-filosofia-y-politica\/\",\"name\":\"La C\u00e1tedra Cultural Javier Muguerza de la ULL inicia sus actividades con dos conferencias de filosof\u00eda y pol\u00edtica - ULL - Noticias\",\"isPartOf\":{\"@id\":\"https:\/\/www.ull.es\/portal\/noticias\/#website\"},\"datePublished\":\"2012-10-03T14:17:28+00:00\",\"dateModified\":\"2012-10-03T14:17:28+00:00\",\"author\":{\"@id\":\"https:\/\/www.ull.es\/portal\/noticias\/#\/schema\/person\/c3b2aa857797592927a03740d6664376\"},\"breadcrumb\":{\"@id\":\"https:\/\/www.ull.es\/portal\/noticias\/2012\/la-catedra-cultural-javier-muguerza-de-la-ull-inicia-sus-actividades-con-dos-conferencias-de-filosofia-y-politica\/#breadcrumb\"},\"inLanguage\":\"es\",\"potentialAction\":[{\"@type\":\"ReadAction\",\"target\":[\"https:\/\/www.ull.es\/portal\/noticias\/2012\/la-catedra-cultural-javier-muguerza-de-la-ull-inicia-sus-actividades-con-dos-conferencias-de-filosofia-y-politica\/\"]}]},{\"@type\":\"BreadcrumbList\",\"@id\":\"https:\/\/www.ull.es\/portal\/noticias\/2012\/la-catedra-cultural-javier-muguerza-de-la-ull-inicia-sus-actividades-con-dos-conferencias-de-filosofia-y-politica\/#breadcrumb\",\"itemListElement\":[{\"@type\":\"ListItem\",\"position\":1,\"name\":\"Portada\",\"item\":\"https:\/\/www.ull.es\/portal\/noticias\/\"},{\"@type\":\"ListItem\",\"position\":2,\"name\":\"La C\u00e1tedra Cultural Javier Muguerza de la ULL inicia sus actividades con dos conferencias de filosof\u00eda y pol\u00edtica\"}]},{\"@type\":\"WebSite\",\"@id\":\"https:\/\/www.ull.es\/portal\/noticias\/#website\",\"url\":\"https:\/\/www.ull.es\/portal\/noticias\/\",\"name\":\"ULL - Noticias\",\"description\":\"\",\"potentialAction\":[{\"@type\":\"SearchAction\",\"target\":{\"@type\":\"EntryPoint\",\"urlTemplate\":\"https:\/\/www.ull.es\/portal\/noticias\/?s={search_term_string}\"},\"query-input\":\"required name=search_term_string\"}],\"inLanguage\":\"es\"},{\"@type\":\"Person\",\"@id\":\"https:\/\/www.ull.es\/portal\/noticias\/#\/schema\/person\/c3b2aa857797592927a03740d6664376\",\"name\":\"prensa2\",\"image\":{\"@type\":\"ImageObject\",\"inLanguage\":\"es\",\"@id\":\"https:\/\/www.ull.es\/portal\/noticias\/#\/schema\/person\/image\/\",\"url\":\"https:\/\/secure.gravatar.com\/avatar\/b58f310a5de5feb33d1e026d2493f23c?s=96&d=mm&r=g\",\"contentUrl\":\"https:\/\/secure.gravatar.com\/avatar\/b58f310a5de5feb33d1e026d2493f23c?s=96&d=mm&r=g\",\"caption\":\"prensa2\"},\"url\":\"https:\/\/www.ull.es\/portal\/noticias\/author\/prensa2\/\"}]}<\/script>\n<!-- \/ Yoast SEO plugin. -->","yoast_head_json":{"title":"La C\u00e1tedra Cultural Javier Muguerza de la ULL inicia sus actividades con dos conferencias de filosof\u00eda y pol\u00edtica - ULL - Noticias","robots":{"index":"index","follow":"follow","max-snippet":"max-snippet:-1","max-image-preview":"max-image-preview:large","max-video-preview":"max-video-preview:-1"},"canonical":"https:\/\/www.ull.es\/portal\/noticias\/2012\/la-catedra-cultural-javier-muguerza-de-la-ull-inicia-sus-actividades-con-dos-conferencias-de-filosofia-y-politica\/","og_locale":"es_ES","og_type":"article","og_title":"La C\u00e1tedra Cultural Javier Muguerza de la ULL inicia sus actividades con dos conferencias de filosof\u00eda y pol\u00edtica - ULL - Noticias","og_description":"&nbsp; La C&aacute;tedra Cultural Javier Muguerza es una iniciativa de divulgaci&oacute;n del pensamiento filos&oacute;fico, pol&iacute;tico y sociol&oacute;gico contempor&aacute;neos, promovida desde...","og_url":"https:\/\/www.ull.es\/portal\/noticias\/2012\/la-catedra-cultural-javier-muguerza-de-la-ull-inicia-sus-actividades-con-dos-conferencias-de-filosofia-y-politica\/","og_site_name":"ULL - Noticias","article_publisher":"https:\/\/www.facebook.com\/universidaddelalaguna\/","article_published_time":"2012-10-03T14:17:28+00:00","og_image":[{"width":1024,"height":683,"url":"https:\/\/www.ull.es\/portal\/noticias\/wp-content\/uploads\/sites\/13\/2015\/07\/Catedra-Muguerza-15.jpg","type":"image\/jpeg"}],"author":"prensa2","twitter_card":"summary_large_image","twitter_creator":"@CanalULL","twitter_site":"@CanalULL","twitter_misc":{"Escrito por":"prensa2","Tiempo de lectura":"4 minutos"},"schema":{"@context":"https:\/\/schema.org","@graph":[{"@type":"WebPage","@id":"https:\/\/www.ull.es\/portal\/noticias\/2012\/la-catedra-cultural-javier-muguerza-de-la-ull-inicia-sus-actividades-con-dos-conferencias-de-filosofia-y-politica\/","url":"https:\/\/www.ull.es\/portal\/noticias\/2012\/la-catedra-cultural-javier-muguerza-de-la-ull-inicia-sus-actividades-con-dos-conferencias-de-filosofia-y-politica\/","name":"La C\u00e1tedra Cultural Javier Muguerza de la ULL inicia sus actividades con dos conferencias de filosof\u00eda y pol\u00edtica - ULL - Noticias","isPartOf":{"@id":"https:\/\/www.ull.es\/portal\/noticias\/#website"},"datePublished":"2012-10-03T14:17:28+00:00","dateModified":"2012-10-03T14:17:28+00:00","author":{"@id":"https:\/\/www.ull.es\/portal\/noticias\/#\/schema\/person\/c3b2aa857797592927a03740d6664376"},"breadcrumb":{"@id":"https:\/\/www.ull.es\/portal\/noticias\/2012\/la-catedra-cultural-javier-muguerza-de-la-ull-inicia-sus-actividades-con-dos-conferencias-de-filosofia-y-politica\/#breadcrumb"},"inLanguage":"es","potentialAction":[{"@type":"ReadAction","target":["https:\/\/www.ull.es\/portal\/noticias\/2012\/la-catedra-cultural-javier-muguerza-de-la-ull-inicia-sus-actividades-con-dos-conferencias-de-filosofia-y-politica\/"]}]},{"@type":"BreadcrumbList","@id":"https:\/\/www.ull.es\/portal\/noticias\/2012\/la-catedra-cultural-javier-muguerza-de-la-ull-inicia-sus-actividades-con-dos-conferencias-de-filosofia-y-politica\/#breadcrumb","itemListElement":[{"@type":"ListItem","position":1,"name":"Portada","item":"https:\/\/www.ull.es\/portal\/noticias\/"},{"@type":"ListItem","position":2,"name":"La C\u00e1tedra Cultural Javier Muguerza de la ULL inicia sus actividades con dos conferencias de filosof\u00eda y pol\u00edtica"}]},{"@type":"WebSite","@id":"https:\/\/www.ull.es\/portal\/noticias\/#website","url":"https:\/\/www.ull.es\/portal\/noticias\/","name":"ULL - Noticias","description":"","potentialAction":[{"@type":"SearchAction","target":{"@type":"EntryPoint","urlTemplate":"https:\/\/www.ull.es\/portal\/noticias\/?s={search_term_string}"},"query-input":"required name=search_term_string"}],"inLanguage":"es"},{"@type":"Person","@id":"https:\/\/www.ull.es\/portal\/noticias\/#\/schema\/person\/c3b2aa857797592927a03740d6664376","name":"prensa2","image":{"@type":"ImageObject","inLanguage":"es","@id":"https:\/\/www.ull.es\/portal\/noticias\/#\/schema\/person\/image\/","url":"https:\/\/secure.gravatar.com\/avatar\/b58f310a5de5feb33d1e026d2493f23c?s=96&d=mm&r=g","contentUrl":"https:\/\/secure.gravatar.com\/avatar\/b58f310a5de5feb33d1e026d2493f23c?s=96&d=mm&r=g","caption":"prensa2"},"url":"https:\/\/www.ull.es\/portal\/noticias\/author\/prensa2\/"}]}},"primary_category":null,"featured_image_thumbnail_url":"https:\/\/www.ull.es\/portal\/noticias\/wp-content\/uploads\/sites\/13\/2015\/07\/Catedra-Muguerza-15-300x200.jpg","_links":{"self":[{"href":"https:\/\/www.ull.es\/portal\/noticias\/wp-json\/wp\/v2\/posts\/19704"}],"collection":[{"href":"https:\/\/www.ull.es\/portal\/noticias\/wp-json\/wp\/v2\/posts"}],"about":[{"href":"https:\/\/www.ull.es\/portal\/noticias\/wp-json\/wp\/v2\/types\/post"}],"author":[{"embeddable":true,"href":"https:\/\/www.ull.es\/portal\/noticias\/wp-json\/wp\/v2\/users\/21"}],"replies":[{"embeddable":true,"href":"https:\/\/www.ull.es\/portal\/noticias\/wp-json\/wp\/v2\/comments?post=19704"}],"version-history":[{"count":0,"href":"https:\/\/www.ull.es\/portal\/noticias\/wp-json\/wp\/v2\/posts\/19704\/revisions"}],"wp:featuredmedia":[{"embeddable":true,"href":"https:\/\/www.ull.es\/portal\/noticias\/wp-json\/wp\/v2\/media\/19705"}],"wp:attachment":[{"href":"https:\/\/www.ull.es\/portal\/noticias\/wp-json\/wp\/v2\/media?parent=19704"}],"wp:term":[{"taxonomy":"category","embeddable":true,"href":"https:\/\/www.ull.es\/portal\/noticias\/wp-json\/wp\/v2\/categories?post=19704"},{"taxonomy":"post_tag","embeddable":true,"href":"https:\/\/www.ull.es\/portal\/noticias\/wp-json\/wp\/v2\/tags?post=19704"}],"curies":[{"name":"wp","href":"https:\/\/api.w.org\/{rel}","templated":true}]}}