{"id":19746,"date":"2012-10-12T11:13:53","date_gmt":"2012-10-12T11:13:53","guid":{"rendered":"http:\/\/ddigital.webs.ull.es\/la-ull-y-la-uned-organizan-el-primer-seminario-internacional-de-su-catedra-de-hermeneutica-critica\/"},"modified":"2012-10-12T11:13:53","modified_gmt":"2012-10-12T11:13:53","slug":"la-ull-y-la-uned-organizan-el-primer-seminario-internacional-de-su-catedra-de-hermeneutica-critica","status":"publish","type":"post","link":"https:\/\/www.ull.es\/portal\/noticias\/2012\/la-ull-y-la-uned-organizan-el-primer-seminario-internacional-de-su-catedra-de-hermeneutica-critica\/","title":{"rendered":"La ULL y la UNED organizan el primer seminario internacional de su C\u00e1tedra de Hermen\u00e9utica Cr\u00edtica"},"content":{"rendered":"<p> \tLa C&aacute;tedra Cultural y Cient&iacute;fica de Hermen&eacute;utica Cr&iacute;tica, promovida por la Universidad de La Laguna y la Universidad Nacional de Educaci&oacute;n a Distancia (UNED) ha organizado su primer seminario internacional, titulado &ldquo;Hermen&eacute;utica y crisis social&rdquo;. Ser&aacute; inaugurado el pr&oacute;ximo lunes 15 de octubre a las 10 horas en el Sal&oacute;n de Grados de la Facultad de Filosof&iacute;a de la ULL, y se celebrar&aacute; a lo largo de la semana hasta el viernes 19, con sede compartida en la sede de la ULL mencionada y en el Sal&oacute;n de Actos de la sede en La Laguna del centro asociado UNED. <a href=\"http:\/\/ http:\/\/youtu.be\/QaW4XwZXy7s\" target=\"_blank\" target=\"_blank\" rel=\"noopener\">Ver videonoticia<\/a><\/p>\n<p> \tEn el acto inaugural estar&aacute;n presentes del rector de la ULL, Eduardo Dom&eacute;nech, la vicerrectora de Relaciones Universidad y Sociedad, N&eacute;lida Rancel, y la decana de la Facultad de Filosof&iacute;a, Margarita V&aacute;zquez.<\/p>\n<p> \t&nbsp;&nbsp;&nbsp; Este seminario supone la primera actividad de la c&aacute;tedra cultural y cient&iacute;fica que fue creada a finales de 2011 por iniciativa de las fil&oacute;sofas &Aacute;ngela Sierra (ULL) y Teresa O&ntilde;ate (UNED) a partir de la fusi&oacute;n de sus respectivas iniciativas de investigaci&oacute;n, el Centro de Estudios Interdisciplinares Latinoamericanos (CEILAM) de la ULL y el grupo de investigaci&oacute;n internacional Ontolog&iacute;a, Lenguaje, Hermen&eacute;utica (ONLENHER) de al UNED.<\/p>\n<p> \t&nbsp;&nbsp;&nbsp; La organizaci&oacute;n explica que la c&aacute;tedra busca &ldquo;abrir un espacio de cr&iacute;tica cultural e intervenci&oacute;n ontol&oacute;gica alternativa&rdquo; que tiene su reflejo en un seminario que se caracteriza por su &ldquo;voluntad pluralista, abierta, y cr&iacute;tica contra los fundamentalismos dogm&aacute;ticos y ciertos relativismos neoliberales hoy hegem&oacute;nicos&rdquo;, en el cual se asumir&aacute; &ldquo;la responsabilidad de pensar y de crear cu&aacute;les son hoy los modos y las condiciones pr&aacute;cticas y te&oacute;ricas necesarias para hacer que nuestro mundo sea tan social y fraternalmente digno como menos violento&rdquo;.<\/p>\n<p> \t<strong>Participantes de renombre<\/strong><br \/> \t&nbsp;&nbsp;&nbsp; <br \/> \tLa profesora de la ULL y co-organizadora &Aacute;ngela Sierra destaca la importante n&oacute;mina de investigadores participantes: &ldquo;Pocas veces en Espa&ntilde;a se ha dado una concentraci&oacute;n de expertos en hermen&eacute;utica de tanto renombre nacional e internacional&rdquo;. Por citar a alguno de ellos, Gianni Vattimo (Universidad de Tur&iacute;n), &Aacute;ngel Gabilondo (Universidad Aut&oacute;noma de Madrid), Antonio Garc&iacute;a Santesmases (UNED), Patxi Lanceros (Universidad de Deusto) o Miguel &Aacute;ngel Rossi (Universidad de Buenos Aires), entre los m&aacute;s de 65 fil&oacute;sofos de Espa&ntilde;a, Italia, Lituania, Portugal, M&eacute;xico y Argentina que participar&aacute;n en este foro especializado. El programa completo del encuentro puede consultar en el banner ubicado en la portada de la p&aacute;gina web de la ULL (www.ull.es).<\/p>\n<p> \t&nbsp;&nbsp;&nbsp; Los participantes presentar&aacute;n sus ponencias en diversas mesas que se han organizado tem&aacute;ticamente: Ontolog&iacute;a est&eacute;tica. (La hermen&eacute;utica como principio met&oacute;dico); Nihilismo y Diferencia. (Hermen&eacute;utica social), o Hermen&eacute;utica pedag&oacute;gica, por citar lagunas. Tambi&eacute;n habr&aacute; una mesa espec&iacute;ficamente dedicada a los investigadores noveles, para presentar avances de sus tesis doctorales, que ser&aacute; coordinada por Gianni Vattimo.<\/p>\n<p> \t&nbsp;&nbsp;&nbsp; Durante el seminario, varios ponentes invitados proceder&aacute;n a&nbsp; la firma de varios convenios de colaboraci&oacute;n en representaci&oacute;n de las instituciones europeas y americanas a las que representan, para que &eacute;stas co-patrocinen la c&aacute;tedra y se favorezca as&iacute; una mayor internacionalizaci&oacute;n de las actividades de la c&aacute;tedra. Son, concretamente, Nino Chiurazzi (Universidad de Torino). Maurizio Pagano (Centro Luigi Pareyson), Manuel Artime (Aula Castelao. Pontevedra), Rita Serpytite (Universidad Vilnius Litiania), Mar&iacute;a Antonia Gonz&aacute;lez Valerio y Sebasti&aacute;n Lomel&iacute; (UNAM M&eacute;xico) y Daniel Leiro (Universidad de Buenos Aires).<\/p>\n","protected":false},"excerpt":{"rendered":"<p>La C&aacute;tedra Cultural y Cient&iacute;fica de Hermen&eacute;utica Cr&iacute;tica, promovida por la Universidad de La Laguna y la Universidad Nacional de&#8230;<\/p>\n","protected":false},"author":21,"featured_media":0,"comment_status":"open","ping_status":"open","sticky":false,"template":"","format":"standard","meta":{"inline_featured_image":false,"footnotes":""},"categories":[344,1],"tags":[],"acf":[],"yoast_head":"<!-- This site is optimized with the Yoast SEO plugin v21.3 - https:\/\/yoast.com\/wordpress\/plugins\/seo\/ -->\n<title>La ULL y la UNED organizan el primer seminario internacional de su C\u00e1tedra de Hermen\u00e9utica Cr\u00edtica - ULL - Noticias<\/title>\n<meta name=\"robots\" content=\"index, follow, max-snippet:-1, max-image-preview:large, max-video-preview:-1\" \/>\n<link rel=\"canonical\" href=\"https:\/\/www.ull.es\/portal\/noticias\/2012\/la-ull-y-la-uned-organizan-el-primer-seminario-internacional-de-su-catedra-de-hermeneutica-critica\/\" \/>\n<meta property=\"og:locale\" content=\"es_ES\" \/>\n<meta property=\"og:type\" content=\"article\" \/>\n<meta property=\"og:title\" content=\"La ULL y la UNED organizan el primer seminario internacional de su C\u00e1tedra de Hermen\u00e9utica Cr\u00edtica - ULL - Noticias\" \/>\n<meta property=\"og:description\" content=\"La C&aacute;tedra Cultural y Cient&iacute;fica de Hermen&eacute;utica Cr&iacute;tica, promovida por la Universidad de La Laguna y la Universidad Nacional de...\" \/>\n<meta property=\"og:url\" content=\"https:\/\/www.ull.es\/portal\/noticias\/2012\/la-ull-y-la-uned-organizan-el-primer-seminario-internacional-de-su-catedra-de-hermeneutica-critica\/\" \/>\n<meta property=\"og:site_name\" content=\"ULL - Noticias\" \/>\n<meta property=\"article:publisher\" content=\"https:\/\/www.facebook.com\/universidaddelalaguna\/\" \/>\n<meta property=\"article:published_time\" content=\"2012-10-12T11:13:53+00:00\" \/>\n<meta property=\"og:image\" content=\"https:\/\/www.ull.es\/portal\/noticias\/wp-content\/uploads\/sites\/13\/2023\/06\/logo-redimensionado.png\" \/>\n\t<meta property=\"og:image:width\" content=\"1200\" \/>\n\t<meta property=\"og:image:height\" content=\"630\" \/>\n\t<meta property=\"og:image:type\" content=\"image\/png\" \/>\n<meta name=\"author\" content=\"prensa2\" \/>\n<meta name=\"twitter:card\" content=\"summary_large_image\" \/>\n<meta name=\"twitter:creator\" content=\"@CanalULL\" \/>\n<meta name=\"twitter:site\" content=\"@CanalULL\" \/>\n<meta name=\"twitter:label1\" content=\"Escrito por\" \/>\n\t<meta name=\"twitter:data1\" content=\"prensa2\" \/>\n\t<meta name=\"twitter:label2\" content=\"Tiempo de lectura\" \/>\n\t<meta name=\"twitter:data2\" content=\"4 minutos\" \/>\n<script type=\"application\/ld+json\" class=\"yoast-schema-graph\">{\"@context\":\"https:\/\/schema.org\",\"@graph\":[{\"@type\":\"WebPage\",\"@id\":\"https:\/\/www.ull.es\/portal\/noticias\/2012\/la-ull-y-la-uned-organizan-el-primer-seminario-internacional-de-su-catedra-de-hermeneutica-critica\/\",\"url\":\"https:\/\/www.ull.es\/portal\/noticias\/2012\/la-ull-y-la-uned-organizan-el-primer-seminario-internacional-de-su-catedra-de-hermeneutica-critica\/\",\"name\":\"La ULL y la UNED organizan el primer seminario internacional de su C\u00e1tedra de Hermen\u00e9utica Cr\u00edtica - ULL - Noticias\",\"isPartOf\":{\"@id\":\"https:\/\/www.ull.es\/portal\/noticias\/#website\"},\"datePublished\":\"2012-10-12T11:13:53+00:00\",\"dateModified\":\"2012-10-12T11:13:53+00:00\",\"author\":{\"@id\":\"https:\/\/www.ull.es\/portal\/noticias\/#\/schema\/person\/c3b2aa857797592927a03740d6664376\"},\"breadcrumb\":{\"@id\":\"https:\/\/www.ull.es\/portal\/noticias\/2012\/la-ull-y-la-uned-organizan-el-primer-seminario-internacional-de-su-catedra-de-hermeneutica-critica\/#breadcrumb\"},\"inLanguage\":\"es\",\"potentialAction\":[{\"@type\":\"ReadAction\",\"target\":[\"https:\/\/www.ull.es\/portal\/noticias\/2012\/la-ull-y-la-uned-organizan-el-primer-seminario-internacional-de-su-catedra-de-hermeneutica-critica\/\"]}]},{\"@type\":\"BreadcrumbList\",\"@id\":\"https:\/\/www.ull.es\/portal\/noticias\/2012\/la-ull-y-la-uned-organizan-el-primer-seminario-internacional-de-su-catedra-de-hermeneutica-critica\/#breadcrumb\",\"itemListElement\":[{\"@type\":\"ListItem\",\"position\":1,\"name\":\"Portada\",\"item\":\"https:\/\/www.ull.es\/portal\/noticias\/\"},{\"@type\":\"ListItem\",\"position\":2,\"name\":\"La ULL y la UNED organizan el primer seminario internacional de su C\u00e1tedra de Hermen\u00e9utica Cr\u00edtica\"}]},{\"@type\":\"WebSite\",\"@id\":\"https:\/\/www.ull.es\/portal\/noticias\/#website\",\"url\":\"https:\/\/www.ull.es\/portal\/noticias\/\",\"name\":\"ULL - Noticias\",\"description\":\"\",\"potentialAction\":[{\"@type\":\"SearchAction\",\"target\":{\"@type\":\"EntryPoint\",\"urlTemplate\":\"https:\/\/www.ull.es\/portal\/noticias\/?s={search_term_string}\"},\"query-input\":\"required name=search_term_string\"}],\"inLanguage\":\"es\"},{\"@type\":\"Person\",\"@id\":\"https:\/\/www.ull.es\/portal\/noticias\/#\/schema\/person\/c3b2aa857797592927a03740d6664376\",\"name\":\"prensa2\",\"image\":{\"@type\":\"ImageObject\",\"inLanguage\":\"es\",\"@id\":\"https:\/\/www.ull.es\/portal\/noticias\/#\/schema\/person\/image\/\",\"url\":\"https:\/\/secure.gravatar.com\/avatar\/b58f310a5de5feb33d1e026d2493f23c?s=96&d=mm&r=g\",\"contentUrl\":\"https:\/\/secure.gravatar.com\/avatar\/b58f310a5de5feb33d1e026d2493f23c?s=96&d=mm&r=g\",\"caption\":\"prensa2\"},\"url\":\"https:\/\/www.ull.es\/portal\/noticias\/author\/prensa2\/\"}]}<\/script>\n<!-- \/ Yoast SEO plugin. -->","yoast_head_json":{"title":"La ULL y la UNED organizan el primer seminario internacional de su C\u00e1tedra de Hermen\u00e9utica Cr\u00edtica - ULL - Noticias","robots":{"index":"index","follow":"follow","max-snippet":"max-snippet:-1","max-image-preview":"max-image-preview:large","max-video-preview":"max-video-preview:-1"},"canonical":"https:\/\/www.ull.es\/portal\/noticias\/2012\/la-ull-y-la-uned-organizan-el-primer-seminario-internacional-de-su-catedra-de-hermeneutica-critica\/","og_locale":"es_ES","og_type":"article","og_title":"La ULL y la UNED organizan el primer seminario internacional de su C\u00e1tedra de Hermen\u00e9utica Cr\u00edtica - ULL - Noticias","og_description":"La C&aacute;tedra Cultural y Cient&iacute;fica de Hermen&eacute;utica Cr&iacute;tica, promovida por la Universidad de La Laguna y la Universidad Nacional de...","og_url":"https:\/\/www.ull.es\/portal\/noticias\/2012\/la-ull-y-la-uned-organizan-el-primer-seminario-internacional-de-su-catedra-de-hermeneutica-critica\/","og_site_name":"ULL - Noticias","article_publisher":"https:\/\/www.facebook.com\/universidaddelalaguna\/","article_published_time":"2012-10-12T11:13:53+00:00","og_image":[{"width":1200,"height":630,"url":"https:\/\/www.ull.es\/portal\/noticias\/wp-content\/uploads\/sites\/13\/2023\/06\/logo-redimensionado.png","type":"image\/png"}],"author":"prensa2","twitter_card":"summary_large_image","twitter_creator":"@CanalULL","twitter_site":"@CanalULL","twitter_misc":{"Escrito por":"prensa2","Tiempo de lectura":"4 minutos"},"schema":{"@context":"https:\/\/schema.org","@graph":[{"@type":"WebPage","@id":"https:\/\/www.ull.es\/portal\/noticias\/2012\/la-ull-y-la-uned-organizan-el-primer-seminario-internacional-de-su-catedra-de-hermeneutica-critica\/","url":"https:\/\/www.ull.es\/portal\/noticias\/2012\/la-ull-y-la-uned-organizan-el-primer-seminario-internacional-de-su-catedra-de-hermeneutica-critica\/","name":"La ULL y la UNED organizan el primer seminario internacional de su C\u00e1tedra de Hermen\u00e9utica Cr\u00edtica - ULL - Noticias","isPartOf":{"@id":"https:\/\/www.ull.es\/portal\/noticias\/#website"},"datePublished":"2012-10-12T11:13:53+00:00","dateModified":"2012-10-12T11:13:53+00:00","author":{"@id":"https:\/\/www.ull.es\/portal\/noticias\/#\/schema\/person\/c3b2aa857797592927a03740d6664376"},"breadcrumb":{"@id":"https:\/\/www.ull.es\/portal\/noticias\/2012\/la-ull-y-la-uned-organizan-el-primer-seminario-internacional-de-su-catedra-de-hermeneutica-critica\/#breadcrumb"},"inLanguage":"es","potentialAction":[{"@type":"ReadAction","target":["https:\/\/www.ull.es\/portal\/noticias\/2012\/la-ull-y-la-uned-organizan-el-primer-seminario-internacional-de-su-catedra-de-hermeneutica-critica\/"]}]},{"@type":"BreadcrumbList","@id":"https:\/\/www.ull.es\/portal\/noticias\/2012\/la-ull-y-la-uned-organizan-el-primer-seminario-internacional-de-su-catedra-de-hermeneutica-critica\/#breadcrumb","itemListElement":[{"@type":"ListItem","position":1,"name":"Portada","item":"https:\/\/www.ull.es\/portal\/noticias\/"},{"@type":"ListItem","position":2,"name":"La ULL y la UNED organizan el primer seminario internacional de su C\u00e1tedra de Hermen\u00e9utica Cr\u00edtica"}]},{"@type":"WebSite","@id":"https:\/\/www.ull.es\/portal\/noticias\/#website","url":"https:\/\/www.ull.es\/portal\/noticias\/","name":"ULL - Noticias","description":"","potentialAction":[{"@type":"SearchAction","target":{"@type":"EntryPoint","urlTemplate":"https:\/\/www.ull.es\/portal\/noticias\/?s={search_term_string}"},"query-input":"required name=search_term_string"}],"inLanguage":"es"},{"@type":"Person","@id":"https:\/\/www.ull.es\/portal\/noticias\/#\/schema\/person\/c3b2aa857797592927a03740d6664376","name":"prensa2","image":{"@type":"ImageObject","inLanguage":"es","@id":"https:\/\/www.ull.es\/portal\/noticias\/#\/schema\/person\/image\/","url":"https:\/\/secure.gravatar.com\/avatar\/b58f310a5de5feb33d1e026d2493f23c?s=96&d=mm&r=g","contentUrl":"https:\/\/secure.gravatar.com\/avatar\/b58f310a5de5feb33d1e026d2493f23c?s=96&d=mm&r=g","caption":"prensa2"},"url":"https:\/\/www.ull.es\/portal\/noticias\/author\/prensa2\/"}]}},"primary_category":null,"featured_image_thumbnail_url":null,"_links":{"self":[{"href":"https:\/\/www.ull.es\/portal\/noticias\/wp-json\/wp\/v2\/posts\/19746"}],"collection":[{"href":"https:\/\/www.ull.es\/portal\/noticias\/wp-json\/wp\/v2\/posts"}],"about":[{"href":"https:\/\/www.ull.es\/portal\/noticias\/wp-json\/wp\/v2\/types\/post"}],"author":[{"embeddable":true,"href":"https:\/\/www.ull.es\/portal\/noticias\/wp-json\/wp\/v2\/users\/21"}],"replies":[{"embeddable":true,"href":"https:\/\/www.ull.es\/portal\/noticias\/wp-json\/wp\/v2\/comments?post=19746"}],"version-history":[{"count":0,"href":"https:\/\/www.ull.es\/portal\/noticias\/wp-json\/wp\/v2\/posts\/19746\/revisions"}],"wp:attachment":[{"href":"https:\/\/www.ull.es\/portal\/noticias\/wp-json\/wp\/v2\/media?parent=19746"}],"wp:term":[{"taxonomy":"category","embeddable":true,"href":"https:\/\/www.ull.es\/portal\/noticias\/wp-json\/wp\/v2\/categories?post=19746"},{"taxonomy":"post_tag","embeddable":true,"href":"https:\/\/www.ull.es\/portal\/noticias\/wp-json\/wp\/v2\/tags?post=19746"}],"curies":[{"name":"wp","href":"https:\/\/api.w.org\/{rel}","templated":true}]}}