{"id":19784,"date":"2012-10-22T15:41:01","date_gmt":"2012-10-22T15:41:01","guid":{"rendered":"http:\/\/ddigital.webs.ull.es\/vicente-zapata-y-el-grupo-folklorico-de-la-facultad-de-educacion-premiados-por-la-fundacion-tenerife-rural\/"},"modified":"2012-10-22T15:41:01","modified_gmt":"2012-10-22T15:41:01","slug":"vicente-zapata-y-el-grupo-folklorico-de-la-facultad-de-educacion-premiados-por-la-fundacion-tenerife-rural","status":"publish","type":"post","link":"https:\/\/www.ull.es\/portal\/noticias\/2012\/vicente-zapata-y-el-grupo-folklorico-de-la-facultad-de-educacion-premiados-por-la-fundacion-tenerife-rural\/","title":{"rendered":"Vicente Zapata y el Grupo Folkl\u00f3rico de la Facultad de Educaci\u00f3n, premiados por la Fundaci\u00f3n Tenerife Rural"},"content":{"rendered":"<p> \tLa Fundaci&oacute;n Tenerife Rural, patrocinada por el Cabildo de Tenerife, ha otorgado recientemente sus premios anuales por la labor de conservaci&oacute;n de la biodiversidad, el patrimonio, la innovaci&oacute;n y las tradiciones rurales vinculadas a la actividad agraria. En esta edici&oacute;n el director del Aula de Turismo Cultural de la Universidad de La Laguna, Vicente Manuel Zapata, y el Grupo Folkl&oacute;rico de la Facultad de Educaci&oacute;n del centro acad&eacute;mico han sido galardonados.<br \/> \t&nbsp;<\/p>\n<p> \tEl Aula de Turismo Cultural ha sido premiada en la categor&iacute;a de &ldquo;Labor de Promoci&oacute;n y Difusi&oacute;n de los Valores del Mundo Rural de Tenerife&rdquo;. Zapata, a trav&eacute;s del aula de la Universidad de La Laguna, ha promovido el conocimiento y potenciaci&oacute;n del turismo rural y el valor del senderismo en su realci&oacute;n con el patrimonio. Profesor titular de Goegraf&iacute;a Humana, es adem&aacute;s director acad&eacute;mico del Observatorio de la Inmigraci&oacute;n de Tenerife (OBITEN) y codirector del proyecto &ldquo;Juntos en la misma direcci&oacute;n&rdquo;. Se ha dedicado por tanto al an&aacute;lisis de los fen&oacute;menos migratorios y a la integraci&oacute;n de los inmigrantes en nuestra sociedad a trav&eacute;s de diversos proyectos.<\/p>\n<p> \tPor su parte, el grupo folkl&oacute;rico de la Facultad de Educaci&oacute;n de la Universidad de La Laguna ha recibido el premio &ldquo;Labor de Investigaci&oacute;n de los Valores del Mundo Rural de Tenerife&rdquo;. Se trata de un conjunto de personas, dirigidas por el profesor Manuel Lorenzo Perera, que busca la pervivencia de las traciones y bailes canarios y que en todos estos a&ntilde;os ha identificado y rescatado multitud de tradiciones ya desaparecidas referidas a nuestras fiestas. Entre sus actividades se encuentra la Muestra de Folklore Musical Canario, que celebra anualmente en la citada facultad.<br \/> \t&nbsp;<\/p>\n","protected":false},"excerpt":{"rendered":"<p>La Fundaci&oacute;n Tenerife Rural, patrocinada por el Cabildo de Tenerife, ha otorgado recientemente sus premios anuales por la labor de&#8230;<\/p>\n","protected":false},"author":21,"featured_media":19785,"comment_status":"open","ping_status":"open","sticky":false,"template":"","format":"standard","meta":{"inline_featured_image":false,"footnotes":""},"categories":[348,1],"tags":[],"acf":[],"yoast_head":"<!-- This site is optimized with the Yoast SEO plugin v21.3 - https:\/\/yoast.com\/wordpress\/plugins\/seo\/ -->\n<title>Vicente Zapata y el Grupo Folkl\u00f3rico de la Facultad de Educaci\u00f3n, premiados por la Fundaci\u00f3n Tenerife Rural - ULL - Noticias<\/title>\n<meta name=\"robots\" content=\"index, follow, max-snippet:-1, max-image-preview:large, max-video-preview:-1\" \/>\n<link rel=\"canonical\" href=\"https:\/\/www.ull.es\/portal\/noticias\/2012\/vicente-zapata-y-el-grupo-folklorico-de-la-facultad-de-educacion-premiados-por-la-fundacion-tenerife-rural\/\" \/>\n<meta property=\"og:locale\" content=\"es_ES\" \/>\n<meta property=\"og:type\" content=\"article\" \/>\n<meta property=\"og:title\" content=\"Vicente Zapata y el Grupo Folkl\u00f3rico de la Facultad de Educaci\u00f3n, premiados por la Fundaci\u00f3n Tenerife Rural - ULL - Noticias\" \/>\n<meta property=\"og:description\" content=\"La Fundaci&oacute;n Tenerife Rural, patrocinada por el Cabildo de Tenerife, ha otorgado recientemente sus premios anuales por la labor de...\" \/>\n<meta property=\"og:url\" content=\"https:\/\/www.ull.es\/portal\/noticias\/2012\/vicente-zapata-y-el-grupo-folklorico-de-la-facultad-de-educacion-premiados-por-la-fundacion-tenerife-rural\/\" \/>\n<meta property=\"og:site_name\" content=\"ULL - Noticias\" \/>\n<meta property=\"article:publisher\" content=\"https:\/\/www.facebook.com\/universidaddelalaguna\/\" \/>\n<meta property=\"article:published_time\" content=\"2012-10-22T15:41:01+00:00\" \/>\n<meta property=\"og:image\" content=\"https:\/\/www.ull.es\/portal\/noticias\/wp-content\/uploads\/sites\/13\/2015\/07\/vicente_zapata.jpg\" \/>\n\t<meta property=\"og:image:width\" content=\"465\" \/>\n\t<meta property=\"og:image:height\" content=\"533\" \/>\n\t<meta property=\"og:image:type\" content=\"image\/jpeg\" \/>\n<meta name=\"author\" content=\"prensa2\" \/>\n<meta name=\"twitter:card\" content=\"summary_large_image\" \/>\n<meta name=\"twitter:creator\" content=\"@CanalULL\" \/>\n<meta name=\"twitter:site\" content=\"@CanalULL\" \/>\n<meta name=\"twitter:label1\" content=\"Escrito por\" \/>\n\t<meta name=\"twitter:data1\" content=\"prensa2\" \/>\n\t<meta name=\"twitter:label2\" content=\"Tiempo de lectura\" \/>\n\t<meta name=\"twitter:data2\" content=\"2 minutos\" \/>\n<script type=\"application\/ld+json\" class=\"yoast-schema-graph\">{\"@context\":\"https:\/\/schema.org\",\"@graph\":[{\"@type\":\"WebPage\",\"@id\":\"https:\/\/www.ull.es\/portal\/noticias\/2012\/vicente-zapata-y-el-grupo-folklorico-de-la-facultad-de-educacion-premiados-por-la-fundacion-tenerife-rural\/\",\"url\":\"https:\/\/www.ull.es\/portal\/noticias\/2012\/vicente-zapata-y-el-grupo-folklorico-de-la-facultad-de-educacion-premiados-por-la-fundacion-tenerife-rural\/\",\"name\":\"Vicente Zapata y el Grupo Folkl\u00f3rico de la Facultad de Educaci\u00f3n, premiados por la Fundaci\u00f3n Tenerife Rural - ULL - Noticias\",\"isPartOf\":{\"@id\":\"https:\/\/www.ull.es\/portal\/noticias\/#website\"},\"datePublished\":\"2012-10-22T15:41:01+00:00\",\"dateModified\":\"2012-10-22T15:41:01+00:00\",\"author\":{\"@id\":\"https:\/\/www.ull.es\/portal\/noticias\/#\/schema\/person\/c3b2aa857797592927a03740d6664376\"},\"breadcrumb\":{\"@id\":\"https:\/\/www.ull.es\/portal\/noticias\/2012\/vicente-zapata-y-el-grupo-folklorico-de-la-facultad-de-educacion-premiados-por-la-fundacion-tenerife-rural\/#breadcrumb\"},\"inLanguage\":\"es\",\"potentialAction\":[{\"@type\":\"ReadAction\",\"target\":[\"https:\/\/www.ull.es\/portal\/noticias\/2012\/vicente-zapata-y-el-grupo-folklorico-de-la-facultad-de-educacion-premiados-por-la-fundacion-tenerife-rural\/\"]}]},{\"@type\":\"BreadcrumbList\",\"@id\":\"https:\/\/www.ull.es\/portal\/noticias\/2012\/vicente-zapata-y-el-grupo-folklorico-de-la-facultad-de-educacion-premiados-por-la-fundacion-tenerife-rural\/#breadcrumb\",\"itemListElement\":[{\"@type\":\"ListItem\",\"position\":1,\"name\":\"Portada\",\"item\":\"https:\/\/www.ull.es\/portal\/noticias\/\"},{\"@type\":\"ListItem\",\"position\":2,\"name\":\"Vicente Zapata y el Grupo Folkl\u00f3rico de la Facultad de Educaci\u00f3n, premiados por la Fundaci\u00f3n Tenerife Rural\"}]},{\"@type\":\"WebSite\",\"@id\":\"https:\/\/www.ull.es\/portal\/noticias\/#website\",\"url\":\"https:\/\/www.ull.es\/portal\/noticias\/\",\"name\":\"ULL - Noticias\",\"description\":\"\",\"potentialAction\":[{\"@type\":\"SearchAction\",\"target\":{\"@type\":\"EntryPoint\",\"urlTemplate\":\"https:\/\/www.ull.es\/portal\/noticias\/?s={search_term_string}\"},\"query-input\":\"required name=search_term_string\"}],\"inLanguage\":\"es\"},{\"@type\":\"Person\",\"@id\":\"https:\/\/www.ull.es\/portal\/noticias\/#\/schema\/person\/c3b2aa857797592927a03740d6664376\",\"name\":\"prensa2\",\"image\":{\"@type\":\"ImageObject\",\"inLanguage\":\"es\",\"@id\":\"https:\/\/www.ull.es\/portal\/noticias\/#\/schema\/person\/image\/\",\"url\":\"https:\/\/secure.gravatar.com\/avatar\/b58f310a5de5feb33d1e026d2493f23c?s=96&d=mm&r=g\",\"contentUrl\":\"https:\/\/secure.gravatar.com\/avatar\/b58f310a5de5feb33d1e026d2493f23c?s=96&d=mm&r=g\",\"caption\":\"prensa2\"},\"url\":\"https:\/\/www.ull.es\/portal\/noticias\/author\/prensa2\/\"}]}<\/script>\n<!-- \/ Yoast SEO plugin. -->","yoast_head_json":{"title":"Vicente Zapata y el Grupo Folkl\u00f3rico de la Facultad de Educaci\u00f3n, premiados por la Fundaci\u00f3n Tenerife Rural - ULL - Noticias","robots":{"index":"index","follow":"follow","max-snippet":"max-snippet:-1","max-image-preview":"max-image-preview:large","max-video-preview":"max-video-preview:-1"},"canonical":"https:\/\/www.ull.es\/portal\/noticias\/2012\/vicente-zapata-y-el-grupo-folklorico-de-la-facultad-de-educacion-premiados-por-la-fundacion-tenerife-rural\/","og_locale":"es_ES","og_type":"article","og_title":"Vicente Zapata y el Grupo Folkl\u00f3rico de la Facultad de Educaci\u00f3n, premiados por la Fundaci\u00f3n Tenerife Rural - ULL - Noticias","og_description":"La Fundaci&oacute;n Tenerife Rural, patrocinada por el Cabildo de Tenerife, ha otorgado recientemente sus premios anuales por la labor de...","og_url":"https:\/\/www.ull.es\/portal\/noticias\/2012\/vicente-zapata-y-el-grupo-folklorico-de-la-facultad-de-educacion-premiados-por-la-fundacion-tenerife-rural\/","og_site_name":"ULL - Noticias","article_publisher":"https:\/\/www.facebook.com\/universidaddelalaguna\/","article_published_time":"2012-10-22T15:41:01+00:00","og_image":[{"width":465,"height":533,"url":"https:\/\/www.ull.es\/portal\/noticias\/wp-content\/uploads\/sites\/13\/2015\/07\/vicente_zapata.jpg","type":"image\/jpeg"}],"author":"prensa2","twitter_card":"summary_large_image","twitter_creator":"@CanalULL","twitter_site":"@CanalULL","twitter_misc":{"Escrito por":"prensa2","Tiempo de lectura":"2 minutos"},"schema":{"@context":"https:\/\/schema.org","@graph":[{"@type":"WebPage","@id":"https:\/\/www.ull.es\/portal\/noticias\/2012\/vicente-zapata-y-el-grupo-folklorico-de-la-facultad-de-educacion-premiados-por-la-fundacion-tenerife-rural\/","url":"https:\/\/www.ull.es\/portal\/noticias\/2012\/vicente-zapata-y-el-grupo-folklorico-de-la-facultad-de-educacion-premiados-por-la-fundacion-tenerife-rural\/","name":"Vicente Zapata y el Grupo Folkl\u00f3rico de la Facultad de Educaci\u00f3n, premiados por la Fundaci\u00f3n Tenerife Rural - ULL - Noticias","isPartOf":{"@id":"https:\/\/www.ull.es\/portal\/noticias\/#website"},"datePublished":"2012-10-22T15:41:01+00:00","dateModified":"2012-10-22T15:41:01+00:00","author":{"@id":"https:\/\/www.ull.es\/portal\/noticias\/#\/schema\/person\/c3b2aa857797592927a03740d6664376"},"breadcrumb":{"@id":"https:\/\/www.ull.es\/portal\/noticias\/2012\/vicente-zapata-y-el-grupo-folklorico-de-la-facultad-de-educacion-premiados-por-la-fundacion-tenerife-rural\/#breadcrumb"},"inLanguage":"es","potentialAction":[{"@type":"ReadAction","target":["https:\/\/www.ull.es\/portal\/noticias\/2012\/vicente-zapata-y-el-grupo-folklorico-de-la-facultad-de-educacion-premiados-por-la-fundacion-tenerife-rural\/"]}]},{"@type":"BreadcrumbList","@id":"https:\/\/www.ull.es\/portal\/noticias\/2012\/vicente-zapata-y-el-grupo-folklorico-de-la-facultad-de-educacion-premiados-por-la-fundacion-tenerife-rural\/#breadcrumb","itemListElement":[{"@type":"ListItem","position":1,"name":"Portada","item":"https:\/\/www.ull.es\/portal\/noticias\/"},{"@type":"ListItem","position":2,"name":"Vicente Zapata y el Grupo Folkl\u00f3rico de la Facultad de Educaci\u00f3n, premiados por la Fundaci\u00f3n Tenerife Rural"}]},{"@type":"WebSite","@id":"https:\/\/www.ull.es\/portal\/noticias\/#website","url":"https:\/\/www.ull.es\/portal\/noticias\/","name":"ULL - Noticias","description":"","potentialAction":[{"@type":"SearchAction","target":{"@type":"EntryPoint","urlTemplate":"https:\/\/www.ull.es\/portal\/noticias\/?s={search_term_string}"},"query-input":"required name=search_term_string"}],"inLanguage":"es"},{"@type":"Person","@id":"https:\/\/www.ull.es\/portal\/noticias\/#\/schema\/person\/c3b2aa857797592927a03740d6664376","name":"prensa2","image":{"@type":"ImageObject","inLanguage":"es","@id":"https:\/\/www.ull.es\/portal\/noticias\/#\/schema\/person\/image\/","url":"https:\/\/secure.gravatar.com\/avatar\/b58f310a5de5feb33d1e026d2493f23c?s=96&d=mm&r=g","contentUrl":"https:\/\/secure.gravatar.com\/avatar\/b58f310a5de5feb33d1e026d2493f23c?s=96&d=mm&r=g","caption":"prensa2"},"url":"https:\/\/www.ull.es\/portal\/noticias\/author\/prensa2\/"}]}},"primary_category":null,"featured_image_thumbnail_url":"https:\/\/www.ull.es\/portal\/noticias\/wp-content\/uploads\/sites\/13\/2015\/07\/vicente_zapata-262x300.jpg","_links":{"self":[{"href":"https:\/\/www.ull.es\/portal\/noticias\/wp-json\/wp\/v2\/posts\/19784"}],"collection":[{"href":"https:\/\/www.ull.es\/portal\/noticias\/wp-json\/wp\/v2\/posts"}],"about":[{"href":"https:\/\/www.ull.es\/portal\/noticias\/wp-json\/wp\/v2\/types\/post"}],"author":[{"embeddable":true,"href":"https:\/\/www.ull.es\/portal\/noticias\/wp-json\/wp\/v2\/users\/21"}],"replies":[{"embeddable":true,"href":"https:\/\/www.ull.es\/portal\/noticias\/wp-json\/wp\/v2\/comments?post=19784"}],"version-history":[{"count":0,"href":"https:\/\/www.ull.es\/portal\/noticias\/wp-json\/wp\/v2\/posts\/19784\/revisions"}],"wp:featuredmedia":[{"embeddable":true,"href":"https:\/\/www.ull.es\/portal\/noticias\/wp-json\/wp\/v2\/media\/19785"}],"wp:attachment":[{"href":"https:\/\/www.ull.es\/portal\/noticias\/wp-json\/wp\/v2\/media?parent=19784"}],"wp:term":[{"taxonomy":"category","embeddable":true,"href":"https:\/\/www.ull.es\/portal\/noticias\/wp-json\/wp\/v2\/categories?post=19784"},{"taxonomy":"post_tag","embeddable":true,"href":"https:\/\/www.ull.es\/portal\/noticias\/wp-json\/wp\/v2\/tags?post=19784"}],"curies":[{"name":"wp","href":"https:\/\/api.w.org\/{rel}","templated":true}]}}