{"id":19795,"date":"2012-10-23T12:58:14","date_gmt":"2012-10-23T12:58:14","guid":{"rendered":"http:\/\/ddigital.webs.ull.es\/vuelve-el-ciclo-miercoles-musicales-al-paraninfo-de-la-ull-con-la-actuacion-del-duo-kontemporaneo\/"},"modified":"2012-10-23T12:58:14","modified_gmt":"2012-10-23T12:58:14","slug":"vuelve-el-ciclo-miercoles-musicales-al-paraninfo-de-la-ull-con-la-actuacion-del-duo-kontemporaneo","status":"publish","type":"post","link":"https:\/\/www.ull.es\/portal\/noticias\/2012\/vuelve-el-ciclo-miercoles-musicales-al-paraninfo-de-la-ull-con-la-actuacion-del-duo-kontemporaneo\/","title":{"rendered":"Vuelve el ciclo Mi\u00e9rcoles Musicales al Paraninfo de la ULL con la actuaci\u00f3n del D\u00fao Kontempor\u00e1neo"},"content":{"rendered":"<p> \tEl Paraninfo de la Universidad de La Laguna acoger&aacute; ma&ntilde;ana, mi&eacute;rcoles 24 de octubre, a las 20:30 horas el concierto del D&uacute;o Kontempor&aacute;neo con el que se inicia una nueva temporada del ciclo &ldquo;Mi&eacute;rcoles Musicales&rdquo;, en el que participan grupos y m&uacute;sicos canarios.<br \/> \t&nbsp;<\/p>\n<p> \tEste mi&eacute;rcoles se subir&aacute;n al escenario del Paraninfo la flautista Maite Aguilar y la violonchestista Almudena Gonz&aacute;lez, componentes del D&uacute;o Kontempor&aacute;neo, grupo dedicado a la interpretaci&oacute;n de m&uacute;sica contempor&aacute;nea en espacios poco convencionales. El repertorio que interpretar&aacute;n comprende obras desde 1980 hasta la actualidad, dedicando una parte especial a los compositores canarios, con quienes colaboran en la creaci&oacute;n de obras para esta formaci&oacute;n.<\/p>\n<p> \tMuchas de estas composiciones unen la m&uacute;sica con la poes&iacute;a, mediante un espacio sonoro diferente al habitual. En este concierto el D&uacute;o Kontempor&aacute;neo contar&aacute; con la presencia de la recitadora Isabel Delgado. El espect&aacute;culo abrir&aacute; con el tema &ldquo;La isla y los demonios&rdquo;, de Jes&uacute;s &Aacute;ngel Rodr&iacute;guez, donde la voz de Isabel cobrar&aacute; protagonismo entre la m&uacute;sica.&nbsp; Maite Aguilar y Almudena Gonz&aacute;lez interpretar&aacute;n adem&aacute;s piezas de Edgar Var&egrave;se, A.Schnittke o Kaija Saariajo.<\/p>\n<p> \tEste mismo d&iacute;a la Sala de Arte Paraninfo estar&aacute; abierta desde las 19:00 hasta las 21:00 horas para las personas que deseen visitar la exposici&oacute;n &ldquo;Senegal, identidad de un pueblo, vidas cotidianas&rdquo;, del pintor Emmanuel Flores. La entrada a la muestra es gratuita.<\/p>\n<p> \tLa entrada al concierto D&uacute;o Kontempor&aacute;neo dentro del ciclo de Mi&eacute;rcoles Musicales es de seis euros, y puede adquirirse en la cafeter&iacute;a del Edificio Central de lunes a viernes, de 8 a 20 horas; en el Vicerrectorado de Relaciones Universidad y Sociedad, en horario de oficina; y el mismo d&iacute;a de la actuaci&oacute;n en la taquilla del Edificio Central, noventa minutos antes del comienzo de la actuaci&oacute;n. Los asistentes al concierto disponen de estacionamiento gratuito en el aparcamiento del Edificio Central.<br \/> \t&nbsp;<\/p>\n","protected":false},"excerpt":{"rendered":"<p>El Paraninfo de la Universidad de La Laguna acoger&aacute; ma&ntilde;ana, mi&eacute;rcoles 24 de octubre, a las 20:30 horas el concierto&#8230;<\/p>\n","protected":false},"author":21,"featured_media":19796,"comment_status":"open","ping_status":"open","sticky":false,"template":"","format":"standard","meta":{"inline_featured_image":false,"footnotes":""},"categories":[344,1],"tags":[],"acf":[],"yoast_head":"<!-- This site is optimized with the Yoast SEO plugin v21.3 - https:\/\/yoast.com\/wordpress\/plugins\/seo\/ -->\n<title>Vuelve el ciclo Mi\u00e9rcoles Musicales al Paraninfo de la ULL con la actuaci\u00f3n del D\u00fao Kontempor\u00e1neo - ULL - Noticias<\/title>\n<meta name=\"robots\" content=\"index, follow, max-snippet:-1, max-image-preview:large, max-video-preview:-1\" \/>\n<link rel=\"canonical\" href=\"https:\/\/www.ull.es\/portal\/noticias\/2012\/vuelve-el-ciclo-miercoles-musicales-al-paraninfo-de-la-ull-con-la-actuacion-del-duo-kontemporaneo\/\" \/>\n<meta property=\"og:locale\" content=\"es_ES\" \/>\n<meta property=\"og:type\" content=\"article\" \/>\n<meta property=\"og:title\" content=\"Vuelve el ciclo Mi\u00e9rcoles Musicales al Paraninfo de la ULL con la actuaci\u00f3n del D\u00fao Kontempor\u00e1neo - ULL - Noticias\" \/>\n<meta property=\"og:description\" content=\"El Paraninfo de la Universidad de La Laguna acoger&aacute; ma&ntilde;ana, mi&eacute;rcoles 24 de octubre, a las 20:30 horas el concierto...\" \/>\n<meta property=\"og:url\" content=\"https:\/\/www.ull.es\/portal\/noticias\/2012\/vuelve-el-ciclo-miercoles-musicales-al-paraninfo-de-la-ull-con-la-actuacion-del-duo-kontemporaneo\/\" \/>\n<meta property=\"og:site_name\" content=\"ULL - Noticias\" \/>\n<meta property=\"article:publisher\" content=\"https:\/\/www.facebook.com\/universidaddelalaguna\/\" \/>\n<meta property=\"article:published_time\" content=\"2012-10-23T12:58:14+00:00\" \/>\n<meta property=\"og:image\" content=\"https:\/\/www.ull.es\/portal\/noticias\/wp-content\/uploads\/sites\/13\/2015\/07\/kont.jpg\" \/>\n\t<meta property=\"og:image:width\" content=\"800\" \/>\n\t<meta property=\"og:image:height\" content=\"533\" \/>\n\t<meta property=\"og:image:type\" content=\"image\/jpeg\" \/>\n<meta name=\"author\" content=\"prensa2\" \/>\n<meta name=\"twitter:card\" content=\"summary_large_image\" \/>\n<meta name=\"twitter:creator\" content=\"@CanalULL\" \/>\n<meta name=\"twitter:site\" content=\"@CanalULL\" \/>\n<meta name=\"twitter:label1\" content=\"Escrito por\" \/>\n\t<meta name=\"twitter:data1\" content=\"prensa2\" \/>\n\t<meta name=\"twitter:label2\" content=\"Tiempo de lectura\" \/>\n\t<meta name=\"twitter:data2\" content=\"2 minutos\" \/>\n<script type=\"application\/ld+json\" class=\"yoast-schema-graph\">{\"@context\":\"https:\/\/schema.org\",\"@graph\":[{\"@type\":\"WebPage\",\"@id\":\"https:\/\/www.ull.es\/portal\/noticias\/2012\/vuelve-el-ciclo-miercoles-musicales-al-paraninfo-de-la-ull-con-la-actuacion-del-duo-kontemporaneo\/\",\"url\":\"https:\/\/www.ull.es\/portal\/noticias\/2012\/vuelve-el-ciclo-miercoles-musicales-al-paraninfo-de-la-ull-con-la-actuacion-del-duo-kontemporaneo\/\",\"name\":\"Vuelve el ciclo Mi\u00e9rcoles Musicales al Paraninfo de la ULL con la actuaci\u00f3n del D\u00fao Kontempor\u00e1neo - ULL - Noticias\",\"isPartOf\":{\"@id\":\"https:\/\/www.ull.es\/portal\/noticias\/#website\"},\"datePublished\":\"2012-10-23T12:58:14+00:00\",\"dateModified\":\"2012-10-23T12:58:14+00:00\",\"author\":{\"@id\":\"https:\/\/www.ull.es\/portal\/noticias\/#\/schema\/person\/c3b2aa857797592927a03740d6664376\"},\"breadcrumb\":{\"@id\":\"https:\/\/www.ull.es\/portal\/noticias\/2012\/vuelve-el-ciclo-miercoles-musicales-al-paraninfo-de-la-ull-con-la-actuacion-del-duo-kontemporaneo\/#breadcrumb\"},\"inLanguage\":\"es\",\"potentialAction\":[{\"@type\":\"ReadAction\",\"target\":[\"https:\/\/www.ull.es\/portal\/noticias\/2012\/vuelve-el-ciclo-miercoles-musicales-al-paraninfo-de-la-ull-con-la-actuacion-del-duo-kontemporaneo\/\"]}]},{\"@type\":\"BreadcrumbList\",\"@id\":\"https:\/\/www.ull.es\/portal\/noticias\/2012\/vuelve-el-ciclo-miercoles-musicales-al-paraninfo-de-la-ull-con-la-actuacion-del-duo-kontemporaneo\/#breadcrumb\",\"itemListElement\":[{\"@type\":\"ListItem\",\"position\":1,\"name\":\"Portada\",\"item\":\"https:\/\/www.ull.es\/portal\/noticias\/\"},{\"@type\":\"ListItem\",\"position\":2,\"name\":\"Vuelve el ciclo Mi\u00e9rcoles Musicales al Paraninfo de la ULL con la actuaci\u00f3n del D\u00fao Kontempor\u00e1neo\"}]},{\"@type\":\"WebSite\",\"@id\":\"https:\/\/www.ull.es\/portal\/noticias\/#website\",\"url\":\"https:\/\/www.ull.es\/portal\/noticias\/\",\"name\":\"ULL - Noticias\",\"description\":\"\",\"potentialAction\":[{\"@type\":\"SearchAction\",\"target\":{\"@type\":\"EntryPoint\",\"urlTemplate\":\"https:\/\/www.ull.es\/portal\/noticias\/?s={search_term_string}\"},\"query-input\":\"required name=search_term_string\"}],\"inLanguage\":\"es\"},{\"@type\":\"Person\",\"@id\":\"https:\/\/www.ull.es\/portal\/noticias\/#\/schema\/person\/c3b2aa857797592927a03740d6664376\",\"name\":\"prensa2\",\"image\":{\"@type\":\"ImageObject\",\"inLanguage\":\"es\",\"@id\":\"https:\/\/www.ull.es\/portal\/noticias\/#\/schema\/person\/image\/\",\"url\":\"https:\/\/secure.gravatar.com\/avatar\/b58f310a5de5feb33d1e026d2493f23c?s=96&d=mm&r=g\",\"contentUrl\":\"https:\/\/secure.gravatar.com\/avatar\/b58f310a5de5feb33d1e026d2493f23c?s=96&d=mm&r=g\",\"caption\":\"prensa2\"},\"url\":\"https:\/\/www.ull.es\/portal\/noticias\/author\/prensa2\/\"}]}<\/script>\n<!-- \/ Yoast SEO plugin. -->","yoast_head_json":{"title":"Vuelve el ciclo Mi\u00e9rcoles Musicales al Paraninfo de la ULL con la actuaci\u00f3n del D\u00fao Kontempor\u00e1neo - ULL - Noticias","robots":{"index":"index","follow":"follow","max-snippet":"max-snippet:-1","max-image-preview":"max-image-preview:large","max-video-preview":"max-video-preview:-1"},"canonical":"https:\/\/www.ull.es\/portal\/noticias\/2012\/vuelve-el-ciclo-miercoles-musicales-al-paraninfo-de-la-ull-con-la-actuacion-del-duo-kontemporaneo\/","og_locale":"es_ES","og_type":"article","og_title":"Vuelve el ciclo Mi\u00e9rcoles Musicales al Paraninfo de la ULL con la actuaci\u00f3n del D\u00fao Kontempor\u00e1neo - ULL - Noticias","og_description":"El Paraninfo de la Universidad de La Laguna acoger&aacute; ma&ntilde;ana, mi&eacute;rcoles 24 de octubre, a las 20:30 horas el concierto...","og_url":"https:\/\/www.ull.es\/portal\/noticias\/2012\/vuelve-el-ciclo-miercoles-musicales-al-paraninfo-de-la-ull-con-la-actuacion-del-duo-kontemporaneo\/","og_site_name":"ULL - Noticias","article_publisher":"https:\/\/www.facebook.com\/universidaddelalaguna\/","article_published_time":"2012-10-23T12:58:14+00:00","og_image":[{"width":800,"height":533,"url":"https:\/\/www.ull.es\/portal\/noticias\/wp-content\/uploads\/sites\/13\/2015\/07\/kont.jpg","type":"image\/jpeg"}],"author":"prensa2","twitter_card":"summary_large_image","twitter_creator":"@CanalULL","twitter_site":"@CanalULL","twitter_misc":{"Escrito por":"prensa2","Tiempo de lectura":"2 minutos"},"schema":{"@context":"https:\/\/schema.org","@graph":[{"@type":"WebPage","@id":"https:\/\/www.ull.es\/portal\/noticias\/2012\/vuelve-el-ciclo-miercoles-musicales-al-paraninfo-de-la-ull-con-la-actuacion-del-duo-kontemporaneo\/","url":"https:\/\/www.ull.es\/portal\/noticias\/2012\/vuelve-el-ciclo-miercoles-musicales-al-paraninfo-de-la-ull-con-la-actuacion-del-duo-kontemporaneo\/","name":"Vuelve el ciclo Mi\u00e9rcoles Musicales al Paraninfo de la ULL con la actuaci\u00f3n del D\u00fao Kontempor\u00e1neo - ULL - Noticias","isPartOf":{"@id":"https:\/\/www.ull.es\/portal\/noticias\/#website"},"datePublished":"2012-10-23T12:58:14+00:00","dateModified":"2012-10-23T12:58:14+00:00","author":{"@id":"https:\/\/www.ull.es\/portal\/noticias\/#\/schema\/person\/c3b2aa857797592927a03740d6664376"},"breadcrumb":{"@id":"https:\/\/www.ull.es\/portal\/noticias\/2012\/vuelve-el-ciclo-miercoles-musicales-al-paraninfo-de-la-ull-con-la-actuacion-del-duo-kontemporaneo\/#breadcrumb"},"inLanguage":"es","potentialAction":[{"@type":"ReadAction","target":["https:\/\/www.ull.es\/portal\/noticias\/2012\/vuelve-el-ciclo-miercoles-musicales-al-paraninfo-de-la-ull-con-la-actuacion-del-duo-kontemporaneo\/"]}]},{"@type":"BreadcrumbList","@id":"https:\/\/www.ull.es\/portal\/noticias\/2012\/vuelve-el-ciclo-miercoles-musicales-al-paraninfo-de-la-ull-con-la-actuacion-del-duo-kontemporaneo\/#breadcrumb","itemListElement":[{"@type":"ListItem","position":1,"name":"Portada","item":"https:\/\/www.ull.es\/portal\/noticias\/"},{"@type":"ListItem","position":2,"name":"Vuelve el ciclo Mi\u00e9rcoles Musicales al Paraninfo de la ULL con la actuaci\u00f3n del D\u00fao Kontempor\u00e1neo"}]},{"@type":"WebSite","@id":"https:\/\/www.ull.es\/portal\/noticias\/#website","url":"https:\/\/www.ull.es\/portal\/noticias\/","name":"ULL - Noticias","description":"","potentialAction":[{"@type":"SearchAction","target":{"@type":"EntryPoint","urlTemplate":"https:\/\/www.ull.es\/portal\/noticias\/?s={search_term_string}"},"query-input":"required name=search_term_string"}],"inLanguage":"es"},{"@type":"Person","@id":"https:\/\/www.ull.es\/portal\/noticias\/#\/schema\/person\/c3b2aa857797592927a03740d6664376","name":"prensa2","image":{"@type":"ImageObject","inLanguage":"es","@id":"https:\/\/www.ull.es\/portal\/noticias\/#\/schema\/person\/image\/","url":"https:\/\/secure.gravatar.com\/avatar\/b58f310a5de5feb33d1e026d2493f23c?s=96&d=mm&r=g","contentUrl":"https:\/\/secure.gravatar.com\/avatar\/b58f310a5de5feb33d1e026d2493f23c?s=96&d=mm&r=g","caption":"prensa2"},"url":"https:\/\/www.ull.es\/portal\/noticias\/author\/prensa2\/"}]}},"primary_category":null,"featured_image_thumbnail_url":"https:\/\/www.ull.es\/portal\/noticias\/wp-content\/uploads\/sites\/13\/2015\/07\/kont-300x200.jpg","_links":{"self":[{"href":"https:\/\/www.ull.es\/portal\/noticias\/wp-json\/wp\/v2\/posts\/19795"}],"collection":[{"href":"https:\/\/www.ull.es\/portal\/noticias\/wp-json\/wp\/v2\/posts"}],"about":[{"href":"https:\/\/www.ull.es\/portal\/noticias\/wp-json\/wp\/v2\/types\/post"}],"author":[{"embeddable":true,"href":"https:\/\/www.ull.es\/portal\/noticias\/wp-json\/wp\/v2\/users\/21"}],"replies":[{"embeddable":true,"href":"https:\/\/www.ull.es\/portal\/noticias\/wp-json\/wp\/v2\/comments?post=19795"}],"version-history":[{"count":0,"href":"https:\/\/www.ull.es\/portal\/noticias\/wp-json\/wp\/v2\/posts\/19795\/revisions"}],"wp:featuredmedia":[{"embeddable":true,"href":"https:\/\/www.ull.es\/portal\/noticias\/wp-json\/wp\/v2\/media\/19796"}],"wp:attachment":[{"href":"https:\/\/www.ull.es\/portal\/noticias\/wp-json\/wp\/v2\/media?parent=19795"}],"wp:term":[{"taxonomy":"category","embeddable":true,"href":"https:\/\/www.ull.es\/portal\/noticias\/wp-json\/wp\/v2\/categories?post=19795"},{"taxonomy":"post_tag","embeddable":true,"href":"https:\/\/www.ull.es\/portal\/noticias\/wp-json\/wp\/v2\/tags?post=19795"}],"curies":[{"name":"wp","href":"https:\/\/api.w.org\/{rel}","templated":true}]}}