{"id":19950,"date":"2012-11-21T13:14:55","date_gmt":"2012-11-21T13:14:55","guid":{"rendered":"http:\/\/ddigital.webs.ull.es\/presentados-los-ultimos-titulos-de-la-biblioteca-de-humanidades-de-la-fundacion-fernando-rielo\/"},"modified":"2012-11-21T13:14:55","modified_gmt":"2012-11-21T13:14:55","slug":"presentados-los-ultimos-titulos-de-la-biblioteca-de-humanidades-de-la-fundacion-fernando-rielo","status":"publish","type":"post","link":"https:\/\/www.ull.es\/portal\/noticias\/2012\/presentados-los-ultimos-titulos-de-la-biblioteca-de-humanidades-de-la-fundacion-fernando-rielo\/","title":{"rendered":"Presentados los \u00faltimos t\u00edtulos de la biblioteca de Humanidades de la Fundaci\u00f3n Fernando Rielo"},"content":{"rendered":"<p> \tLa Sala de Conferencias de Caja Canarias acogi&oacute; la tarde del 20 de noviembre, la mesa redonda &ldquo;Filosof&iacute;a y Literatura, v&iacute;nculo ineludible en la cultura hisp&aacute;nica&rdquo;, que sirvi&oacute; como presentaci&oacute;n de los cuatro &uacute;ltimos t&iacute;tulos de la Biblioteca de Humanidades de la Fundaci&oacute;n Fernando Rielo, los cuales recogen los materiales desarrollados durante los cursos celebrados en las universidades de La Laguna y Las Palmas de Gran Canaria.<\/p>\n<p> \tIntervinieron los profesores Nilo Palenzuela Borges, catedr&aacute;tico de la ULL; Luis Miguel Pino Campos, catedr&aacute;tico de la ULL; Juana S&aacute;nchez-Gey Venegas, profesora titular de la Universidad Aut&oacute;noma de Madrid y Directora del Aula de Pensamiento de la Fundaci&oacute;n Fernando Rielo; y Rafael Fern&aacute;ndez Hern&aacute;ndez, profesor Titular de la Universidad de La Laguna. Moder&oacute; el acto la Ascensi&oacute;n Escamilla Valera, directora de la Fundaci&oacute;n Fernando Rielo.<\/p>\n<p> \tNilo Palenzuela reflexion&oacute; espec&iacute;ficamente sobre uno de los libros presentados, titulado &ldquo;Fil&oacute;sofos poetas. Poetas fil&oacute;sofos&rdquo;, pero destac&oacute; que, en general, todos los t&iacute;tulos publicados destacan por su interdisciplinariedad, al unificar aspectos esenciales para el ser humano como son la filosof&iacute;a, la literatura y la religi&oacute;n.<\/p>\n<p> \tLuis Miguel Pino Campos, que ha sido director de los &uacute;ltimos cursos de la fundaci&oacute;n en la ULL, repas&oacute; al fruto de doce a&ntilde;os de colaboraci&oacute;n entre ambas instituciones, y se centr&oacute; en el libro &ldquo;Mar&iacute;a Zambrano. Raz&oacute;n po&eacute;tica. Nuevos senderos de convivencia&rdquo;.<\/p>\n<p> \tPor su parte, Juana S&aacute;nchez-Gey destac&oacute; la figura compleja y poli&eacute;drica de Pedro Lain Entralgo, que se recoge en el libro &ldquo;La&iacute;n y la tradici&oacute;n human&iacute;stica hisp&aacute;nica&rdquo;. Para finalizar, Rafael Fern&aacute;ndez subray&oacute; la riqueza de los cursos celebrados, que han propiciado un encuentro interdisciplinar entre los profesores de humanidades y los alumnos, y han logrado sobrepasar el &aacute;mbito acad&eacute;mico.<\/p>\n<p> \tLa directora de la Fundaci&oacute;n Fernando Rielo, Ascensi&oacute;n Escamilla, se&ntilde;al&oacute; que tanto estas publicaciones como los cursos que las han hecho posible han sido fruto del trabajo conjunto con las universidades de La Laguna y Las Palmas de Gran Canaria, y destac&oacute; la necesidad de que estas iniciativas aporten valores a la sociedad para mejorar a sus integrantes y hacerlos m&aacute;s sensibles a la belleza.&nbsp;<\/p>\n<p> \tTodos los cursos que se han llevado a cabo pretenden ser una reflexi&oacute;n acerca de las aportaciones de pensadores y literatos contempor&aacute;neos preocupados por las dif&iacute;ciles situaciones sociales que les toc&oacute; vivir a cada uno en distintas &eacute;pocas, rescat&aacute;ndolas desde una mirada esperanzada.&nbsp;<\/p>\n<p> \tEsta biblioteca reivindica a los grandes autores, fil&oacute;sofos y literatos que han reflexionado y aportado una visi&oacute;n l&uacute;cida sobre las muchas problem&aacute;ticas que la vida cultural de una sociedad suscita. &ldquo;Es importante no olvidarlos porque nos pueden ayudar a encontrar soluciones para el presente y ense&ntilde;arnos a preparar m&aacute;s sabiamente nuestro futuro&rdquo;, apunt&oacute; Escamilla.<\/p>\n<p> \t(Nota cedida).<\/p>\n","protected":false},"excerpt":{"rendered":"<p>La Sala de Conferencias de Caja Canarias acogi&oacute; la tarde del 20 de noviembre, la mesa redonda &ldquo;Filosof&iacute;a y Literatura,&#8230;<\/p>\n","protected":false},"author":21,"featured_media":19951,"comment_status":"open","ping_status":"open","sticky":false,"template":"","format":"standard","meta":{"inline_featured_image":false,"footnotes":""},"categories":[344,1],"tags":[],"acf":[],"yoast_head":"<!-- This site is optimized with the Yoast SEO plugin v21.3 - https:\/\/yoast.com\/wordpress\/plugins\/seo\/ -->\n<title>Presentados los \u00faltimos t\u00edtulos de la biblioteca de Humanidades de la Fundaci\u00f3n Fernando Rielo - ULL - Noticias<\/title>\n<meta name=\"robots\" content=\"index, follow, max-snippet:-1, max-image-preview:large, max-video-preview:-1\" \/>\n<link rel=\"canonical\" href=\"https:\/\/www.ull.es\/portal\/noticias\/2012\/presentados-los-ultimos-titulos-de-la-biblioteca-de-humanidades-de-la-fundacion-fernando-rielo\/\" \/>\n<meta property=\"og:locale\" content=\"es_ES\" \/>\n<meta property=\"og:type\" content=\"article\" \/>\n<meta property=\"og:title\" content=\"Presentados los \u00faltimos t\u00edtulos de la biblioteca de Humanidades de la Fundaci\u00f3n Fernando Rielo - ULL - Noticias\" \/>\n<meta property=\"og:description\" content=\"La Sala de Conferencias de Caja Canarias acogi&oacute; la tarde del 20 de noviembre, la mesa redonda &ldquo;Filosof&iacute;a y Literatura,...\" \/>\n<meta property=\"og:url\" content=\"https:\/\/www.ull.es\/portal\/noticias\/2012\/presentados-los-ultimos-titulos-de-la-biblioteca-de-humanidades-de-la-fundacion-fernando-rielo\/\" \/>\n<meta property=\"og:site_name\" content=\"ULL - Noticias\" \/>\n<meta property=\"article:publisher\" content=\"https:\/\/www.facebook.com\/universidaddelalaguna\/\" \/>\n<meta property=\"article:published_time\" content=\"2012-11-21T13:14:55+00:00\" \/>\n<meta property=\"og:image\" content=\"https:\/\/www.ull.es\/portal\/noticias\/wp-content\/uploads\/sites\/13\/2015\/07\/presentacion_rielo.jpg\" \/>\n\t<meta property=\"og:image:width\" content=\"1024\" \/>\n\t<meta property=\"og:image:height\" content=\"653\" \/>\n\t<meta property=\"og:image:type\" content=\"image\/jpeg\" \/>\n<meta name=\"author\" content=\"prensa2\" \/>\n<meta name=\"twitter:card\" content=\"summary_large_image\" \/>\n<meta name=\"twitter:creator\" content=\"@CanalULL\" \/>\n<meta name=\"twitter:site\" content=\"@CanalULL\" \/>\n<meta name=\"twitter:label1\" content=\"Escrito por\" \/>\n\t<meta name=\"twitter:data1\" content=\"prensa2\" \/>\n\t<meta name=\"twitter:label2\" content=\"Tiempo de lectura\" \/>\n\t<meta name=\"twitter:data2\" content=\"3 minutos\" \/>\n<script type=\"application\/ld+json\" class=\"yoast-schema-graph\">{\"@context\":\"https:\/\/schema.org\",\"@graph\":[{\"@type\":\"WebPage\",\"@id\":\"https:\/\/www.ull.es\/portal\/noticias\/2012\/presentados-los-ultimos-titulos-de-la-biblioteca-de-humanidades-de-la-fundacion-fernando-rielo\/\",\"url\":\"https:\/\/www.ull.es\/portal\/noticias\/2012\/presentados-los-ultimos-titulos-de-la-biblioteca-de-humanidades-de-la-fundacion-fernando-rielo\/\",\"name\":\"Presentados los \u00faltimos t\u00edtulos de la biblioteca de Humanidades de la Fundaci\u00f3n Fernando Rielo - ULL - Noticias\",\"isPartOf\":{\"@id\":\"https:\/\/www.ull.es\/portal\/noticias\/#website\"},\"datePublished\":\"2012-11-21T13:14:55+00:00\",\"dateModified\":\"2012-11-21T13:14:55+00:00\",\"author\":{\"@id\":\"https:\/\/www.ull.es\/portal\/noticias\/#\/schema\/person\/c3b2aa857797592927a03740d6664376\"},\"breadcrumb\":{\"@id\":\"https:\/\/www.ull.es\/portal\/noticias\/2012\/presentados-los-ultimos-titulos-de-la-biblioteca-de-humanidades-de-la-fundacion-fernando-rielo\/#breadcrumb\"},\"inLanguage\":\"es\",\"potentialAction\":[{\"@type\":\"ReadAction\",\"target\":[\"https:\/\/www.ull.es\/portal\/noticias\/2012\/presentados-los-ultimos-titulos-de-la-biblioteca-de-humanidades-de-la-fundacion-fernando-rielo\/\"]}]},{\"@type\":\"BreadcrumbList\",\"@id\":\"https:\/\/www.ull.es\/portal\/noticias\/2012\/presentados-los-ultimos-titulos-de-la-biblioteca-de-humanidades-de-la-fundacion-fernando-rielo\/#breadcrumb\",\"itemListElement\":[{\"@type\":\"ListItem\",\"position\":1,\"name\":\"Portada\",\"item\":\"https:\/\/www.ull.es\/portal\/noticias\/\"},{\"@type\":\"ListItem\",\"position\":2,\"name\":\"Presentados los \u00faltimos t\u00edtulos de la biblioteca de Humanidades de la Fundaci\u00f3n Fernando Rielo\"}]},{\"@type\":\"WebSite\",\"@id\":\"https:\/\/www.ull.es\/portal\/noticias\/#website\",\"url\":\"https:\/\/www.ull.es\/portal\/noticias\/\",\"name\":\"ULL - Noticias\",\"description\":\"\",\"potentialAction\":[{\"@type\":\"SearchAction\",\"target\":{\"@type\":\"EntryPoint\",\"urlTemplate\":\"https:\/\/www.ull.es\/portal\/noticias\/?s={search_term_string}\"},\"query-input\":\"required name=search_term_string\"}],\"inLanguage\":\"es\"},{\"@type\":\"Person\",\"@id\":\"https:\/\/www.ull.es\/portal\/noticias\/#\/schema\/person\/c3b2aa857797592927a03740d6664376\",\"name\":\"prensa2\",\"image\":{\"@type\":\"ImageObject\",\"inLanguage\":\"es\",\"@id\":\"https:\/\/www.ull.es\/portal\/noticias\/#\/schema\/person\/image\/\",\"url\":\"https:\/\/secure.gravatar.com\/avatar\/b58f310a5de5feb33d1e026d2493f23c?s=96&d=mm&r=g\",\"contentUrl\":\"https:\/\/secure.gravatar.com\/avatar\/b58f310a5de5feb33d1e026d2493f23c?s=96&d=mm&r=g\",\"caption\":\"prensa2\"},\"url\":\"https:\/\/www.ull.es\/portal\/noticias\/author\/prensa2\/\"}]}<\/script>\n<!-- \/ Yoast SEO plugin. -->","yoast_head_json":{"title":"Presentados los \u00faltimos t\u00edtulos de la biblioteca de Humanidades de la Fundaci\u00f3n Fernando Rielo - ULL - Noticias","robots":{"index":"index","follow":"follow","max-snippet":"max-snippet:-1","max-image-preview":"max-image-preview:large","max-video-preview":"max-video-preview:-1"},"canonical":"https:\/\/www.ull.es\/portal\/noticias\/2012\/presentados-los-ultimos-titulos-de-la-biblioteca-de-humanidades-de-la-fundacion-fernando-rielo\/","og_locale":"es_ES","og_type":"article","og_title":"Presentados los \u00faltimos t\u00edtulos de la biblioteca de Humanidades de la Fundaci\u00f3n Fernando Rielo - ULL - Noticias","og_description":"La Sala de Conferencias de Caja Canarias acogi&oacute; la tarde del 20 de noviembre, la mesa redonda &ldquo;Filosof&iacute;a y Literatura,...","og_url":"https:\/\/www.ull.es\/portal\/noticias\/2012\/presentados-los-ultimos-titulos-de-la-biblioteca-de-humanidades-de-la-fundacion-fernando-rielo\/","og_site_name":"ULL - Noticias","article_publisher":"https:\/\/www.facebook.com\/universidaddelalaguna\/","article_published_time":"2012-11-21T13:14:55+00:00","og_image":[{"width":1024,"height":653,"url":"https:\/\/www.ull.es\/portal\/noticias\/wp-content\/uploads\/sites\/13\/2015\/07\/presentacion_rielo.jpg","type":"image\/jpeg"}],"author":"prensa2","twitter_card":"summary_large_image","twitter_creator":"@CanalULL","twitter_site":"@CanalULL","twitter_misc":{"Escrito por":"prensa2","Tiempo de lectura":"3 minutos"},"schema":{"@context":"https:\/\/schema.org","@graph":[{"@type":"WebPage","@id":"https:\/\/www.ull.es\/portal\/noticias\/2012\/presentados-los-ultimos-titulos-de-la-biblioteca-de-humanidades-de-la-fundacion-fernando-rielo\/","url":"https:\/\/www.ull.es\/portal\/noticias\/2012\/presentados-los-ultimos-titulos-de-la-biblioteca-de-humanidades-de-la-fundacion-fernando-rielo\/","name":"Presentados los \u00faltimos t\u00edtulos de la biblioteca de Humanidades de la Fundaci\u00f3n Fernando Rielo - ULL - Noticias","isPartOf":{"@id":"https:\/\/www.ull.es\/portal\/noticias\/#website"},"datePublished":"2012-11-21T13:14:55+00:00","dateModified":"2012-11-21T13:14:55+00:00","author":{"@id":"https:\/\/www.ull.es\/portal\/noticias\/#\/schema\/person\/c3b2aa857797592927a03740d6664376"},"breadcrumb":{"@id":"https:\/\/www.ull.es\/portal\/noticias\/2012\/presentados-los-ultimos-titulos-de-la-biblioteca-de-humanidades-de-la-fundacion-fernando-rielo\/#breadcrumb"},"inLanguage":"es","potentialAction":[{"@type":"ReadAction","target":["https:\/\/www.ull.es\/portal\/noticias\/2012\/presentados-los-ultimos-titulos-de-la-biblioteca-de-humanidades-de-la-fundacion-fernando-rielo\/"]}]},{"@type":"BreadcrumbList","@id":"https:\/\/www.ull.es\/portal\/noticias\/2012\/presentados-los-ultimos-titulos-de-la-biblioteca-de-humanidades-de-la-fundacion-fernando-rielo\/#breadcrumb","itemListElement":[{"@type":"ListItem","position":1,"name":"Portada","item":"https:\/\/www.ull.es\/portal\/noticias\/"},{"@type":"ListItem","position":2,"name":"Presentados los \u00faltimos t\u00edtulos de la biblioteca de Humanidades de la Fundaci\u00f3n Fernando Rielo"}]},{"@type":"WebSite","@id":"https:\/\/www.ull.es\/portal\/noticias\/#website","url":"https:\/\/www.ull.es\/portal\/noticias\/","name":"ULL - Noticias","description":"","potentialAction":[{"@type":"SearchAction","target":{"@type":"EntryPoint","urlTemplate":"https:\/\/www.ull.es\/portal\/noticias\/?s={search_term_string}"},"query-input":"required name=search_term_string"}],"inLanguage":"es"},{"@type":"Person","@id":"https:\/\/www.ull.es\/portal\/noticias\/#\/schema\/person\/c3b2aa857797592927a03740d6664376","name":"prensa2","image":{"@type":"ImageObject","inLanguage":"es","@id":"https:\/\/www.ull.es\/portal\/noticias\/#\/schema\/person\/image\/","url":"https:\/\/secure.gravatar.com\/avatar\/b58f310a5de5feb33d1e026d2493f23c?s=96&d=mm&r=g","contentUrl":"https:\/\/secure.gravatar.com\/avatar\/b58f310a5de5feb33d1e026d2493f23c?s=96&d=mm&r=g","caption":"prensa2"},"url":"https:\/\/www.ull.es\/portal\/noticias\/author\/prensa2\/"}]}},"primary_category":null,"featured_image_thumbnail_url":"https:\/\/www.ull.es\/portal\/noticias\/wp-content\/uploads\/sites\/13\/2015\/07\/presentacion_rielo-300x191.jpg","_links":{"self":[{"href":"https:\/\/www.ull.es\/portal\/noticias\/wp-json\/wp\/v2\/posts\/19950"}],"collection":[{"href":"https:\/\/www.ull.es\/portal\/noticias\/wp-json\/wp\/v2\/posts"}],"about":[{"href":"https:\/\/www.ull.es\/portal\/noticias\/wp-json\/wp\/v2\/types\/post"}],"author":[{"embeddable":true,"href":"https:\/\/www.ull.es\/portal\/noticias\/wp-json\/wp\/v2\/users\/21"}],"replies":[{"embeddable":true,"href":"https:\/\/www.ull.es\/portal\/noticias\/wp-json\/wp\/v2\/comments?post=19950"}],"version-history":[{"count":0,"href":"https:\/\/www.ull.es\/portal\/noticias\/wp-json\/wp\/v2\/posts\/19950\/revisions"}],"wp:featuredmedia":[{"embeddable":true,"href":"https:\/\/www.ull.es\/portal\/noticias\/wp-json\/wp\/v2\/media\/19951"}],"wp:attachment":[{"href":"https:\/\/www.ull.es\/portal\/noticias\/wp-json\/wp\/v2\/media?parent=19950"}],"wp:term":[{"taxonomy":"category","embeddable":true,"href":"https:\/\/www.ull.es\/portal\/noticias\/wp-json\/wp\/v2\/categories?post=19950"},{"taxonomy":"post_tag","embeddable":true,"href":"https:\/\/www.ull.es\/portal\/noticias\/wp-json\/wp\/v2\/tags?post=19950"}],"curies":[{"name":"wp","href":"https:\/\/api.w.org\/{rel}","templated":true}]}}