{"id":19954,"date":"2012-11-22T12:02:58","date_gmt":"2012-11-22T12:02:58","guid":{"rendered":"http:\/\/ddigital.webs.ull.es\/inaugurado-el-iii-salon-atlantico-de-logistica-y-transporte-en-el-recinto-ferial-de-tenerife\/"},"modified":"2012-11-22T12:02:58","modified_gmt":"2012-11-22T12:02:58","slug":"inaugurado-el-iii-salon-atlantico-de-logistica-y-transporte-en-el-recinto-ferial-de-tenerife","status":"publish","type":"post","link":"https:\/\/www.ull.es\/portal\/noticias\/2012\/inaugurado-el-iii-salon-atlantico-de-logistica-y-transporte-en-el-recinto-ferial-de-tenerife\/","title":{"rendered":"Inaugurado el III Sal\u00f3n Atl\u00e1ntico de Log\u00edstica y Transporte en el Recinto Ferial de Tenerife"},"content":{"rendered":"<p> \tEl presidente del Gobierno de Canarias, Paulino Rivero, destac&oacute; esta tarde en el acto de inauguraci&oacute;n del III Sal&oacute;n Atl&aacute;ntico de Log&iacute;stica y Transporte, que se desarrolla hasta el viernes en el Recinto Ferial de Tenerife, que el gran reto de la &nbsp;econom&iacute;a del mundo es mejorar la competitividad y una de las claves para ello son las comunicaciones. Por esa raz&oacute;n, destac&oacute; la importancia de desarrollar las infraestructuras, y m&aacute;s en un territorio como el canario y precis&oacute; que el objetivo de las Islas se centra en la gesti&oacute;n de puertos y aeropuertos. Adem&aacute;s, anunci&oacute; que Consejo de Gobierno adoptar&aacute; ma&ntilde;ana un acuerdo para exigir al Gobierno de Espa&ntilde;a que se active la obligaci&oacute;n de servicio p&uacute;blico para el transporte a&eacute;reo entre Pen&iacute;nsula y Canarias.<\/p>\n<p> \t&nbsp;<\/p>\n<p> \tDurante su intervenci&oacute;n, apunt&oacute; que desde la perspectiva de la cohesi&oacute;n territorial del Estado espa&ntilde;ol, es necesario que se pongan en marcha instrumentos que no produzcan desafecciones en territorios m&aacute;s alejados, como Canarias, y a&ntilde;adi&oacute; que, tras la desaparici&oacute;n de compa&ntilde;&iacute;as y los desajustes actuales, el Archipi&eacute;lago se ha visto perjudicado con una restricci&oacute;n de plazas a&eacute;reas y un aumento intolerable de precios.<\/p>\n<p> \tLa inauguraci&oacute;n de SALT 2012 cont&oacute; con la presencia de la ministra de Infraestructuras y Econom&iacute;a Mar&iacute;tima de la Rep&uacute;blica de Cabo Verde, Sara Mar&iacute;a Duarte Lopes, y el ministro de Econom&iacute;a Mar&iacute;tima, Transportes Mar&iacute;timos e Infraestructuras Portuarias de la Rep&uacute;blica de Benin, Valent&iacute;n Djenontin-Agossou, adem&aacute;s de una amplia representaci&oacute;n del Ejecutivo aut&oacute;nomo.<\/p>\n<p> \tEl presidente del ejecutivo canario hizo hincapi&eacute; en el papel que juega Canarias como plataforma que mira a Europa, Am&eacute;rica y &Aacute;frica &nbsp;e insisti&oacute; en que SALT se desarrolla en un momento importante para reflexionar sobre la ayuda mutua entre los pa&iacute;ses del entono geogr&aacute;fico de &Aacute;frica occidental, de Cabo Verde y Canarias.<\/p>\n<p> \tFinalmente, record&oacute; los nuevos proyectos en los que est&aacute; trabajando los pa&iacute;ses del entorno, como el &nbsp;Puerto de Tarfaya en Marruecos, Agadir o la mejora de las comunicaciones a&eacute;reas con Marruecos.<\/p>\n<p> \tPor ello se&ntilde;al&oacute; que el III Sal&oacute;n del Transporte y la Log&iacute;stica permitir&aacute; seguir profundizando en mejoras que aporten solidez a las relaciones de Canarias con su entorno.<\/p>\n<p> \tPor su parte, el presidente del Cabildo de Tenerife, Ricardo Melchior, insisti&oacute; en que para un territorio insular es vital un evento como SALT 2012, teniendo en cuenta &nbsp;que en un mundo globalizado hay que ir juntos para afrontar el reto de ser competitivo y fomentar el transporte mar&iacute;timo y a&eacute;reo.<\/p>\n<p> \tEn este sentido, destac&oacute; la presencia de pa&iacute;ses como Marruecos, Cabo Verde y Ben&iacute;n para seguir avanzado en esta l&iacute;nea.<\/p>\n<p> \tAlianzas econ&oacute;micas<\/p>\n<p> \tEl director general de la Agencia Marroqu&iacute; de Desarrollo de la Log&iacute;stica, Younes Tazi, manifest&oacute; que para el Gobierno marroqu&iacute; el desarrollo de alianzas econ&oacute;micas con Canarias es un aspecto clave.<\/p>\n<p> \tEn este sentido, precis&oacute; que SALT 2012 ofrece una importante oportunidad para impulsar los intercambios y nuevas alianzas con los m&aacute;s de 50 representantes marroqu&iacute;es que asisten a esta edici&oacute;n.<\/p>\n<p> \tRecord&oacute; que Canarias y Marruecos son territorios cercanos y comparten sinergias que se pueden materializar en alianzas de futuro, en especial en &aacute;reas como el turismo, los cruceros, la artesan&iacute;a, la agroindustria y la log&iacute;stica.<\/p>\n<p> \tAsimismo, a&ntilde;adi&oacute; que el refuerzo de los v&iacute;nculos econ&oacute;micos pasa por la mejora de la conectividad a&eacute;rea y mar&iacute;tima. Record&oacute; los nuevos proyectos en materia de puertos y se refiri&oacute; a las licitaciones en las que las empresas canarias pueden participar.<\/p>\n<p> \tEl presidente del Cluster Canario del Transporte y la Log&iacute;stica, Tom&aacute;s Barreto, resalt&oacute; el papel de SALT 2012 para avanzar hacia el fomento de la transmisi&oacute;n de conocimientos, comunicaci&oacute;n y buenas pr&aacute;cticas para mejorar la log&iacute;stica y transporte.<\/p>\n<p> \tAsimismo, a&ntilde;adi&oacute; que esta edici&oacute;n ser&aacute; un &eacute;xito y contribuir&aacute; a convertir a canarias en eje del transporte con su entorno m&aacute;s pr&oacute;ximo y con las Islas.<\/p>\n<p> \tEl desarrollo de SALT 2012, impulsado por el Gobierno de Canarias, se enmarca dentro de las actividades de TRANSMACA, un proyecto que cuenta con un presupuesto de 975.501 euros y est&aacute; cofinanciado al 75% por la Uni&oacute;n Europea a trav&eacute;s del Fondo Europeo de Desarrollo Regional (FEDER) en el marco del Programa Operativo de Cooperaci&oacute;n Transfronteriza Espa&ntilde;a-Fronteras Exteriores (POCTEFEX).<\/p>\n<p> \tEl III Sal&oacute;n Atl&aacute;ntico de Log&iacute;stica y Transporte servir&aacute; tambi&eacute;n de plataforma para la presentaci&oacute;n del &nbsp;Programa de actuaciones para potenciar la conectividad entre Canarias y el Sur de Marruecos (TRANSMACA), que tiene como objetivo global mejorar la conectividad en el &aacute;mbito del transporte mar&iacute;timo y a&eacute;reo entre Canarias y Marruecos para fortalecer y fomentar el intercambio comercial y de personas entre ambas regiones.<\/p>\n<p> \t(nota cedida)<\/p>\n","protected":false},"excerpt":{"rendered":"<p>El presidente del Gobierno de Canarias, Paulino Rivero, destac&oacute; esta tarde en el acto de inauguraci&oacute;n del III Sal&oacute;n Atl&aacute;ntico&#8230;<\/p>\n","protected":false},"author":21,"featured_media":19955,"comment_status":"open","ping_status":"open","sticky":false,"template":"","format":"standard","meta":{"inline_featured_image":false,"footnotes":""},"categories":[348,1],"tags":[],"acf":[],"yoast_head":"<!-- This site is optimized with the Yoast SEO plugin v21.3 - https:\/\/yoast.com\/wordpress\/plugins\/seo\/ -->\n<title>Inaugurado el III Sal\u00f3n Atl\u00e1ntico de Log\u00edstica y Transporte en el Recinto Ferial de Tenerife - ULL - Noticias<\/title>\n<meta name=\"robots\" content=\"index, follow, max-snippet:-1, max-image-preview:large, max-video-preview:-1\" \/>\n<link rel=\"canonical\" href=\"https:\/\/www.ull.es\/portal\/noticias\/2012\/inaugurado-el-iii-salon-atlantico-de-logistica-y-transporte-en-el-recinto-ferial-de-tenerife\/\" \/>\n<meta property=\"og:locale\" content=\"es_ES\" \/>\n<meta property=\"og:type\" content=\"article\" \/>\n<meta property=\"og:title\" content=\"Inaugurado el III Sal\u00f3n Atl\u00e1ntico de Log\u00edstica y Transporte en el Recinto Ferial de Tenerife - ULL - Noticias\" \/>\n<meta property=\"og:description\" content=\"El presidente del Gobierno de Canarias, Paulino Rivero, destac&oacute; esta tarde en el acto de inauguraci&oacute;n del III Sal&oacute;n Atl&aacute;ntico...\" \/>\n<meta property=\"og:url\" content=\"https:\/\/www.ull.es\/portal\/noticias\/2012\/inaugurado-el-iii-salon-atlantico-de-logistica-y-transporte-en-el-recinto-ferial-de-tenerife\/\" \/>\n<meta property=\"og:site_name\" content=\"ULL - Noticias\" \/>\n<meta property=\"article:publisher\" content=\"https:\/\/www.facebook.com\/universidaddelalaguna\/\" \/>\n<meta property=\"article:published_time\" content=\"2012-11-22T12:02:58+00:00\" \/>\n<meta property=\"og:image\" content=\"https:\/\/www.ull.es\/portal\/noticias\/wp-content\/uploads\/sites\/13\/2015\/07\/inauguracion_salt.jpg\" \/>\n\t<meta property=\"og:image:width\" content=\"800\" \/>\n\t<meta property=\"og:image:height\" content=\"533\" \/>\n\t<meta property=\"og:image:type\" content=\"image\/jpeg\" \/>\n<meta name=\"author\" content=\"prensa2\" \/>\n<meta name=\"twitter:card\" content=\"summary_large_image\" \/>\n<meta name=\"twitter:creator\" content=\"@CanalULL\" \/>\n<meta name=\"twitter:site\" content=\"@CanalULL\" \/>\n<meta name=\"twitter:label1\" content=\"Escrito por\" \/>\n\t<meta name=\"twitter:data1\" content=\"prensa2\" \/>\n\t<meta name=\"twitter:label2\" content=\"Tiempo de lectura\" \/>\n\t<meta name=\"twitter:data2\" content=\"5 minutos\" \/>\n<script type=\"application\/ld+json\" class=\"yoast-schema-graph\">{\"@context\":\"https:\/\/schema.org\",\"@graph\":[{\"@type\":\"WebPage\",\"@id\":\"https:\/\/www.ull.es\/portal\/noticias\/2012\/inaugurado-el-iii-salon-atlantico-de-logistica-y-transporte-en-el-recinto-ferial-de-tenerife\/\",\"url\":\"https:\/\/www.ull.es\/portal\/noticias\/2012\/inaugurado-el-iii-salon-atlantico-de-logistica-y-transporte-en-el-recinto-ferial-de-tenerife\/\",\"name\":\"Inaugurado el III Sal\u00f3n Atl\u00e1ntico de Log\u00edstica y Transporte en el Recinto Ferial de Tenerife - ULL - Noticias\",\"isPartOf\":{\"@id\":\"https:\/\/www.ull.es\/portal\/noticias\/#website\"},\"datePublished\":\"2012-11-22T12:02:58+00:00\",\"dateModified\":\"2012-11-22T12:02:58+00:00\",\"author\":{\"@id\":\"https:\/\/www.ull.es\/portal\/noticias\/#\/schema\/person\/c3b2aa857797592927a03740d6664376\"},\"breadcrumb\":{\"@id\":\"https:\/\/www.ull.es\/portal\/noticias\/2012\/inaugurado-el-iii-salon-atlantico-de-logistica-y-transporte-en-el-recinto-ferial-de-tenerife\/#breadcrumb\"},\"inLanguage\":\"es\",\"potentialAction\":[{\"@type\":\"ReadAction\",\"target\":[\"https:\/\/www.ull.es\/portal\/noticias\/2012\/inaugurado-el-iii-salon-atlantico-de-logistica-y-transporte-en-el-recinto-ferial-de-tenerife\/\"]}]},{\"@type\":\"BreadcrumbList\",\"@id\":\"https:\/\/www.ull.es\/portal\/noticias\/2012\/inaugurado-el-iii-salon-atlantico-de-logistica-y-transporte-en-el-recinto-ferial-de-tenerife\/#breadcrumb\",\"itemListElement\":[{\"@type\":\"ListItem\",\"position\":1,\"name\":\"Portada\",\"item\":\"https:\/\/www.ull.es\/portal\/noticias\/\"},{\"@type\":\"ListItem\",\"position\":2,\"name\":\"Inaugurado el III Sal\u00f3n Atl\u00e1ntico de Log\u00edstica y Transporte en el Recinto Ferial de Tenerife\"}]},{\"@type\":\"WebSite\",\"@id\":\"https:\/\/www.ull.es\/portal\/noticias\/#website\",\"url\":\"https:\/\/www.ull.es\/portal\/noticias\/\",\"name\":\"ULL - Noticias\",\"description\":\"\",\"potentialAction\":[{\"@type\":\"SearchAction\",\"target\":{\"@type\":\"EntryPoint\",\"urlTemplate\":\"https:\/\/www.ull.es\/portal\/noticias\/?s={search_term_string}\"},\"query-input\":\"required name=search_term_string\"}],\"inLanguage\":\"es\"},{\"@type\":\"Person\",\"@id\":\"https:\/\/www.ull.es\/portal\/noticias\/#\/schema\/person\/c3b2aa857797592927a03740d6664376\",\"name\":\"prensa2\",\"image\":{\"@type\":\"ImageObject\",\"inLanguage\":\"es\",\"@id\":\"https:\/\/www.ull.es\/portal\/noticias\/#\/schema\/person\/image\/\",\"url\":\"https:\/\/secure.gravatar.com\/avatar\/b58f310a5de5feb33d1e026d2493f23c?s=96&d=mm&r=g\",\"contentUrl\":\"https:\/\/secure.gravatar.com\/avatar\/b58f310a5de5feb33d1e026d2493f23c?s=96&d=mm&r=g\",\"caption\":\"prensa2\"},\"url\":\"https:\/\/www.ull.es\/portal\/noticias\/author\/prensa2\/\"}]}<\/script>\n<!-- \/ Yoast SEO plugin. -->","yoast_head_json":{"title":"Inaugurado el III Sal\u00f3n Atl\u00e1ntico de Log\u00edstica y Transporte en el Recinto Ferial de Tenerife - ULL - Noticias","robots":{"index":"index","follow":"follow","max-snippet":"max-snippet:-1","max-image-preview":"max-image-preview:large","max-video-preview":"max-video-preview:-1"},"canonical":"https:\/\/www.ull.es\/portal\/noticias\/2012\/inaugurado-el-iii-salon-atlantico-de-logistica-y-transporte-en-el-recinto-ferial-de-tenerife\/","og_locale":"es_ES","og_type":"article","og_title":"Inaugurado el III Sal\u00f3n Atl\u00e1ntico de Log\u00edstica y Transporte en el Recinto Ferial de Tenerife - ULL - Noticias","og_description":"El presidente del Gobierno de Canarias, Paulino Rivero, destac&oacute; esta tarde en el acto de inauguraci&oacute;n del III Sal&oacute;n Atl&aacute;ntico...","og_url":"https:\/\/www.ull.es\/portal\/noticias\/2012\/inaugurado-el-iii-salon-atlantico-de-logistica-y-transporte-en-el-recinto-ferial-de-tenerife\/","og_site_name":"ULL - Noticias","article_publisher":"https:\/\/www.facebook.com\/universidaddelalaguna\/","article_published_time":"2012-11-22T12:02:58+00:00","og_image":[{"width":800,"height":533,"url":"https:\/\/www.ull.es\/portal\/noticias\/wp-content\/uploads\/sites\/13\/2015\/07\/inauguracion_salt.jpg","type":"image\/jpeg"}],"author":"prensa2","twitter_card":"summary_large_image","twitter_creator":"@CanalULL","twitter_site":"@CanalULL","twitter_misc":{"Escrito por":"prensa2","Tiempo de lectura":"5 minutos"},"schema":{"@context":"https:\/\/schema.org","@graph":[{"@type":"WebPage","@id":"https:\/\/www.ull.es\/portal\/noticias\/2012\/inaugurado-el-iii-salon-atlantico-de-logistica-y-transporte-en-el-recinto-ferial-de-tenerife\/","url":"https:\/\/www.ull.es\/portal\/noticias\/2012\/inaugurado-el-iii-salon-atlantico-de-logistica-y-transporte-en-el-recinto-ferial-de-tenerife\/","name":"Inaugurado el III Sal\u00f3n Atl\u00e1ntico de Log\u00edstica y Transporte en el Recinto Ferial de Tenerife - ULL - Noticias","isPartOf":{"@id":"https:\/\/www.ull.es\/portal\/noticias\/#website"},"datePublished":"2012-11-22T12:02:58+00:00","dateModified":"2012-11-22T12:02:58+00:00","author":{"@id":"https:\/\/www.ull.es\/portal\/noticias\/#\/schema\/person\/c3b2aa857797592927a03740d6664376"},"breadcrumb":{"@id":"https:\/\/www.ull.es\/portal\/noticias\/2012\/inaugurado-el-iii-salon-atlantico-de-logistica-y-transporte-en-el-recinto-ferial-de-tenerife\/#breadcrumb"},"inLanguage":"es","potentialAction":[{"@type":"ReadAction","target":["https:\/\/www.ull.es\/portal\/noticias\/2012\/inaugurado-el-iii-salon-atlantico-de-logistica-y-transporte-en-el-recinto-ferial-de-tenerife\/"]}]},{"@type":"BreadcrumbList","@id":"https:\/\/www.ull.es\/portal\/noticias\/2012\/inaugurado-el-iii-salon-atlantico-de-logistica-y-transporte-en-el-recinto-ferial-de-tenerife\/#breadcrumb","itemListElement":[{"@type":"ListItem","position":1,"name":"Portada","item":"https:\/\/www.ull.es\/portal\/noticias\/"},{"@type":"ListItem","position":2,"name":"Inaugurado el III Sal\u00f3n Atl\u00e1ntico de Log\u00edstica y Transporte en el Recinto Ferial de Tenerife"}]},{"@type":"WebSite","@id":"https:\/\/www.ull.es\/portal\/noticias\/#website","url":"https:\/\/www.ull.es\/portal\/noticias\/","name":"ULL - Noticias","description":"","potentialAction":[{"@type":"SearchAction","target":{"@type":"EntryPoint","urlTemplate":"https:\/\/www.ull.es\/portal\/noticias\/?s={search_term_string}"},"query-input":"required name=search_term_string"}],"inLanguage":"es"},{"@type":"Person","@id":"https:\/\/www.ull.es\/portal\/noticias\/#\/schema\/person\/c3b2aa857797592927a03740d6664376","name":"prensa2","image":{"@type":"ImageObject","inLanguage":"es","@id":"https:\/\/www.ull.es\/portal\/noticias\/#\/schema\/person\/image\/","url":"https:\/\/secure.gravatar.com\/avatar\/b58f310a5de5feb33d1e026d2493f23c?s=96&d=mm&r=g","contentUrl":"https:\/\/secure.gravatar.com\/avatar\/b58f310a5de5feb33d1e026d2493f23c?s=96&d=mm&r=g","caption":"prensa2"},"url":"https:\/\/www.ull.es\/portal\/noticias\/author\/prensa2\/"}]}},"primary_category":null,"featured_image_thumbnail_url":"https:\/\/www.ull.es\/portal\/noticias\/wp-content\/uploads\/sites\/13\/2015\/07\/inauguracion_salt-300x200.jpg","_links":{"self":[{"href":"https:\/\/www.ull.es\/portal\/noticias\/wp-json\/wp\/v2\/posts\/19954"}],"collection":[{"href":"https:\/\/www.ull.es\/portal\/noticias\/wp-json\/wp\/v2\/posts"}],"about":[{"href":"https:\/\/www.ull.es\/portal\/noticias\/wp-json\/wp\/v2\/types\/post"}],"author":[{"embeddable":true,"href":"https:\/\/www.ull.es\/portal\/noticias\/wp-json\/wp\/v2\/users\/21"}],"replies":[{"embeddable":true,"href":"https:\/\/www.ull.es\/portal\/noticias\/wp-json\/wp\/v2\/comments?post=19954"}],"version-history":[{"count":0,"href":"https:\/\/www.ull.es\/portal\/noticias\/wp-json\/wp\/v2\/posts\/19954\/revisions"}],"wp:featuredmedia":[{"embeddable":true,"href":"https:\/\/www.ull.es\/portal\/noticias\/wp-json\/wp\/v2\/media\/19955"}],"wp:attachment":[{"href":"https:\/\/www.ull.es\/portal\/noticias\/wp-json\/wp\/v2\/media?parent=19954"}],"wp:term":[{"taxonomy":"category","embeddable":true,"href":"https:\/\/www.ull.es\/portal\/noticias\/wp-json\/wp\/v2\/categories?post=19954"},{"taxonomy":"post_tag","embeddable":true,"href":"https:\/\/www.ull.es\/portal\/noticias\/wp-json\/wp\/v2\/tags?post=19954"}],"curies":[{"name":"wp","href":"https:\/\/api.w.org\/{rel}","templated":true}]}}