{"id":19956,"date":"2012-11-22T13:07:38","date_gmt":"2012-11-22T13:07:38","guid":{"rendered":"http:\/\/ddigital.webs.ull.es\/la-ull-se-suma-al-dia-internacional-contra-la-violencia-de-genero-que-tendra-lugar-el-25-de-noviembre\/"},"modified":"2012-11-22T13:07:38","modified_gmt":"2012-11-22T13:07:38","slug":"la-ull-se-suma-al-dia-internacional-contra-la-violencia-de-genero-que-tendra-lugar-el-25-de-noviembre","status":"publish","type":"post","link":"https:\/\/www.ull.es\/portal\/noticias\/2012\/la-ull-se-suma-al-dia-internacional-contra-la-violencia-de-genero-que-tendra-lugar-el-25-de-noviembre\/","title":{"rendered":"La ULL se suma al D\u00eda Internacional contra la Violencia de G\u00e9nero que tendr\u00e1 lugar el 25 de noviembre"},"content":{"rendered":"<p> \tCon motivo del D&iacute;a internacional contra la Violencia de G&eacute;nero el pr&oacute;ximo domingo 25 de noviembre, la ULL se suma a la campa&ntilde;a &ldquo;Identifica al agresor&rdquo; promovida por el Instituto Canario de Igualdad. Su objetivo es propiciar que se reconozca al violento dibujando su cara con frases que la sociedad no siempre reconoce como potencialmente peligrosas y que, sin embargo, deber&iacute;an tenerse en cuenta. En este sentido, el mensaje que se quiere difundir es claro y se centra en la siguiente frase: &ldquo;Identifica al agresor, descubre d&oacute;nde empieza el maltrato y no lo permitas&rdquo;.<\/p>\n<p> \tLa violencia de g&eacute;nero adopta m&uacute;ltiples formas y adem&aacute;s de en las relaciones de pareja se encuentra tambi&eacute;n en los &aacute;mbitos laboral y educativo en forma de acoso sexual y sexista. Por tal motivo, la ULL apuesta por la prevenci&oacute;n y erradicaci&oacute;n de estos comportamientos, y de este modo ya desde el curso pasado se viene trabajando en la elaboraci&oacute;n en un protocolo de actuaci&oacute;n contra ambos tipos de acoso.<\/p>\n<p> \t<strong>Minuto de silencio<\/strong><\/p>\n<p> \tDesde la instituci&oacute;n acad&eacute;mica se anima a toda la comunidad universitaria a guardar un minuto de silencio el viernes 23 de noviembre a las 12 horas en los accesos principales de cada uno de los edificios de la ULL, para recordar as&iacute; a todas aquellas mujeres que han muerto este a&ntilde;o en mano de sus parejas. A continuaci&oacute;n de este acto tambi&eacute;n se dar&aacute; lectura al <a href=\"http:\/\/www.ull.es\/Private\/folder\/institucional\/ull\/wull\/destacados\/manifesto25N.pdf\" target=\"_blank\" target=\"_blank\" rel=\"noopener\">manifiesto<\/a> elaborado por el Foro contra la Violencia de G&eacute;nero en Tenerife.<\/p>\n<p> \tAsimismo, la ULL anima a participar en las siguientes actividades organizadas por el Foro contra Violencia de G&eacute;nero de Tenerife:<\/p>\n<p> \t-Viernes, 23 de noviembre de 2012 de 17:30 a 21:00 horas:<br \/> \tJornada: &ldquo;Perspectivas Feministas ante la Violencia Econ&oacute;mica de G&eacute;nero&rdquo;. En Consejo Escolar de Canarias, C\/ Consistorio, 20 &#8211; La Laguna. Programa disponible en:<br \/> \t<a href=\"http:\/\/www.gobiernodecanarias.org\/opencms8\/opencms\/icigualdad\/resources\/25N2012\/25N12ForoTfeJor.pdf\" target=\"_blank\" target=\"_blank\" rel=\"noopener\">http:\/\/www.gobiernodecanarias.org\/opencms8\/opencms\/icigualdad\/resources\/25N2012\/25N12ForoTfeJor.pdf <br \/> \t<\/a>Ficha de inscripci&oacute;n:&nbsp;<a href=\"http:\/\/www.gobiernodecanarias.org\/opencms8\/opencms\/icigualdad\/resources\/25N2012\/25N12ForoTfeJorIn.pdf\" target=\"_blank\" target=\"_blank\" rel=\"noopener\">http:\/\/www.gobiernodecanarias.org\/opencms8\/opencms\/icigualdad\/resources\/25N2012\/25N12ForoTfeJorIn.pdf&nbsp;<\/a><\/p>\n<p> \t-Domingo, 25 de noviembre de 2012 a partir de las 12:00 horas<br \/> \tManifestaci&oacute;n desde Plaza de la Concepci&oacute;n (La Laguna). Stand informativo desde las 10:30 horas.<\/p>\n<p> \tY a cualquier otra de entre las que, con el mismo motivo, tendr&aacute;n lugar en otros municipios de la isla, y que se pueden consultar en la Agenda colectiva 25 de noviembre de 2012-Canarias elaborada por el Instituto Canario de Igualdad:&nbsp;<a href=\"http:\/\/www.gobiernodecanarias.org\/opencms8\/opencms\/icigualdad\/inicio\/actualidad_nov_09.html\" target=\"_blank\" rel=\"noopener\">http:\/\/www.gobiernodecanarias.org\/opencms8\/opencms\/icigualdad\/inicio\/actualidad_nov_09.html<\/a><br \/> \t&nbsp;<\/p>\n","protected":false},"excerpt":{"rendered":"<p>Con motivo del D&iacute;a internacional contra la Violencia de G&eacute;nero el pr&oacute;ximo domingo 25 de noviembre, la ULL se suma&#8230;<\/p>\n","protected":false},"author":21,"featured_media":13607,"comment_status":"open","ping_status":"open","sticky":false,"template":"","format":"standard","meta":{"inline_featured_image":false,"footnotes":""},"categories":[348,1],"tags":[],"acf":[],"yoast_head":"<!-- This site is optimized with the Yoast SEO plugin v21.3 - https:\/\/yoast.com\/wordpress\/plugins\/seo\/ -->\n<title>La ULL se suma al D\u00eda Internacional contra la Violencia de G\u00e9nero que tendr\u00e1 lugar el 25 de noviembre - ULL - Noticias<\/title>\n<meta name=\"robots\" content=\"index, follow, max-snippet:-1, max-image-preview:large, max-video-preview:-1\" \/>\n<link rel=\"canonical\" href=\"https:\/\/www.ull.es\/portal\/noticias\/2012\/la-ull-se-suma-al-dia-internacional-contra-la-violencia-de-genero-que-tendra-lugar-el-25-de-noviembre\/\" \/>\n<meta property=\"og:locale\" content=\"es_ES\" \/>\n<meta property=\"og:type\" content=\"article\" \/>\n<meta property=\"og:title\" content=\"La ULL se suma al D\u00eda Internacional contra la Violencia de G\u00e9nero que tendr\u00e1 lugar el 25 de noviembre - ULL - Noticias\" \/>\n<meta property=\"og:description\" content=\"Con motivo del D&iacute;a internacional contra la Violencia de G&eacute;nero el pr&oacute;ximo domingo 25 de noviembre, la ULL se suma...\" \/>\n<meta property=\"og:url\" content=\"https:\/\/www.ull.es\/portal\/noticias\/2012\/la-ull-se-suma-al-dia-internacional-contra-la-violencia-de-genero-que-tendra-lugar-el-25-de-noviembre\/\" \/>\n<meta property=\"og:site_name\" content=\"ULL - Noticias\" \/>\n<meta property=\"article:publisher\" content=\"https:\/\/www.facebook.com\/universidaddelalaguna\/\" \/>\n<meta property=\"article:published_time\" content=\"2012-11-22T13:07:38+00:00\" \/>\n<meta property=\"og:image\" content=\"https:\/\/www.ull.es\/portal\/noticias\/wp-content\/uploads\/sites\/13\/2015\/07\/violencia_genero.jpg\" \/>\n\t<meta property=\"og:image:width\" content=\"800\" \/>\n\t<meta property=\"og:image:height\" content=\"533\" \/>\n\t<meta property=\"og:image:type\" content=\"image\/jpeg\" \/>\n<meta name=\"author\" content=\"prensa2\" \/>\n<meta name=\"twitter:card\" content=\"summary_large_image\" \/>\n<meta name=\"twitter:creator\" content=\"@CanalULL\" \/>\n<meta name=\"twitter:site\" content=\"@CanalULL\" \/>\n<meta name=\"twitter:label1\" content=\"Escrito por\" \/>\n\t<meta name=\"twitter:data1\" content=\"prensa2\" \/>\n\t<meta name=\"twitter:label2\" content=\"Tiempo de lectura\" \/>\n\t<meta name=\"twitter:data2\" content=\"2 minutos\" \/>\n<script type=\"application\/ld+json\" class=\"yoast-schema-graph\">{\"@context\":\"https:\/\/schema.org\",\"@graph\":[{\"@type\":\"WebPage\",\"@id\":\"https:\/\/www.ull.es\/portal\/noticias\/2012\/la-ull-se-suma-al-dia-internacional-contra-la-violencia-de-genero-que-tendra-lugar-el-25-de-noviembre\/\",\"url\":\"https:\/\/www.ull.es\/portal\/noticias\/2012\/la-ull-se-suma-al-dia-internacional-contra-la-violencia-de-genero-que-tendra-lugar-el-25-de-noviembre\/\",\"name\":\"La ULL se suma al D\u00eda Internacional contra la Violencia de G\u00e9nero que tendr\u00e1 lugar el 25 de noviembre - ULL - Noticias\",\"isPartOf\":{\"@id\":\"https:\/\/www.ull.es\/portal\/noticias\/#website\"},\"datePublished\":\"2012-11-22T13:07:38+00:00\",\"dateModified\":\"2012-11-22T13:07:38+00:00\",\"author\":{\"@id\":\"https:\/\/www.ull.es\/portal\/noticias\/#\/schema\/person\/c3b2aa857797592927a03740d6664376\"},\"breadcrumb\":{\"@id\":\"https:\/\/www.ull.es\/portal\/noticias\/2012\/la-ull-se-suma-al-dia-internacional-contra-la-violencia-de-genero-que-tendra-lugar-el-25-de-noviembre\/#breadcrumb\"},\"inLanguage\":\"es\",\"potentialAction\":[{\"@type\":\"ReadAction\",\"target\":[\"https:\/\/www.ull.es\/portal\/noticias\/2012\/la-ull-se-suma-al-dia-internacional-contra-la-violencia-de-genero-que-tendra-lugar-el-25-de-noviembre\/\"]}]},{\"@type\":\"BreadcrumbList\",\"@id\":\"https:\/\/www.ull.es\/portal\/noticias\/2012\/la-ull-se-suma-al-dia-internacional-contra-la-violencia-de-genero-que-tendra-lugar-el-25-de-noviembre\/#breadcrumb\",\"itemListElement\":[{\"@type\":\"ListItem\",\"position\":1,\"name\":\"Portada\",\"item\":\"https:\/\/www.ull.es\/portal\/noticias\/\"},{\"@type\":\"ListItem\",\"position\":2,\"name\":\"La ULL se suma al D\u00eda Internacional contra la Violencia de G\u00e9nero que tendr\u00e1 lugar el 25 de noviembre\"}]},{\"@type\":\"WebSite\",\"@id\":\"https:\/\/www.ull.es\/portal\/noticias\/#website\",\"url\":\"https:\/\/www.ull.es\/portal\/noticias\/\",\"name\":\"ULL - Noticias\",\"description\":\"\",\"potentialAction\":[{\"@type\":\"SearchAction\",\"target\":{\"@type\":\"EntryPoint\",\"urlTemplate\":\"https:\/\/www.ull.es\/portal\/noticias\/?s={search_term_string}\"},\"query-input\":\"required name=search_term_string\"}],\"inLanguage\":\"es\"},{\"@type\":\"Person\",\"@id\":\"https:\/\/www.ull.es\/portal\/noticias\/#\/schema\/person\/c3b2aa857797592927a03740d6664376\",\"name\":\"prensa2\",\"image\":{\"@type\":\"ImageObject\",\"inLanguage\":\"es\",\"@id\":\"https:\/\/www.ull.es\/portal\/noticias\/#\/schema\/person\/image\/\",\"url\":\"https:\/\/secure.gravatar.com\/avatar\/b58f310a5de5feb33d1e026d2493f23c?s=96&d=mm&r=g\",\"contentUrl\":\"https:\/\/secure.gravatar.com\/avatar\/b58f310a5de5feb33d1e026d2493f23c?s=96&d=mm&r=g\",\"caption\":\"prensa2\"},\"url\":\"https:\/\/www.ull.es\/portal\/noticias\/author\/prensa2\/\"}]}<\/script>\n<!-- \/ Yoast SEO plugin. -->","yoast_head_json":{"title":"La ULL se suma al D\u00eda Internacional contra la Violencia de G\u00e9nero que tendr\u00e1 lugar el 25 de noviembre - ULL - Noticias","robots":{"index":"index","follow":"follow","max-snippet":"max-snippet:-1","max-image-preview":"max-image-preview:large","max-video-preview":"max-video-preview:-1"},"canonical":"https:\/\/www.ull.es\/portal\/noticias\/2012\/la-ull-se-suma-al-dia-internacional-contra-la-violencia-de-genero-que-tendra-lugar-el-25-de-noviembre\/","og_locale":"es_ES","og_type":"article","og_title":"La ULL se suma al D\u00eda Internacional contra la Violencia de G\u00e9nero que tendr\u00e1 lugar el 25 de noviembre - ULL - Noticias","og_description":"Con motivo del D&iacute;a internacional contra la Violencia de G&eacute;nero el pr&oacute;ximo domingo 25 de noviembre, la ULL se suma...","og_url":"https:\/\/www.ull.es\/portal\/noticias\/2012\/la-ull-se-suma-al-dia-internacional-contra-la-violencia-de-genero-que-tendra-lugar-el-25-de-noviembre\/","og_site_name":"ULL - Noticias","article_publisher":"https:\/\/www.facebook.com\/universidaddelalaguna\/","article_published_time":"2012-11-22T13:07:38+00:00","og_image":[{"width":800,"height":533,"url":"https:\/\/www.ull.es\/portal\/noticias\/wp-content\/uploads\/sites\/13\/2015\/07\/violencia_genero.jpg","type":"image\/jpeg"}],"author":"prensa2","twitter_card":"summary_large_image","twitter_creator":"@CanalULL","twitter_site":"@CanalULL","twitter_misc":{"Escrito por":"prensa2","Tiempo de lectura":"2 minutos"},"schema":{"@context":"https:\/\/schema.org","@graph":[{"@type":"WebPage","@id":"https:\/\/www.ull.es\/portal\/noticias\/2012\/la-ull-se-suma-al-dia-internacional-contra-la-violencia-de-genero-que-tendra-lugar-el-25-de-noviembre\/","url":"https:\/\/www.ull.es\/portal\/noticias\/2012\/la-ull-se-suma-al-dia-internacional-contra-la-violencia-de-genero-que-tendra-lugar-el-25-de-noviembre\/","name":"La ULL se suma al D\u00eda Internacional contra la Violencia de G\u00e9nero que tendr\u00e1 lugar el 25 de noviembre - ULL - Noticias","isPartOf":{"@id":"https:\/\/www.ull.es\/portal\/noticias\/#website"},"datePublished":"2012-11-22T13:07:38+00:00","dateModified":"2012-11-22T13:07:38+00:00","author":{"@id":"https:\/\/www.ull.es\/portal\/noticias\/#\/schema\/person\/c3b2aa857797592927a03740d6664376"},"breadcrumb":{"@id":"https:\/\/www.ull.es\/portal\/noticias\/2012\/la-ull-se-suma-al-dia-internacional-contra-la-violencia-de-genero-que-tendra-lugar-el-25-de-noviembre\/#breadcrumb"},"inLanguage":"es","potentialAction":[{"@type":"ReadAction","target":["https:\/\/www.ull.es\/portal\/noticias\/2012\/la-ull-se-suma-al-dia-internacional-contra-la-violencia-de-genero-que-tendra-lugar-el-25-de-noviembre\/"]}]},{"@type":"BreadcrumbList","@id":"https:\/\/www.ull.es\/portal\/noticias\/2012\/la-ull-se-suma-al-dia-internacional-contra-la-violencia-de-genero-que-tendra-lugar-el-25-de-noviembre\/#breadcrumb","itemListElement":[{"@type":"ListItem","position":1,"name":"Portada","item":"https:\/\/www.ull.es\/portal\/noticias\/"},{"@type":"ListItem","position":2,"name":"La ULL se suma al D\u00eda Internacional contra la Violencia de G\u00e9nero que tendr\u00e1 lugar el 25 de noviembre"}]},{"@type":"WebSite","@id":"https:\/\/www.ull.es\/portal\/noticias\/#website","url":"https:\/\/www.ull.es\/portal\/noticias\/","name":"ULL - Noticias","description":"","potentialAction":[{"@type":"SearchAction","target":{"@type":"EntryPoint","urlTemplate":"https:\/\/www.ull.es\/portal\/noticias\/?s={search_term_string}"},"query-input":"required name=search_term_string"}],"inLanguage":"es"},{"@type":"Person","@id":"https:\/\/www.ull.es\/portal\/noticias\/#\/schema\/person\/c3b2aa857797592927a03740d6664376","name":"prensa2","image":{"@type":"ImageObject","inLanguage":"es","@id":"https:\/\/www.ull.es\/portal\/noticias\/#\/schema\/person\/image\/","url":"https:\/\/secure.gravatar.com\/avatar\/b58f310a5de5feb33d1e026d2493f23c?s=96&d=mm&r=g","contentUrl":"https:\/\/secure.gravatar.com\/avatar\/b58f310a5de5feb33d1e026d2493f23c?s=96&d=mm&r=g","caption":"prensa2"},"url":"https:\/\/www.ull.es\/portal\/noticias\/author\/prensa2\/"}]}},"primary_category":null,"featured_image_thumbnail_url":"https:\/\/www.ull.es\/portal\/noticias\/wp-content\/uploads\/sites\/13\/2015\/07\/violencia_genero-300x200.jpg","_links":{"self":[{"href":"https:\/\/www.ull.es\/portal\/noticias\/wp-json\/wp\/v2\/posts\/19956"}],"collection":[{"href":"https:\/\/www.ull.es\/portal\/noticias\/wp-json\/wp\/v2\/posts"}],"about":[{"href":"https:\/\/www.ull.es\/portal\/noticias\/wp-json\/wp\/v2\/types\/post"}],"author":[{"embeddable":true,"href":"https:\/\/www.ull.es\/portal\/noticias\/wp-json\/wp\/v2\/users\/21"}],"replies":[{"embeddable":true,"href":"https:\/\/www.ull.es\/portal\/noticias\/wp-json\/wp\/v2\/comments?post=19956"}],"version-history":[{"count":0,"href":"https:\/\/www.ull.es\/portal\/noticias\/wp-json\/wp\/v2\/posts\/19956\/revisions"}],"wp:featuredmedia":[{"embeddable":true,"href":"https:\/\/www.ull.es\/portal\/noticias\/wp-json\/wp\/v2\/media\/13607"}],"wp:attachment":[{"href":"https:\/\/www.ull.es\/portal\/noticias\/wp-json\/wp\/v2\/media?parent=19956"}],"wp:term":[{"taxonomy":"category","embeddable":true,"href":"https:\/\/www.ull.es\/portal\/noticias\/wp-json\/wp\/v2\/categories?post=19956"},{"taxonomy":"post_tag","embeddable":true,"href":"https:\/\/www.ull.es\/portal\/noticias\/wp-json\/wp\/v2\/tags?post=19956"}],"curies":[{"name":"wp","href":"https:\/\/api.w.org\/{rel}","templated":true}]}}