{"id":19959,"date":"2012-11-22T14:22:08","date_gmt":"2012-11-22T14:22:08","guid":{"rendered":"http:\/\/ddigital.webs.ull.es\/la-ull-celebra-la-xi-edicion-de-sus-jornadas-de-analisis-sobre-la-constitucion-espanola\/"},"modified":"2012-11-22T14:22:08","modified_gmt":"2012-11-22T14:22:08","slug":"la-ull-celebra-la-xi-edicion-de-sus-jornadas-de-analisis-sobre-la-constitucion-espanola","status":"publish","type":"post","link":"https:\/\/www.ull.es\/portal\/noticias\/2012\/la-ull-celebra-la-xi-edicion-de-sus-jornadas-de-analisis-sobre-la-constitucion-espanola\/","title":{"rendered":"La ULL celebra la XI edici\u00f3n de sus jornadas de an\u00e1lisis sobre la Constituci\u00f3n Espa\u00f1ola"},"content":{"rendered":"<p> \tComo viene siendo habitual en fechas cercanas a la celebraci&oacute;n del D&iacute;a de la Constituci&oacute;n, la Facultad de Derecho de la Universidad de La Laguna, en colaboraci&oacute;n con la C&aacute;tedra Cultural Francisco Tom&aacute;s y Valiente y Radio Campus, dedica unas jornadas en las que el profesorado de la ULL analiza diferentes aspectos recogidos en la carta magna. En 2012, adem&aacute;s, se cumple el d&eacute;cimo aniversario de este evento. Este a&ntilde;o las jornadas se celebrar&aacute;n los viernes 23 y 30 de noviembre en el Aula Magna &ldquo;Gumersindo Trujillo&rdquo; del centro organizador.<\/p>\n<p> \tLas jornadas ser&aacute;n inauguradas ma&ntilde;ana, viernes 23 de noviembre a las 9:45 por el rector de la ULL, Eduardo Dom&eacute;nech. Seguidamente se desarrollar&aacute; la primera conferencia, &ldquo;Crisis econ&oacute;mico-financiera; crisis de la Administraci&oacute;n p&uacute;blica&rdquo;, por Francisco J. Villar Rojas, catedr&aacute;tico de Derecho Administrativo. A las 11:00 se dictar&aacute; la ponencia &ldquo;Los cabildos y su contribuci&oacute;n a la modernizaci&oacute;n de las Islas Canarias y Am&eacute;rica&rdquo;, por Mar&iacute;a In&eacute;s Teresa Cobo S&aacute;enz de Los Terreros, profesora Titular de Derecho Eclesi&aacute;stico del Estado. A las 12:30 se abordar&aacute; el asunto &ldquo;Constituci&oacute;n, matrimonio y familia&rdquo;, por Pedro de Pablo Contreras, catedr&aacute;tico de Derecho Civil.<\/p>\n<p> \tLas jornadas se retomar&aacute;n a las 16:00 con la intervenci&oacute;n &ldquo;El art&iacute;culo 24 de la CE y su incidencia en el sistema espa&ntilde;ol de Competencia Judicial Internacional&rdquo;, a cargo de M&ordf; Asunci&oacute;n As&iacute;n Cabrera, profesora Titular de Derecho Internacional Privado. Una hora m&aacute;s tarde se abordar&aacute; &ldquo;La retribuci&oacute;n de directivos: libertad de empresa versus administraci&oacute;n desleal. Una visi&oacute;n interdisciplinar&rdquo;, por Irene Navarro Fr&iacute;as, profesora Contratada Laboral de Derecho Penal, y Lourdes Ver&oacute;nica Melero Bosch, profesora Ayudante Doctor de Derecho Mercantil.<\/p>\n<p> \tLas sesiones del 30 de noviembre comenzar&aacute;n a las 10:00 con la conferencia &ldquo;Elementos distintivos de los diversos sistemas jur&iacute;dicos&rdquo; de Encarnaci&oacute;n Ricart Mart&iacute;, catedr&aacute;tica de Derecho Romano de la Universidad Rovira i Virgili. A las 11:00 la ponencia programada ser&aacute; &ldquo;El derecho a la negociaci&oacute;n colectiva y su posible afectaci&oacute;n tras las reformas 2011-2012&rdquo;, por Dulce M. Cair&oacute;s Barreto, profesora Titular de Derecho del Trabajo y de la Seguridad Social. La ma&ntilde;ana se cerrar&aacute; a las 12:30 con &ldquo;Tratamiento penal de la desobediencia al derecho por motivos de conciencia: objeci&oacute;n de conciencia&rdquo;, a cargo de&nbsp; F&aacute;tima Flores Mendoza, profesora Titular de Derecho Penal.<\/p>\n<p> \tA las 16:00 horas se abordar&aacute; &ldquo;El cuerpo humano como fuente de prueba&rdquo;, por Tom&aacute;s Vicente L&oacute;pez-Fragoso &Aacute;lvarez, catedr&aacute;tico de Derecho Procesal, y a las 17 horas se cerrar&aacute; el ciclo de este a&ntilde;o con la intervenci&oacute;n titulada &ldquo;&iquest;Hay lugar para el Senado?&rdquo;, que dictar&aacute; Santiago P&eacute;rez Garc&iacute;a, profesor colaborador de Derecho Constitucional.<br \/> \t&nbsp;<\/p>\n","protected":false},"excerpt":{"rendered":"<p>Como viene siendo habitual en fechas cercanas a la celebraci&oacute;n del D&iacute;a de la Constituci&oacute;n, la Facultad de Derecho de&#8230;<\/p>\n","protected":false},"author":21,"featured_media":18545,"comment_status":"open","ping_status":"open","sticky":false,"template":"","format":"standard","meta":{"inline_featured_image":false,"footnotes":""},"categories":[348,1],"tags":[],"acf":[],"yoast_head":"<!-- This site is optimized with the Yoast SEO plugin v21.3 - https:\/\/yoast.com\/wordpress\/plugins\/seo\/ -->\n<title>La ULL celebra la XI edici\u00f3n de sus jornadas de an\u00e1lisis sobre la Constituci\u00f3n Espa\u00f1ola - ULL - Noticias<\/title>\n<meta name=\"robots\" content=\"index, follow, max-snippet:-1, max-image-preview:large, max-video-preview:-1\" \/>\n<link rel=\"canonical\" href=\"https:\/\/www.ull.es\/portal\/noticias\/2012\/la-ull-celebra-la-xi-edicion-de-sus-jornadas-de-analisis-sobre-la-constitucion-espanola\/\" \/>\n<meta property=\"og:locale\" content=\"es_ES\" \/>\n<meta property=\"og:type\" content=\"article\" \/>\n<meta property=\"og:title\" content=\"La ULL celebra la XI edici\u00f3n de sus jornadas de an\u00e1lisis sobre la Constituci\u00f3n Espa\u00f1ola - ULL - Noticias\" \/>\n<meta property=\"og:description\" content=\"Como viene siendo habitual en fechas cercanas a la celebraci&oacute;n del D&iacute;a de la Constituci&oacute;n, la Facultad de Derecho de...\" \/>\n<meta property=\"og:url\" content=\"https:\/\/www.ull.es\/portal\/noticias\/2012\/la-ull-celebra-la-xi-edicion-de-sus-jornadas-de-analisis-sobre-la-constitucion-espanola\/\" \/>\n<meta property=\"og:site_name\" content=\"ULL - Noticias\" \/>\n<meta property=\"article:publisher\" content=\"https:\/\/www.facebook.com\/universidaddelalaguna\/\" \/>\n<meta property=\"article:published_time\" content=\"2012-11-22T14:22:08+00:00\" \/>\n<meta property=\"og:image\" content=\"https:\/\/www.ull.es\/portal\/noticias\/wp-content\/uploads\/sites\/13\/2015\/07\/jornadas_constitucion.jpg\" \/>\n\t<meta property=\"og:image:width\" content=\"528\" \/>\n\t<meta property=\"og:image:height\" content=\"800\" \/>\n\t<meta property=\"og:image:type\" content=\"image\/jpeg\" \/>\n<meta name=\"author\" content=\"prensa2\" \/>\n<meta name=\"twitter:card\" content=\"summary_large_image\" \/>\n<meta name=\"twitter:creator\" content=\"@CanalULL\" \/>\n<meta name=\"twitter:site\" content=\"@CanalULL\" \/>\n<meta name=\"twitter:label1\" content=\"Escrito por\" \/>\n\t<meta name=\"twitter:data1\" content=\"prensa2\" \/>\n\t<meta name=\"twitter:label2\" content=\"Tiempo de lectura\" \/>\n\t<meta name=\"twitter:data2\" content=\"3 minutos\" \/>\n<script type=\"application\/ld+json\" class=\"yoast-schema-graph\">{\"@context\":\"https:\/\/schema.org\",\"@graph\":[{\"@type\":\"WebPage\",\"@id\":\"https:\/\/www.ull.es\/portal\/noticias\/2012\/la-ull-celebra-la-xi-edicion-de-sus-jornadas-de-analisis-sobre-la-constitucion-espanola\/\",\"url\":\"https:\/\/www.ull.es\/portal\/noticias\/2012\/la-ull-celebra-la-xi-edicion-de-sus-jornadas-de-analisis-sobre-la-constitucion-espanola\/\",\"name\":\"La ULL celebra la XI edici\u00f3n de sus jornadas de an\u00e1lisis sobre la Constituci\u00f3n Espa\u00f1ola - ULL - Noticias\",\"isPartOf\":{\"@id\":\"https:\/\/www.ull.es\/portal\/noticias\/#website\"},\"datePublished\":\"2012-11-22T14:22:08+00:00\",\"dateModified\":\"2012-11-22T14:22:08+00:00\",\"author\":{\"@id\":\"https:\/\/www.ull.es\/portal\/noticias\/#\/schema\/person\/c3b2aa857797592927a03740d6664376\"},\"breadcrumb\":{\"@id\":\"https:\/\/www.ull.es\/portal\/noticias\/2012\/la-ull-celebra-la-xi-edicion-de-sus-jornadas-de-analisis-sobre-la-constitucion-espanola\/#breadcrumb\"},\"inLanguage\":\"es\",\"potentialAction\":[{\"@type\":\"ReadAction\",\"target\":[\"https:\/\/www.ull.es\/portal\/noticias\/2012\/la-ull-celebra-la-xi-edicion-de-sus-jornadas-de-analisis-sobre-la-constitucion-espanola\/\"]}]},{\"@type\":\"BreadcrumbList\",\"@id\":\"https:\/\/www.ull.es\/portal\/noticias\/2012\/la-ull-celebra-la-xi-edicion-de-sus-jornadas-de-analisis-sobre-la-constitucion-espanola\/#breadcrumb\",\"itemListElement\":[{\"@type\":\"ListItem\",\"position\":1,\"name\":\"Portada\",\"item\":\"https:\/\/www.ull.es\/portal\/noticias\/\"},{\"@type\":\"ListItem\",\"position\":2,\"name\":\"La ULL celebra la XI edici\u00f3n de sus jornadas de an\u00e1lisis sobre la Constituci\u00f3n Espa\u00f1ola\"}]},{\"@type\":\"WebSite\",\"@id\":\"https:\/\/www.ull.es\/portal\/noticias\/#website\",\"url\":\"https:\/\/www.ull.es\/portal\/noticias\/\",\"name\":\"ULL - Noticias\",\"description\":\"\",\"potentialAction\":[{\"@type\":\"SearchAction\",\"target\":{\"@type\":\"EntryPoint\",\"urlTemplate\":\"https:\/\/www.ull.es\/portal\/noticias\/?s={search_term_string}\"},\"query-input\":\"required name=search_term_string\"}],\"inLanguage\":\"es\"},{\"@type\":\"Person\",\"@id\":\"https:\/\/www.ull.es\/portal\/noticias\/#\/schema\/person\/c3b2aa857797592927a03740d6664376\",\"name\":\"prensa2\",\"image\":{\"@type\":\"ImageObject\",\"inLanguage\":\"es\",\"@id\":\"https:\/\/www.ull.es\/portal\/noticias\/#\/schema\/person\/image\/\",\"url\":\"https:\/\/secure.gravatar.com\/avatar\/b58f310a5de5feb33d1e026d2493f23c?s=96&d=mm&r=g\",\"contentUrl\":\"https:\/\/secure.gravatar.com\/avatar\/b58f310a5de5feb33d1e026d2493f23c?s=96&d=mm&r=g\",\"caption\":\"prensa2\"},\"url\":\"https:\/\/www.ull.es\/portal\/noticias\/author\/prensa2\/\"}]}<\/script>\n<!-- \/ Yoast SEO plugin. -->","yoast_head_json":{"title":"La ULL celebra la XI edici\u00f3n de sus jornadas de an\u00e1lisis sobre la Constituci\u00f3n Espa\u00f1ola - ULL - Noticias","robots":{"index":"index","follow":"follow","max-snippet":"max-snippet:-1","max-image-preview":"max-image-preview:large","max-video-preview":"max-video-preview:-1"},"canonical":"https:\/\/www.ull.es\/portal\/noticias\/2012\/la-ull-celebra-la-xi-edicion-de-sus-jornadas-de-analisis-sobre-la-constitucion-espanola\/","og_locale":"es_ES","og_type":"article","og_title":"La ULL celebra la XI edici\u00f3n de sus jornadas de an\u00e1lisis sobre la Constituci\u00f3n Espa\u00f1ola - ULL - Noticias","og_description":"Como viene siendo habitual en fechas cercanas a la celebraci&oacute;n del D&iacute;a de la Constituci&oacute;n, la Facultad de Derecho de...","og_url":"https:\/\/www.ull.es\/portal\/noticias\/2012\/la-ull-celebra-la-xi-edicion-de-sus-jornadas-de-analisis-sobre-la-constitucion-espanola\/","og_site_name":"ULL - Noticias","article_publisher":"https:\/\/www.facebook.com\/universidaddelalaguna\/","article_published_time":"2012-11-22T14:22:08+00:00","og_image":[{"width":528,"height":800,"url":"https:\/\/www.ull.es\/portal\/noticias\/wp-content\/uploads\/sites\/13\/2015\/07\/jornadas_constitucion.jpg","type":"image\/jpeg"}],"author":"prensa2","twitter_card":"summary_large_image","twitter_creator":"@CanalULL","twitter_site":"@CanalULL","twitter_misc":{"Escrito por":"prensa2","Tiempo de lectura":"3 minutos"},"schema":{"@context":"https:\/\/schema.org","@graph":[{"@type":"WebPage","@id":"https:\/\/www.ull.es\/portal\/noticias\/2012\/la-ull-celebra-la-xi-edicion-de-sus-jornadas-de-analisis-sobre-la-constitucion-espanola\/","url":"https:\/\/www.ull.es\/portal\/noticias\/2012\/la-ull-celebra-la-xi-edicion-de-sus-jornadas-de-analisis-sobre-la-constitucion-espanola\/","name":"La ULL celebra la XI edici\u00f3n de sus jornadas de an\u00e1lisis sobre la Constituci\u00f3n Espa\u00f1ola - ULL - Noticias","isPartOf":{"@id":"https:\/\/www.ull.es\/portal\/noticias\/#website"},"datePublished":"2012-11-22T14:22:08+00:00","dateModified":"2012-11-22T14:22:08+00:00","author":{"@id":"https:\/\/www.ull.es\/portal\/noticias\/#\/schema\/person\/c3b2aa857797592927a03740d6664376"},"breadcrumb":{"@id":"https:\/\/www.ull.es\/portal\/noticias\/2012\/la-ull-celebra-la-xi-edicion-de-sus-jornadas-de-analisis-sobre-la-constitucion-espanola\/#breadcrumb"},"inLanguage":"es","potentialAction":[{"@type":"ReadAction","target":["https:\/\/www.ull.es\/portal\/noticias\/2012\/la-ull-celebra-la-xi-edicion-de-sus-jornadas-de-analisis-sobre-la-constitucion-espanola\/"]}]},{"@type":"BreadcrumbList","@id":"https:\/\/www.ull.es\/portal\/noticias\/2012\/la-ull-celebra-la-xi-edicion-de-sus-jornadas-de-analisis-sobre-la-constitucion-espanola\/#breadcrumb","itemListElement":[{"@type":"ListItem","position":1,"name":"Portada","item":"https:\/\/www.ull.es\/portal\/noticias\/"},{"@type":"ListItem","position":2,"name":"La ULL celebra la XI edici\u00f3n de sus jornadas de an\u00e1lisis sobre la Constituci\u00f3n Espa\u00f1ola"}]},{"@type":"WebSite","@id":"https:\/\/www.ull.es\/portal\/noticias\/#website","url":"https:\/\/www.ull.es\/portal\/noticias\/","name":"ULL - Noticias","description":"","potentialAction":[{"@type":"SearchAction","target":{"@type":"EntryPoint","urlTemplate":"https:\/\/www.ull.es\/portal\/noticias\/?s={search_term_string}"},"query-input":"required name=search_term_string"}],"inLanguage":"es"},{"@type":"Person","@id":"https:\/\/www.ull.es\/portal\/noticias\/#\/schema\/person\/c3b2aa857797592927a03740d6664376","name":"prensa2","image":{"@type":"ImageObject","inLanguage":"es","@id":"https:\/\/www.ull.es\/portal\/noticias\/#\/schema\/person\/image\/","url":"https:\/\/secure.gravatar.com\/avatar\/b58f310a5de5feb33d1e026d2493f23c?s=96&d=mm&r=g","contentUrl":"https:\/\/secure.gravatar.com\/avatar\/b58f310a5de5feb33d1e026d2493f23c?s=96&d=mm&r=g","caption":"prensa2"},"url":"https:\/\/www.ull.es\/portal\/noticias\/author\/prensa2\/"}]}},"primary_category":null,"featured_image_thumbnail_url":"https:\/\/www.ull.es\/portal\/noticias\/wp-content\/uploads\/sites\/13\/2015\/07\/jornadas_constitucion-198x300.jpg","_links":{"self":[{"href":"https:\/\/www.ull.es\/portal\/noticias\/wp-json\/wp\/v2\/posts\/19959"}],"collection":[{"href":"https:\/\/www.ull.es\/portal\/noticias\/wp-json\/wp\/v2\/posts"}],"about":[{"href":"https:\/\/www.ull.es\/portal\/noticias\/wp-json\/wp\/v2\/types\/post"}],"author":[{"embeddable":true,"href":"https:\/\/www.ull.es\/portal\/noticias\/wp-json\/wp\/v2\/users\/21"}],"replies":[{"embeddable":true,"href":"https:\/\/www.ull.es\/portal\/noticias\/wp-json\/wp\/v2\/comments?post=19959"}],"version-history":[{"count":0,"href":"https:\/\/www.ull.es\/portal\/noticias\/wp-json\/wp\/v2\/posts\/19959\/revisions"}],"wp:featuredmedia":[{"embeddable":true,"href":"https:\/\/www.ull.es\/portal\/noticias\/wp-json\/wp\/v2\/media\/18545"}],"wp:attachment":[{"href":"https:\/\/www.ull.es\/portal\/noticias\/wp-json\/wp\/v2\/media?parent=19959"}],"wp:term":[{"taxonomy":"category","embeddable":true,"href":"https:\/\/www.ull.es\/portal\/noticias\/wp-json\/wp\/v2\/categories?post=19959"},{"taxonomy":"post_tag","embeddable":true,"href":"https:\/\/www.ull.es\/portal\/noticias\/wp-json\/wp\/v2\/tags?post=19959"}],"curies":[{"name":"wp","href":"https:\/\/api.w.org\/{rel}","templated":true}]}}