{"id":19965,"date":"2012-11-23T14:56:16","date_gmt":"2012-11-23T14:56:16","guid":{"rendered":"http:\/\/ddigital.webs.ull.es\/la-facultad-de-biologia-de-la-ull-acoge-la-trigesima-edicion-su-muestra-anual-de-hongos\/"},"modified":"2012-11-23T14:56:16","modified_gmt":"2012-11-23T14:56:16","slug":"la-facultad-de-biologia-de-la-ull-acoge-la-trigesima-edicion-su-muestra-anual-de-hongos","status":"publish","type":"post","link":"https:\/\/www.ull.es\/portal\/noticias\/2012\/la-facultad-de-biologia-de-la-ull-acoge-la-trigesima-edicion-su-muestra-anual-de-hongos\/","title":{"rendered":"La Facultad de Biolog\u00eda de la ULL acoge la trig\u00e9sima edici\u00f3n su muestra anual de hongos"},"content":{"rendered":"<p> \tComo ya viene siendo habitual por estas fechas, la Facultad de Biolog&iacute;a de la Universidad de La Laguna organiza las Jornadas Micol&oacute;gicas de Canarias, que en 2012 alcanzan su trig&eacute;sima edici&oacute;n. En esta actividad participa una buena parte del alumnado del centro a trav&eacute;s de una exposici&oacute;n viva de especies de hongos y setas de Tenerife. Ser&aacute; inaugurada el pr&oacute;ximo lunes 26 de noviembre a las 19:30 horas y permanecer&aacute; abierta hasta el viernes 30 del mismo mes.<\/p>\n<p> \tEsta muestra ofrece la posibilidad a los centros de primaria y secundaria de Tenerife de realizar visitas guiadas. En ediciones anteriores la concurrencia escolar se ha saldado con un gran &eacute;xito de asistencia, lleg&aacute;ndose a atender a m&aacute;s de cinco mil visitantes. Los centros interesados en concertar una cita podr&aacute;n hacerlo llamando al tel&eacute;fono 645 968 239.<\/p>\n<p> \tEl alumnado de la facultad participa tanto en el montaje de la exposici&oacute;n, como en la recolecci&oacute;n de muestras, su reposici&oacute;n a mitad de semana para que todos los ejemplares est&eacute;n en perfecto estado, y como monitores para atender a los visitantes a estas jornadas.<br \/> \tComo parte de la muestra se ha editado tambi&eacute;n un folleto informativo en el que se explican las caracter&iacute;sticas principales de los hongos, su importancia y algunos consejos acerca de c&oacute;mo conservarlos y tratarlos adecuadamente sin correr peligro. Est&aacute; disponible tanto en papel, en la sala de exposici&oacute;n ubicada en la Facultad de Biolog&iacute;a, como en la<a href=\"http:\/\/www.ull.es\/Private\/folder\/institucional\/ull\/wull\/agenda\/2012\/noviembre\/micologicas_2012.pdf\" target=\"_blank\" target=\"_blank\" rel=\"noopener\"> p&aacute;gina web de la ULL<\/a> .<\/p>\n<p> \tEstas jornadas surgieron en la Facultad de Biolog&iacute;a como respuesta a la curiosidad que el mundo de los hongos despert&oacute; en el alumnado y profesores del entonces Departamento de Bot&aacute;nica, a finales de la d&eacute;cada de los setenta. Fue en esa &eacute;poca cuando los profesores Esperanza Beltr&aacute;n y Wolfredo Wildpret dieron impulso a esta idea que se materializ&oacute; con la I Exposici&oacute;n de Hongos, en el mes de noviembre de 1980. En la actualidad la profesora Beltr&aacute;n sigue coordinando la muestra.<\/p>\n<p> \tEste evento est&aacute; organizado por el Departamento de Biolog&iacute;a Vegetal. la delegaci&oacute;n de alumnos de la Facultad de Biolog&iacute;a y el Instituto de Estudios Canarios, y cuanta con la colaboraci&oacute;n de la Facultad de Biolog&iacute;a y el Colegio Oficial de Bi&oacute;logos de Canarias.<br \/> \t&nbsp;<\/p>\n","protected":false},"excerpt":{"rendered":"<p>Como ya viene siendo habitual por estas fechas, la Facultad de Biolog&iacute;a de la Universidad de La Laguna organiza las&#8230;<\/p>\n","protected":false},"author":21,"featured_media":19966,"comment_status":"open","ping_status":"open","sticky":false,"template":"","format":"standard","meta":{"inline_featured_image":false,"footnotes":""},"categories":[348,1],"tags":[],"acf":[],"yoast_head":"<!-- This site is optimized with the Yoast SEO plugin v21.3 - https:\/\/yoast.com\/wordpress\/plugins\/seo\/ -->\n<title>La Facultad de Biolog\u00eda de la ULL acoge la trig\u00e9sima edici\u00f3n su muestra anual de hongos - ULL - Noticias<\/title>\n<meta name=\"robots\" content=\"index, follow, max-snippet:-1, max-image-preview:large, max-video-preview:-1\" \/>\n<link rel=\"canonical\" href=\"https:\/\/www.ull.es\/portal\/noticias\/2012\/la-facultad-de-biologia-de-la-ull-acoge-la-trigesima-edicion-su-muestra-anual-de-hongos\/\" \/>\n<meta property=\"og:locale\" content=\"es_ES\" \/>\n<meta property=\"og:type\" content=\"article\" \/>\n<meta property=\"og:title\" content=\"La Facultad de Biolog\u00eda de la ULL acoge la trig\u00e9sima edici\u00f3n su muestra anual de hongos - ULL - Noticias\" \/>\n<meta property=\"og:description\" content=\"Como ya viene siendo habitual por estas fechas, la Facultad de Biolog&iacute;a de la Universidad de La Laguna organiza las...\" \/>\n<meta property=\"og:url\" content=\"https:\/\/www.ull.es\/portal\/noticias\/2012\/la-facultad-de-biologia-de-la-ull-acoge-la-trigesima-edicion-su-muestra-anual-de-hongos\/\" \/>\n<meta property=\"og:site_name\" content=\"ULL - Noticias\" \/>\n<meta property=\"article:publisher\" content=\"https:\/\/www.facebook.com\/universidaddelalaguna\/\" \/>\n<meta property=\"article:published_time\" content=\"2012-11-23T14:56:16+00:00\" \/>\n<meta property=\"og:image\" content=\"https:\/\/www.ull.es\/portal\/noticias\/wp-content\/uploads\/sites\/13\/2015\/07\/29-Jornadas-Micologicas-03.jpg\" \/>\n\t<meta property=\"og:image:width\" content=\"1024\" \/>\n\t<meta property=\"og:image:height\" content=\"683\" \/>\n\t<meta property=\"og:image:type\" content=\"image\/jpeg\" \/>\n<meta name=\"author\" content=\"prensa2\" \/>\n<meta name=\"twitter:card\" content=\"summary_large_image\" \/>\n<meta name=\"twitter:creator\" content=\"@CanalULL\" \/>\n<meta name=\"twitter:site\" content=\"@CanalULL\" \/>\n<meta name=\"twitter:label1\" content=\"Escrito por\" \/>\n\t<meta name=\"twitter:data1\" content=\"prensa2\" \/>\n\t<meta name=\"twitter:label2\" content=\"Tiempo de lectura\" \/>\n\t<meta name=\"twitter:data2\" content=\"2 minutos\" \/>\n<script type=\"application\/ld+json\" class=\"yoast-schema-graph\">{\"@context\":\"https:\/\/schema.org\",\"@graph\":[{\"@type\":\"WebPage\",\"@id\":\"https:\/\/www.ull.es\/portal\/noticias\/2012\/la-facultad-de-biologia-de-la-ull-acoge-la-trigesima-edicion-su-muestra-anual-de-hongos\/\",\"url\":\"https:\/\/www.ull.es\/portal\/noticias\/2012\/la-facultad-de-biologia-de-la-ull-acoge-la-trigesima-edicion-su-muestra-anual-de-hongos\/\",\"name\":\"La Facultad de Biolog\u00eda de la ULL acoge la trig\u00e9sima edici\u00f3n su muestra anual de hongos - ULL - Noticias\",\"isPartOf\":{\"@id\":\"https:\/\/www.ull.es\/portal\/noticias\/#website\"},\"datePublished\":\"2012-11-23T14:56:16+00:00\",\"dateModified\":\"2012-11-23T14:56:16+00:00\",\"author\":{\"@id\":\"https:\/\/www.ull.es\/portal\/noticias\/#\/schema\/person\/c3b2aa857797592927a03740d6664376\"},\"breadcrumb\":{\"@id\":\"https:\/\/www.ull.es\/portal\/noticias\/2012\/la-facultad-de-biologia-de-la-ull-acoge-la-trigesima-edicion-su-muestra-anual-de-hongos\/#breadcrumb\"},\"inLanguage\":\"es\",\"potentialAction\":[{\"@type\":\"ReadAction\",\"target\":[\"https:\/\/www.ull.es\/portal\/noticias\/2012\/la-facultad-de-biologia-de-la-ull-acoge-la-trigesima-edicion-su-muestra-anual-de-hongos\/\"]}]},{\"@type\":\"BreadcrumbList\",\"@id\":\"https:\/\/www.ull.es\/portal\/noticias\/2012\/la-facultad-de-biologia-de-la-ull-acoge-la-trigesima-edicion-su-muestra-anual-de-hongos\/#breadcrumb\",\"itemListElement\":[{\"@type\":\"ListItem\",\"position\":1,\"name\":\"Portada\",\"item\":\"https:\/\/www.ull.es\/portal\/noticias\/\"},{\"@type\":\"ListItem\",\"position\":2,\"name\":\"La Facultad de Biolog\u00eda de la ULL acoge la trig\u00e9sima edici\u00f3n su muestra anual de hongos\"}]},{\"@type\":\"WebSite\",\"@id\":\"https:\/\/www.ull.es\/portal\/noticias\/#website\",\"url\":\"https:\/\/www.ull.es\/portal\/noticias\/\",\"name\":\"ULL - Noticias\",\"description\":\"\",\"potentialAction\":[{\"@type\":\"SearchAction\",\"target\":{\"@type\":\"EntryPoint\",\"urlTemplate\":\"https:\/\/www.ull.es\/portal\/noticias\/?s={search_term_string}\"},\"query-input\":\"required name=search_term_string\"}],\"inLanguage\":\"es\"},{\"@type\":\"Person\",\"@id\":\"https:\/\/www.ull.es\/portal\/noticias\/#\/schema\/person\/c3b2aa857797592927a03740d6664376\",\"name\":\"prensa2\",\"image\":{\"@type\":\"ImageObject\",\"inLanguage\":\"es\",\"@id\":\"https:\/\/www.ull.es\/portal\/noticias\/#\/schema\/person\/image\/\",\"url\":\"https:\/\/secure.gravatar.com\/avatar\/b58f310a5de5feb33d1e026d2493f23c?s=96&d=mm&r=g\",\"contentUrl\":\"https:\/\/secure.gravatar.com\/avatar\/b58f310a5de5feb33d1e026d2493f23c?s=96&d=mm&r=g\",\"caption\":\"prensa2\"},\"url\":\"https:\/\/www.ull.es\/portal\/noticias\/author\/prensa2\/\"}]}<\/script>\n<!-- \/ Yoast SEO plugin. -->","yoast_head_json":{"title":"La Facultad de Biolog\u00eda de la ULL acoge la trig\u00e9sima edici\u00f3n su muestra anual de hongos - ULL - Noticias","robots":{"index":"index","follow":"follow","max-snippet":"max-snippet:-1","max-image-preview":"max-image-preview:large","max-video-preview":"max-video-preview:-1"},"canonical":"https:\/\/www.ull.es\/portal\/noticias\/2012\/la-facultad-de-biologia-de-la-ull-acoge-la-trigesima-edicion-su-muestra-anual-de-hongos\/","og_locale":"es_ES","og_type":"article","og_title":"La Facultad de Biolog\u00eda de la ULL acoge la trig\u00e9sima edici\u00f3n su muestra anual de hongos - ULL - Noticias","og_description":"Como ya viene siendo habitual por estas fechas, la Facultad de Biolog&iacute;a de la Universidad de La Laguna organiza las...","og_url":"https:\/\/www.ull.es\/portal\/noticias\/2012\/la-facultad-de-biologia-de-la-ull-acoge-la-trigesima-edicion-su-muestra-anual-de-hongos\/","og_site_name":"ULL - Noticias","article_publisher":"https:\/\/www.facebook.com\/universidaddelalaguna\/","article_published_time":"2012-11-23T14:56:16+00:00","og_image":[{"width":1024,"height":683,"url":"https:\/\/www.ull.es\/portal\/noticias\/wp-content\/uploads\/sites\/13\/2015\/07\/29-Jornadas-Micologicas-03.jpg","type":"image\/jpeg"}],"author":"prensa2","twitter_card":"summary_large_image","twitter_creator":"@CanalULL","twitter_site":"@CanalULL","twitter_misc":{"Escrito por":"prensa2","Tiempo de lectura":"2 minutos"},"schema":{"@context":"https:\/\/schema.org","@graph":[{"@type":"WebPage","@id":"https:\/\/www.ull.es\/portal\/noticias\/2012\/la-facultad-de-biologia-de-la-ull-acoge-la-trigesima-edicion-su-muestra-anual-de-hongos\/","url":"https:\/\/www.ull.es\/portal\/noticias\/2012\/la-facultad-de-biologia-de-la-ull-acoge-la-trigesima-edicion-su-muestra-anual-de-hongos\/","name":"La Facultad de Biolog\u00eda de la ULL acoge la trig\u00e9sima edici\u00f3n su muestra anual de hongos - ULL - Noticias","isPartOf":{"@id":"https:\/\/www.ull.es\/portal\/noticias\/#website"},"datePublished":"2012-11-23T14:56:16+00:00","dateModified":"2012-11-23T14:56:16+00:00","author":{"@id":"https:\/\/www.ull.es\/portal\/noticias\/#\/schema\/person\/c3b2aa857797592927a03740d6664376"},"breadcrumb":{"@id":"https:\/\/www.ull.es\/portal\/noticias\/2012\/la-facultad-de-biologia-de-la-ull-acoge-la-trigesima-edicion-su-muestra-anual-de-hongos\/#breadcrumb"},"inLanguage":"es","potentialAction":[{"@type":"ReadAction","target":["https:\/\/www.ull.es\/portal\/noticias\/2012\/la-facultad-de-biologia-de-la-ull-acoge-la-trigesima-edicion-su-muestra-anual-de-hongos\/"]}]},{"@type":"BreadcrumbList","@id":"https:\/\/www.ull.es\/portal\/noticias\/2012\/la-facultad-de-biologia-de-la-ull-acoge-la-trigesima-edicion-su-muestra-anual-de-hongos\/#breadcrumb","itemListElement":[{"@type":"ListItem","position":1,"name":"Portada","item":"https:\/\/www.ull.es\/portal\/noticias\/"},{"@type":"ListItem","position":2,"name":"La Facultad de Biolog\u00eda de la ULL acoge la trig\u00e9sima edici\u00f3n su muestra anual de hongos"}]},{"@type":"WebSite","@id":"https:\/\/www.ull.es\/portal\/noticias\/#website","url":"https:\/\/www.ull.es\/portal\/noticias\/","name":"ULL - Noticias","description":"","potentialAction":[{"@type":"SearchAction","target":{"@type":"EntryPoint","urlTemplate":"https:\/\/www.ull.es\/portal\/noticias\/?s={search_term_string}"},"query-input":"required name=search_term_string"}],"inLanguage":"es"},{"@type":"Person","@id":"https:\/\/www.ull.es\/portal\/noticias\/#\/schema\/person\/c3b2aa857797592927a03740d6664376","name":"prensa2","image":{"@type":"ImageObject","inLanguage":"es","@id":"https:\/\/www.ull.es\/portal\/noticias\/#\/schema\/person\/image\/","url":"https:\/\/secure.gravatar.com\/avatar\/b58f310a5de5feb33d1e026d2493f23c?s=96&d=mm&r=g","contentUrl":"https:\/\/secure.gravatar.com\/avatar\/b58f310a5de5feb33d1e026d2493f23c?s=96&d=mm&r=g","caption":"prensa2"},"url":"https:\/\/www.ull.es\/portal\/noticias\/author\/prensa2\/"}]}},"primary_category":null,"featured_image_thumbnail_url":"https:\/\/www.ull.es\/portal\/noticias\/wp-content\/uploads\/sites\/13\/2015\/07\/29-Jornadas-Micologicas-03-300x200.jpg","_links":{"self":[{"href":"https:\/\/www.ull.es\/portal\/noticias\/wp-json\/wp\/v2\/posts\/19965"}],"collection":[{"href":"https:\/\/www.ull.es\/portal\/noticias\/wp-json\/wp\/v2\/posts"}],"about":[{"href":"https:\/\/www.ull.es\/portal\/noticias\/wp-json\/wp\/v2\/types\/post"}],"author":[{"embeddable":true,"href":"https:\/\/www.ull.es\/portal\/noticias\/wp-json\/wp\/v2\/users\/21"}],"replies":[{"embeddable":true,"href":"https:\/\/www.ull.es\/portal\/noticias\/wp-json\/wp\/v2\/comments?post=19965"}],"version-history":[{"count":0,"href":"https:\/\/www.ull.es\/portal\/noticias\/wp-json\/wp\/v2\/posts\/19965\/revisions"}],"wp:featuredmedia":[{"embeddable":true,"href":"https:\/\/www.ull.es\/portal\/noticias\/wp-json\/wp\/v2\/media\/19966"}],"wp:attachment":[{"href":"https:\/\/www.ull.es\/portal\/noticias\/wp-json\/wp\/v2\/media?parent=19965"}],"wp:term":[{"taxonomy":"category","embeddable":true,"href":"https:\/\/www.ull.es\/portal\/noticias\/wp-json\/wp\/v2\/categories?post=19965"},{"taxonomy":"post_tag","embeddable":true,"href":"https:\/\/www.ull.es\/portal\/noticias\/wp-json\/wp\/v2\/tags?post=19965"}],"curies":[{"name":"wp","href":"https:\/\/api.w.org\/{rel}","templated":true}]}}