{"id":19975,"date":"2012-11-26T14:50:25","date_gmt":"2012-11-26T14:50:25","guid":{"rendered":"http:\/\/ddigital.webs.ull.es\/la-catedra-pedro-garcia-cabrera-propone-un-debate-sobre-la-realidad-de-la-innovacion-en-canarias\/"},"modified":"2012-11-26T14:50:25","modified_gmt":"2012-11-26T14:50:25","slug":"la-catedra-pedro-garcia-cabrera-propone-un-debate-sobre-la-realidad-de-la-innovacion-en-canarias","status":"publish","type":"post","link":"https:\/\/www.ull.es\/portal\/noticias\/2012\/la-catedra-pedro-garcia-cabrera-propone-un-debate-sobre-la-realidad-de-la-innovacion-en-canarias\/","title":{"rendered":"La C\u00e1tedra Pedro Garc\u00eda Cabrera propone un debate sobre la realidad de la innovaci\u00f3n en Canarias"},"content":{"rendered":"<p> \t&nbsp;<\/p>\n<p> \tLa C&aacute;tedra cultural Pedro Garc&iacute;a Cabrera de la Universidad de La Laguna organiza una jornada en la que se pretende debatir sobre qu&eacute; tipo de innovaci&oacute;n se desarrolla realmente en las empresas y las administraciones p&uacute;blicas canarias. El acto se celebrar&aacute; el mi&eacute;rcoles 28 de noviembre a las 20 horas en el Sal&oacute;n de Actos del Ateneo de La Laguna, con entrada gratuita.<\/p>\n<p> \t&nbsp;<\/p>\n<p> \tEl coloquio estar&aacute; moderado por Jos&eacute; Luis Rivero Ceballos, catedr&aacute;tico de Econom&iacute;a Aplicada de la ULL y presidente de la Fundaci&oacute;n Pedro Garc&iacute;a Cabrera, entidad colaboradora en el acto. Intervendr&aacute;n como expertos Antonio Alarc&oacute;, portavoz de Desarrollo e Innovaci&oacute;n del PP en la Comisi&oacute;n de Econom&iacute;a y Competitividad del Senado; Francisco Javier Garc&iacute;a Rodr&iacute;guez, profesor del Departamento de Econom&iacute;a y Direcci&oacute;n de Empresas de la ULL; Antonio Vizcaya, empresario; y Dulce Xerach, doctora en Arquitectura y profesora de la UEM y UEC.<\/p>\n<p> \t<strong>Innovaci&oacute;n: desde el discurso a la realidad<\/strong><\/p>\n<p> \tLa innovaci&oacute;n es, desde hace tiempo, parte del discurso sobre el progreso en la Uni&oacute;n Europea. Aunque se han desarrollado determinadas pol&iacute;ticas para impulsarlo, la realidad es que los avances resultan poco significativos en econom&iacute;as como la de las Islas Canarias. Buena prueba es el bajo nivel de gasto privado en I+D, entre otros indicadores.<\/p>\n<p> \tEl largo tiempo transcurrido desde que apareci&oacute; la innovaci&oacute;n como un elemento clave del discurso sobre el desarrollo de Canarias, muestra que algo falla en la marcha hacia una sociedad fundamentada en las tres &ldquo;T&rdquo; (tecnolog&iacute;a, talento y tolerancia). As&iacute; pues, ya no es momento de debatir si es esencial la innovaci&oacute;n, sino sobre las razones por las que la sociedad canaria es tan conservadora respecto a la gesti&oacute;n del talento, la incorporaci&oacute;n y creaci&oacute;n de tecnolog&iacute;a y la cohesi&oacute;n econ&oacute;mica y social.<\/p>\n<p> \tAs&iacute; pues, el debate abordara preguntas como: &iquest;Qu&eacute; tipo de innovaci&oacute;n se desarrolla en las empresas y las administraciones p&uacute;blicas en Canarias? &iquest;A trav&eacute;s de qu&eacute; procesos se transmite la innovaci&oacute;n? &iquest;Cu&aacute;les son las condiciones (DAFO) para la innovaci&oacute;n a) en procesos; y b) en bienes y servicios? &iquest;Cu&aacute;les son las pol&iacute;ticas aconsejables y cu&aacute;les las no aconsejables?.<\/p>\n","protected":false},"excerpt":{"rendered":"<p>&nbsp; La C&aacute;tedra cultural Pedro Garc&iacute;a Cabrera de la Universidad de La Laguna organiza una jornada en la que se&#8230;<\/p>\n","protected":false},"author":21,"featured_media":19976,"comment_status":"open","ping_status":"open","sticky":false,"template":"","format":"standard","meta":{"inline_featured_image":false,"footnotes":""},"categories":[344,1],"tags":[],"acf":[],"yoast_head":"<!-- This site is optimized with the Yoast SEO plugin v21.3 - https:\/\/yoast.com\/wordpress\/plugins\/seo\/ -->\n<title>La C\u00e1tedra Pedro Garc\u00eda Cabrera propone un debate sobre la realidad de la innovaci\u00f3n en Canarias - ULL - Noticias<\/title>\n<meta name=\"robots\" content=\"index, follow, max-snippet:-1, max-image-preview:large, max-video-preview:-1\" \/>\n<link rel=\"canonical\" href=\"https:\/\/www.ull.es\/portal\/noticias\/2012\/la-catedra-pedro-garcia-cabrera-propone-un-debate-sobre-la-realidad-de-la-innovacion-en-canarias\/\" \/>\n<meta property=\"og:locale\" content=\"es_ES\" \/>\n<meta property=\"og:type\" content=\"article\" \/>\n<meta property=\"og:title\" content=\"La C\u00e1tedra Pedro Garc\u00eda Cabrera propone un debate sobre la realidad de la innovaci\u00f3n en Canarias - ULL - Noticias\" \/>\n<meta property=\"og:description\" content=\"&nbsp; La C&aacute;tedra cultural Pedro Garc&iacute;a Cabrera de la Universidad de La Laguna organiza una jornada en la que se...\" \/>\n<meta property=\"og:url\" content=\"https:\/\/www.ull.es\/portal\/noticias\/2012\/la-catedra-pedro-garcia-cabrera-propone-un-debate-sobre-la-realidad-de-la-innovacion-en-canarias\/\" \/>\n<meta property=\"og:site_name\" content=\"ULL - Noticias\" \/>\n<meta property=\"article:publisher\" content=\"https:\/\/www.facebook.com\/universidaddelalaguna\/\" \/>\n<meta property=\"article:published_time\" content=\"2012-11-26T14:50:25+00:00\" \/>\n<meta property=\"og:image\" content=\"https:\/\/www.ull.es\/portal\/noticias\/wp-content\/uploads\/sites\/13\/2015\/07\/CARTEL-DEBATE-INNOVACI\u00d3N-C\u00c1TEDRA-PGC-MCLES-28-NOV.jpg\" \/>\n\t<meta property=\"og:image:width\" content=\"3508\" \/>\n\t<meta property=\"og:image:height\" content=\"4961\" \/>\n\t<meta property=\"og:image:type\" content=\"image\/jpeg\" \/>\n<meta name=\"author\" content=\"prensa2\" \/>\n<meta name=\"twitter:card\" content=\"summary_large_image\" \/>\n<meta name=\"twitter:creator\" content=\"@CanalULL\" \/>\n<meta name=\"twitter:site\" content=\"@CanalULL\" \/>\n<meta name=\"twitter:label1\" content=\"Escrito por\" \/>\n\t<meta name=\"twitter:data1\" content=\"prensa2\" \/>\n\t<meta name=\"twitter:label2\" content=\"Tiempo de lectura\" \/>\n\t<meta name=\"twitter:data2\" content=\"2 minutos\" \/>\n<script type=\"application\/ld+json\" class=\"yoast-schema-graph\">{\"@context\":\"https:\/\/schema.org\",\"@graph\":[{\"@type\":\"WebPage\",\"@id\":\"https:\/\/www.ull.es\/portal\/noticias\/2012\/la-catedra-pedro-garcia-cabrera-propone-un-debate-sobre-la-realidad-de-la-innovacion-en-canarias\/\",\"url\":\"https:\/\/www.ull.es\/portal\/noticias\/2012\/la-catedra-pedro-garcia-cabrera-propone-un-debate-sobre-la-realidad-de-la-innovacion-en-canarias\/\",\"name\":\"La C\u00e1tedra Pedro Garc\u00eda Cabrera propone un debate sobre la realidad de la innovaci\u00f3n en Canarias - ULL - Noticias\",\"isPartOf\":{\"@id\":\"https:\/\/www.ull.es\/portal\/noticias\/#website\"},\"datePublished\":\"2012-11-26T14:50:25+00:00\",\"dateModified\":\"2012-11-26T14:50:25+00:00\",\"author\":{\"@id\":\"https:\/\/www.ull.es\/portal\/noticias\/#\/schema\/person\/c3b2aa857797592927a03740d6664376\"},\"breadcrumb\":{\"@id\":\"https:\/\/www.ull.es\/portal\/noticias\/2012\/la-catedra-pedro-garcia-cabrera-propone-un-debate-sobre-la-realidad-de-la-innovacion-en-canarias\/#breadcrumb\"},\"inLanguage\":\"es\",\"potentialAction\":[{\"@type\":\"ReadAction\",\"target\":[\"https:\/\/www.ull.es\/portal\/noticias\/2012\/la-catedra-pedro-garcia-cabrera-propone-un-debate-sobre-la-realidad-de-la-innovacion-en-canarias\/\"]}]},{\"@type\":\"BreadcrumbList\",\"@id\":\"https:\/\/www.ull.es\/portal\/noticias\/2012\/la-catedra-pedro-garcia-cabrera-propone-un-debate-sobre-la-realidad-de-la-innovacion-en-canarias\/#breadcrumb\",\"itemListElement\":[{\"@type\":\"ListItem\",\"position\":1,\"name\":\"Portada\",\"item\":\"https:\/\/www.ull.es\/portal\/noticias\/\"},{\"@type\":\"ListItem\",\"position\":2,\"name\":\"La C\u00e1tedra Pedro Garc\u00eda Cabrera propone un debate sobre la realidad de la innovaci\u00f3n en Canarias\"}]},{\"@type\":\"WebSite\",\"@id\":\"https:\/\/www.ull.es\/portal\/noticias\/#website\",\"url\":\"https:\/\/www.ull.es\/portal\/noticias\/\",\"name\":\"ULL - Noticias\",\"description\":\"\",\"potentialAction\":[{\"@type\":\"SearchAction\",\"target\":{\"@type\":\"EntryPoint\",\"urlTemplate\":\"https:\/\/www.ull.es\/portal\/noticias\/?s={search_term_string}\"},\"query-input\":\"required name=search_term_string\"}],\"inLanguage\":\"es\"},{\"@type\":\"Person\",\"@id\":\"https:\/\/www.ull.es\/portal\/noticias\/#\/schema\/person\/c3b2aa857797592927a03740d6664376\",\"name\":\"prensa2\",\"image\":{\"@type\":\"ImageObject\",\"inLanguage\":\"es\",\"@id\":\"https:\/\/www.ull.es\/portal\/noticias\/#\/schema\/person\/image\/\",\"url\":\"https:\/\/secure.gravatar.com\/avatar\/b58f310a5de5feb33d1e026d2493f23c?s=96&d=mm&r=g\",\"contentUrl\":\"https:\/\/secure.gravatar.com\/avatar\/b58f310a5de5feb33d1e026d2493f23c?s=96&d=mm&r=g\",\"caption\":\"prensa2\"},\"url\":\"https:\/\/www.ull.es\/portal\/noticias\/author\/prensa2\/\"}]}<\/script>\n<!-- \/ Yoast SEO plugin. -->","yoast_head_json":{"title":"La C\u00e1tedra Pedro Garc\u00eda Cabrera propone un debate sobre la realidad de la innovaci\u00f3n en Canarias - ULL - Noticias","robots":{"index":"index","follow":"follow","max-snippet":"max-snippet:-1","max-image-preview":"max-image-preview:large","max-video-preview":"max-video-preview:-1"},"canonical":"https:\/\/www.ull.es\/portal\/noticias\/2012\/la-catedra-pedro-garcia-cabrera-propone-un-debate-sobre-la-realidad-de-la-innovacion-en-canarias\/","og_locale":"es_ES","og_type":"article","og_title":"La C\u00e1tedra Pedro Garc\u00eda Cabrera propone un debate sobre la realidad de la innovaci\u00f3n en Canarias - ULL - Noticias","og_description":"&nbsp; La C&aacute;tedra cultural Pedro Garc&iacute;a Cabrera de la Universidad de La Laguna organiza una jornada en la que se...","og_url":"https:\/\/www.ull.es\/portal\/noticias\/2012\/la-catedra-pedro-garcia-cabrera-propone-un-debate-sobre-la-realidad-de-la-innovacion-en-canarias\/","og_site_name":"ULL - Noticias","article_publisher":"https:\/\/www.facebook.com\/universidaddelalaguna\/","article_published_time":"2012-11-26T14:50:25+00:00","og_image":[{"width":3508,"height":4961,"url":"https:\/\/www.ull.es\/portal\/noticias\/wp-content\/uploads\/sites\/13\/2015\/07\/CARTEL-DEBATE-INNOVACI\u00d3N-C\u00c1TEDRA-PGC-MCLES-28-NOV.jpg","type":"image\/jpeg"}],"author":"prensa2","twitter_card":"summary_large_image","twitter_creator":"@CanalULL","twitter_site":"@CanalULL","twitter_misc":{"Escrito por":"prensa2","Tiempo de lectura":"2 minutos"},"schema":{"@context":"https:\/\/schema.org","@graph":[{"@type":"WebPage","@id":"https:\/\/www.ull.es\/portal\/noticias\/2012\/la-catedra-pedro-garcia-cabrera-propone-un-debate-sobre-la-realidad-de-la-innovacion-en-canarias\/","url":"https:\/\/www.ull.es\/portal\/noticias\/2012\/la-catedra-pedro-garcia-cabrera-propone-un-debate-sobre-la-realidad-de-la-innovacion-en-canarias\/","name":"La C\u00e1tedra Pedro Garc\u00eda Cabrera propone un debate sobre la realidad de la innovaci\u00f3n en Canarias - ULL - Noticias","isPartOf":{"@id":"https:\/\/www.ull.es\/portal\/noticias\/#website"},"datePublished":"2012-11-26T14:50:25+00:00","dateModified":"2012-11-26T14:50:25+00:00","author":{"@id":"https:\/\/www.ull.es\/portal\/noticias\/#\/schema\/person\/c3b2aa857797592927a03740d6664376"},"breadcrumb":{"@id":"https:\/\/www.ull.es\/portal\/noticias\/2012\/la-catedra-pedro-garcia-cabrera-propone-un-debate-sobre-la-realidad-de-la-innovacion-en-canarias\/#breadcrumb"},"inLanguage":"es","potentialAction":[{"@type":"ReadAction","target":["https:\/\/www.ull.es\/portal\/noticias\/2012\/la-catedra-pedro-garcia-cabrera-propone-un-debate-sobre-la-realidad-de-la-innovacion-en-canarias\/"]}]},{"@type":"BreadcrumbList","@id":"https:\/\/www.ull.es\/portal\/noticias\/2012\/la-catedra-pedro-garcia-cabrera-propone-un-debate-sobre-la-realidad-de-la-innovacion-en-canarias\/#breadcrumb","itemListElement":[{"@type":"ListItem","position":1,"name":"Portada","item":"https:\/\/www.ull.es\/portal\/noticias\/"},{"@type":"ListItem","position":2,"name":"La C\u00e1tedra Pedro Garc\u00eda Cabrera propone un debate sobre la realidad de la innovaci\u00f3n en Canarias"}]},{"@type":"WebSite","@id":"https:\/\/www.ull.es\/portal\/noticias\/#website","url":"https:\/\/www.ull.es\/portal\/noticias\/","name":"ULL - Noticias","description":"","potentialAction":[{"@type":"SearchAction","target":{"@type":"EntryPoint","urlTemplate":"https:\/\/www.ull.es\/portal\/noticias\/?s={search_term_string}"},"query-input":"required name=search_term_string"}],"inLanguage":"es"},{"@type":"Person","@id":"https:\/\/www.ull.es\/portal\/noticias\/#\/schema\/person\/c3b2aa857797592927a03740d6664376","name":"prensa2","image":{"@type":"ImageObject","inLanguage":"es","@id":"https:\/\/www.ull.es\/portal\/noticias\/#\/schema\/person\/image\/","url":"https:\/\/secure.gravatar.com\/avatar\/b58f310a5de5feb33d1e026d2493f23c?s=96&d=mm&r=g","contentUrl":"https:\/\/secure.gravatar.com\/avatar\/b58f310a5de5feb33d1e026d2493f23c?s=96&d=mm&r=g","caption":"prensa2"},"url":"https:\/\/www.ull.es\/portal\/noticias\/author\/prensa2\/"}]}},"primary_category":null,"featured_image_thumbnail_url":"https:\/\/www.ull.es\/portal\/noticias\/wp-content\/uploads\/sites\/13\/2015\/07\/CARTEL-DEBATE-INNOVACI\u00d3N-C\u00c1TEDRA-PGC-MCLES-28-NOV-212x300.jpg","_links":{"self":[{"href":"https:\/\/www.ull.es\/portal\/noticias\/wp-json\/wp\/v2\/posts\/19975"}],"collection":[{"href":"https:\/\/www.ull.es\/portal\/noticias\/wp-json\/wp\/v2\/posts"}],"about":[{"href":"https:\/\/www.ull.es\/portal\/noticias\/wp-json\/wp\/v2\/types\/post"}],"author":[{"embeddable":true,"href":"https:\/\/www.ull.es\/portal\/noticias\/wp-json\/wp\/v2\/users\/21"}],"replies":[{"embeddable":true,"href":"https:\/\/www.ull.es\/portal\/noticias\/wp-json\/wp\/v2\/comments?post=19975"}],"version-history":[{"count":0,"href":"https:\/\/www.ull.es\/portal\/noticias\/wp-json\/wp\/v2\/posts\/19975\/revisions"}],"wp:featuredmedia":[{"embeddable":true,"href":"https:\/\/www.ull.es\/portal\/noticias\/wp-json\/wp\/v2\/media\/19976"}],"wp:attachment":[{"href":"https:\/\/www.ull.es\/portal\/noticias\/wp-json\/wp\/v2\/media?parent=19975"}],"wp:term":[{"taxonomy":"category","embeddable":true,"href":"https:\/\/www.ull.es\/portal\/noticias\/wp-json\/wp\/v2\/categories?post=19975"},{"taxonomy":"post_tag","embeddable":true,"href":"https:\/\/www.ull.es\/portal\/noticias\/wp-json\/wp\/v2\/tags?post=19975"}],"curies":[{"name":"wp","href":"https:\/\/api.w.org\/{rel}","templated":true}]}}