{"id":20003,"date":"2012-11-29T14:43:29","date_gmt":"2012-11-29T14:43:29","guid":{"rendered":"http:\/\/ddigital.webs.ull.es\/galvan-senala-que-los-rankings-de-revistas-cientificas-no-reflejan-las-peculiaridades-de-las-humanidades\/"},"modified":"2012-11-29T14:43:29","modified_gmt":"2012-11-29T14:43:29","slug":"galvan-senala-que-los-rankings-de-revistas-cientificas-no-reflejan-las-peculiaridades-de-las-humanidades","status":"publish","type":"post","link":"https:\/\/www.ull.es\/portal\/noticias\/2012\/galvan-senala-que-los-rankings-de-revistas-cientificas-no-reflejan-las-peculiaridades-de-las-humanidades\/","title":{"rendered":"Galv\u00e1n se\u00f1ala que los rankings de revistas cient\u00edficas no reflejan las peculiaridades de las Humanidades"},"content":{"rendered":"<p>Las revistas cient\u00edficas son herramientas de gran relevancia para difundir la actividad investigadora que, en muchas ocasiones, son uno de los par\u00e1metros evaluados para elaborar clasificaciones sobre la calidad de las universidades. Sin embargo, muchos especialistas consideran que estos rankings no recogen adecuadamente las peculiaridades de las Humanidades, entre ellos Fernando Galv\u00e1n Reula, rector de la Universidad de Alcal\u00e1, que ha sido el ponente inaugural hoy 29 de noviembre del simposio \u201cRevistas de letras. Visibilidad, proyecci\u00f3n y calidad\u201d, organizado por la Universidad de La Laguna. (<a href=\"http:\/\/youtu.be\/m04mKcfHajg\" target=\"_blank\" target=\"_blank\" rel=\"noopener\"><strong>Ver videonoticia<\/strong><\/a>)<\/p>\n<p>Este encuentro se desarrolla en la Facultad de Ciencias de la Informaci\u00f3n hasta ma\u00f1ana, viernes 30 de noviembre, y ha congregado a responsables de publicaciones filol\u00f3gicas de una decena de universidades espa\u00f1olas. Fue inaugurado por el vicerrector de Servicios Universitarios de la ULL, Justo P\u00e9rez, y el docente del Departamento de Filolog\u00eda Francesa y Rom\u00e1nica de la ULL y director de \u00c7\u00e9dille, revista de estudios franceses, Jos\u00e9 Oliver.<\/p>\n<p>El vicerrector destac\u00f3 la importancia de este simposio aduciendo que no se centra en un tema de investigaci\u00f3n concreto, sino en el problema de la difusi\u00f3n del conocimiento. Desde el punto de vista institucional, destac\u00f3 la necesidad de lograr que la labor cient\u00edfica desarrollada en la ULL en todos los campos del conocimiento, incluidas las Humanidades, adquiera la relevancia que merece \u201cy est\u00e9 adecuadamente recogido en todas las parametrizaciones existentes\u201d.<\/p>\n<p>Por su parte, el profesor de Filolog\u00eda Francesa y codirector del seminario hizo referencia a que desde hace unos a\u00f1os palabras como \u201ccalidad\u201d e \u201cimpacto\u201d se han convertido en aut\u00e9nticos \u201cfetiches\u201d que han propiciado la proliferaci\u00f3n de clasificaciones elaboradas por m\u00faltiples instituciones p\u00fablicas y privadas. Ante esta situaci\u00f3n, Oliver no niega la necesidad de evaluar las publicaciones, pero se\u00f1al\u00f3 que cabe criticar los criterios empleados, que a su juicio perjudican al \u00e1rea de artes y letras.<\/p>\n<p><strong>Par\u00e1metros espec\u00edficos<\/strong><\/p>\n<p>La conferencia de Fernando Galv\u00e1n Reula fue de corte t\u00e9cnico, ya que consisti\u00f3 en analizar de manera pormenorizada diferentes sistemas de evaluaci\u00f3n de revistas cient\u00edficas que se han utilizado en pa\u00edses como Reino Unido, Francia o Italia. El ponente cuenta con gran experiencia en el sector, ya que durante veinte a\u00f1os ha colaborado como evaluador de publicaciones para diversos organismos nacionales e internacionales.<\/p>\n<p>Antes de su intervenci\u00f3n, Galv\u00e1n declar\u00f3 que el sistema actual de evaluaci\u00f3n se basa en criterios bibliom\u00e9tricos cuantificables como, por ejemplo, el n\u00famero de citas de un art\u00edculo concreto en otras revistas. Ocurre que la investigaci\u00f3n en Humanidades no se desarrolla tanto en publicaciones peri\u00f3dicas como en libros, monograf\u00edas y otros formatos que no son tenidos en cuenta por los diferentes \u00f3rganos de revisi\u00f3n.<\/p>\n<p>As\u00ed, explic\u00f3 que materiales como pueden ser una partitura o el cat\u00e1logo de una exposici\u00f3n son relevantes para la investigaci\u00f3n en Musicolog\u00eda o Bellas Artes, respectivamente, y sin embargo no son consideradas en estas clasificaciones. Cit\u00f3 incluso actos como un concierto o una representaci\u00f3n teatral, que a su juicio pueden ser considerados el resultado de una investigaci\u00f3n en campos como la pl\u00e1stica o la interpretaci\u00f3n, y sin embargo tampoco forman parte de las evaluaciones.<\/p>\n<p>El experto record\u00f3 que para determinadas materias deber\u00eda seguir emple\u00e1ndose el sistema de revisi\u00f3n entre pares, es decir, los informes sobre un art\u00edculo cient\u00edfico que elaboran especialistas en la materia. Por tanto, aboga por un an\u00e1lisis que se centre en el contenido y no s\u00f3lo en par\u00e1metros estad\u00edsticos.<\/p>\n<p>Ya en su conferencia, Galv\u00e1n se detuvo especialmente en explicar c\u00f3mo el sistema empelado en Reino Unido desde 1986 se basaba, precisamente, en la revisi\u00f3n entre pares. Sin embargo, recientemente las autoridades brit\u00e1nicas han empezado a introducir par\u00e1metros bibliom\u00e9tricos en esta evaluaci\u00f3n, lo cual ha generado una gran pol\u00e9mica entre la comunidad cient\u00edfica de aquel pa\u00eds, que ha manifestado mayoritariamente su rechazo del nuevo modelo.<\/p>\n<p>El rector de la Universidad de Alcal\u00e1 reconoci\u00f3 que las instancias internacionales han comenzado a sensibilizarse con este problema, y cit\u00f3 la iniciativa del \u00cdndice Europeo de Referencia para Humanidades (ERIH) de la Fundaci\u00f3n Europea para la Ciencia, que supone un primer paso, aunque todav\u00eda dista de ser perfecto.<\/p>\n","protected":false},"excerpt":{"rendered":"<p>Las revistas cient\u00edficas son herramientas de gran relevancia para difundir la actividad investigadora que, en muchas ocasiones, son uno de&#8230;<\/p>\n","protected":false},"author":21,"featured_media":20004,"comment_status":"open","ping_status":"open","sticky":false,"template":"","format":"standard","meta":{"inline_featured_image":false,"footnotes":""},"categories":[350,1,352],"tags":[1246,1663,1712,2527,2560],"acf":[],"yoast_head":"<!-- This site is optimized with the Yoast SEO plugin v21.3 - https:\/\/yoast.com\/wordpress\/plugins\/seo\/ -->\n<title>Galv\u00e1n se\u00f1ala que los rankings de revistas cient\u00edficas no reflejan las peculiaridades de las Humanidades - ULL - Noticias<\/title>\n<meta name=\"robots\" content=\"index, follow, max-snippet:-1, max-image-preview:large, max-video-preview:-1\" \/>\n<link rel=\"canonical\" href=\"https:\/\/www.ull.es\/portal\/noticias\/2012\/galvan-senala-que-los-rankings-de-revistas-cientificas-no-reflejan-las-peculiaridades-de-las-humanidades\/\" \/>\n<meta property=\"og:locale\" content=\"es_ES\" \/>\n<meta property=\"og:type\" content=\"article\" \/>\n<meta property=\"og:title\" content=\"Galv\u00e1n se\u00f1ala que los rankings de revistas cient\u00edficas no reflejan las peculiaridades de las Humanidades - ULL - Noticias\" \/>\n<meta property=\"og:description\" content=\"Las revistas cient\u00edficas son herramientas de gran relevancia para difundir la actividad investigadora que, en muchas ocasiones, son uno de...\" \/>\n<meta property=\"og:url\" content=\"https:\/\/www.ull.es\/portal\/noticias\/2012\/galvan-senala-que-los-rankings-de-revistas-cientificas-no-reflejan-las-peculiaridades-de-las-humanidades\/\" \/>\n<meta property=\"og:site_name\" content=\"ULL - Noticias\" \/>\n<meta property=\"article:publisher\" content=\"https:\/\/www.facebook.com\/universidaddelalaguna\/\" \/>\n<meta property=\"article:published_time\" content=\"2012-11-29T14:43:29+00:00\" \/>\n<meta property=\"og:image\" content=\"https:\/\/www.ull.es\/portal\/noticias\/wp-content\/uploads\/sites\/13\/2015\/07\/Simp-Revista-Letras-17.jpg\" \/>\n\t<meta property=\"og:image:width\" content=\"1594\" \/>\n\t<meta property=\"og:image:height\" content=\"1063\" \/>\n\t<meta property=\"og:image:type\" content=\"image\/jpeg\" \/>\n<meta name=\"author\" content=\"prensa2\" \/>\n<meta name=\"twitter:card\" content=\"summary_large_image\" \/>\n<meta name=\"twitter:creator\" content=\"@CanalULL\" \/>\n<meta name=\"twitter:site\" content=\"@CanalULL\" \/>\n<meta name=\"twitter:label1\" content=\"Escrito por\" \/>\n\t<meta name=\"twitter:data1\" content=\"prensa2\" \/>\n\t<meta name=\"twitter:label2\" content=\"Tiempo de lectura\" \/>\n\t<meta name=\"twitter:data2\" content=\"4 minutos\" \/>\n<script type=\"application\/ld+json\" class=\"yoast-schema-graph\">{\"@context\":\"https:\/\/schema.org\",\"@graph\":[{\"@type\":\"WebPage\",\"@id\":\"https:\/\/www.ull.es\/portal\/noticias\/2012\/galvan-senala-que-los-rankings-de-revistas-cientificas-no-reflejan-las-peculiaridades-de-las-humanidades\/\",\"url\":\"https:\/\/www.ull.es\/portal\/noticias\/2012\/galvan-senala-que-los-rankings-de-revistas-cientificas-no-reflejan-las-peculiaridades-de-las-humanidades\/\",\"name\":\"Galv\u00e1n se\u00f1ala que los rankings de revistas cient\u00edficas no reflejan las peculiaridades de las Humanidades - ULL - Noticias\",\"isPartOf\":{\"@id\":\"https:\/\/www.ull.es\/portal\/noticias\/#website\"},\"datePublished\":\"2012-11-29T14:43:29+00:00\",\"dateModified\":\"2012-11-29T14:43:29+00:00\",\"author\":{\"@id\":\"https:\/\/www.ull.es\/portal\/noticias\/#\/schema\/person\/c3b2aa857797592927a03740d6664376\"},\"breadcrumb\":{\"@id\":\"https:\/\/www.ull.es\/portal\/noticias\/2012\/galvan-senala-que-los-rankings-de-revistas-cientificas-no-reflejan-las-peculiaridades-de-las-humanidades\/#breadcrumb\"},\"inLanguage\":\"es\",\"potentialAction\":[{\"@type\":\"ReadAction\",\"target\":[\"https:\/\/www.ull.es\/portal\/noticias\/2012\/galvan-senala-que-los-rankings-de-revistas-cientificas-no-reflejan-las-peculiaridades-de-las-humanidades\/\"]}]},{\"@type\":\"BreadcrumbList\",\"@id\":\"https:\/\/www.ull.es\/portal\/noticias\/2012\/galvan-senala-que-los-rankings-de-revistas-cientificas-no-reflejan-las-peculiaridades-de-las-humanidades\/#breadcrumb\",\"itemListElement\":[{\"@type\":\"ListItem\",\"position\":1,\"name\":\"Portada\",\"item\":\"https:\/\/www.ull.es\/portal\/noticias\/\"},{\"@type\":\"ListItem\",\"position\":2,\"name\":\"Galv\u00e1n se\u00f1ala que los rankings de revistas cient\u00edficas no reflejan las peculiaridades de las Humanidades\"}]},{\"@type\":\"WebSite\",\"@id\":\"https:\/\/www.ull.es\/portal\/noticias\/#website\",\"url\":\"https:\/\/www.ull.es\/portal\/noticias\/\",\"name\":\"ULL - Noticias\",\"description\":\"\",\"potentialAction\":[{\"@type\":\"SearchAction\",\"target\":{\"@type\":\"EntryPoint\",\"urlTemplate\":\"https:\/\/www.ull.es\/portal\/noticias\/?s={search_term_string}\"},\"query-input\":\"required name=search_term_string\"}],\"inLanguage\":\"es\"},{\"@type\":\"Person\",\"@id\":\"https:\/\/www.ull.es\/portal\/noticias\/#\/schema\/person\/c3b2aa857797592927a03740d6664376\",\"name\":\"prensa2\",\"image\":{\"@type\":\"ImageObject\",\"inLanguage\":\"es\",\"@id\":\"https:\/\/www.ull.es\/portal\/noticias\/#\/schema\/person\/image\/\",\"url\":\"https:\/\/secure.gravatar.com\/avatar\/b58f310a5de5feb33d1e026d2493f23c?s=96&d=mm&r=g\",\"contentUrl\":\"https:\/\/secure.gravatar.com\/avatar\/b58f310a5de5feb33d1e026d2493f23c?s=96&d=mm&r=g\",\"caption\":\"prensa2\"},\"url\":\"https:\/\/www.ull.es\/portal\/noticias\/author\/prensa2\/\"}]}<\/script>\n<!-- \/ Yoast SEO plugin. -->","yoast_head_json":{"title":"Galv\u00e1n se\u00f1ala que los rankings de revistas cient\u00edficas no reflejan las peculiaridades de las Humanidades - ULL - Noticias","robots":{"index":"index","follow":"follow","max-snippet":"max-snippet:-1","max-image-preview":"max-image-preview:large","max-video-preview":"max-video-preview:-1"},"canonical":"https:\/\/www.ull.es\/portal\/noticias\/2012\/galvan-senala-que-los-rankings-de-revistas-cientificas-no-reflejan-las-peculiaridades-de-las-humanidades\/","og_locale":"es_ES","og_type":"article","og_title":"Galv\u00e1n se\u00f1ala que los rankings de revistas cient\u00edficas no reflejan las peculiaridades de las Humanidades - ULL - Noticias","og_description":"Las revistas cient\u00edficas son herramientas de gran relevancia para difundir la actividad investigadora que, en muchas ocasiones, son uno de...","og_url":"https:\/\/www.ull.es\/portal\/noticias\/2012\/galvan-senala-que-los-rankings-de-revistas-cientificas-no-reflejan-las-peculiaridades-de-las-humanidades\/","og_site_name":"ULL - Noticias","article_publisher":"https:\/\/www.facebook.com\/universidaddelalaguna\/","article_published_time":"2012-11-29T14:43:29+00:00","og_image":[{"width":1594,"height":1063,"url":"https:\/\/www.ull.es\/portal\/noticias\/wp-content\/uploads\/sites\/13\/2015\/07\/Simp-Revista-Letras-17.jpg","type":"image\/jpeg"}],"author":"prensa2","twitter_card":"summary_large_image","twitter_creator":"@CanalULL","twitter_site":"@CanalULL","twitter_misc":{"Escrito por":"prensa2","Tiempo de lectura":"4 minutos"},"schema":{"@context":"https:\/\/schema.org","@graph":[{"@type":"WebPage","@id":"https:\/\/www.ull.es\/portal\/noticias\/2012\/galvan-senala-que-los-rankings-de-revistas-cientificas-no-reflejan-las-peculiaridades-de-las-humanidades\/","url":"https:\/\/www.ull.es\/portal\/noticias\/2012\/galvan-senala-que-los-rankings-de-revistas-cientificas-no-reflejan-las-peculiaridades-de-las-humanidades\/","name":"Galv\u00e1n se\u00f1ala que los rankings de revistas cient\u00edficas no reflejan las peculiaridades de las Humanidades - ULL - Noticias","isPartOf":{"@id":"https:\/\/www.ull.es\/portal\/noticias\/#website"},"datePublished":"2012-11-29T14:43:29+00:00","dateModified":"2012-11-29T14:43:29+00:00","author":{"@id":"https:\/\/www.ull.es\/portal\/noticias\/#\/schema\/person\/c3b2aa857797592927a03740d6664376"},"breadcrumb":{"@id":"https:\/\/www.ull.es\/portal\/noticias\/2012\/galvan-senala-que-los-rankings-de-revistas-cientificas-no-reflejan-las-peculiaridades-de-las-humanidades\/#breadcrumb"},"inLanguage":"es","potentialAction":[{"@type":"ReadAction","target":["https:\/\/www.ull.es\/portal\/noticias\/2012\/galvan-senala-que-los-rankings-de-revistas-cientificas-no-reflejan-las-peculiaridades-de-las-humanidades\/"]}]},{"@type":"BreadcrumbList","@id":"https:\/\/www.ull.es\/portal\/noticias\/2012\/galvan-senala-que-los-rankings-de-revistas-cientificas-no-reflejan-las-peculiaridades-de-las-humanidades\/#breadcrumb","itemListElement":[{"@type":"ListItem","position":1,"name":"Portada","item":"https:\/\/www.ull.es\/portal\/noticias\/"},{"@type":"ListItem","position":2,"name":"Galv\u00e1n se\u00f1ala que los rankings de revistas cient\u00edficas no reflejan las peculiaridades de las Humanidades"}]},{"@type":"WebSite","@id":"https:\/\/www.ull.es\/portal\/noticias\/#website","url":"https:\/\/www.ull.es\/portal\/noticias\/","name":"ULL - Noticias","description":"","potentialAction":[{"@type":"SearchAction","target":{"@type":"EntryPoint","urlTemplate":"https:\/\/www.ull.es\/portal\/noticias\/?s={search_term_string}"},"query-input":"required name=search_term_string"}],"inLanguage":"es"},{"@type":"Person","@id":"https:\/\/www.ull.es\/portal\/noticias\/#\/schema\/person\/c3b2aa857797592927a03740d6664376","name":"prensa2","image":{"@type":"ImageObject","inLanguage":"es","@id":"https:\/\/www.ull.es\/portal\/noticias\/#\/schema\/person\/image\/","url":"https:\/\/secure.gravatar.com\/avatar\/b58f310a5de5feb33d1e026d2493f23c?s=96&d=mm&r=g","contentUrl":"https:\/\/secure.gravatar.com\/avatar\/b58f310a5de5feb33d1e026d2493f23c?s=96&d=mm&r=g","caption":"prensa2"},"url":"https:\/\/www.ull.es\/portal\/noticias\/author\/prensa2\/"}]}},"primary_category":null,"featured_image_thumbnail_url":"https:\/\/www.ull.es\/portal\/noticias\/wp-content\/uploads\/sites\/13\/2015\/07\/Simp-Revista-Letras-17-300x200.jpg","_links":{"self":[{"href":"https:\/\/www.ull.es\/portal\/noticias\/wp-json\/wp\/v2\/posts\/20003"}],"collection":[{"href":"https:\/\/www.ull.es\/portal\/noticias\/wp-json\/wp\/v2\/posts"}],"about":[{"href":"https:\/\/www.ull.es\/portal\/noticias\/wp-json\/wp\/v2\/types\/post"}],"author":[{"embeddable":true,"href":"https:\/\/www.ull.es\/portal\/noticias\/wp-json\/wp\/v2\/users\/21"}],"replies":[{"embeddable":true,"href":"https:\/\/www.ull.es\/portal\/noticias\/wp-json\/wp\/v2\/comments?post=20003"}],"version-history":[{"count":0,"href":"https:\/\/www.ull.es\/portal\/noticias\/wp-json\/wp\/v2\/posts\/20003\/revisions"}],"wp:featuredmedia":[{"embeddable":true,"href":"https:\/\/www.ull.es\/portal\/noticias\/wp-json\/wp\/v2\/media\/20004"}],"wp:attachment":[{"href":"https:\/\/www.ull.es\/portal\/noticias\/wp-json\/wp\/v2\/media?parent=20003"}],"wp:term":[{"taxonomy":"category","embeddable":true,"href":"https:\/\/www.ull.es\/portal\/noticias\/wp-json\/wp\/v2\/categories?post=20003"},{"taxonomy":"post_tag","embeddable":true,"href":"https:\/\/www.ull.es\/portal\/noticias\/wp-json\/wp\/v2\/tags?post=20003"}],"curies":[{"name":"wp","href":"https:\/\/api.w.org\/{rel}","templated":true}]}}